{"id":61910,"date":"2024-03-08T23:40:58","date_gmt":"2024-03-08T23:40:58","guid":{"rendered":"https:\/\/www.africa-press.net\/cameroun\/politique\/cameroun-projet-radisson-blu-le-cout-du-projet-augmente-de-15-milliards-f"},"modified":"2024-03-09T00:06:07","modified_gmt":"2024-03-09T00:06:07","slug":"cameroun-projet-radisson-blu-le-cout-du-projet-augmente-de-15-milliards-f","status":"publish","type":"post","link":"https:\/\/www.africa-press.net\/cameroun\/economie\/cameroun-projet-radisson-blu-le-cout-du-projet-augmente-de-15-milliards-f","title":{"rendered":"Cameroun- projet Radisson Blu : le co\u00fbt du projet augmente de 15 milliards F"},"content":{"rendered":"<p><span style=\"color: #ff6600\"><strong>Africa-Press &#8211; Cameroun. <\/strong><\/span><b>Cette hausse s\u2019explique par l\u2019expansion de l\u2019espace du projet, passant de 4 200 m2 a\u0300 9 000 m2, incluant une grande salle de fe\u0302te et plus de 200 places de parking.<\/b><\/p>\n<p>Initialement estime\u0301 entre 32 et 35 milliards de FCFA, ce montant a e\u0301te\u0301 re\u0301e\u0301value\u0301 a\u0300 50 milliards de FCFA, soit une hausse d\u2019au moins 15 milliards de FCFA. Le chantier a e\u0301te\u0301 visite\u0301 le 7 mars 2023, par Christopher J.Lamora, ambassadeur des E\u0301tats-Unis au Cameroun et Filippo Scammacca del Murgo, ambassadeur d\u2019Italie au Cameroun. C\u2019e\u0301tait en pre\u0301sence du maire de la commune de Yaounde\u0301 2, Yannick Martial Ayissi Eloundou.<\/p>\n<p>\u00ab Le projet a augmente\u0301 en termes d\u2019espace. On est parti de 4 200 m2 a\u0300 9 000 m2. On aura une tre\u0300s grande salle de fe\u0302te parce qu\u2019on a constate\u0301 que Yaounde\u0301 n\u2019a pas une grande salle de convention. On a aussi beaucoup plus de parking. Environ 200. Ce sera sans doute le plus grand espace parking de la cite\u0301 capitale \u00bb a de\u0301clare\u0301 Alain Nouaga, Fondateur de l\u2019entreprise BrightView Bethesda SA qui porte le projet de construction Radisson Serviced Apartment Yaounde\u0301.<\/p>\n<p>Alain Nouaga, promoteur de BrightView Bethesda (BVB), la socie\u0301te\u0301 porteuse du projet, a de\u0301clare\u0301 que l\u2019investissement actuel repre\u0301sente environ 24-25% du financement ne\u0301cessaire, avec l\u2019objectif d\u2019atteindre 30% dans les prochains mois. La date pre\u0301vue d\u2019ouverture a e\u0301te\u0301 repousse\u0301e a\u0300 mi-2026, un de\u0301lai attribue\u0301 a\u0300 l\u2019ampleur accrue du projet.<\/p>\n<p>\u00ab Ce chantier est l\u2019un des rares chantiers au Cameroun qui avance au pas qu\u2019il faut. C\u0327a veut dire qu\u2019il n\u2019y a pas de stop. On travaille tre\u0300s souvent de jour comme de nuit. Initialement, on comptait ouvrir en fin 2025. Mais avec les fondations des parkings qui ont e\u0301te\u0301 tre\u0300s complique\u0301es, l\u2019ouverture se fera probablement en 2026. On aura les appartements a\u0300 vendre mais on ne vend pas encore. On commencera a\u0300 le faire quand tout sera assure\u0301. Parce que ce n\u2019est pas bien de prendre l\u2019argent des gens quand on n\u2019est pas su\u0302r a\u0300 100% que le projet sera fini a\u0300 temps. C\u0327a peut avoir un impact sur l\u2019image du Cameroun \u00bb pre\u0301cise Alain Nouaga.<\/p>\n<p>L\u2019ouverture de cet e\u0301tablissement, initialement annonce\u0301e pour 2025 lors de la pose de la premie\u0300re pierre en octobre 2022, est de\u0301sormais pre\u0301vue pour 2026.<\/p>\n<p><strong>Pour plus d&rsquo;informations et d&rsquo;analyses sur la <a href=\"https:\/\/www.africa-press.net\/cameroun\">Cameroun<\/a>, suivez <a href=\"https:\/\/www.africa-press.net\/\">Africa-Press<\/a><\/strong><\/p>\n","protected":false},"excerpt":{"rendered":"<p>Africa-Press &#8211; Cameroun. Cette hausse s\u2019explique par l\u2019expansion de l\u2019espace du projet, passant de 4 200 m2 a\u0300 9 000 m2, incluant une grande salle de fe\u0302te et plus de 200 places de parking. Initialement estime\u0301 entre 32 et 35 milliards de FCFA, ce montant a e\u0301te\u0301 re\u0301e\u0301value\u0301 a\u0300 50 milliards de FCFA, soit une [&hellip;]<\/p>\n","protected":false},"author":82,"featured_media":61909,"comment_status":"open","ping_status":"closed","sticky":false,"template":"","format":"standard","meta":{"footnotes":""},"categories":[3,10],"tags":[36,50,49],"class_list":["post-61910","post","type-post","status-publish","format-standard","has-post-thumbnail","hentry","category-economie","category-toutes-les-actualites","tag-africa-press","tag-africa-press-cameroun","tag-cameroun"],"yoast_head":"<!-- This site is optimized with the Yoast SEO Premium plugin v26.1 (Yoast SEO v27.0) - https:\/\/yoast.com\/product\/yoast-seo-premium-wordpress\/ -->\n<title>Cameroun- projet Radisson Blu : le co\u00fbt du projet augmente de 15 milliards F - Cameroun<\/title>\n<meta name=\"description\" content=\"Cette hausse s\u2019explique par l\u2019expansion de l\u2019espace du projet, passant de 4 200 m2 a\u0300 9 000 m2, incluant une grande s ...\" \/>\n<meta name=\"robots\" content=\"index, follow, max-snippet:-1, max-image-preview:large, max-video-preview:-1\" \/>\n<link rel=\"canonical\" href=\"https:\/\/www.africa-press.net\/cameroun\/economie\/cameroun-projet-radisson-blu-le-cout-du-projet-augmente-de-15-milliards-f\" \/>\n<meta property=\"og:locale\" content=\"fr_FR\" \/>\n<meta property=\"og:type\" content=\"article\" \/>\n<meta property=\"og:title\" content=\"Cameroun- projet Radisson Blu : le co\u00fbt du projet augmente de 15 milliards F\" \/>\n<meta property=\"og:description\" content=\"Cette hausse s\u2019explique par l\u2019expansion de l\u2019espace du projet, passant de 4 200 m2 a\u0300 9 000 m2, incluant une grande s ...\" \/>\n<meta property=\"og:url\" content=\"https:\/\/www.africa-press.net\/cameroun\/economie\/cameroun-projet-radisson-blu-le-cout-du-projet-augmente-de-15-milliards-f\" \/>\n<meta property=\"og:site_name\" content=\"Cameroun\" \/>\n<meta property=\"article:published_time\" content=\"2024-03-08T23:40:58+00:00\" \/>\n<meta property=\"article:modified_time\" content=\"2024-03-09T00:06:07+00:00\" \/>\n<meta property=\"og:image\" content=\"https:\/\/static.africa-press.net\/cameroun\/sites\/57\/2024\/03\/sm_1709930011.085511.jpg\" \/>\n\t<meta property=\"og:image:width\" content=\"780\" \/>\n\t<meta property=\"og:image:height\" content=\"440\" \/>\n\t<meta property=\"og:image:type\" content=\"image\/jpeg\" \/>\n<meta name=\"author\" content=\"cfeditorfr\" \/>\n<meta name=\"twitter:card\" content=\"summary_large_image\" \/>\n<meta name=\"twitter:label1\" content=\"\u00c9crit par\" \/>\n\t<meta name=\"twitter:data1\" content=\"cfeditorfr\" \/>\n\t<meta name=\"twitter:label2\" content=\"Dur\u00e9e de lecture estim\u00e9e\" \/>\n\t<meta name=\"twitter:data2\" content=\"2 minutes\" \/>\n<script type=\"application\/ld+json\" class=\"yoast-schema-graph\">{\"@context\":\"https:\/\/schema.org\",\"@graph\":[{\"@type\":\"Article\",\"@id\":\"https:\/\/www.africa-press.net\/cameroun\/economie\/cameroun-projet-radisson-blu-le-cout-du-projet-augmente-de-15-milliards-f#article\",\"isPartOf\":{\"@id\":\"https:\/\/www.africa-press.net\/cameroun\/economie\/cameroun-projet-radisson-blu-le-cout-du-projet-augmente-de-15-milliards-f\"},\"author\":{\"name\":\"cfeditorfr\",\"@id\":\"https:\/\/www.africa-press.net\/cameroun\/#\/schema\/person\/2b1cf3cd81a31e3cd26889ca66d677f1\"},\"headline\":\"Cameroun- projet Radisson Blu : le co\u00fbt du projet augmente de 15 milliards F\",\"datePublished\":\"2024-03-08T23:40:58+00:00\",\"dateModified\":\"2024-03-09T00:06:07+00:00\",\"mainEntityOfPage\":{\"@id\":\"https:\/\/www.africa-press.net\/cameroun\/economie\/cameroun-projet-radisson-blu-le-cout-du-projet-augmente-de-15-milliards-f\"},\"wordCount\":430,\"commentCount\":0,\"image\":{\"@id\":\"https:\/\/www.africa-press.net\/cameroun\/economie\/cameroun-projet-radisson-blu-le-cout-du-projet-augmente-de-15-milliards-f#primaryimage\"},\"thumbnailUrl\":\"https:\/\/static.africa-press.net\/cameroun\/sites\/57\/2024\/03\/sm_1709930011.085511.jpg\",\"keywords\":[\"Africa Press\",\"Africa Press-Cameroun\",\"Cameroun\"],\"articleSection\":[\"\u00c9conomie\",\"Toutes les actualit\u00e9s\"],\"inLanguage\":\"fr-FR\",\"potentialAction\":[{\"@type\":\"CommentAction\",\"name\":\"Comment\",\"target\":[\"https:\/\/www.africa-press.net\/cameroun\/economie\/cameroun-projet-radisson-blu-le-cout-du-projet-augmente-de-15-milliards-f#respond\"]}]},{\"@type\":\"WebPage\",\"@id\":\"https:\/\/www.africa-press.net\/cameroun\/economie\/cameroun-projet-radisson-blu-le-cout-du-projet-augmente-de-15-milliards-f\",\"url\":\"https:\/\/www.africa-press.net\/cameroun\/economie\/cameroun-projet-radisson-blu-le-cout-du-projet-augmente-de-15-milliards-f\",\"name\":\"Cameroun- projet Radisson Blu : le co\u00fbt du projet augmente de 15 milliards F - Cameroun\",\"isPartOf\":{\"@id\":\"https:\/\/www.africa-press.net\/cameroun\/#website\"},\"primaryImageOfPage\":{\"@id\":\"https:\/\/www.africa-press.net\/cameroun\/economie\/cameroun-projet-radisson-blu-le-cout-du-projet-augmente-de-15-milliards-f#primaryimage\"},\"image\":{\"@id\":\"https:\/\/www.africa-press.net\/cameroun\/economie\/cameroun-projet-radisson-blu-le-cout-du-projet-augmente-de-15-milliards-f#primaryimage\"},\"thumbnailUrl\":\"https:\/\/static.africa-press.net\/cameroun\/sites\/57\/2024\/03\/sm_1709930011.085511.jpg\",\"datePublished\":\"2024-03-08T23:40:58+00:00\",\"dateModified\":\"2024-03-09T00:06:07+00:00\",\"author\":{\"@id\":\"https:\/\/www.africa-press.net\/cameroun\/#\/schema\/person\/2b1cf3cd81a31e3cd26889ca66d677f1\"},\"description\":\"Cette hausse s\u2019explique par l\u2019expansion de l\u2019espace du projet, passant de 4 200 m2 a\u0300 9 000 m2, incluant une grande s ...\",\"breadcrumb\":{\"@id\":\"https:\/\/www.africa-press.net\/cameroun\/economie\/cameroun-projet-radisson-blu-le-cout-du-projet-augmente-de-15-milliards-f#breadcrumb\"},\"inLanguage\":\"fr-FR\",\"potentialAction\":[{\"@type\":\"ReadAction\",\"target\":[\"https:\/\/www.africa-press.net\/cameroun\/economie\/cameroun-projet-radisson-blu-le-cout-du-projet-augmente-de-15-milliards-f\"]}]},{\"@type\":\"ImageObject\",\"inLanguage\":\"fr-FR\",\"@id\":\"https:\/\/www.africa-press.net\/cameroun\/economie\/cameroun-projet-radisson-blu-le-cout-du-projet-augmente-de-15-milliards-f#primaryimage\",\"url\":\"https:\/\/static.africa-press.net\/cameroun\/sites\/57\/2024\/03\/sm_1709930011.085511.jpg\",\"contentUrl\":\"https:\/\/static.africa-press.net\/cameroun\/sites\/57\/2024\/03\/sm_1709930011.085511.jpg\",\"width\":780,\"height\":440,\"caption\":\"Cameroun- projet Radisson Blu : le co\u00fbt du projet augmente de 15 milliards F\"},{\"@type\":\"BreadcrumbList\",\"@id\":\"https:\/\/www.africa-press.net\/cameroun\/economie\/cameroun-projet-radisson-blu-le-cout-du-projet-augmente-de-15-milliards-f#breadcrumb\",\"itemListElement\":[{\"@type\":\"ListItem\",\"position\":1,\"name\":\"Accueil\",\"item\":\"https:\/\/www.africa-press.net\/cameroun\/\"},{\"@type\":\"ListItem\",\"position\":2,\"name\":\"Cameroun- projet Radisson Blu : le co\u00fbt du projet augmente de 15 milliards F\"}]},{\"@type\":\"WebSite\",\"@id\":\"https:\/\/www.africa-press.net\/cameroun\/#website\",\"url\":\"https:\/\/www.africa-press.net\/cameroun\/\",\"name\":\"Cameroun\",\"description\":\"Just another Africa News Agency Sites site\",\"potentialAction\":[{\"@type\":\"SearchAction\",\"target\":{\"@type\":\"EntryPoint\",\"urlTemplate\":\"https:\/\/www.africa-press.net\/cameroun\/?s={search_term_string}\"},\"query-input\":{\"@type\":\"PropertyValueSpecification\",\"valueRequired\":true,\"valueName\":\"search_term_string\"}}],\"inLanguage\":\"fr-FR\"},{\"@type\":\"Person\",\"@id\":\"https:\/\/www.africa-press.net\/cameroun\/#\/schema\/person\/2b1cf3cd81a31e3cd26889ca66d677f1\",\"name\":\"cfeditorfr\"}]}<\/script>\n<!-- \/ Yoast SEO Premium plugin. -->","yoast_head_json":{"title":"Cameroun- projet Radisson Blu : le co\u00fbt du projet augmente de 15 milliards F - Cameroun","description":"Cette hausse s\u2019explique par l\u2019expansion de l\u2019espace du projet, passant de 4 200 m2 a\u0300 9 000 m2, incluant une grande s ...","robots":{"index":"index","follow":"follow","max-snippet":"max-snippet:-1","max-image-preview":"max-image-preview:large","max-video-preview":"max-video-preview:-1"},"canonical":"https:\/\/www.africa-press.net\/cameroun\/economie\/cameroun-projet-radisson-blu-le-cout-du-projet-augmente-de-15-milliards-f","og_locale":"fr_FR","og_type":"article","og_title":"Cameroun- projet Radisson Blu : le co\u00fbt du projet augmente de 15 milliards F","og_description":"Cette hausse s\u2019explique par l\u2019expansion de l\u2019espace du projet, passant de 4 200 m2 a\u0300 9 000 m2, incluant une grande s ...","og_url":"https:\/\/www.africa-press.net\/cameroun\/economie\/cameroun-projet-radisson-blu-le-cout-du-projet-augmente-de-15-milliards-f","og_site_name":"Cameroun","article_published_time":"2024-03-08T23:40:58+00:00","article_modified_time":"2024-03-09T00:06:07+00:00","og_image":[{"width":780,"height":440,"url":"https:\/\/static.africa-press.net\/cameroun\/sites\/57\/2024\/03\/sm_1709930011.085511.jpg","type":"image\/jpeg"}],"author":"cfeditorfr","twitter_card":"summary_large_image","twitter_misc":{"\u00c9crit par":"cfeditorfr","Dur\u00e9e de lecture estim\u00e9e":"2 minutes"},"schema":{"@context":"https:\/\/schema.org","@graph":[{"@type":"Article","@id":"https:\/\/www.africa-press.net\/cameroun\/economie\/cameroun-projet-radisson-blu-le-cout-du-projet-augmente-de-15-milliards-f#article","isPartOf":{"@id":"https:\/\/www.africa-press.net\/cameroun\/economie\/cameroun-projet-radisson-blu-le-cout-du-projet-augmente-de-15-milliards-f"},"author":{"name":"cfeditorfr","@id":"https:\/\/www.africa-press.net\/cameroun\/#\/schema\/person\/2b1cf3cd81a31e3cd26889ca66d677f1"},"headline":"Cameroun- projet Radisson Blu : le co\u00fbt du projet augmente de 15 milliards F","datePublished":"2024-03-08T23:40:58+00:00","dateModified":"2024-03-09T00:06:07+00:00","mainEntityOfPage":{"@id":"https:\/\/www.africa-press.net\/cameroun\/economie\/cameroun-projet-radisson-blu-le-cout-du-projet-augmente-de-15-milliards-f"},"wordCount":430,"commentCount":0,"image":{"@id":"https:\/\/www.africa-press.net\/cameroun\/economie\/cameroun-projet-radisson-blu-le-cout-du-projet-augmente-de-15-milliards-f#primaryimage"},"thumbnailUrl":"https:\/\/static.africa-press.net\/cameroun\/sites\/57\/2024\/03\/sm_1709930011.085511.jpg","keywords":["Africa Press","Africa Press-Cameroun","Cameroun"],"articleSection":["\u00c9conomie","Toutes les actualit\u00e9s"],"inLanguage":"fr-FR","potentialAction":[{"@type":"CommentAction","name":"Comment","target":["https:\/\/www.africa-press.net\/cameroun\/economie\/cameroun-projet-radisson-blu-le-cout-du-projet-augmente-de-15-milliards-f#respond"]}]},{"@type":"WebPage","@id":"https:\/\/www.africa-press.net\/cameroun\/economie\/cameroun-projet-radisson-blu-le-cout-du-projet-augmente-de-15-milliards-f","url":"https:\/\/www.africa-press.net\/cameroun\/economie\/cameroun-projet-radisson-blu-le-cout-du-projet-augmente-de-15-milliards-f","name":"Cameroun- projet Radisson Blu : le co\u00fbt du projet augmente de 15 milliards F - Cameroun","isPartOf":{"@id":"https:\/\/www.africa-press.net\/cameroun\/#website"},"primaryImageOfPage":{"@id":"https:\/\/www.africa-press.net\/cameroun\/economie\/cameroun-projet-radisson-blu-le-cout-du-projet-augmente-de-15-milliards-f#primaryimage"},"image":{"@id":"https:\/\/www.africa-press.net\/cameroun\/economie\/cameroun-projet-radisson-blu-le-cout-du-projet-augmente-de-15-milliards-f#primaryimage"},"thumbnailUrl":"https:\/\/static.africa-press.net\/cameroun\/sites\/57\/2024\/03\/sm_1709930011.085511.jpg","datePublished":"2024-03-08T23:40:58+00:00","dateModified":"2024-03-09T00:06:07+00:00","author":{"@id":"https:\/\/www.africa-press.net\/cameroun\/#\/schema\/person\/2b1cf3cd81a31e3cd26889ca66d677f1"},"description":"Cette hausse s\u2019explique par l\u2019expansion de l\u2019espace du projet, passant de 4 200 m2 a\u0300 9 000 m2, incluant une grande s ...","breadcrumb":{"@id":"https:\/\/www.africa-press.net\/cameroun\/economie\/cameroun-projet-radisson-blu-le-cout-du-projet-augmente-de-15-milliards-f#breadcrumb"},"inLanguage":"fr-FR","potentialAction":[{"@type":"ReadAction","target":["https:\/\/www.africa-press.net\/cameroun\/economie\/cameroun-projet-radisson-blu-le-cout-du-projet-augmente-de-15-milliards-f"]}]},{"@type":"ImageObject","inLanguage":"fr-FR","@id":"https:\/\/www.africa-press.net\/cameroun\/economie\/cameroun-projet-radisson-blu-le-cout-du-projet-augmente-de-15-milliards-f#primaryimage","url":"https:\/\/static.africa-press.net\/cameroun\/sites\/57\/2024\/03\/sm_1709930011.085511.jpg","contentUrl":"https:\/\/static.africa-press.net\/cameroun\/sites\/57\/2024\/03\/sm_1709930011.085511.jpg","width":780,"height":440,"caption":"Cameroun- projet Radisson Blu : le co\u00fbt du projet augmente de 15 milliards F"},{"@type":"BreadcrumbList","@id":"https:\/\/www.africa-press.net\/cameroun\/economie\/cameroun-projet-radisson-blu-le-cout-du-projet-augmente-de-15-milliards-f#breadcrumb","itemListElement":[{"@type":"ListItem","position":1,"name":"Accueil","item":"https:\/\/www.africa-press.net\/cameroun\/"},{"@type":"ListItem","position":2,"name":"Cameroun- projet Radisson Blu : le co\u00fbt du projet augmente de 15 milliards F"}]},{"@type":"WebSite","@id":"https:\/\/www.africa-press.net\/cameroun\/#website","url":"https:\/\/www.africa-press.net\/cameroun\/","name":"Cameroun","description":"Just another Africa News Agency Sites site","potentialAction":[{"@type":"SearchAction","target":{"@type":"EntryPoint","urlTemplate":"https:\/\/www.africa-press.net\/cameroun\/?s={search_term_string}"},"query-input":{"@type":"PropertyValueSpecification","valueRequired":true,"valueName":"search_term_string"}}],"inLanguage":"fr-FR"},{"@type":"Person","@id":"https:\/\/www.africa-press.net\/cameroun\/#\/schema\/person\/2b1cf3cd81a31e3cd26889ca66d677f1","name":"cfeditorfr"}]}},"_links":{"self":[{"href":"https:\/\/www.africa-press.net\/cameroun\/wp-json\/wp\/v2\/posts\/61910","targetHints":{"allow":["GET"]}}],"collection":[{"href":"https:\/\/www.africa-press.net\/cameroun\/wp-json\/wp\/v2\/posts"}],"about":[{"href":"https:\/\/www.africa-press.net\/cameroun\/wp-json\/wp\/v2\/types\/post"}],"author":[{"embeddable":true,"href":"https:\/\/www.africa-press.net\/cameroun\/wp-json\/wp\/v2\/users\/82"}],"replies":[{"embeddable":true,"href":"https:\/\/www.africa-press.net\/cameroun\/wp-json\/wp\/v2\/comments?post=61910"}],"version-history":[{"count":0,"href":"https:\/\/www.africa-press.net\/cameroun\/wp-json\/wp\/v2\/posts\/61910\/revisions"}],"wp:featuredmedia":[{"embeddable":true,"href":"https:\/\/www.africa-press.net\/cameroun\/wp-json\/wp\/v2\/media\/61909"}],"wp:attachment":[{"href":"https:\/\/www.africa-press.net\/cameroun\/wp-json\/wp\/v2\/media?parent=61910"}],"wp:term":[{"taxonomy":"category","embeddable":true,"href":"https:\/\/www.africa-press.net\/cameroun\/wp-json\/wp\/v2\/categories?post=61910"},{"taxonomy":"post_tag","embeddable":true,"href":"https:\/\/www.africa-press.net\/cameroun\/wp-json\/wp\/v2\/tags?post=61910"}],"curies":[{"name":"wp","href":"https:\/\/api.w.org\/{rel}","templated":true}]}}