{"id":61912,"date":"2024-03-08T23:41:05","date_gmt":"2024-03-08T23:41:05","guid":{"rendered":"https:\/\/www.africa-press.net\/cameroun\/politique\/le-reveil-simpose-au-parlement-camerounais"},"modified":"2024-03-09T00:06:43","modified_gmt":"2024-03-09T00:06:43","slug":"le-reveil-simpose-au-parlement-camerounais","status":"publish","type":"post","link":"https:\/\/www.africa-press.net\/cameroun\/politique\/le-reveil-simpose-au-parlement-camerounais","title":{"rendered":"Le r\u00e9veil s\u2019impose au Parlement camerounais"},"content":{"rendered":"<p><span style=\"color: #ff6600\"><strong>Africa-Press &#8211; Cameroun. <\/strong><\/span><b>Les travaux de la session ordinaire de mars se tiennent au sein des deux Chambres de l\u2019institution parlementaire. L\u2019opinion se pose des questions sur l\u2019impact ve\u0301ritable du travail parlementaire sur la vie de la Nation.<\/b><\/p>\n<p>La premie\u0300re session ordinaire de l\u2019anne\u0301e le\u0301gislative est en cours a\u0300 l\u2019Assemble\u0301e nationale et au Se\u0301nat depuis le 05 mars 2024. Apre\u0300s les se\u0301ances ple\u0301nie\u0300res d\u2019ouverture conduites par les bureaux d\u2019a\u0302ge, les travaux s\u2019acheminent vers l\u2019e\u0301lection de nouveaux bureaux de Chambres et de commissions ge\u0301ne\u0301rales. Une fois les bureaux de\u0301finitifs installe\u0301s, de\u0301pute\u0301s et se\u0301nateurs vont une fois de plus se plonger dans leur mission routinie\u0300re de validation des textes de loi provenant du gouvernement. Aux membres de ce gouvernement, ils poseront, comme pour remplir des formalite\u0301s, quelques questions touchant aux proble\u0300mes auxquels font face les Camerounais.<\/p>\n<p>Pourtant, ces e\u0301lus mandate\u0301s par le peuple ou les collectivite\u0301s territoriales de\u0301centralise\u0301es, sont investis d\u2019une mission de voter des lois et de contro\u0302ler l\u2019action du gouvernement. Au nom du peuple, ils ont le pouvoir de proposer des textes de loi, de les adopter et de les faire promulguer par le chef de l\u2019Etat. Mais, dans l\u2019histoire du Parlement camerounais, l\u2019initiative des lois appartient en pratique au gouvernement. Le Parlement a\u0300 qui la Constitution reconnait ce pouvoir ne l\u2019use pas. Etant en majorite\u0301 compose\u0301 des Parlementaires issus du parti au pouvoir, ils se contentent de dire oui au re\u0301gime. Au final, a chaque fin de session, le peuple est soumis aux lois qui servent en priorite\u0301 les inte\u0301re\u0302ts du syste\u0300me gouvernant.<\/p>\n<p>La me\u0302me situation s\u2019observe en ce qui concerne le contro\u0302le de l\u2019action gouvernementale. Les questions orales ou e\u0301crites ne s\u2019accompagnent pas du contro\u0302le pratique de cette action sur le terrain. Re\u0301sultat, \u00ab nos villes se meurent encore, e\u0301touffe\u0301es par des montagnes d\u2019immondices (&#8230;) ; les routes des me\u0302mes villes et de l\u2019arrie\u0300re-pays se sont transforme\u0301es en de ve\u0301ritables tombeaux ; la corruption a continue\u0301 de gangrener le service public. Les coupures intempestives d\u2019e\u0301lectricite\u0301, une catastrophe e\u0301nerge\u0301tique. Les maladies hydriques ont gagne\u0301 du terrain faute d\u2019eau potable. Nos centres de sante\u0301 continuent d\u2019e\u0302tre malades (&#8230;) \u00bb. Ainsi a de\u0301nonce\u0301 la doyenne d\u2019a\u0302ge de l\u2019Assemble\u0301e nationale, Laurentine Koa Fegue, le 05 mars dernier.<\/p>\n<p>Le peuple est ainsi coince\u0301 entre le marteau et l\u2019enclume par des dirigeants a\u0300 qui il a confie\u0301 son pouvoir par le biais des urnes. Or, chaque parlementaire jouit de l\u2019immunite\u0301 qui le prote\u0300ge et des indemnite\u0301s paye\u0301es gra\u0302ce a\u0300 l\u2019argent du contribuable pour mieux faire son travail. S\u2019ils ne l\u2019ont pas fait en 48 mois, comment vont-ils le faire en 12 mois ? l\u2019effectif a diminue\u0301 avec le de\u0301ce\u0300s d\u2019une dizaine de de\u0301pute\u0301s, d\u2019un peu moins pour les se\u0301nateurs, la me\u0302me configuration politique re\u0300gne dans les deux Chambres et surtout les me\u0302mes chefs de Chambres demeurent au sommet, pre\u0301sident de l\u2019Assemble\u0301e nationale depuis 1992 ou du Se\u0301nat depuis 2013.<\/p>\n<p><strong>Pour plus d&rsquo;informations et d&rsquo;analyses sur la <a href=\"https:\/\/www.africa-press.net\/cameroun\">Cameroun<\/a>, suivez <a href=\"https:\/\/www.africa-press.net\/\">Africa-Press<\/a><\/strong><\/p>\n","protected":false},"excerpt":{"rendered":"<p>Africa-Press &#8211; Cameroun. Les travaux de la session ordinaire de mars se tiennent au sein des deux Chambres de l\u2019institution parlementaire. L\u2019opinion se pose des questions sur l\u2019impact ve\u0301ritable du travail parlementaire sur la vie de la Nation. La premie\u0300re session ordinaire de l\u2019anne\u0301e le\u0301gislative est en cours a\u0300 l\u2019Assemble\u0301e nationale et au Se\u0301nat depuis [&hellip;]<\/p>\n","protected":false},"author":82,"featured_media":61911,"comment_status":"open","ping_status":"closed","sticky":false,"template":"","format":"standard","meta":{"footnotes":""},"categories":[2,10],"tags":[36,50,49],"class_list":["post-61912","post","type-post","status-publish","format-standard","has-post-thumbnail","hentry","category-politique","category-toutes-les-actualites","tag-africa-press","tag-africa-press-cameroun","tag-cameroun"],"yoast_head":"<!-- This site is optimized with the Yoast SEO Premium plugin v26.1 (Yoast SEO v27.0) - https:\/\/yoast.com\/product\/yoast-seo-premium-wordpress\/ -->\n<title>Le r\u00e9veil s\u2019impose au Parlement camerounais - Cameroun<\/title>\n<meta name=\"description\" content=\"Les travaux de la session ordinaire de mars se tiennent au sein des deux Chambres de l\u2019institution parlementaire. L\u2019o ...\" \/>\n<meta name=\"robots\" content=\"index, follow, max-snippet:-1, max-image-preview:large, max-video-preview:-1\" \/>\n<link rel=\"canonical\" href=\"https:\/\/www.africa-press.net\/cameroun\/politique\/le-reveil-simpose-au-parlement-camerounais\" \/>\n<meta property=\"og:locale\" content=\"fr_FR\" \/>\n<meta property=\"og:type\" content=\"article\" \/>\n<meta property=\"og:title\" content=\"Le r\u00e9veil s\u2019impose au Parlement camerounais\" \/>\n<meta property=\"og:description\" content=\"Les travaux de la session ordinaire de mars se tiennent au sein des deux Chambres de l\u2019institution parlementaire. L\u2019o ...\" \/>\n<meta property=\"og:url\" content=\"https:\/\/www.africa-press.net\/cameroun\/politique\/le-reveil-simpose-au-parlement-camerounais\" \/>\n<meta property=\"og:site_name\" content=\"Cameroun\" \/>\n<meta property=\"article:published_time\" content=\"2024-03-08T23:41:05+00:00\" \/>\n<meta property=\"article:modified_time\" content=\"2024-03-09T00:06:43+00:00\" \/>\n<meta property=\"og:image\" content=\"https:\/\/static.africa-press.net\/cameroun\/sites\/57\/2024\/03\/sm_1709930055.695834.jpg\" \/>\n\t<meta property=\"og:image:width\" content=\"780\" \/>\n\t<meta property=\"og:image:height\" content=\"440\" \/>\n\t<meta property=\"og:image:type\" content=\"image\/jpeg\" \/>\n<meta name=\"author\" content=\"cfeditorfr\" \/>\n<meta name=\"twitter:card\" content=\"summary_large_image\" \/>\n<meta name=\"twitter:label1\" content=\"\u00c9crit par\" \/>\n\t<meta name=\"twitter:data1\" content=\"cfeditorfr\" \/>\n\t<meta name=\"twitter:label2\" content=\"Dur\u00e9e de lecture estim\u00e9e\" \/>\n\t<meta name=\"twitter:data2\" content=\"3 minutes\" \/>\n<script type=\"application\/ld+json\" class=\"yoast-schema-graph\">{\"@context\":\"https:\/\/schema.org\",\"@graph\":[{\"@type\":\"Article\",\"@id\":\"https:\/\/www.africa-press.net\/cameroun\/politique\/le-reveil-simpose-au-parlement-camerounais#article\",\"isPartOf\":{\"@id\":\"https:\/\/www.africa-press.net\/cameroun\/politique\/le-reveil-simpose-au-parlement-camerounais\"},\"author\":{\"name\":\"cfeditorfr\",\"@id\":\"https:\/\/www.africa-press.net\/cameroun\/#\/schema\/person\/2b1cf3cd81a31e3cd26889ca66d677f1\"},\"headline\":\"Le r\u00e9veil s\u2019impose au Parlement camerounais\",\"datePublished\":\"2024-03-08T23:41:05+00:00\",\"dateModified\":\"2024-03-09T00:06:43+00:00\",\"mainEntityOfPage\":{\"@id\":\"https:\/\/www.africa-press.net\/cameroun\/politique\/le-reveil-simpose-au-parlement-camerounais\"},\"wordCount\":580,\"commentCount\":0,\"image\":{\"@id\":\"https:\/\/www.africa-press.net\/cameroun\/politique\/le-reveil-simpose-au-parlement-camerounais#primaryimage\"},\"thumbnailUrl\":\"https:\/\/static.africa-press.net\/cameroun\/sites\/57\/2024\/03\/sm_1709930055.695834.jpg\",\"keywords\":[\"Africa Press\",\"Africa Press-Cameroun\",\"Cameroun\"],\"articleSection\":[\"Politique\",\"Toutes les actualit\u00e9s\"],\"inLanguage\":\"fr-FR\",\"potentialAction\":[{\"@type\":\"CommentAction\",\"name\":\"Comment\",\"target\":[\"https:\/\/www.africa-press.net\/cameroun\/politique\/le-reveil-simpose-au-parlement-camerounais#respond\"]}]},{\"@type\":\"WebPage\",\"@id\":\"https:\/\/www.africa-press.net\/cameroun\/politique\/le-reveil-simpose-au-parlement-camerounais\",\"url\":\"https:\/\/www.africa-press.net\/cameroun\/politique\/le-reveil-simpose-au-parlement-camerounais\",\"name\":\"Le r\u00e9veil s\u2019impose au Parlement camerounais - Cameroun\",\"isPartOf\":{\"@id\":\"https:\/\/www.africa-press.net\/cameroun\/#website\"},\"primaryImageOfPage\":{\"@id\":\"https:\/\/www.africa-press.net\/cameroun\/politique\/le-reveil-simpose-au-parlement-camerounais#primaryimage\"},\"image\":{\"@id\":\"https:\/\/www.africa-press.net\/cameroun\/politique\/le-reveil-simpose-au-parlement-camerounais#primaryimage\"},\"thumbnailUrl\":\"https:\/\/static.africa-press.net\/cameroun\/sites\/57\/2024\/03\/sm_1709930055.695834.jpg\",\"datePublished\":\"2024-03-08T23:41:05+00:00\",\"dateModified\":\"2024-03-09T00:06:43+00:00\",\"author\":{\"@id\":\"https:\/\/www.africa-press.net\/cameroun\/#\/schema\/person\/2b1cf3cd81a31e3cd26889ca66d677f1\"},\"description\":\"Les travaux de la session ordinaire de mars se tiennent au sein des deux Chambres de l\u2019institution parlementaire. L\u2019o ...\",\"breadcrumb\":{\"@id\":\"https:\/\/www.africa-press.net\/cameroun\/politique\/le-reveil-simpose-au-parlement-camerounais#breadcrumb\"},\"inLanguage\":\"fr-FR\",\"potentialAction\":[{\"@type\":\"ReadAction\",\"target\":[\"https:\/\/www.africa-press.net\/cameroun\/politique\/le-reveil-simpose-au-parlement-camerounais\"]}]},{\"@type\":\"ImageObject\",\"inLanguage\":\"fr-FR\",\"@id\":\"https:\/\/www.africa-press.net\/cameroun\/politique\/le-reveil-simpose-au-parlement-camerounais#primaryimage\",\"url\":\"https:\/\/static.africa-press.net\/cameroun\/sites\/57\/2024\/03\/sm_1709930055.695834.jpg\",\"contentUrl\":\"https:\/\/static.africa-press.net\/cameroun\/sites\/57\/2024\/03\/sm_1709930055.695834.jpg\",\"width\":780,\"height\":440,\"caption\":\"Le r\u00e9veil s\u2019impose au Parlement camerounais\"},{\"@type\":\"BreadcrumbList\",\"@id\":\"https:\/\/www.africa-press.net\/cameroun\/politique\/le-reveil-simpose-au-parlement-camerounais#breadcrumb\",\"itemListElement\":[{\"@type\":\"ListItem\",\"position\":1,\"name\":\"Accueil\",\"item\":\"https:\/\/www.africa-press.net\/cameroun\/\"},{\"@type\":\"ListItem\",\"position\":2,\"name\":\"Le r\u00e9veil s\u2019impose au Parlement camerounais\"}]},{\"@type\":\"WebSite\",\"@id\":\"https:\/\/www.africa-press.net\/cameroun\/#website\",\"url\":\"https:\/\/www.africa-press.net\/cameroun\/\",\"name\":\"Cameroun\",\"description\":\"Just another Africa News Agency Sites site\",\"potentialAction\":[{\"@type\":\"SearchAction\",\"target\":{\"@type\":\"EntryPoint\",\"urlTemplate\":\"https:\/\/www.africa-press.net\/cameroun\/?s={search_term_string}\"},\"query-input\":{\"@type\":\"PropertyValueSpecification\",\"valueRequired\":true,\"valueName\":\"search_term_string\"}}],\"inLanguage\":\"fr-FR\"},{\"@type\":\"Person\",\"@id\":\"https:\/\/www.africa-press.net\/cameroun\/#\/schema\/person\/2b1cf3cd81a31e3cd26889ca66d677f1\",\"name\":\"cfeditorfr\"}]}<\/script>\n<!-- \/ Yoast SEO Premium plugin. -->","yoast_head_json":{"title":"Le r\u00e9veil s\u2019impose au Parlement camerounais - Cameroun","description":"Les travaux de la session ordinaire de mars se tiennent au sein des deux Chambres de l\u2019institution parlementaire. L\u2019o ...","robots":{"index":"index","follow":"follow","max-snippet":"max-snippet:-1","max-image-preview":"max-image-preview:large","max-video-preview":"max-video-preview:-1"},"canonical":"https:\/\/www.africa-press.net\/cameroun\/politique\/le-reveil-simpose-au-parlement-camerounais","og_locale":"fr_FR","og_type":"article","og_title":"Le r\u00e9veil s\u2019impose au Parlement camerounais","og_description":"Les travaux de la session ordinaire de mars se tiennent au sein des deux Chambres de l\u2019institution parlementaire. L\u2019o ...","og_url":"https:\/\/www.africa-press.net\/cameroun\/politique\/le-reveil-simpose-au-parlement-camerounais","og_site_name":"Cameroun","article_published_time":"2024-03-08T23:41:05+00:00","article_modified_time":"2024-03-09T00:06:43+00:00","og_image":[{"width":780,"height":440,"url":"https:\/\/static.africa-press.net\/cameroun\/sites\/57\/2024\/03\/sm_1709930055.695834.jpg","type":"image\/jpeg"}],"author":"cfeditorfr","twitter_card":"summary_large_image","twitter_misc":{"\u00c9crit par":"cfeditorfr","Dur\u00e9e de lecture estim\u00e9e":"3 minutes"},"schema":{"@context":"https:\/\/schema.org","@graph":[{"@type":"Article","@id":"https:\/\/www.africa-press.net\/cameroun\/politique\/le-reveil-simpose-au-parlement-camerounais#article","isPartOf":{"@id":"https:\/\/www.africa-press.net\/cameroun\/politique\/le-reveil-simpose-au-parlement-camerounais"},"author":{"name":"cfeditorfr","@id":"https:\/\/www.africa-press.net\/cameroun\/#\/schema\/person\/2b1cf3cd81a31e3cd26889ca66d677f1"},"headline":"Le r\u00e9veil s\u2019impose au Parlement camerounais","datePublished":"2024-03-08T23:41:05+00:00","dateModified":"2024-03-09T00:06:43+00:00","mainEntityOfPage":{"@id":"https:\/\/www.africa-press.net\/cameroun\/politique\/le-reveil-simpose-au-parlement-camerounais"},"wordCount":580,"commentCount":0,"image":{"@id":"https:\/\/www.africa-press.net\/cameroun\/politique\/le-reveil-simpose-au-parlement-camerounais#primaryimage"},"thumbnailUrl":"https:\/\/static.africa-press.net\/cameroun\/sites\/57\/2024\/03\/sm_1709930055.695834.jpg","keywords":["Africa Press","Africa Press-Cameroun","Cameroun"],"articleSection":["Politique","Toutes les actualit\u00e9s"],"inLanguage":"fr-FR","potentialAction":[{"@type":"CommentAction","name":"Comment","target":["https:\/\/www.africa-press.net\/cameroun\/politique\/le-reveil-simpose-au-parlement-camerounais#respond"]}]},{"@type":"WebPage","@id":"https:\/\/www.africa-press.net\/cameroun\/politique\/le-reveil-simpose-au-parlement-camerounais","url":"https:\/\/www.africa-press.net\/cameroun\/politique\/le-reveil-simpose-au-parlement-camerounais","name":"Le r\u00e9veil s\u2019impose au Parlement camerounais - Cameroun","isPartOf":{"@id":"https:\/\/www.africa-press.net\/cameroun\/#website"},"primaryImageOfPage":{"@id":"https:\/\/www.africa-press.net\/cameroun\/politique\/le-reveil-simpose-au-parlement-camerounais#primaryimage"},"image":{"@id":"https:\/\/www.africa-press.net\/cameroun\/politique\/le-reveil-simpose-au-parlement-camerounais#primaryimage"},"thumbnailUrl":"https:\/\/static.africa-press.net\/cameroun\/sites\/57\/2024\/03\/sm_1709930055.695834.jpg","datePublished":"2024-03-08T23:41:05+00:00","dateModified":"2024-03-09T00:06:43+00:00","author":{"@id":"https:\/\/www.africa-press.net\/cameroun\/#\/schema\/person\/2b1cf3cd81a31e3cd26889ca66d677f1"},"description":"Les travaux de la session ordinaire de mars se tiennent au sein des deux Chambres de l\u2019institution parlementaire. L\u2019o ...","breadcrumb":{"@id":"https:\/\/www.africa-press.net\/cameroun\/politique\/le-reveil-simpose-au-parlement-camerounais#breadcrumb"},"inLanguage":"fr-FR","potentialAction":[{"@type":"ReadAction","target":["https:\/\/www.africa-press.net\/cameroun\/politique\/le-reveil-simpose-au-parlement-camerounais"]}]},{"@type":"ImageObject","inLanguage":"fr-FR","@id":"https:\/\/www.africa-press.net\/cameroun\/politique\/le-reveil-simpose-au-parlement-camerounais#primaryimage","url":"https:\/\/static.africa-press.net\/cameroun\/sites\/57\/2024\/03\/sm_1709930055.695834.jpg","contentUrl":"https:\/\/static.africa-press.net\/cameroun\/sites\/57\/2024\/03\/sm_1709930055.695834.jpg","width":780,"height":440,"caption":"Le r\u00e9veil s\u2019impose au Parlement camerounais"},{"@type":"BreadcrumbList","@id":"https:\/\/www.africa-press.net\/cameroun\/politique\/le-reveil-simpose-au-parlement-camerounais#breadcrumb","itemListElement":[{"@type":"ListItem","position":1,"name":"Accueil","item":"https:\/\/www.africa-press.net\/cameroun\/"},{"@type":"ListItem","position":2,"name":"Le r\u00e9veil s\u2019impose au Parlement camerounais"}]},{"@type":"WebSite","@id":"https:\/\/www.africa-press.net\/cameroun\/#website","url":"https:\/\/www.africa-press.net\/cameroun\/","name":"Cameroun","description":"Just another Africa News Agency Sites site","potentialAction":[{"@type":"SearchAction","target":{"@type":"EntryPoint","urlTemplate":"https:\/\/www.africa-press.net\/cameroun\/?s={search_term_string}"},"query-input":{"@type":"PropertyValueSpecification","valueRequired":true,"valueName":"search_term_string"}}],"inLanguage":"fr-FR"},{"@type":"Person","@id":"https:\/\/www.africa-press.net\/cameroun\/#\/schema\/person\/2b1cf3cd81a31e3cd26889ca66d677f1","name":"cfeditorfr"}]}},"_links":{"self":[{"href":"https:\/\/www.africa-press.net\/cameroun\/wp-json\/wp\/v2\/posts\/61912","targetHints":{"allow":["GET"]}}],"collection":[{"href":"https:\/\/www.africa-press.net\/cameroun\/wp-json\/wp\/v2\/posts"}],"about":[{"href":"https:\/\/www.africa-press.net\/cameroun\/wp-json\/wp\/v2\/types\/post"}],"author":[{"embeddable":true,"href":"https:\/\/www.africa-press.net\/cameroun\/wp-json\/wp\/v2\/users\/82"}],"replies":[{"embeddable":true,"href":"https:\/\/www.africa-press.net\/cameroun\/wp-json\/wp\/v2\/comments?post=61912"}],"version-history":[{"count":0,"href":"https:\/\/www.africa-press.net\/cameroun\/wp-json\/wp\/v2\/posts\/61912\/revisions"}],"wp:featuredmedia":[{"embeddable":true,"href":"https:\/\/www.africa-press.net\/cameroun\/wp-json\/wp\/v2\/media\/61911"}],"wp:attachment":[{"href":"https:\/\/www.africa-press.net\/cameroun\/wp-json\/wp\/v2\/media?parent=61912"}],"wp:term":[{"taxonomy":"category","embeddable":true,"href":"https:\/\/www.africa-press.net\/cameroun\/wp-json\/wp\/v2\/categories?post=61912"},{"taxonomy":"post_tag","embeddable":true,"href":"https:\/\/www.africa-press.net\/cameroun\/wp-json\/wp\/v2\/tags?post=61912"}],"curies":[{"name":"wp","href":"https:\/\/api.w.org\/{rel}","templated":true}]}}