{"id":61926,"date":"2024-03-08T23:41:38","date_gmt":"2024-03-08T23:41:38","guid":{"rendered":"https:\/\/www.africa-press.net\/cameroun\/politique\/la-france-et-le-cameroun-echangent-sur-leur-relation-strategique"},"modified":"2024-03-09T00:09:54","modified_gmt":"2024-03-09T00:09:54","slug":"la-france-et-le-cameroun-echangent-sur-leur-relation-strategique","status":"publish","type":"post","link":"https:\/\/www.africa-press.net\/cameroun\/politique\/la-france-et-le-cameroun-echangent-sur-leur-relation-strategique","title":{"rendered":"La France et le Cameroun \u00e9changent sur leur relation strat\u00e9gique"},"content":{"rendered":"<p><span style=\"color: #ff6600\"><strong>Africa-Press &#8211; Cameroun. <\/strong><\/span><b>Le Premier ministre camerounais Joseph Dion Ngute a rec\u0327u en audience le 07 mars dernier, le Grand chancelier de la le\u0301gion d\u2019honneur de France, le ge\u0301ne\u0301ral Franc\u0327ois Lecointre.<\/b><\/p>\n<p>Le ge\u0301ne\u0301ral Franc\u0327ois Lecointre est en Afrique pour la premie\u0300re fois, apre\u0300s son installation le 1er fe\u0301vrier 2023 en qualite\u0301 de Grand chancelier de la Le\u0301gion d\u2019honneur. Comme premie\u0300re destination en terre africaine, l\u2019officier ge\u0301ne\u0301ral arrive au Cameroun pour rencontrer les autorite\u0301s et e\u0301changer avec elles. Ce choix impulse\u0301 par le pre\u0301sident Emmanuel Macron s\u2019appuie sur l\u2019importance que la France accorde a\u0300 son partenaire le Cameroun.<\/p>\n<p>C\u2019est a\u0300 cet effet que le Premier ministre a rec\u0327u le ge\u0301ne\u0301ral a\u0300 l\u2019Immeuble Etoile. Avec le chef du gouvernement camerounais, il a e\u0301te\u0301 question \u00ab d\u2019insister sur cette importance de la relation entre la France et le Cameroun. Lui dire que Symboliquement le de\u0301placement du Grand chancelier de la le\u0301gion d\u2019honneur, mon premier de\u0301placement en Afrique depuis que j\u2019occupe mes fonctions, marque cette importance du Cameroun pour la France \u00bb, a releve\u0301 le ge\u0301ne\u0301ral franc\u0327ais au sortir de l\u2019audience.<\/p>\n<p>La France entend ainsi renforcer sa relation strate\u0301gique avec le Cameroun au regard de sa stabilite\u0301 institutionnelle. Une stabilite\u0301 qui, selon le Grand chancelier, est un atout pour resserrer les liens entre la France et ses anciens allie\u0301s africains \u00ab au moment ou\u0300 beaucoup de pays d\u2019Afrique francophone traversent des difficulte\u0301s constitutionnelles \u00bb, a remarque\u0301 Franc\u0327ois Lecointre en pre\u0301sence de l\u2019ambassadeur de France au Cameroun, le ge\u0301ne\u0301ral Thierry Marchand.<\/p>\n<p><strong>Pour plus d&rsquo;informations et d&rsquo;analyses sur la <a href=\"https:\/\/www.africa-press.net\/cameroun\">Cameroun<\/a>, suivez <a href=\"https:\/\/www.africa-press.net\/\">Africa-Press<\/a><\/strong><\/p>\n","protected":false},"excerpt":{"rendered":"<p>Africa-Press &#8211; Cameroun. Le Premier ministre camerounais Joseph Dion Ngute a rec\u0327u en audience le 07 mars dernier, le Grand chancelier de la le\u0301gion d\u2019honneur de France, le ge\u0301ne\u0301ral Franc\u0327ois Lecointre. Le ge\u0301ne\u0301ral Franc\u0327ois Lecointre est en Afrique pour la premie\u0300re fois, apre\u0300s son installation le 1er fe\u0301vrier 2023 en qualite\u0301 de Grand chancelier de [&hellip;]<\/p>\n","protected":false},"author":82,"featured_media":61925,"comment_status":"open","ping_status":"closed","sticky":false,"template":"","format":"standard","meta":{"footnotes":""},"categories":[2,10],"tags":[36,50,49],"class_list":["post-61926","post","type-post","status-publish","format-standard","has-post-thumbnail","hentry","category-politique","category-toutes-les-actualites","tag-africa-press","tag-africa-press-cameroun","tag-cameroun"],"yoast_head":"<!-- This site is optimized with the Yoast SEO Premium plugin v26.1 (Yoast SEO v27.0) - https:\/\/yoast.com\/product\/yoast-seo-premium-wordpress\/ -->\n<title>La France et le Cameroun \u00e9changent sur leur relation strat\u00e9gique - Cameroun<\/title>\n<meta name=\"description\" content=\"Le Premier ministre camerounais Joseph Dion Ngute a rec\u0327u en audience le 07 mars dernier, le Grand chancelier de la l ...\" \/>\n<meta name=\"robots\" content=\"index, follow, max-snippet:-1, max-image-preview:large, max-video-preview:-1\" \/>\n<link rel=\"canonical\" href=\"https:\/\/www.africa-press.net\/cameroun\/politique\/la-france-et-le-cameroun-echangent-sur-leur-relation-strategique\" \/>\n<meta property=\"og:locale\" content=\"fr_FR\" \/>\n<meta property=\"og:type\" content=\"article\" \/>\n<meta property=\"og:title\" content=\"La France et le Cameroun \u00e9changent sur leur relation strat\u00e9gique\" \/>\n<meta property=\"og:description\" content=\"Le Premier ministre camerounais Joseph Dion Ngute a rec\u0327u en audience le 07 mars dernier, le Grand chancelier de la l ...\" \/>\n<meta property=\"og:url\" content=\"https:\/\/www.africa-press.net\/cameroun\/politique\/la-france-et-le-cameroun-echangent-sur-leur-relation-strategique\" \/>\n<meta property=\"og:site_name\" content=\"Cameroun\" \/>\n<meta property=\"article:published_time\" content=\"2024-03-08T23:41:38+00:00\" \/>\n<meta property=\"article:modified_time\" content=\"2024-03-09T00:09:54+00:00\" \/>\n<meta property=\"og:image\" content=\"https:\/\/static.africa-press.net\/cameroun\/sites\/57\/2024\/03\/sm_1709930207.013018.jpg\" \/>\n\t<meta property=\"og:image:width\" content=\"780\" \/>\n\t<meta property=\"og:image:height\" content=\"440\" \/>\n\t<meta property=\"og:image:type\" content=\"image\/jpeg\" \/>\n<meta name=\"author\" content=\"cfeditorfr\" \/>\n<meta name=\"twitter:card\" content=\"summary_large_image\" \/>\n<meta name=\"twitter:label1\" content=\"\u00c9crit par\" \/>\n\t<meta name=\"twitter:data1\" content=\"cfeditorfr\" \/>\n\t<meta name=\"twitter:label2\" content=\"Dur\u00e9e de lecture estim\u00e9e\" \/>\n\t<meta name=\"twitter:data2\" content=\"1 minute\" \/>\n<script type=\"application\/ld+json\" class=\"yoast-schema-graph\">{\"@context\":\"https:\/\/schema.org\",\"@graph\":[{\"@type\":\"Article\",\"@id\":\"https:\/\/www.africa-press.net\/cameroun\/politique\/la-france-et-le-cameroun-echangent-sur-leur-relation-strategique#article\",\"isPartOf\":{\"@id\":\"https:\/\/www.africa-press.net\/cameroun\/politique\/la-france-et-le-cameroun-echangent-sur-leur-relation-strategique\"},\"author\":{\"name\":\"cfeditorfr\",\"@id\":\"https:\/\/www.africa-press.net\/cameroun\/#\/schema\/person\/2b1cf3cd81a31e3cd26889ca66d677f1\"},\"headline\":\"La France et le Cameroun \u00e9changent sur leur relation strat\u00e9gique\",\"datePublished\":\"2024-03-08T23:41:38+00:00\",\"dateModified\":\"2024-03-09T00:09:54+00:00\",\"mainEntityOfPage\":{\"@id\":\"https:\/\/www.africa-press.net\/cameroun\/politique\/la-france-et-le-cameroun-echangent-sur-leur-relation-strategique\"},\"wordCount\":311,\"commentCount\":0,\"image\":{\"@id\":\"https:\/\/www.africa-press.net\/cameroun\/politique\/la-france-et-le-cameroun-echangent-sur-leur-relation-strategique#primaryimage\"},\"thumbnailUrl\":\"https:\/\/static.africa-press.net\/cameroun\/sites\/57\/2024\/03\/sm_1709930207.013018.jpg\",\"keywords\":[\"Africa Press\",\"Africa Press-Cameroun\",\"Cameroun\"],\"articleSection\":[\"Politique\",\"Toutes les actualit\u00e9s\"],\"inLanguage\":\"fr-FR\",\"potentialAction\":[{\"@type\":\"CommentAction\",\"name\":\"Comment\",\"target\":[\"https:\/\/www.africa-press.net\/cameroun\/politique\/la-france-et-le-cameroun-echangent-sur-leur-relation-strategique#respond\"]}]},{\"@type\":\"WebPage\",\"@id\":\"https:\/\/www.africa-press.net\/cameroun\/politique\/la-france-et-le-cameroun-echangent-sur-leur-relation-strategique\",\"url\":\"https:\/\/www.africa-press.net\/cameroun\/politique\/la-france-et-le-cameroun-echangent-sur-leur-relation-strategique\",\"name\":\"La France et le Cameroun \u00e9changent sur leur relation strat\u00e9gique - Cameroun\",\"isPartOf\":{\"@id\":\"https:\/\/www.africa-press.net\/cameroun\/#website\"},\"primaryImageOfPage\":{\"@id\":\"https:\/\/www.africa-press.net\/cameroun\/politique\/la-france-et-le-cameroun-echangent-sur-leur-relation-strategique#primaryimage\"},\"image\":{\"@id\":\"https:\/\/www.africa-press.net\/cameroun\/politique\/la-france-et-le-cameroun-echangent-sur-leur-relation-strategique#primaryimage\"},\"thumbnailUrl\":\"https:\/\/static.africa-press.net\/cameroun\/sites\/57\/2024\/03\/sm_1709930207.013018.jpg\",\"datePublished\":\"2024-03-08T23:41:38+00:00\",\"dateModified\":\"2024-03-09T00:09:54+00:00\",\"author\":{\"@id\":\"https:\/\/www.africa-press.net\/cameroun\/#\/schema\/person\/2b1cf3cd81a31e3cd26889ca66d677f1\"},\"description\":\"Le Premier ministre camerounais Joseph Dion Ngute a rec\u0327u en audience le 07 mars dernier, le Grand chancelier de la l ...\",\"breadcrumb\":{\"@id\":\"https:\/\/www.africa-press.net\/cameroun\/politique\/la-france-et-le-cameroun-echangent-sur-leur-relation-strategique#breadcrumb\"},\"inLanguage\":\"fr-FR\",\"potentialAction\":[{\"@type\":\"ReadAction\",\"target\":[\"https:\/\/www.africa-press.net\/cameroun\/politique\/la-france-et-le-cameroun-echangent-sur-leur-relation-strategique\"]}]},{\"@type\":\"ImageObject\",\"inLanguage\":\"fr-FR\",\"@id\":\"https:\/\/www.africa-press.net\/cameroun\/politique\/la-france-et-le-cameroun-echangent-sur-leur-relation-strategique#primaryimage\",\"url\":\"https:\/\/static.africa-press.net\/cameroun\/sites\/57\/2024\/03\/sm_1709930207.013018.jpg\",\"contentUrl\":\"https:\/\/static.africa-press.net\/cameroun\/sites\/57\/2024\/03\/sm_1709930207.013018.jpg\",\"width\":780,\"height\":440,\"caption\":\"La France et le Cameroun \u00e9changent sur leur relation strat\u00e9gique\"},{\"@type\":\"BreadcrumbList\",\"@id\":\"https:\/\/www.africa-press.net\/cameroun\/politique\/la-france-et-le-cameroun-echangent-sur-leur-relation-strategique#breadcrumb\",\"itemListElement\":[{\"@type\":\"ListItem\",\"position\":1,\"name\":\"Accueil\",\"item\":\"https:\/\/www.africa-press.net\/cameroun\/\"},{\"@type\":\"ListItem\",\"position\":2,\"name\":\"La France et le Cameroun \u00e9changent sur leur relation strat\u00e9gique\"}]},{\"@type\":\"WebSite\",\"@id\":\"https:\/\/www.africa-press.net\/cameroun\/#website\",\"url\":\"https:\/\/www.africa-press.net\/cameroun\/\",\"name\":\"Cameroun\",\"description\":\"Just another Africa News Agency Sites site\",\"potentialAction\":[{\"@type\":\"SearchAction\",\"target\":{\"@type\":\"EntryPoint\",\"urlTemplate\":\"https:\/\/www.africa-press.net\/cameroun\/?s={search_term_string}\"},\"query-input\":{\"@type\":\"PropertyValueSpecification\",\"valueRequired\":true,\"valueName\":\"search_term_string\"}}],\"inLanguage\":\"fr-FR\"},{\"@type\":\"Person\",\"@id\":\"https:\/\/www.africa-press.net\/cameroun\/#\/schema\/person\/2b1cf3cd81a31e3cd26889ca66d677f1\",\"name\":\"cfeditorfr\"}]}<\/script>\n<!-- \/ Yoast SEO Premium plugin. -->","yoast_head_json":{"title":"La France et le Cameroun \u00e9changent sur leur relation strat\u00e9gique - Cameroun","description":"Le Premier ministre camerounais Joseph Dion Ngute a rec\u0327u en audience le 07 mars dernier, le Grand chancelier de la l ...","robots":{"index":"index","follow":"follow","max-snippet":"max-snippet:-1","max-image-preview":"max-image-preview:large","max-video-preview":"max-video-preview:-1"},"canonical":"https:\/\/www.africa-press.net\/cameroun\/politique\/la-france-et-le-cameroun-echangent-sur-leur-relation-strategique","og_locale":"fr_FR","og_type":"article","og_title":"La France et le Cameroun \u00e9changent sur leur relation strat\u00e9gique","og_description":"Le Premier ministre camerounais Joseph Dion Ngute a rec\u0327u en audience le 07 mars dernier, le Grand chancelier de la l ...","og_url":"https:\/\/www.africa-press.net\/cameroun\/politique\/la-france-et-le-cameroun-echangent-sur-leur-relation-strategique","og_site_name":"Cameroun","article_published_time":"2024-03-08T23:41:38+00:00","article_modified_time":"2024-03-09T00:09:54+00:00","og_image":[{"width":780,"height":440,"url":"https:\/\/static.africa-press.net\/cameroun\/sites\/57\/2024\/03\/sm_1709930207.013018.jpg","type":"image\/jpeg"}],"author":"cfeditorfr","twitter_card":"summary_large_image","twitter_misc":{"\u00c9crit par":"cfeditorfr","Dur\u00e9e de lecture estim\u00e9e":"1 minute"},"schema":{"@context":"https:\/\/schema.org","@graph":[{"@type":"Article","@id":"https:\/\/www.africa-press.net\/cameroun\/politique\/la-france-et-le-cameroun-echangent-sur-leur-relation-strategique#article","isPartOf":{"@id":"https:\/\/www.africa-press.net\/cameroun\/politique\/la-france-et-le-cameroun-echangent-sur-leur-relation-strategique"},"author":{"name":"cfeditorfr","@id":"https:\/\/www.africa-press.net\/cameroun\/#\/schema\/person\/2b1cf3cd81a31e3cd26889ca66d677f1"},"headline":"La France et le Cameroun \u00e9changent sur leur relation strat\u00e9gique","datePublished":"2024-03-08T23:41:38+00:00","dateModified":"2024-03-09T00:09:54+00:00","mainEntityOfPage":{"@id":"https:\/\/www.africa-press.net\/cameroun\/politique\/la-france-et-le-cameroun-echangent-sur-leur-relation-strategique"},"wordCount":311,"commentCount":0,"image":{"@id":"https:\/\/www.africa-press.net\/cameroun\/politique\/la-france-et-le-cameroun-echangent-sur-leur-relation-strategique#primaryimage"},"thumbnailUrl":"https:\/\/static.africa-press.net\/cameroun\/sites\/57\/2024\/03\/sm_1709930207.013018.jpg","keywords":["Africa Press","Africa Press-Cameroun","Cameroun"],"articleSection":["Politique","Toutes les actualit\u00e9s"],"inLanguage":"fr-FR","potentialAction":[{"@type":"CommentAction","name":"Comment","target":["https:\/\/www.africa-press.net\/cameroun\/politique\/la-france-et-le-cameroun-echangent-sur-leur-relation-strategique#respond"]}]},{"@type":"WebPage","@id":"https:\/\/www.africa-press.net\/cameroun\/politique\/la-france-et-le-cameroun-echangent-sur-leur-relation-strategique","url":"https:\/\/www.africa-press.net\/cameroun\/politique\/la-france-et-le-cameroun-echangent-sur-leur-relation-strategique","name":"La France et le Cameroun \u00e9changent sur leur relation strat\u00e9gique - Cameroun","isPartOf":{"@id":"https:\/\/www.africa-press.net\/cameroun\/#website"},"primaryImageOfPage":{"@id":"https:\/\/www.africa-press.net\/cameroun\/politique\/la-france-et-le-cameroun-echangent-sur-leur-relation-strategique#primaryimage"},"image":{"@id":"https:\/\/www.africa-press.net\/cameroun\/politique\/la-france-et-le-cameroun-echangent-sur-leur-relation-strategique#primaryimage"},"thumbnailUrl":"https:\/\/static.africa-press.net\/cameroun\/sites\/57\/2024\/03\/sm_1709930207.013018.jpg","datePublished":"2024-03-08T23:41:38+00:00","dateModified":"2024-03-09T00:09:54+00:00","author":{"@id":"https:\/\/www.africa-press.net\/cameroun\/#\/schema\/person\/2b1cf3cd81a31e3cd26889ca66d677f1"},"description":"Le Premier ministre camerounais Joseph Dion Ngute a rec\u0327u en audience le 07 mars dernier, le Grand chancelier de la l ...","breadcrumb":{"@id":"https:\/\/www.africa-press.net\/cameroun\/politique\/la-france-et-le-cameroun-echangent-sur-leur-relation-strategique#breadcrumb"},"inLanguage":"fr-FR","potentialAction":[{"@type":"ReadAction","target":["https:\/\/www.africa-press.net\/cameroun\/politique\/la-france-et-le-cameroun-echangent-sur-leur-relation-strategique"]}]},{"@type":"ImageObject","inLanguage":"fr-FR","@id":"https:\/\/www.africa-press.net\/cameroun\/politique\/la-france-et-le-cameroun-echangent-sur-leur-relation-strategique#primaryimage","url":"https:\/\/static.africa-press.net\/cameroun\/sites\/57\/2024\/03\/sm_1709930207.013018.jpg","contentUrl":"https:\/\/static.africa-press.net\/cameroun\/sites\/57\/2024\/03\/sm_1709930207.013018.jpg","width":780,"height":440,"caption":"La France et le Cameroun \u00e9changent sur leur relation strat\u00e9gique"},{"@type":"BreadcrumbList","@id":"https:\/\/www.africa-press.net\/cameroun\/politique\/la-france-et-le-cameroun-echangent-sur-leur-relation-strategique#breadcrumb","itemListElement":[{"@type":"ListItem","position":1,"name":"Accueil","item":"https:\/\/www.africa-press.net\/cameroun\/"},{"@type":"ListItem","position":2,"name":"La France et le Cameroun \u00e9changent sur leur relation strat\u00e9gique"}]},{"@type":"WebSite","@id":"https:\/\/www.africa-press.net\/cameroun\/#website","url":"https:\/\/www.africa-press.net\/cameroun\/","name":"Cameroun","description":"Just another Africa News Agency Sites site","potentialAction":[{"@type":"SearchAction","target":{"@type":"EntryPoint","urlTemplate":"https:\/\/www.africa-press.net\/cameroun\/?s={search_term_string}"},"query-input":{"@type":"PropertyValueSpecification","valueRequired":true,"valueName":"search_term_string"}}],"inLanguage":"fr-FR"},{"@type":"Person","@id":"https:\/\/www.africa-press.net\/cameroun\/#\/schema\/person\/2b1cf3cd81a31e3cd26889ca66d677f1","name":"cfeditorfr"}]}},"_links":{"self":[{"href":"https:\/\/www.africa-press.net\/cameroun\/wp-json\/wp\/v2\/posts\/61926","targetHints":{"allow":["GET"]}}],"collection":[{"href":"https:\/\/www.africa-press.net\/cameroun\/wp-json\/wp\/v2\/posts"}],"about":[{"href":"https:\/\/www.africa-press.net\/cameroun\/wp-json\/wp\/v2\/types\/post"}],"author":[{"embeddable":true,"href":"https:\/\/www.africa-press.net\/cameroun\/wp-json\/wp\/v2\/users\/82"}],"replies":[{"embeddable":true,"href":"https:\/\/www.africa-press.net\/cameroun\/wp-json\/wp\/v2\/comments?post=61926"}],"version-history":[{"count":0,"href":"https:\/\/www.africa-press.net\/cameroun\/wp-json\/wp\/v2\/posts\/61926\/revisions"}],"wp:featuredmedia":[{"embeddable":true,"href":"https:\/\/www.africa-press.net\/cameroun\/wp-json\/wp\/v2\/media\/61925"}],"wp:attachment":[{"href":"https:\/\/www.africa-press.net\/cameroun\/wp-json\/wp\/v2\/media?parent=61926"}],"wp:term":[{"taxonomy":"category","embeddable":true,"href":"https:\/\/www.africa-press.net\/cameroun\/wp-json\/wp\/v2\/categories?post=61926"},{"taxonomy":"post_tag","embeddable":true,"href":"https:\/\/www.africa-press.net\/cameroun\/wp-json\/wp\/v2\/tags?post=61926"}],"curies":[{"name":"wp","href":"https:\/\/api.w.org\/{rel}","templated":true}]}}