{"id":61929,"date":"2024-03-08T23:41:46","date_gmt":"2024-03-08T23:41:46","guid":{"rendered":"https:\/\/www.africa-press.net\/cameroun\/politique\/les-parties-prenantes-se-mobilisent-pour-booster-le-made-in-cameroon"},"modified":"2024-03-09T00:10:24","modified_gmt":"2024-03-09T00:10:24","slug":"les-parties-prenantes-se-mobilisent-pour-booster-le-made-in-cameroon","status":"publish","type":"post","link":"https:\/\/www.africa-press.net\/cameroun\/economie\/les-parties-prenantes-se-mobilisent-pour-booster-le-made-in-cameroon","title":{"rendered":"Les parties prenantes se mobilisent pour booster le \u2018\u2019Made in Cameroon\u2019\u2019"},"content":{"rendered":"<p><span style=\"color: #ff6600\"><strong>Africa-Press &#8211; Cameroun. <\/strong><\/span><b>Apre\u0300s avoir identifie\u0301 les obstacles a\u0300 la visibilite\u0301 et a\u0300 la disponibilite\u0301 des produits camerounais sur le marche\u0301 re\u0301gional, des acteurs re\u0301unis a\u0300 Yaounde\u0301 le 6 mars 2024, proposent des solutions pour relever les de\u0301fis.<\/b><\/p>\n<p>Une rencontre d\u2019e\u0301changes place\u0301e sous le the\u0300me: \u00ab Booster le \u2018\u2019Made in Cameroon\u2019\u2019 par le biais de la ZLECAF \u00bb, a re\u0301uni une vingtaine de participants. Les parties prenantes ont discute\u0301 des initiatives actuelles pour promouvoir les produits locaux au travers de l\u2019Afcfta et les leviers sur lesquels les producteurs camerounais doivent agir dans les anne\u0301es a\u0300 venir pour stimuler le \u2018\u2019made in Cameroon\u2019\u2019.<\/p>\n<p>Cette re\u0301union d\u2019e\u0301change initie\u0301e par Nkafu Policy Institute, le think thank de la Fondation Denis and Lenora Foretia, se tient dans un contexte ou\u0300 le Cameroun a ratifie\u0301 le 31 octobre 2019, un accord sur la zone de libre-e\u0301change continentale africaine (ZLECAF). Ainsi, le pays doit participer au marche\u0301 continental avec des produits de qualite\u0301 pour en tirer profit. Mais en amont, un travail de fond doit e\u0302tre e\u0301labore\u0301.<\/p>\n<p>Les discussions au cours de l\u2019atelier e\u0301taient axe\u0301es sur des strate\u0301gies a\u0300 mettre sur pied pour assurer la visibilite\u0301 et la disponibilite\u0301 des produits fabrique\u0301s au Cameroun dans le cadre de la ZLECAF. Et sensibiliser sur les avantages potentiels de la zone pour les produits fabrique\u0301s au Cameroun et identifier les de\u0301fis et les obstacles a\u0300 la visibilite\u0301 et a\u0300 la disponibilite\u0301 des produits fabrique\u0301s au Cameroun sur le marche\u0301 continental.<\/p>\n<p>Certes le label \u2018\u2019Made in Cameroon\u2019\u2019 est connu, mais un certain nombre de de\u0301fis demeure, rele\u0300ve Jean Ce\u0301dric Kouam, chef de la division e\u0301conomique au Nkafu Policy Institute. \u00ab Ces produits ne sont pas disponibles \u00bb, souligne l\u2019e\u0301conomiste. La production reste artisanale avec un cou\u0302t e\u0301leve\u0301 du fait de l\u2019indisponibilite\u0301.<\/p>\n<p>Les parties prenantes exhortent les promoteurs camerounais a\u0300 travailler sur la production, la distribution et la promotion des produits. Et invite l\u2019Etat a\u0300 mettre en place un cadre pour assurer la production et la qualite\u0301. \u00ab Au niveau de la distribution, il faut une diplomatie e\u0301conomique a\u0300 travers des actions concerte\u0301es \u00bb, pre\u0301conisent les acteurs<b>.<\/b><\/p>\n<p>Les participants sont e\u0301galement favorables au de\u0301veloppement des partenariats publics-prive\u0301s, la facilitation de l\u2019obtention des certificats, le renforcement de la diplomatie e\u0301conomique et les investissements directs e\u0301trangers.<\/p>\n<p>D\u2019apre\u0300s Jean Cedric Kouam, pour pe\u0301ne\u0301trer le marche\u0301 de la ZLECAF, il faut davantage sensibiliser les producteurs sur les exigences internationales. Notamment le ratio qualite\u0301-prix, le packaging, moderniser les proce\u0301de\u0301s pour produire en grande quantite\u0301, la rationalite\u0301 e\u0301conomique. Aussi et surtout de travailler sur l\u2019image de marque du pays.<\/p>\n<p>Les participants au de\u0301bat e\u0301taient unanimes sur le fait que le Cameroun a beaucoup a\u0300 offrir sur le marche\u0301 international. Avec des produits tels que la banane, le poivre de Penja et le miel d\u2019Oku entre autres.<\/p>\n<p><strong>Pour plus d&rsquo;informations et d&rsquo;analyses sur la <a href=\"https:\/\/www.africa-press.net\/cameroun\">Cameroun<\/a>, suivez <a href=\"https:\/\/www.africa-press.net\/\">Africa-Press<\/a><\/strong><\/p>\n","protected":false},"excerpt":{"rendered":"<p>Africa-Press &#8211; Cameroun. Apre\u0300s avoir identifie\u0301 les obstacles a\u0300 la visibilite\u0301 et a\u0300 la disponibilite\u0301 des produits camerounais sur le marche\u0301 re\u0301gional, des acteurs re\u0301unis a\u0300 Yaounde\u0301 le 6 mars 2024, proposent des solutions pour relever les de\u0301fis. Une rencontre d\u2019e\u0301changes place\u0301e sous le the\u0300me: \u00ab Booster le \u2018\u2019Made in Cameroon\u2019\u2019 par le biais de [&hellip;]<\/p>\n","protected":false},"author":82,"featured_media":61927,"comment_status":"open","ping_status":"closed","sticky":false,"template":"","format":"standard","meta":{"footnotes":""},"categories":[3,10],"tags":[36,50,49],"class_list":["post-61929","post","type-post","status-publish","format-standard","has-post-thumbnail","hentry","category-economie","category-toutes-les-actualites","tag-africa-press","tag-africa-press-cameroun","tag-cameroun"],"yoast_head":"<!-- This site is optimized with the Yoast SEO Premium plugin v26.1 (Yoast SEO v27.0) - https:\/\/yoast.com\/product\/yoast-seo-premium-wordpress\/ -->\n<title>Les parties prenantes se mobilisent pour booster le \u2018\u2019Made in Cameroon\u2019\u2019 - Cameroun<\/title>\n<meta name=\"description\" content=\"Apre\u0300s avoir identifie\u0301 les obstacles a\u0300 la visibilite\u0301 et a\u0300 la disponibilite\u0301 des produits camerounais sur le march ...\" \/>\n<meta name=\"robots\" content=\"index, follow, max-snippet:-1, max-image-preview:large, max-video-preview:-1\" \/>\n<link rel=\"canonical\" href=\"https:\/\/www.africa-press.net\/cameroun\/economie\/les-parties-prenantes-se-mobilisent-pour-booster-le-made-in-cameroon\" \/>\n<meta property=\"og:locale\" content=\"fr_FR\" \/>\n<meta property=\"og:type\" content=\"article\" \/>\n<meta property=\"og:title\" content=\"Les parties prenantes se mobilisent pour booster le \u2018\u2019Made in Cameroon\u2019\u2019\" \/>\n<meta property=\"og:description\" content=\"Apre\u0300s avoir identifie\u0301 les obstacles a\u0300 la visibilite\u0301 et a\u0300 la disponibilite\u0301 des produits camerounais sur le march ...\" \/>\n<meta property=\"og:url\" content=\"https:\/\/www.africa-press.net\/cameroun\/economie\/les-parties-prenantes-se-mobilisent-pour-booster-le-made-in-cameroon\" \/>\n<meta property=\"og:site_name\" content=\"Cameroun\" \/>\n<meta property=\"article:published_time\" content=\"2024-03-08T23:41:46+00:00\" \/>\n<meta property=\"article:modified_time\" content=\"2024-03-09T00:10:24+00:00\" \/>\n<meta property=\"og:image\" content=\"https:\/\/static.africa-press.net\/cameroun\/sites\/57\/2024\/03\/sm_1709930262.205857.jpg\" \/>\n\t<meta property=\"og:image:width\" content=\"780\" \/>\n\t<meta property=\"og:image:height\" content=\"440\" \/>\n\t<meta property=\"og:image:type\" content=\"image\/jpeg\" \/>\n<meta name=\"author\" content=\"cfeditorfr\" \/>\n<meta name=\"twitter:card\" content=\"summary_large_image\" \/>\n<meta name=\"twitter:label1\" content=\"\u00c9crit par\" \/>\n\t<meta name=\"twitter:data1\" content=\"cfeditorfr\" \/>\n\t<meta name=\"twitter:label2\" content=\"Dur\u00e9e de lecture estim\u00e9e\" \/>\n\t<meta name=\"twitter:data2\" content=\"3 minutes\" \/>\n<script type=\"application\/ld+json\" class=\"yoast-schema-graph\">{\"@context\":\"https:\/\/schema.org\",\"@graph\":[{\"@type\":\"Article\",\"@id\":\"https:\/\/www.africa-press.net\/cameroun\/economie\/les-parties-prenantes-se-mobilisent-pour-booster-le-made-in-cameroon#article\",\"isPartOf\":{\"@id\":\"https:\/\/www.africa-press.net\/cameroun\/economie\/les-parties-prenantes-se-mobilisent-pour-booster-le-made-in-cameroon\"},\"author\":{\"name\":\"cfeditorfr\",\"@id\":\"https:\/\/www.africa-press.net\/cameroun\/#\/schema\/person\/2b1cf3cd81a31e3cd26889ca66d677f1\"},\"headline\":\"Les parties prenantes se mobilisent pour booster le \u2018\u2019Made in Cameroon\u2019\u2019\",\"datePublished\":\"2024-03-08T23:41:46+00:00\",\"dateModified\":\"2024-03-09T00:10:24+00:00\",\"mainEntityOfPage\":{\"@id\":\"https:\/\/www.africa-press.net\/cameroun\/economie\/les-parties-prenantes-se-mobilisent-pour-booster-le-made-in-cameroon\"},\"wordCount\":530,\"commentCount\":0,\"image\":{\"@id\":\"https:\/\/www.africa-press.net\/cameroun\/economie\/les-parties-prenantes-se-mobilisent-pour-booster-le-made-in-cameroon#primaryimage\"},\"thumbnailUrl\":\"https:\/\/static.africa-press.net\/cameroun\/sites\/57\/2024\/03\/sm_1709930262.205857.jpg\",\"keywords\":[\"Africa Press\",\"Africa Press-Cameroun\",\"Cameroun\"],\"articleSection\":[\"\u00c9conomie\",\"Toutes les actualit\u00e9s\"],\"inLanguage\":\"fr-FR\",\"potentialAction\":[{\"@type\":\"CommentAction\",\"name\":\"Comment\",\"target\":[\"https:\/\/www.africa-press.net\/cameroun\/economie\/les-parties-prenantes-se-mobilisent-pour-booster-le-made-in-cameroon#respond\"]}]},{\"@type\":\"WebPage\",\"@id\":\"https:\/\/www.africa-press.net\/cameroun\/economie\/les-parties-prenantes-se-mobilisent-pour-booster-le-made-in-cameroon\",\"url\":\"https:\/\/www.africa-press.net\/cameroun\/economie\/les-parties-prenantes-se-mobilisent-pour-booster-le-made-in-cameroon\",\"name\":\"Les parties prenantes se mobilisent pour booster le \u2018\u2019Made in Cameroon\u2019\u2019 - Cameroun\",\"isPartOf\":{\"@id\":\"https:\/\/www.africa-press.net\/cameroun\/#website\"},\"primaryImageOfPage\":{\"@id\":\"https:\/\/www.africa-press.net\/cameroun\/economie\/les-parties-prenantes-se-mobilisent-pour-booster-le-made-in-cameroon#primaryimage\"},\"image\":{\"@id\":\"https:\/\/www.africa-press.net\/cameroun\/economie\/les-parties-prenantes-se-mobilisent-pour-booster-le-made-in-cameroon#primaryimage\"},\"thumbnailUrl\":\"https:\/\/static.africa-press.net\/cameroun\/sites\/57\/2024\/03\/sm_1709930262.205857.jpg\",\"datePublished\":\"2024-03-08T23:41:46+00:00\",\"dateModified\":\"2024-03-09T00:10:24+00:00\",\"author\":{\"@id\":\"https:\/\/www.africa-press.net\/cameroun\/#\/schema\/person\/2b1cf3cd81a31e3cd26889ca66d677f1\"},\"description\":\"Apre\u0300s avoir identifie\u0301 les obstacles a\u0300 la visibilite\u0301 et a\u0300 la disponibilite\u0301 des produits camerounais sur le march ...\",\"breadcrumb\":{\"@id\":\"https:\/\/www.africa-press.net\/cameroun\/economie\/les-parties-prenantes-se-mobilisent-pour-booster-le-made-in-cameroon#breadcrumb\"},\"inLanguage\":\"fr-FR\",\"potentialAction\":[{\"@type\":\"ReadAction\",\"target\":[\"https:\/\/www.africa-press.net\/cameroun\/economie\/les-parties-prenantes-se-mobilisent-pour-booster-le-made-in-cameroon\"]}]},{\"@type\":\"ImageObject\",\"inLanguage\":\"fr-FR\",\"@id\":\"https:\/\/www.africa-press.net\/cameroun\/economie\/les-parties-prenantes-se-mobilisent-pour-booster-le-made-in-cameroon#primaryimage\",\"url\":\"https:\/\/static.africa-press.net\/cameroun\/sites\/57\/2024\/03\/sm_1709930262.205857.jpg\",\"contentUrl\":\"https:\/\/static.africa-press.net\/cameroun\/sites\/57\/2024\/03\/sm_1709930262.205857.jpg\",\"width\":780,\"height\":440,\"caption\":\"Les parties prenantes se mobilisent pour booster le \u2018\u2019Made in Cameroon\u2019\u2019\"},{\"@type\":\"BreadcrumbList\",\"@id\":\"https:\/\/www.africa-press.net\/cameroun\/economie\/les-parties-prenantes-se-mobilisent-pour-booster-le-made-in-cameroon#breadcrumb\",\"itemListElement\":[{\"@type\":\"ListItem\",\"position\":1,\"name\":\"Accueil\",\"item\":\"https:\/\/www.africa-press.net\/cameroun\/\"},{\"@type\":\"ListItem\",\"position\":2,\"name\":\"Les parties prenantes se mobilisent pour booster le \u2018\u2019Made in Cameroon\u2019\u2019\"}]},{\"@type\":\"WebSite\",\"@id\":\"https:\/\/www.africa-press.net\/cameroun\/#website\",\"url\":\"https:\/\/www.africa-press.net\/cameroun\/\",\"name\":\"Cameroun\",\"description\":\"Just another Africa News Agency Sites site\",\"potentialAction\":[{\"@type\":\"SearchAction\",\"target\":{\"@type\":\"EntryPoint\",\"urlTemplate\":\"https:\/\/www.africa-press.net\/cameroun\/?s={search_term_string}\"},\"query-input\":{\"@type\":\"PropertyValueSpecification\",\"valueRequired\":true,\"valueName\":\"search_term_string\"}}],\"inLanguage\":\"fr-FR\"},{\"@type\":\"Person\",\"@id\":\"https:\/\/www.africa-press.net\/cameroun\/#\/schema\/person\/2b1cf3cd81a31e3cd26889ca66d677f1\",\"name\":\"cfeditorfr\"}]}<\/script>\n<!-- \/ Yoast SEO Premium plugin. -->","yoast_head_json":{"title":"Les parties prenantes se mobilisent pour booster le \u2018\u2019Made in Cameroon\u2019\u2019 - Cameroun","description":"Apre\u0300s avoir identifie\u0301 les obstacles a\u0300 la visibilite\u0301 et a\u0300 la disponibilite\u0301 des produits camerounais sur le march ...","robots":{"index":"index","follow":"follow","max-snippet":"max-snippet:-1","max-image-preview":"max-image-preview:large","max-video-preview":"max-video-preview:-1"},"canonical":"https:\/\/www.africa-press.net\/cameroun\/economie\/les-parties-prenantes-se-mobilisent-pour-booster-le-made-in-cameroon","og_locale":"fr_FR","og_type":"article","og_title":"Les parties prenantes se mobilisent pour booster le \u2018\u2019Made in Cameroon\u2019\u2019","og_description":"Apre\u0300s avoir identifie\u0301 les obstacles a\u0300 la visibilite\u0301 et a\u0300 la disponibilite\u0301 des produits camerounais sur le march ...","og_url":"https:\/\/www.africa-press.net\/cameroun\/economie\/les-parties-prenantes-se-mobilisent-pour-booster-le-made-in-cameroon","og_site_name":"Cameroun","article_published_time":"2024-03-08T23:41:46+00:00","article_modified_time":"2024-03-09T00:10:24+00:00","og_image":[{"width":780,"height":440,"url":"https:\/\/static.africa-press.net\/cameroun\/sites\/57\/2024\/03\/sm_1709930262.205857.jpg","type":"image\/jpeg"}],"author":"cfeditorfr","twitter_card":"summary_large_image","twitter_misc":{"\u00c9crit par":"cfeditorfr","Dur\u00e9e de lecture estim\u00e9e":"3 minutes"},"schema":{"@context":"https:\/\/schema.org","@graph":[{"@type":"Article","@id":"https:\/\/www.africa-press.net\/cameroun\/economie\/les-parties-prenantes-se-mobilisent-pour-booster-le-made-in-cameroon#article","isPartOf":{"@id":"https:\/\/www.africa-press.net\/cameroun\/economie\/les-parties-prenantes-se-mobilisent-pour-booster-le-made-in-cameroon"},"author":{"name":"cfeditorfr","@id":"https:\/\/www.africa-press.net\/cameroun\/#\/schema\/person\/2b1cf3cd81a31e3cd26889ca66d677f1"},"headline":"Les parties prenantes se mobilisent pour booster le \u2018\u2019Made in Cameroon\u2019\u2019","datePublished":"2024-03-08T23:41:46+00:00","dateModified":"2024-03-09T00:10:24+00:00","mainEntityOfPage":{"@id":"https:\/\/www.africa-press.net\/cameroun\/economie\/les-parties-prenantes-se-mobilisent-pour-booster-le-made-in-cameroon"},"wordCount":530,"commentCount":0,"image":{"@id":"https:\/\/www.africa-press.net\/cameroun\/economie\/les-parties-prenantes-se-mobilisent-pour-booster-le-made-in-cameroon#primaryimage"},"thumbnailUrl":"https:\/\/static.africa-press.net\/cameroun\/sites\/57\/2024\/03\/sm_1709930262.205857.jpg","keywords":["Africa Press","Africa Press-Cameroun","Cameroun"],"articleSection":["\u00c9conomie","Toutes les actualit\u00e9s"],"inLanguage":"fr-FR","potentialAction":[{"@type":"CommentAction","name":"Comment","target":["https:\/\/www.africa-press.net\/cameroun\/economie\/les-parties-prenantes-se-mobilisent-pour-booster-le-made-in-cameroon#respond"]}]},{"@type":"WebPage","@id":"https:\/\/www.africa-press.net\/cameroun\/economie\/les-parties-prenantes-se-mobilisent-pour-booster-le-made-in-cameroon","url":"https:\/\/www.africa-press.net\/cameroun\/economie\/les-parties-prenantes-se-mobilisent-pour-booster-le-made-in-cameroon","name":"Les parties prenantes se mobilisent pour booster le \u2018\u2019Made in Cameroon\u2019\u2019 - Cameroun","isPartOf":{"@id":"https:\/\/www.africa-press.net\/cameroun\/#website"},"primaryImageOfPage":{"@id":"https:\/\/www.africa-press.net\/cameroun\/economie\/les-parties-prenantes-se-mobilisent-pour-booster-le-made-in-cameroon#primaryimage"},"image":{"@id":"https:\/\/www.africa-press.net\/cameroun\/economie\/les-parties-prenantes-se-mobilisent-pour-booster-le-made-in-cameroon#primaryimage"},"thumbnailUrl":"https:\/\/static.africa-press.net\/cameroun\/sites\/57\/2024\/03\/sm_1709930262.205857.jpg","datePublished":"2024-03-08T23:41:46+00:00","dateModified":"2024-03-09T00:10:24+00:00","author":{"@id":"https:\/\/www.africa-press.net\/cameroun\/#\/schema\/person\/2b1cf3cd81a31e3cd26889ca66d677f1"},"description":"Apre\u0300s avoir identifie\u0301 les obstacles a\u0300 la visibilite\u0301 et a\u0300 la disponibilite\u0301 des produits camerounais sur le march ...","breadcrumb":{"@id":"https:\/\/www.africa-press.net\/cameroun\/economie\/les-parties-prenantes-se-mobilisent-pour-booster-le-made-in-cameroon#breadcrumb"},"inLanguage":"fr-FR","potentialAction":[{"@type":"ReadAction","target":["https:\/\/www.africa-press.net\/cameroun\/economie\/les-parties-prenantes-se-mobilisent-pour-booster-le-made-in-cameroon"]}]},{"@type":"ImageObject","inLanguage":"fr-FR","@id":"https:\/\/www.africa-press.net\/cameroun\/economie\/les-parties-prenantes-se-mobilisent-pour-booster-le-made-in-cameroon#primaryimage","url":"https:\/\/static.africa-press.net\/cameroun\/sites\/57\/2024\/03\/sm_1709930262.205857.jpg","contentUrl":"https:\/\/static.africa-press.net\/cameroun\/sites\/57\/2024\/03\/sm_1709930262.205857.jpg","width":780,"height":440,"caption":"Les parties prenantes se mobilisent pour booster le \u2018\u2019Made in Cameroon\u2019\u2019"},{"@type":"BreadcrumbList","@id":"https:\/\/www.africa-press.net\/cameroun\/economie\/les-parties-prenantes-se-mobilisent-pour-booster-le-made-in-cameroon#breadcrumb","itemListElement":[{"@type":"ListItem","position":1,"name":"Accueil","item":"https:\/\/www.africa-press.net\/cameroun\/"},{"@type":"ListItem","position":2,"name":"Les parties prenantes se mobilisent pour booster le \u2018\u2019Made in Cameroon\u2019\u2019"}]},{"@type":"WebSite","@id":"https:\/\/www.africa-press.net\/cameroun\/#website","url":"https:\/\/www.africa-press.net\/cameroun\/","name":"Cameroun","description":"Just another Africa News Agency Sites site","potentialAction":[{"@type":"SearchAction","target":{"@type":"EntryPoint","urlTemplate":"https:\/\/www.africa-press.net\/cameroun\/?s={search_term_string}"},"query-input":{"@type":"PropertyValueSpecification","valueRequired":true,"valueName":"search_term_string"}}],"inLanguage":"fr-FR"},{"@type":"Person","@id":"https:\/\/www.africa-press.net\/cameroun\/#\/schema\/person\/2b1cf3cd81a31e3cd26889ca66d677f1","name":"cfeditorfr"}]}},"_links":{"self":[{"href":"https:\/\/www.africa-press.net\/cameroun\/wp-json\/wp\/v2\/posts\/61929","targetHints":{"allow":["GET"]}}],"collection":[{"href":"https:\/\/www.africa-press.net\/cameroun\/wp-json\/wp\/v2\/posts"}],"about":[{"href":"https:\/\/www.africa-press.net\/cameroun\/wp-json\/wp\/v2\/types\/post"}],"author":[{"embeddable":true,"href":"https:\/\/www.africa-press.net\/cameroun\/wp-json\/wp\/v2\/users\/82"}],"replies":[{"embeddable":true,"href":"https:\/\/www.africa-press.net\/cameroun\/wp-json\/wp\/v2\/comments?post=61929"}],"version-history":[{"count":0,"href":"https:\/\/www.africa-press.net\/cameroun\/wp-json\/wp\/v2\/posts\/61929\/revisions"}],"wp:featuredmedia":[{"embeddable":true,"href":"https:\/\/www.africa-press.net\/cameroun\/wp-json\/wp\/v2\/media\/61927"}],"wp:attachment":[{"href":"https:\/\/www.africa-press.net\/cameroun\/wp-json\/wp\/v2\/media?parent=61929"}],"wp:term":[{"taxonomy":"category","embeddable":true,"href":"https:\/\/www.africa-press.net\/cameroun\/wp-json\/wp\/v2\/categories?post=61929"},{"taxonomy":"post_tag","embeddable":true,"href":"https:\/\/www.africa-press.net\/cameroun\/wp-json\/wp\/v2\/tags?post=61929"}],"curies":[{"name":"wp","href":"https:\/\/api.w.org\/{rel}","templated":true}]}}