{"id":61932,"date":"2024-03-08T23:41:51","date_gmt":"2024-03-08T23:41:51","guid":{"rendered":"https:\/\/www.africa-press.net\/cameroun\/politique\/senegal-le-conseil-constitutionnel-confirme-la-nouvelle-date-de-lelection-presidentielle"},"modified":"2024-03-09T00:10:55","modified_gmt":"2024-03-09T00:10:55","slug":"senegal-le-conseil-constitutionnel-confirme-la-nouvelle-date-de-lelection-presidentielle","status":"publish","type":"post","link":"https:\/\/www.africa-press.net\/cameroun\/politique\/senegal-le-conseil-constitutionnel-confirme-la-nouvelle-date-de-lelection-presidentielle","title":{"rendered":"S\u00e9n\u00e9gal : le Conseil constitutionnel confirme la nouvelle date de l\u2019\u00e9lection pr\u00e9sidentielle"},"content":{"rendered":"<p><span style=\"color: #ff6600\"><strong>Africa-Press &#8211; Cameroun. <\/strong><\/span><b>L\u2019institution dans un communique\u0301 en date du 07 mars 2024 ente\u0301rine la de\u0301cision du pre\u0301sident de Re\u0301publique Macky Sall prise par de\u0301cret le 06 mars dernier.<\/b><\/p>\n<p>La Re\u0301publique se\u0301ne\u0301galaise entame un tournant de\u0301cisif de son histoire politique. Car, \u00ab par application des de\u0301crets n\u00b02024-690 et n\u00b02024-691 du 6 mars 2024, le scrutin pour l\u2019e\u0301lection du pre\u0301sident de la re\u0301publique se tiendra le 24 mars 2024 \u00bb, conclut le Conseil constitutionnel. Le juge de la constitutionnalite\u0301 pre\u0301cise avoir e\u0301te\u0301 notifie\u0301 par le chef de l\u2019Etat, de la fixation de la date de l\u2019e\u0301lection et de la convocation du corps e\u0301lectoral.<\/p>\n<p>L\u2019autorite\u0301 de re\u0301gulation des institutions de\u0301clare conformes les de\u0301crets du pre\u0301sident de la re\u0301publique. Lui qui a le pouvoir constitutionnel de fixer la date de l\u2019e\u0301lection et de convoquer le corps e\u0301lectoral.<\/p>\n<p>Les Se\u0301ne\u0301galais sont ainsi appele\u0301s aux urnes pour choisir le successeur de Macky Sall le pre\u0301sident sortant qui ne peut plus e\u0302tre candidat au regard de la Constitution. L\u2019e\u0301lection e\u0301tait pre\u0301vue pour le 24 fe\u0301vrier 2024. A quelques jours du scrutin, le chef de l\u2019Etat a par de\u0301cret reporte\u0301 le rendez-vous au 15 de\u0301cembre 2024, provoquant ainsi des tensions dans le pays. Face a\u0300 ces tensions, une de\u0301cision du Conseil constitutionnel du 15 fe\u0301vrier dernier a annule\u0301 ce report, demandant au pre\u0301sident de la Re\u0301publique de fixer une nouvelle date du scrutin, lequel devrait se tenir avant la fin de son mandat pre\u0301vue le 02 avril prochain. Macky a alors entame\u0301 des consultations. Ces rencontres de haut niveau ont abouti le 06 mars a\u0300 une nouvelle date de l\u2019e\u0301lection pre\u0301sidentielle.<\/p>\n<p><strong>Pour plus d&rsquo;informations et d&rsquo;analyses sur la <a href=\"https:\/\/www.africa-press.net\/cameroun\">Cameroun<\/a>, suivez <a href=\"https:\/\/www.africa-press.net\/\">Africa-Press<\/a><\/strong><\/p>\n","protected":false},"excerpt":{"rendered":"<p>Africa-Press &#8211; Cameroun. L\u2019institution dans un communique\u0301 en date du 07 mars 2024 ente\u0301rine la de\u0301cision du pre\u0301sident de Re\u0301publique Macky Sall prise par de\u0301cret le 06 mars dernier. La Re\u0301publique se\u0301ne\u0301galaise entame un tournant de\u0301cisif de son histoire politique. Car, \u00ab par application des de\u0301crets n\u00b02024-690 et n\u00b02024-691 du 6 mars 2024, le scrutin [&hellip;]<\/p>\n","protected":false},"author":82,"featured_media":61930,"comment_status":"open","ping_status":"closed","sticky":false,"template":"","format":"standard","meta":{"footnotes":""},"categories":[2,10],"tags":[36,50,49],"class_list":["post-61932","post","type-post","status-publish","format-standard","has-post-thumbnail","hentry","category-politique","category-toutes-les-actualites","tag-africa-press","tag-africa-press-cameroun","tag-cameroun"],"yoast_head":"<!-- This site is optimized with the Yoast SEO Premium plugin v26.1 (Yoast SEO v27.0) - https:\/\/yoast.com\/product\/yoast-seo-premium-wordpress\/ -->\n<title>S\u00e9n\u00e9gal : le Conseil constitutionnel confirme la nouvelle date de l\u2019\u00e9lection pr\u00e9sidentielle - Cameroun<\/title>\n<meta name=\"description\" content=\"L\u2019institution dans un communique\u0301 en date du 07 mars 2024 ente\u0301rine la de\u0301cision du pre\u0301sident de Re\u0301publique Macky S ...\" \/>\n<meta name=\"robots\" content=\"index, follow, max-snippet:-1, max-image-preview:large, max-video-preview:-1\" \/>\n<link rel=\"canonical\" href=\"https:\/\/www.africa-press.net\/cameroun\/politique\/senegal-le-conseil-constitutionnel-confirme-la-nouvelle-date-de-lelection-presidentielle\" \/>\n<meta property=\"og:locale\" content=\"fr_FR\" \/>\n<meta property=\"og:type\" content=\"article\" \/>\n<meta property=\"og:title\" content=\"S\u00e9n\u00e9gal : le Conseil constitutionnel confirme la nouvelle date de l\u2019\u00e9lection pr\u00e9sidentielle\" \/>\n<meta property=\"og:description\" content=\"L\u2019institution dans un communique\u0301 en date du 07 mars 2024 ente\u0301rine la de\u0301cision du pre\u0301sident de Re\u0301publique Macky S ...\" \/>\n<meta property=\"og:url\" content=\"https:\/\/www.africa-press.net\/cameroun\/politique\/senegal-le-conseil-constitutionnel-confirme-la-nouvelle-date-de-lelection-presidentielle\" \/>\n<meta property=\"og:site_name\" content=\"Cameroun\" \/>\n<meta property=\"article:published_time\" content=\"2024-03-08T23:41:51+00:00\" \/>\n<meta property=\"article:modified_time\" content=\"2024-03-09T00:10:55+00:00\" \/>\n<meta property=\"og:image\" content=\"https:\/\/static.africa-press.net\/cameroun\/sites\/57\/2024\/03\/sm_1709930294.256715.jpg\" \/>\n\t<meta property=\"og:image:width\" content=\"780\" \/>\n\t<meta property=\"og:image:height\" content=\"440\" \/>\n\t<meta property=\"og:image:type\" content=\"image\/jpeg\" \/>\n<meta name=\"author\" content=\"cfeditorfr\" \/>\n<meta name=\"twitter:card\" content=\"summary_large_image\" \/>\n<meta name=\"twitter:label1\" content=\"\u00c9crit par\" \/>\n\t<meta name=\"twitter:data1\" content=\"cfeditorfr\" \/>\n\t<meta name=\"twitter:label2\" content=\"Dur\u00e9e de lecture estim\u00e9e\" \/>\n\t<meta name=\"twitter:data2\" content=\"2 minutes\" \/>\n<script type=\"application\/ld+json\" class=\"yoast-schema-graph\">{\"@context\":\"https:\/\/schema.org\",\"@graph\":[{\"@type\":\"Article\",\"@id\":\"https:\/\/www.africa-press.net\/cameroun\/politique\/senegal-le-conseil-constitutionnel-confirme-la-nouvelle-date-de-lelection-presidentielle#article\",\"isPartOf\":{\"@id\":\"https:\/\/www.africa-press.net\/cameroun\/politique\/senegal-le-conseil-constitutionnel-confirme-la-nouvelle-date-de-lelection-presidentielle\"},\"author\":{\"name\":\"cfeditorfr\",\"@id\":\"https:\/\/www.africa-press.net\/cameroun\/#\/schema\/person\/2b1cf3cd81a31e3cd26889ca66d677f1\"},\"headline\":\"S\u00e9n\u00e9gal : le Conseil constitutionnel confirme la nouvelle date de l\u2019\u00e9lection pr\u00e9sidentielle\",\"datePublished\":\"2024-03-08T23:41:51+00:00\",\"dateModified\":\"2024-03-09T00:10:55+00:00\",\"mainEntityOfPage\":{\"@id\":\"https:\/\/www.africa-press.net\/cameroun\/politique\/senegal-le-conseil-constitutionnel-confirme-la-nouvelle-date-de-lelection-presidentielle\"},\"wordCount\":328,\"commentCount\":0,\"image\":{\"@id\":\"https:\/\/www.africa-press.net\/cameroun\/politique\/senegal-le-conseil-constitutionnel-confirme-la-nouvelle-date-de-lelection-presidentielle#primaryimage\"},\"thumbnailUrl\":\"https:\/\/static.africa-press.net\/cameroun\/sites\/57\/2024\/03\/sm_1709930294.256715.jpg\",\"keywords\":[\"Africa Press\",\"Africa Press-Cameroun\",\"Cameroun\"],\"articleSection\":[\"Politique\",\"Toutes les actualit\u00e9s\"],\"inLanguage\":\"fr-FR\",\"potentialAction\":[{\"@type\":\"CommentAction\",\"name\":\"Comment\",\"target\":[\"https:\/\/www.africa-press.net\/cameroun\/politique\/senegal-le-conseil-constitutionnel-confirme-la-nouvelle-date-de-lelection-presidentielle#respond\"]}]},{\"@type\":\"WebPage\",\"@id\":\"https:\/\/www.africa-press.net\/cameroun\/politique\/senegal-le-conseil-constitutionnel-confirme-la-nouvelle-date-de-lelection-presidentielle\",\"url\":\"https:\/\/www.africa-press.net\/cameroun\/politique\/senegal-le-conseil-constitutionnel-confirme-la-nouvelle-date-de-lelection-presidentielle\",\"name\":\"S\u00e9n\u00e9gal : le Conseil constitutionnel confirme la nouvelle date de l\u2019\u00e9lection pr\u00e9sidentielle - Cameroun\",\"isPartOf\":{\"@id\":\"https:\/\/www.africa-press.net\/cameroun\/#website\"},\"primaryImageOfPage\":{\"@id\":\"https:\/\/www.africa-press.net\/cameroun\/politique\/senegal-le-conseil-constitutionnel-confirme-la-nouvelle-date-de-lelection-presidentielle#primaryimage\"},\"image\":{\"@id\":\"https:\/\/www.africa-press.net\/cameroun\/politique\/senegal-le-conseil-constitutionnel-confirme-la-nouvelle-date-de-lelection-presidentielle#primaryimage\"},\"thumbnailUrl\":\"https:\/\/static.africa-press.net\/cameroun\/sites\/57\/2024\/03\/sm_1709930294.256715.jpg\",\"datePublished\":\"2024-03-08T23:41:51+00:00\",\"dateModified\":\"2024-03-09T00:10:55+00:00\",\"author\":{\"@id\":\"https:\/\/www.africa-press.net\/cameroun\/#\/schema\/person\/2b1cf3cd81a31e3cd26889ca66d677f1\"},\"description\":\"L\u2019institution dans un communique\u0301 en date du 07 mars 2024 ente\u0301rine la de\u0301cision du pre\u0301sident de Re\u0301publique Macky S ...\",\"breadcrumb\":{\"@id\":\"https:\/\/www.africa-press.net\/cameroun\/politique\/senegal-le-conseil-constitutionnel-confirme-la-nouvelle-date-de-lelection-presidentielle#breadcrumb\"},\"inLanguage\":\"fr-FR\",\"potentialAction\":[{\"@type\":\"ReadAction\",\"target\":[\"https:\/\/www.africa-press.net\/cameroun\/politique\/senegal-le-conseil-constitutionnel-confirme-la-nouvelle-date-de-lelection-presidentielle\"]}]},{\"@type\":\"ImageObject\",\"inLanguage\":\"fr-FR\",\"@id\":\"https:\/\/www.africa-press.net\/cameroun\/politique\/senegal-le-conseil-constitutionnel-confirme-la-nouvelle-date-de-lelection-presidentielle#primaryimage\",\"url\":\"https:\/\/static.africa-press.net\/cameroun\/sites\/57\/2024\/03\/sm_1709930294.256715.jpg\",\"contentUrl\":\"https:\/\/static.africa-press.net\/cameroun\/sites\/57\/2024\/03\/sm_1709930294.256715.jpg\",\"width\":780,\"height\":440,\"caption\":\"S\u00e9n\u00e9gal : le Conseil constitutionnel confirme la nouvelle date de l\u2019\u00e9lection pr\u00e9sidentielle\"},{\"@type\":\"BreadcrumbList\",\"@id\":\"https:\/\/www.africa-press.net\/cameroun\/politique\/senegal-le-conseil-constitutionnel-confirme-la-nouvelle-date-de-lelection-presidentielle#breadcrumb\",\"itemListElement\":[{\"@type\":\"ListItem\",\"position\":1,\"name\":\"Accueil\",\"item\":\"https:\/\/www.africa-press.net\/cameroun\/\"},{\"@type\":\"ListItem\",\"position\":2,\"name\":\"S\u00e9n\u00e9gal : le Conseil constitutionnel confirme la nouvelle date de l\u2019\u00e9lection pr\u00e9sidentielle\"}]},{\"@type\":\"WebSite\",\"@id\":\"https:\/\/www.africa-press.net\/cameroun\/#website\",\"url\":\"https:\/\/www.africa-press.net\/cameroun\/\",\"name\":\"Cameroun\",\"description\":\"Just another Africa News Agency Sites site\",\"potentialAction\":[{\"@type\":\"SearchAction\",\"target\":{\"@type\":\"EntryPoint\",\"urlTemplate\":\"https:\/\/www.africa-press.net\/cameroun\/?s={search_term_string}\"},\"query-input\":{\"@type\":\"PropertyValueSpecification\",\"valueRequired\":true,\"valueName\":\"search_term_string\"}}],\"inLanguage\":\"fr-FR\"},{\"@type\":\"Person\",\"@id\":\"https:\/\/www.africa-press.net\/cameroun\/#\/schema\/person\/2b1cf3cd81a31e3cd26889ca66d677f1\",\"name\":\"cfeditorfr\"}]}<\/script>\n<!-- \/ Yoast SEO Premium plugin. -->","yoast_head_json":{"title":"S\u00e9n\u00e9gal : le Conseil constitutionnel confirme la nouvelle date de l\u2019\u00e9lection pr\u00e9sidentielle - Cameroun","description":"L\u2019institution dans un communique\u0301 en date du 07 mars 2024 ente\u0301rine la de\u0301cision du pre\u0301sident de Re\u0301publique Macky S ...","robots":{"index":"index","follow":"follow","max-snippet":"max-snippet:-1","max-image-preview":"max-image-preview:large","max-video-preview":"max-video-preview:-1"},"canonical":"https:\/\/www.africa-press.net\/cameroun\/politique\/senegal-le-conseil-constitutionnel-confirme-la-nouvelle-date-de-lelection-presidentielle","og_locale":"fr_FR","og_type":"article","og_title":"S\u00e9n\u00e9gal : le Conseil constitutionnel confirme la nouvelle date de l\u2019\u00e9lection pr\u00e9sidentielle","og_description":"L\u2019institution dans un communique\u0301 en date du 07 mars 2024 ente\u0301rine la de\u0301cision du pre\u0301sident de Re\u0301publique Macky S ...","og_url":"https:\/\/www.africa-press.net\/cameroun\/politique\/senegal-le-conseil-constitutionnel-confirme-la-nouvelle-date-de-lelection-presidentielle","og_site_name":"Cameroun","article_published_time":"2024-03-08T23:41:51+00:00","article_modified_time":"2024-03-09T00:10:55+00:00","og_image":[{"width":780,"height":440,"url":"https:\/\/static.africa-press.net\/cameroun\/sites\/57\/2024\/03\/sm_1709930294.256715.jpg","type":"image\/jpeg"}],"author":"cfeditorfr","twitter_card":"summary_large_image","twitter_misc":{"\u00c9crit par":"cfeditorfr","Dur\u00e9e de lecture estim\u00e9e":"2 minutes"},"schema":{"@context":"https:\/\/schema.org","@graph":[{"@type":"Article","@id":"https:\/\/www.africa-press.net\/cameroun\/politique\/senegal-le-conseil-constitutionnel-confirme-la-nouvelle-date-de-lelection-presidentielle#article","isPartOf":{"@id":"https:\/\/www.africa-press.net\/cameroun\/politique\/senegal-le-conseil-constitutionnel-confirme-la-nouvelle-date-de-lelection-presidentielle"},"author":{"name":"cfeditorfr","@id":"https:\/\/www.africa-press.net\/cameroun\/#\/schema\/person\/2b1cf3cd81a31e3cd26889ca66d677f1"},"headline":"S\u00e9n\u00e9gal : le Conseil constitutionnel confirme la nouvelle date de l\u2019\u00e9lection pr\u00e9sidentielle","datePublished":"2024-03-08T23:41:51+00:00","dateModified":"2024-03-09T00:10:55+00:00","mainEntityOfPage":{"@id":"https:\/\/www.africa-press.net\/cameroun\/politique\/senegal-le-conseil-constitutionnel-confirme-la-nouvelle-date-de-lelection-presidentielle"},"wordCount":328,"commentCount":0,"image":{"@id":"https:\/\/www.africa-press.net\/cameroun\/politique\/senegal-le-conseil-constitutionnel-confirme-la-nouvelle-date-de-lelection-presidentielle#primaryimage"},"thumbnailUrl":"https:\/\/static.africa-press.net\/cameroun\/sites\/57\/2024\/03\/sm_1709930294.256715.jpg","keywords":["Africa Press","Africa Press-Cameroun","Cameroun"],"articleSection":["Politique","Toutes les actualit\u00e9s"],"inLanguage":"fr-FR","potentialAction":[{"@type":"CommentAction","name":"Comment","target":["https:\/\/www.africa-press.net\/cameroun\/politique\/senegal-le-conseil-constitutionnel-confirme-la-nouvelle-date-de-lelection-presidentielle#respond"]}]},{"@type":"WebPage","@id":"https:\/\/www.africa-press.net\/cameroun\/politique\/senegal-le-conseil-constitutionnel-confirme-la-nouvelle-date-de-lelection-presidentielle","url":"https:\/\/www.africa-press.net\/cameroun\/politique\/senegal-le-conseil-constitutionnel-confirme-la-nouvelle-date-de-lelection-presidentielle","name":"S\u00e9n\u00e9gal : le Conseil constitutionnel confirme la nouvelle date de l\u2019\u00e9lection pr\u00e9sidentielle - Cameroun","isPartOf":{"@id":"https:\/\/www.africa-press.net\/cameroun\/#website"},"primaryImageOfPage":{"@id":"https:\/\/www.africa-press.net\/cameroun\/politique\/senegal-le-conseil-constitutionnel-confirme-la-nouvelle-date-de-lelection-presidentielle#primaryimage"},"image":{"@id":"https:\/\/www.africa-press.net\/cameroun\/politique\/senegal-le-conseil-constitutionnel-confirme-la-nouvelle-date-de-lelection-presidentielle#primaryimage"},"thumbnailUrl":"https:\/\/static.africa-press.net\/cameroun\/sites\/57\/2024\/03\/sm_1709930294.256715.jpg","datePublished":"2024-03-08T23:41:51+00:00","dateModified":"2024-03-09T00:10:55+00:00","author":{"@id":"https:\/\/www.africa-press.net\/cameroun\/#\/schema\/person\/2b1cf3cd81a31e3cd26889ca66d677f1"},"description":"L\u2019institution dans un communique\u0301 en date du 07 mars 2024 ente\u0301rine la de\u0301cision du pre\u0301sident de Re\u0301publique Macky S ...","breadcrumb":{"@id":"https:\/\/www.africa-press.net\/cameroun\/politique\/senegal-le-conseil-constitutionnel-confirme-la-nouvelle-date-de-lelection-presidentielle#breadcrumb"},"inLanguage":"fr-FR","potentialAction":[{"@type":"ReadAction","target":["https:\/\/www.africa-press.net\/cameroun\/politique\/senegal-le-conseil-constitutionnel-confirme-la-nouvelle-date-de-lelection-presidentielle"]}]},{"@type":"ImageObject","inLanguage":"fr-FR","@id":"https:\/\/www.africa-press.net\/cameroun\/politique\/senegal-le-conseil-constitutionnel-confirme-la-nouvelle-date-de-lelection-presidentielle#primaryimage","url":"https:\/\/static.africa-press.net\/cameroun\/sites\/57\/2024\/03\/sm_1709930294.256715.jpg","contentUrl":"https:\/\/static.africa-press.net\/cameroun\/sites\/57\/2024\/03\/sm_1709930294.256715.jpg","width":780,"height":440,"caption":"S\u00e9n\u00e9gal : le Conseil constitutionnel confirme la nouvelle date de l\u2019\u00e9lection pr\u00e9sidentielle"},{"@type":"BreadcrumbList","@id":"https:\/\/www.africa-press.net\/cameroun\/politique\/senegal-le-conseil-constitutionnel-confirme-la-nouvelle-date-de-lelection-presidentielle#breadcrumb","itemListElement":[{"@type":"ListItem","position":1,"name":"Accueil","item":"https:\/\/www.africa-press.net\/cameroun\/"},{"@type":"ListItem","position":2,"name":"S\u00e9n\u00e9gal : le Conseil constitutionnel confirme la nouvelle date de l\u2019\u00e9lection pr\u00e9sidentielle"}]},{"@type":"WebSite","@id":"https:\/\/www.africa-press.net\/cameroun\/#website","url":"https:\/\/www.africa-press.net\/cameroun\/","name":"Cameroun","description":"Just another Africa News Agency Sites site","potentialAction":[{"@type":"SearchAction","target":{"@type":"EntryPoint","urlTemplate":"https:\/\/www.africa-press.net\/cameroun\/?s={search_term_string}"},"query-input":{"@type":"PropertyValueSpecification","valueRequired":true,"valueName":"search_term_string"}}],"inLanguage":"fr-FR"},{"@type":"Person","@id":"https:\/\/www.africa-press.net\/cameroun\/#\/schema\/person\/2b1cf3cd81a31e3cd26889ca66d677f1","name":"cfeditorfr"}]}},"_links":{"self":[{"href":"https:\/\/www.africa-press.net\/cameroun\/wp-json\/wp\/v2\/posts\/61932","targetHints":{"allow":["GET"]}}],"collection":[{"href":"https:\/\/www.africa-press.net\/cameroun\/wp-json\/wp\/v2\/posts"}],"about":[{"href":"https:\/\/www.africa-press.net\/cameroun\/wp-json\/wp\/v2\/types\/post"}],"author":[{"embeddable":true,"href":"https:\/\/www.africa-press.net\/cameroun\/wp-json\/wp\/v2\/users\/82"}],"replies":[{"embeddable":true,"href":"https:\/\/www.africa-press.net\/cameroun\/wp-json\/wp\/v2\/comments?post=61932"}],"version-history":[{"count":0,"href":"https:\/\/www.africa-press.net\/cameroun\/wp-json\/wp\/v2\/posts\/61932\/revisions"}],"wp:featuredmedia":[{"embeddable":true,"href":"https:\/\/www.africa-press.net\/cameroun\/wp-json\/wp\/v2\/media\/61930"}],"wp:attachment":[{"href":"https:\/\/www.africa-press.net\/cameroun\/wp-json\/wp\/v2\/media?parent=61932"}],"wp:term":[{"taxonomy":"category","embeddable":true,"href":"https:\/\/www.africa-press.net\/cameroun\/wp-json\/wp\/v2\/categories?post=61932"},{"taxonomy":"post_tag","embeddable":true,"href":"https:\/\/www.africa-press.net\/cameroun\/wp-json\/wp\/v2\/tags?post=61932"}],"curies":[{"name":"wp","href":"https:\/\/api.w.org\/{rel}","templated":true}]}}