{"id":61934,"date":"2024-03-08T23:42:04","date_gmt":"2024-03-08T23:42:04","guid":{"rendered":"https:\/\/www.africa-press.net\/cameroun\/politique\/beac-eca-ernst-young-cameroun-perd-son-contrat-de-commissaire-aux-comptes-en-raison-dun-conflit-interne"},"modified":"2024-03-09T00:11:20","modified_gmt":"2024-03-09T00:11:20","slug":"beac-eca-ernst-young-cameroun-perd-son-contrat-de-commissaire-aux-comptes-en-raison-dun-conflit-interne","status":"publish","type":"post","link":"https:\/\/www.africa-press.net\/cameroun\/economie\/beac-eca-ernst-young-cameroun-perd-son-contrat-de-commissaire-aux-comptes-en-raison-dun-conflit-interne","title":{"rendered":"Beac : ECA-Ernst &amp; Young Cameroun perd son contrat de commissaire aux comptes, en raison d\u2019un conflit interne"},"content":{"rendered":"<p><span style=\"color: #ff6600\"><strong>Africa-Press &#8211; Cameroun. <\/strong><\/span>Investir au Cameroun) &#8211; Le conseil d\u2019administration de la Banque des E\u0301tats de l\u2019Afrique centrale (Beac), re\u0301uni en session extraordinaire le 29 fe\u0301vrier 2024 a\u0300 Yaounde\u0301, \u00ab a autorise\u0301 le Cabinet Ernst &amp; Young Congo a\u0300 proce\u0301der a\u0300 la certification des comptes de la Beac pour les exercices 2023 et 2024 \u00bb, informe la banque centrale des six pays de la Cemac (Cameroun, Congo, Gabon, Guine\u0301e e\u0301quatoriale, RCA et Tchad) dans un communique\u0301 publie\u0301 le 4 mars 2024 sur le site internet.<\/p>\n<p>En clair, le Conseil d\u2019administration de l\u2019institut d\u2019e\u0301mission des pays de la Cemac confie a\u0300 la repre\u0301sentation congolaise du ge\u0301ant mondial de l\u2019audit et du conseil Ernst &amp; Young Global (EY Global), un mandat normalement de\u0301volu a\u0300 la camerounaise. En effet, apprend-on de sources ge\u0301ne\u0301ralement bien informe\u0301es, ECA-Ernst &amp; Young Cameroun a e\u0301te\u0301 de\u0301signe\u0301 commissaire aux comptes de la Beac en 2019 pour une dure\u0301e de 3 ans. Ce contrat a e\u0301te\u0301 renouvele\u0301 en 2022 pour trois exercices supple\u0301mentaires. Mais, avant sa fin en cette anne\u0301e 2024, le mandat de ECA-Ernst &amp; Young Cameroun vient manifestement de lui e\u0302tre retire\u0301 au profit de Ernst &amp; Young Congo.<\/p>\n<p>Dans son communique\u0301, la Beac n\u2019explique pas sa de\u0301cision. On sait ne\u0301anmoins que depuis septembre 2023, la repre\u0301sentation camerounaise d\u2019Ernst &amp; Young est mine\u0301e par un conflit. L\u2019avocat camerounais Joseph Pagop Noupoue\u0301, qui assurait jusqu\u2019ici les fonctions de repre\u0301sentant de Ernst &amp; Young dans le pays s\u2019est brouille\u0301 avec la maison-me\u0300re de EY Global.<\/p>\n<p>Suite a\u0300 cette brouille, une nouvelle direction a e\u0301te\u0301 mise en place. Elle est chapeaute\u0301e a\u0300 titre inte\u0301rimaire par Erik Watremez, l\u2019actuel repre\u0301sentant pays pour le Gabon. Et Abdoulaye Nchingou Mouchili et Anselme Patipewe coiffent respectivement les branches audit et fiscalite\u0301. Mais ces de\u0301cisions sont conteste\u0301es par M. Pagop qui a rebaptise\u0301 les socie\u0301te\u0301s Ernst &amp; Young Cameroon Sarl et ECA Ernst &amp; Young Cameroun S.A., respectivement en ECA Tax &amp; Legal et ECA S.A. Depuis lors, les deux camps se disputent les actifs de ECA Ernst &amp; Young Cameroun dont les clients.<\/p>\n<p>Actuellement, cette bataille se poursuit devant les tribunaux ou\u0300 plusieurs proce\u0301dures sont pendantes. Une situation qui met dans l\u2019embarras les clients de ECA Ernst &amp; Young Cameroun qui compte dans son portefeuille des entreprises comme BGFIBank Cameroun, Socie\u0301te\u0301 Ge\u0301ne\u0301rale Cameroun, MTN Cameroun, Chococam, UBA Cameroun, ou encore les filiales camerounaises de Globeleq (KPDC et DPDC). Le conflit menace aussi 120 emplois.<\/p>\n<p><b>Brice R. Mbodiam<\/b><\/p>\n<p><strong>Pour plus d&rsquo;informations et d&rsquo;analyses sur la <a href=\"https:\/\/www.africa-press.net\/cameroun\">Cameroun<\/a>, suivez <a href=\"https:\/\/www.africa-press.net\/\">Africa-Press<\/a><\/strong><\/p>\n","protected":false},"excerpt":{"rendered":"<p>Africa-Press &#8211; Cameroun. Investir au Cameroun) &#8211; Le conseil d\u2019administration de la Banque des E\u0301tats de l\u2019Afrique centrale (Beac), re\u0301uni en session extraordinaire le 29 fe\u0301vrier 2024 a\u0300 Yaounde\u0301, \u00ab a autorise\u0301 le Cabinet Ernst &amp; Young Congo a\u0300 proce\u0301der a\u0300 la certification des comptes de la Beac pour les exercices 2023 et 2024 \u00bb, [&hellip;]<\/p>\n","protected":false},"author":82,"featured_media":61933,"comment_status":"open","ping_status":"closed","sticky":false,"template":"","format":"standard","meta":{"footnotes":""},"categories":[3,10],"tags":[36,50,49],"class_list":["post-61934","post","type-post","status-publish","format-standard","has-post-thumbnail","hentry","category-economie","category-toutes-les-actualites","tag-africa-press","tag-africa-press-cameroun","tag-cameroun"],"yoast_head":"<!-- This site is optimized with the Yoast SEO Premium plugin v26.1 (Yoast SEO v27.0) - https:\/\/yoast.com\/product\/yoast-seo-premium-wordpress\/ -->\n<title>Beac : ECA-Ernst &amp; Young Cameroun perd son contrat de commissaire aux comptes, en raison d\u2019un conflit interne - Cameroun<\/title>\n<meta name=\"description\" content=\"Investir au Cameroun) - Le conseil d\u2019administration de la Banque des E\u0301tats de l\u2019Afrique centrale (Beac), re\u0301uni en sess ...\" \/>\n<meta name=\"robots\" content=\"index, follow, max-snippet:-1, max-image-preview:large, max-video-preview:-1\" \/>\n<link rel=\"canonical\" href=\"https:\/\/www.africa-press.net\/cameroun\/economie\/beac-eca-ernst-young-cameroun-perd-son-contrat-de-commissaire-aux-comptes-en-raison-dun-conflit-interne\" \/>\n<meta property=\"og:locale\" content=\"fr_FR\" \/>\n<meta property=\"og:type\" content=\"article\" \/>\n<meta property=\"og:title\" content=\"Beac : ECA-Ernst &amp; Young Cameroun perd son contrat de commissaire aux comptes, en raison d\u2019un conflit interne\" \/>\n<meta property=\"og:description\" content=\"Investir au Cameroun) - Le conseil d\u2019administration de la Banque des E\u0301tats de l\u2019Afrique centrale (Beac), re\u0301uni en sess ...\" \/>\n<meta property=\"og:url\" content=\"https:\/\/www.africa-press.net\/cameroun\/economie\/beac-eca-ernst-young-cameroun-perd-son-contrat-de-commissaire-aux-comptes-en-raison-dun-conflit-interne\" \/>\n<meta property=\"og:site_name\" content=\"Cameroun\" \/>\n<meta property=\"article:published_time\" content=\"2024-03-08T23:42:04+00:00\" \/>\n<meta property=\"article:modified_time\" content=\"2024-03-09T00:11:20+00:00\" \/>\n<meta property=\"og:image\" content=\"https:\/\/static.africa-press.net\/cameroun\/sites\/57\/2024\/03\/sm_1709930315.288571.jpg\" \/>\n\t<meta property=\"og:image:width\" content=\"720\" \/>\n\t<meta property=\"og:image:height\" content=\"479\" \/>\n\t<meta property=\"og:image:type\" content=\"image\/jpeg\" \/>\n<meta name=\"author\" content=\"cfeditorfr\" \/>\n<meta name=\"twitter:card\" content=\"summary_large_image\" \/>\n<meta name=\"twitter:label1\" content=\"\u00c9crit par\" \/>\n\t<meta name=\"twitter:data1\" content=\"cfeditorfr\" \/>\n\t<meta name=\"twitter:label2\" content=\"Dur\u00e9e de lecture estim\u00e9e\" \/>\n\t<meta name=\"twitter:data2\" content=\"2 minutes\" \/>\n<script type=\"application\/ld+json\" class=\"yoast-schema-graph\">{\"@context\":\"https:\/\/schema.org\",\"@graph\":[{\"@type\":\"Article\",\"@id\":\"https:\/\/www.africa-press.net\/cameroun\/economie\/beac-eca-ernst-young-cameroun-perd-son-contrat-de-commissaire-aux-comptes-en-raison-dun-conflit-interne#article\",\"isPartOf\":{\"@id\":\"https:\/\/www.africa-press.net\/cameroun\/economie\/beac-eca-ernst-young-cameroun-perd-son-contrat-de-commissaire-aux-comptes-en-raison-dun-conflit-interne\"},\"author\":{\"name\":\"cfeditorfr\",\"@id\":\"https:\/\/www.africa-press.net\/cameroun\/#\/schema\/person\/2b1cf3cd81a31e3cd26889ca66d677f1\"},\"headline\":\"Beac : ECA-Ernst &amp; Young Cameroun perd son contrat de commissaire aux comptes, en raison d\u2019un conflit interne\",\"datePublished\":\"2024-03-08T23:42:04+00:00\",\"dateModified\":\"2024-03-09T00:11:20+00:00\",\"mainEntityOfPage\":{\"@id\":\"https:\/\/www.africa-press.net\/cameroun\/economie\/beac-eca-ernst-young-cameroun-perd-son-contrat-de-commissaire-aux-comptes-en-raison-dun-conflit-interne\"},\"wordCount\":472,\"commentCount\":0,\"image\":{\"@id\":\"https:\/\/www.africa-press.net\/cameroun\/economie\/beac-eca-ernst-young-cameroun-perd-son-contrat-de-commissaire-aux-comptes-en-raison-dun-conflit-interne#primaryimage\"},\"thumbnailUrl\":\"https:\/\/static.africa-press.net\/cameroun\/sites\/57\/2024\/03\/sm_1709930315.288571.jpg\",\"keywords\":[\"Africa Press\",\"Africa Press-Cameroun\",\"Cameroun\"],\"articleSection\":[\"\u00c9conomie\",\"Toutes les actualit\u00e9s\"],\"inLanguage\":\"fr-FR\",\"potentialAction\":[{\"@type\":\"CommentAction\",\"name\":\"Comment\",\"target\":[\"https:\/\/www.africa-press.net\/cameroun\/economie\/beac-eca-ernst-young-cameroun-perd-son-contrat-de-commissaire-aux-comptes-en-raison-dun-conflit-interne#respond\"]}]},{\"@type\":\"WebPage\",\"@id\":\"https:\/\/www.africa-press.net\/cameroun\/economie\/beac-eca-ernst-young-cameroun-perd-son-contrat-de-commissaire-aux-comptes-en-raison-dun-conflit-interne\",\"url\":\"https:\/\/www.africa-press.net\/cameroun\/economie\/beac-eca-ernst-young-cameroun-perd-son-contrat-de-commissaire-aux-comptes-en-raison-dun-conflit-interne\",\"name\":\"Beac : ECA-Ernst &amp; Young Cameroun perd son contrat de commissaire aux comptes, en raison d\u2019un conflit interne - Cameroun\",\"isPartOf\":{\"@id\":\"https:\/\/www.africa-press.net\/cameroun\/#website\"},\"primaryImageOfPage\":{\"@id\":\"https:\/\/www.africa-press.net\/cameroun\/economie\/beac-eca-ernst-young-cameroun-perd-son-contrat-de-commissaire-aux-comptes-en-raison-dun-conflit-interne#primaryimage\"},\"image\":{\"@id\":\"https:\/\/www.africa-press.net\/cameroun\/economie\/beac-eca-ernst-young-cameroun-perd-son-contrat-de-commissaire-aux-comptes-en-raison-dun-conflit-interne#primaryimage\"},\"thumbnailUrl\":\"https:\/\/static.africa-press.net\/cameroun\/sites\/57\/2024\/03\/sm_1709930315.288571.jpg\",\"datePublished\":\"2024-03-08T23:42:04+00:00\",\"dateModified\":\"2024-03-09T00:11:20+00:00\",\"author\":{\"@id\":\"https:\/\/www.africa-press.net\/cameroun\/#\/schema\/person\/2b1cf3cd81a31e3cd26889ca66d677f1\"},\"description\":\"Investir au Cameroun) - Le conseil d\u2019administration de la Banque des E\u0301tats de l\u2019Afrique centrale (Beac), re\u0301uni en sess ...\",\"breadcrumb\":{\"@id\":\"https:\/\/www.africa-press.net\/cameroun\/economie\/beac-eca-ernst-young-cameroun-perd-son-contrat-de-commissaire-aux-comptes-en-raison-dun-conflit-interne#breadcrumb\"},\"inLanguage\":\"fr-FR\",\"potentialAction\":[{\"@type\":\"ReadAction\",\"target\":[\"https:\/\/www.africa-press.net\/cameroun\/economie\/beac-eca-ernst-young-cameroun-perd-son-contrat-de-commissaire-aux-comptes-en-raison-dun-conflit-interne\"]}]},{\"@type\":\"ImageObject\",\"inLanguage\":\"fr-FR\",\"@id\":\"https:\/\/www.africa-press.net\/cameroun\/economie\/beac-eca-ernst-young-cameroun-perd-son-contrat-de-commissaire-aux-comptes-en-raison-dun-conflit-interne#primaryimage\",\"url\":\"https:\/\/static.africa-press.net\/cameroun\/sites\/57\/2024\/03\/sm_1709930315.288571.jpg\",\"contentUrl\":\"https:\/\/static.africa-press.net\/cameroun\/sites\/57\/2024\/03\/sm_1709930315.288571.jpg\",\"width\":720,\"height\":479,\"caption\":\"Beac : ECA-Ernst &amp; Young Cameroun perd son contrat de commissaire aux comptes, en raison d\u2019un conflit interne\"},{\"@type\":\"BreadcrumbList\",\"@id\":\"https:\/\/www.africa-press.net\/cameroun\/economie\/beac-eca-ernst-young-cameroun-perd-son-contrat-de-commissaire-aux-comptes-en-raison-dun-conflit-interne#breadcrumb\",\"itemListElement\":[{\"@type\":\"ListItem\",\"position\":1,\"name\":\"Accueil\",\"item\":\"https:\/\/www.africa-press.net\/cameroun\/\"},{\"@type\":\"ListItem\",\"position\":2,\"name\":\"Beac : ECA-Ernst &amp; Young Cameroun perd son contrat de commissaire aux comptes, en raison d\u2019un conflit interne\"}]},{\"@type\":\"WebSite\",\"@id\":\"https:\/\/www.africa-press.net\/cameroun\/#website\",\"url\":\"https:\/\/www.africa-press.net\/cameroun\/\",\"name\":\"Cameroun\",\"description\":\"Just another Africa News Agency Sites site\",\"potentialAction\":[{\"@type\":\"SearchAction\",\"target\":{\"@type\":\"EntryPoint\",\"urlTemplate\":\"https:\/\/www.africa-press.net\/cameroun\/?s={search_term_string}\"},\"query-input\":{\"@type\":\"PropertyValueSpecification\",\"valueRequired\":true,\"valueName\":\"search_term_string\"}}],\"inLanguage\":\"fr-FR\"},{\"@type\":\"Person\",\"@id\":\"https:\/\/www.africa-press.net\/cameroun\/#\/schema\/person\/2b1cf3cd81a31e3cd26889ca66d677f1\",\"name\":\"cfeditorfr\"}]}<\/script>\n<!-- \/ Yoast SEO Premium plugin. -->","yoast_head_json":{"title":"Beac : ECA-Ernst &amp; Young Cameroun perd son contrat de commissaire aux comptes, en raison d\u2019un conflit interne - Cameroun","description":"Investir au Cameroun) - Le conseil d\u2019administration de la Banque des E\u0301tats de l\u2019Afrique centrale (Beac), re\u0301uni en sess ...","robots":{"index":"index","follow":"follow","max-snippet":"max-snippet:-1","max-image-preview":"max-image-preview:large","max-video-preview":"max-video-preview:-1"},"canonical":"https:\/\/www.africa-press.net\/cameroun\/economie\/beac-eca-ernst-young-cameroun-perd-son-contrat-de-commissaire-aux-comptes-en-raison-dun-conflit-interne","og_locale":"fr_FR","og_type":"article","og_title":"Beac : ECA-Ernst &amp; Young Cameroun perd son contrat de commissaire aux comptes, en raison d\u2019un conflit interne","og_description":"Investir au Cameroun) - Le conseil d\u2019administration de la Banque des E\u0301tats de l\u2019Afrique centrale (Beac), re\u0301uni en sess ...","og_url":"https:\/\/www.africa-press.net\/cameroun\/economie\/beac-eca-ernst-young-cameroun-perd-son-contrat-de-commissaire-aux-comptes-en-raison-dun-conflit-interne","og_site_name":"Cameroun","article_published_time":"2024-03-08T23:42:04+00:00","article_modified_time":"2024-03-09T00:11:20+00:00","og_image":[{"width":720,"height":479,"url":"https:\/\/static.africa-press.net\/cameroun\/sites\/57\/2024\/03\/sm_1709930315.288571.jpg","type":"image\/jpeg"}],"author":"cfeditorfr","twitter_card":"summary_large_image","twitter_misc":{"\u00c9crit par":"cfeditorfr","Dur\u00e9e de lecture estim\u00e9e":"2 minutes"},"schema":{"@context":"https:\/\/schema.org","@graph":[{"@type":"Article","@id":"https:\/\/www.africa-press.net\/cameroun\/economie\/beac-eca-ernst-young-cameroun-perd-son-contrat-de-commissaire-aux-comptes-en-raison-dun-conflit-interne#article","isPartOf":{"@id":"https:\/\/www.africa-press.net\/cameroun\/economie\/beac-eca-ernst-young-cameroun-perd-son-contrat-de-commissaire-aux-comptes-en-raison-dun-conflit-interne"},"author":{"name":"cfeditorfr","@id":"https:\/\/www.africa-press.net\/cameroun\/#\/schema\/person\/2b1cf3cd81a31e3cd26889ca66d677f1"},"headline":"Beac : ECA-Ernst &amp; Young Cameroun perd son contrat de commissaire aux comptes, en raison d\u2019un conflit interne","datePublished":"2024-03-08T23:42:04+00:00","dateModified":"2024-03-09T00:11:20+00:00","mainEntityOfPage":{"@id":"https:\/\/www.africa-press.net\/cameroun\/economie\/beac-eca-ernst-young-cameroun-perd-son-contrat-de-commissaire-aux-comptes-en-raison-dun-conflit-interne"},"wordCount":472,"commentCount":0,"image":{"@id":"https:\/\/www.africa-press.net\/cameroun\/economie\/beac-eca-ernst-young-cameroun-perd-son-contrat-de-commissaire-aux-comptes-en-raison-dun-conflit-interne#primaryimage"},"thumbnailUrl":"https:\/\/static.africa-press.net\/cameroun\/sites\/57\/2024\/03\/sm_1709930315.288571.jpg","keywords":["Africa Press","Africa Press-Cameroun","Cameroun"],"articleSection":["\u00c9conomie","Toutes les actualit\u00e9s"],"inLanguage":"fr-FR","potentialAction":[{"@type":"CommentAction","name":"Comment","target":["https:\/\/www.africa-press.net\/cameroun\/economie\/beac-eca-ernst-young-cameroun-perd-son-contrat-de-commissaire-aux-comptes-en-raison-dun-conflit-interne#respond"]}]},{"@type":"WebPage","@id":"https:\/\/www.africa-press.net\/cameroun\/economie\/beac-eca-ernst-young-cameroun-perd-son-contrat-de-commissaire-aux-comptes-en-raison-dun-conflit-interne","url":"https:\/\/www.africa-press.net\/cameroun\/economie\/beac-eca-ernst-young-cameroun-perd-son-contrat-de-commissaire-aux-comptes-en-raison-dun-conflit-interne","name":"Beac : ECA-Ernst &amp; Young Cameroun perd son contrat de commissaire aux comptes, en raison d\u2019un conflit interne - Cameroun","isPartOf":{"@id":"https:\/\/www.africa-press.net\/cameroun\/#website"},"primaryImageOfPage":{"@id":"https:\/\/www.africa-press.net\/cameroun\/economie\/beac-eca-ernst-young-cameroun-perd-son-contrat-de-commissaire-aux-comptes-en-raison-dun-conflit-interne#primaryimage"},"image":{"@id":"https:\/\/www.africa-press.net\/cameroun\/economie\/beac-eca-ernst-young-cameroun-perd-son-contrat-de-commissaire-aux-comptes-en-raison-dun-conflit-interne#primaryimage"},"thumbnailUrl":"https:\/\/static.africa-press.net\/cameroun\/sites\/57\/2024\/03\/sm_1709930315.288571.jpg","datePublished":"2024-03-08T23:42:04+00:00","dateModified":"2024-03-09T00:11:20+00:00","author":{"@id":"https:\/\/www.africa-press.net\/cameroun\/#\/schema\/person\/2b1cf3cd81a31e3cd26889ca66d677f1"},"description":"Investir au Cameroun) - Le conseil d\u2019administration de la Banque des E\u0301tats de l\u2019Afrique centrale (Beac), re\u0301uni en sess ...","breadcrumb":{"@id":"https:\/\/www.africa-press.net\/cameroun\/economie\/beac-eca-ernst-young-cameroun-perd-son-contrat-de-commissaire-aux-comptes-en-raison-dun-conflit-interne#breadcrumb"},"inLanguage":"fr-FR","potentialAction":[{"@type":"ReadAction","target":["https:\/\/www.africa-press.net\/cameroun\/economie\/beac-eca-ernst-young-cameroun-perd-son-contrat-de-commissaire-aux-comptes-en-raison-dun-conflit-interne"]}]},{"@type":"ImageObject","inLanguage":"fr-FR","@id":"https:\/\/www.africa-press.net\/cameroun\/economie\/beac-eca-ernst-young-cameroun-perd-son-contrat-de-commissaire-aux-comptes-en-raison-dun-conflit-interne#primaryimage","url":"https:\/\/static.africa-press.net\/cameroun\/sites\/57\/2024\/03\/sm_1709930315.288571.jpg","contentUrl":"https:\/\/static.africa-press.net\/cameroun\/sites\/57\/2024\/03\/sm_1709930315.288571.jpg","width":720,"height":479,"caption":"Beac : ECA-Ernst &amp; Young Cameroun perd son contrat de commissaire aux comptes, en raison d\u2019un conflit interne"},{"@type":"BreadcrumbList","@id":"https:\/\/www.africa-press.net\/cameroun\/economie\/beac-eca-ernst-young-cameroun-perd-son-contrat-de-commissaire-aux-comptes-en-raison-dun-conflit-interne#breadcrumb","itemListElement":[{"@type":"ListItem","position":1,"name":"Accueil","item":"https:\/\/www.africa-press.net\/cameroun\/"},{"@type":"ListItem","position":2,"name":"Beac : ECA-Ernst &amp; Young Cameroun perd son contrat de commissaire aux comptes, en raison d\u2019un conflit interne"}]},{"@type":"WebSite","@id":"https:\/\/www.africa-press.net\/cameroun\/#website","url":"https:\/\/www.africa-press.net\/cameroun\/","name":"Cameroun","description":"Just another Africa News Agency Sites site","potentialAction":[{"@type":"SearchAction","target":{"@type":"EntryPoint","urlTemplate":"https:\/\/www.africa-press.net\/cameroun\/?s={search_term_string}"},"query-input":{"@type":"PropertyValueSpecification","valueRequired":true,"valueName":"search_term_string"}}],"inLanguage":"fr-FR"},{"@type":"Person","@id":"https:\/\/www.africa-press.net\/cameroun\/#\/schema\/person\/2b1cf3cd81a31e3cd26889ca66d677f1","name":"cfeditorfr"}]}},"_links":{"self":[{"href":"https:\/\/www.africa-press.net\/cameroun\/wp-json\/wp\/v2\/posts\/61934","targetHints":{"allow":["GET"]}}],"collection":[{"href":"https:\/\/www.africa-press.net\/cameroun\/wp-json\/wp\/v2\/posts"}],"about":[{"href":"https:\/\/www.africa-press.net\/cameroun\/wp-json\/wp\/v2\/types\/post"}],"author":[{"embeddable":true,"href":"https:\/\/www.africa-press.net\/cameroun\/wp-json\/wp\/v2\/users\/82"}],"replies":[{"embeddable":true,"href":"https:\/\/www.africa-press.net\/cameroun\/wp-json\/wp\/v2\/comments?post=61934"}],"version-history":[{"count":0,"href":"https:\/\/www.africa-press.net\/cameroun\/wp-json\/wp\/v2\/posts\/61934\/revisions"}],"wp:featuredmedia":[{"embeddable":true,"href":"https:\/\/www.africa-press.net\/cameroun\/wp-json\/wp\/v2\/media\/61933"}],"wp:attachment":[{"href":"https:\/\/www.africa-press.net\/cameroun\/wp-json\/wp\/v2\/media?parent=61934"}],"wp:term":[{"taxonomy":"category","embeddable":true,"href":"https:\/\/www.africa-press.net\/cameroun\/wp-json\/wp\/v2\/categories?post=61934"},{"taxonomy":"post_tag","embeddable":true,"href":"https:\/\/www.africa-press.net\/cameroun\/wp-json\/wp\/v2\/tags?post=61934"}],"curies":[{"name":"wp","href":"https:\/\/api.w.org\/{rel}","templated":true}]}}