{"id":61983,"date":"2024-03-09T19:17:59","date_gmt":"2024-03-09T19:17:59","guid":{"rendered":"https:\/\/www.africa-press.net\/cameroun\/politique\/cameroun-la-sonara-et-la-cotco-ont-chacune-un-nouveau-directeur-general"},"modified":"2024-03-10T00:15:53","modified_gmt":"2024-03-10T00:15:53","slug":"cameroun-la-sonara-et-la-cotco-ont-chacune-un-nouveau-directeur-general","status":"publish","type":"post","link":"https:\/\/www.africa-press.net\/cameroun\/toutes-les-actualites\/cameroun-la-sonara-et-la-cotco-ont-chacune-un-nouveau-directeur-general","title":{"rendered":"Cameroun : La Sonara et la Cotco ont chacune un nouveau Directeur g\u00e9n\u00e9ral."},"content":{"rendered":"<p><span style=\"color: #ff6600\"><strong>Africa-Press &#8211; Cameroun. <\/strong><\/span>D\u2019abord au cours d\u2019un Conseil d&rsquo;administration extraordinaire de la Socie\u0301te\u0301 Nationale de Raffinage (SONARA), tenu en fin de matine\u0301e de ce vendredi 9 fe\u0301vrier 2024 a\u0300 Limbe\u0301, dans la Re\u0301gion du Sud-Ouest, Harouna BAKO a e\u0301te\u0301 nomme\u0301 Directeur ge\u0301ne\u0301ral en remplacement de Jean-Paul SIMO NJONOU en poste depuis le 14 janvier 2019. Dans la foule\u0301e, l\u2019heureux e\u0301lu a e\u0301te\u0301 installe\u0301 par le Ministre de l&rsquo;Eau et de l&rsquo;E\u0301nergie Gaston E\u0301LOUNDOU ESSOMBA, pre\u0301sident de se\u0301ance.<\/p>\n<p>\u00ab Cette nomination intervient dans un contexte ou\u0300, le Pre\u0301sident de la Re\u0301publique, Son Excellence Paul Biya a instruit le Gouvernement de tout mettre en \u0153uvre pour acce\u0301le\u0301rer le processus de reconstruction de cette importante socie\u0301te\u0301 qui est le gage de notre inde\u0301pendance e\u0301nerge\u0301tique en matie\u0300re d&rsquo;approvisionnement en produits pe\u0301troliers \u00a0\u00bb a de\u0301clare\u0301 le membre du gouvernement dans son discours d&rsquo;installation<\/p>\n<p>Il a par la suite e\u0301nume\u0301re\u0301 les de\u0301fis du nouveau DG: \u00ab la restructuration de l&rsquo;entreprise, la reprise des approvisionnements du marche\u0301 national en produits pe\u0301troliers a\u0300 travers les ope\u0301rations d&rsquo;importation au me\u0302me titre que tous les autres importateurs et l&rsquo;acce\u0301le\u0301ration du processus de reconstruction de la SONARA afin de raffiner le pe\u0301trole brut produit localement \u00bb.<\/p>\n<p>Harouna BAKO est arrive\u0301 dans la ville balne\u0301aire du Sud-Ouest ce vendredi en tant que Directeur ge\u0301ne\u0301ral de la Cameroon Oil Transportation Company (COTCO). Afin d\u2019e\u0301viter qu\u2019il cumule les fonctions, l\u2019ancien Directeur ge\u0301ne\u0301ral adjoint du Port autonome de Kribi a e\u0301te\u0301 remplace\u0301 quelques heures apre\u0300s la re\u0301union de Limbe a\u0300 la te\u0302te de la COTCO par Martial Zang, pre\u0301ce\u0301demment pre\u0301sident du comite\u0301 technique de re\u0301habilitation des entreprise publiques et Directeur ge\u0301ne\u0301ral adjoint au Port autonome de Kribi.<\/p>\n<p><strong>Pour plus d&rsquo;informations et d&rsquo;analyses sur la <a href=\"https:\/\/www.africa-press.net\/cameroun\">Cameroun<\/a>, suivez <a href=\"https:\/\/www.africa-press.net\/\">Africa-Press<\/a><\/strong><\/p>\n","protected":false},"excerpt":{"rendered":"<p>Africa-Press &#8211; Cameroun. D\u2019abord au cours d\u2019un Conseil d&rsquo;administration extraordinaire de la Socie\u0301te\u0301 Nationale de Raffinage (SONARA), tenu en fin de matine\u0301e de ce vendredi 9 fe\u0301vrier 2024 a\u0300 Limbe\u0301, dans la Re\u0301gion du Sud-Ouest, Harouna BAKO a e\u0301te\u0301 nomme\u0301 Directeur ge\u0301ne\u0301ral en remplacement de Jean-Paul SIMO NJONOU en poste depuis le 14 janvier 2019. [&hellip;]<\/p>\n","protected":false},"author":82,"featured_media":61982,"comment_status":"open","ping_status":"closed","sticky":false,"template":"","format":"standard","meta":{"footnotes":""},"categories":[21,10],"tags":[36,50,49],"class_list":["post-61983","post","type-post","status-publish","format-standard","has-post-thumbnail","hentry","category-communaute","category-toutes-les-actualites","tag-africa-press","tag-africa-press-cameroun","tag-cameroun"],"yoast_head":"<!-- This site is optimized with the Yoast SEO Premium plugin v26.1 (Yoast SEO v27.0) - https:\/\/yoast.com\/product\/yoast-seo-premium-wordpress\/ -->\n<title>Cameroun : La Sonara et la Cotco ont chacune un nouveau Directeur g\u00e9n\u00e9ral. - Cameroun<\/title>\n<meta name=\"description\" content=\"D\u2019abord au cours d\u2019un Conseil d&#039;administration extraordinaire de la Socie\u0301te\u0301 Nationale de Raffinage (SONARA), tenu en f ...\" \/>\n<meta name=\"robots\" content=\"index, follow, max-snippet:-1, max-image-preview:large, max-video-preview:-1\" \/>\n<link rel=\"canonical\" href=\"https:\/\/www.africa-press.net\/cameroun\/toutes-les-actualites\/cameroun-la-sonara-et-la-cotco-ont-chacune-un-nouveau-directeur-general\" \/>\n<meta property=\"og:locale\" content=\"fr_FR\" \/>\n<meta property=\"og:type\" content=\"article\" \/>\n<meta property=\"og:title\" content=\"Cameroun : La Sonara et la Cotco ont chacune un nouveau Directeur g\u00e9n\u00e9ral.\" \/>\n<meta property=\"og:description\" content=\"D\u2019abord au cours d\u2019un Conseil d&#039;administration extraordinaire de la Socie\u0301te\u0301 Nationale de Raffinage (SONARA), tenu en f ...\" \/>\n<meta property=\"og:url\" content=\"https:\/\/www.africa-press.net\/cameroun\/toutes-les-actualites\/cameroun-la-sonara-et-la-cotco-ont-chacune-un-nouveau-directeur-general\" \/>\n<meta property=\"og:site_name\" content=\"Cameroun\" \/>\n<meta property=\"article:published_time\" content=\"2024-03-09T19:17:59+00:00\" \/>\n<meta property=\"article:modified_time\" content=\"2024-03-10T00:15:53+00:00\" \/>\n<meta property=\"og:image\" content=\"https:\/\/static.africa-press.net\/cameroun\/sites\/57\/2024\/03\/sm_1710016781.256355.jpg\" \/>\n\t<meta property=\"og:image:width\" content=\"800\" \/>\n\t<meta property=\"og:image:height\" content=\"600\" \/>\n\t<meta property=\"og:image:type\" content=\"image\/jpeg\" \/>\n<meta name=\"author\" content=\"cfeditorfr\" \/>\n<meta name=\"twitter:card\" content=\"summary_large_image\" \/>\n<meta name=\"twitter:label1\" content=\"\u00c9crit par\" \/>\n\t<meta name=\"twitter:data1\" content=\"cfeditorfr\" \/>\n\t<meta name=\"twitter:label2\" content=\"Dur\u00e9e de lecture estim\u00e9e\" \/>\n\t<meta name=\"twitter:data2\" content=\"2 minutes\" \/>\n<script type=\"application\/ld+json\" class=\"yoast-schema-graph\">{\"@context\":\"https:\/\/schema.org\",\"@graph\":[{\"@type\":\"Article\",\"@id\":\"https:\/\/www.africa-press.net\/cameroun\/toutes-les-actualites\/cameroun-la-sonara-et-la-cotco-ont-chacune-un-nouveau-directeur-general#article\",\"isPartOf\":{\"@id\":\"https:\/\/www.africa-press.net\/cameroun\/toutes-les-actualites\/cameroun-la-sonara-et-la-cotco-ont-chacune-un-nouveau-directeur-general\"},\"author\":{\"name\":\"cfeditorfr\",\"@id\":\"https:\/\/www.africa-press.net\/cameroun\/#\/schema\/person\/2b1cf3cd81a31e3cd26889ca66d677f1\"},\"headline\":\"Cameroun : La Sonara et la Cotco ont chacune un nouveau Directeur g\u00e9n\u00e9ral.\",\"datePublished\":\"2024-03-09T19:17:59+00:00\",\"dateModified\":\"2024-03-10T00:15:53+00:00\",\"mainEntityOfPage\":{\"@id\":\"https:\/\/www.africa-press.net\/cameroun\/toutes-les-actualites\/cameroun-la-sonara-et-la-cotco-ont-chacune-un-nouveau-directeur-general\"},\"wordCount\":354,\"commentCount\":0,\"image\":{\"@id\":\"https:\/\/www.africa-press.net\/cameroun\/toutes-les-actualites\/cameroun-la-sonara-et-la-cotco-ont-chacune-un-nouveau-directeur-general#primaryimage\"},\"thumbnailUrl\":\"https:\/\/static.africa-press.net\/cameroun\/sites\/57\/2024\/03\/sm_1710016781.256355.jpg\",\"keywords\":[\"Africa Press\",\"Africa Press-Cameroun\",\"Cameroun\"],\"articleSection\":[\"Communaut\u00e9\",\"Toutes les actualit\u00e9s\"],\"inLanguage\":\"fr-FR\",\"potentialAction\":[{\"@type\":\"CommentAction\",\"name\":\"Comment\",\"target\":[\"https:\/\/www.africa-press.net\/cameroun\/toutes-les-actualites\/cameroun-la-sonara-et-la-cotco-ont-chacune-un-nouveau-directeur-general#respond\"]}]},{\"@type\":\"WebPage\",\"@id\":\"https:\/\/www.africa-press.net\/cameroun\/toutes-les-actualites\/cameroun-la-sonara-et-la-cotco-ont-chacune-un-nouveau-directeur-general\",\"url\":\"https:\/\/www.africa-press.net\/cameroun\/toutes-les-actualites\/cameroun-la-sonara-et-la-cotco-ont-chacune-un-nouveau-directeur-general\",\"name\":\"Cameroun : La Sonara et la Cotco ont chacune un nouveau Directeur g\u00e9n\u00e9ral. - Cameroun\",\"isPartOf\":{\"@id\":\"https:\/\/www.africa-press.net\/cameroun\/#website\"},\"primaryImageOfPage\":{\"@id\":\"https:\/\/www.africa-press.net\/cameroun\/toutes-les-actualites\/cameroun-la-sonara-et-la-cotco-ont-chacune-un-nouveau-directeur-general#primaryimage\"},\"image\":{\"@id\":\"https:\/\/www.africa-press.net\/cameroun\/toutes-les-actualites\/cameroun-la-sonara-et-la-cotco-ont-chacune-un-nouveau-directeur-general#primaryimage\"},\"thumbnailUrl\":\"https:\/\/static.africa-press.net\/cameroun\/sites\/57\/2024\/03\/sm_1710016781.256355.jpg\",\"datePublished\":\"2024-03-09T19:17:59+00:00\",\"dateModified\":\"2024-03-10T00:15:53+00:00\",\"author\":{\"@id\":\"https:\/\/www.africa-press.net\/cameroun\/#\/schema\/person\/2b1cf3cd81a31e3cd26889ca66d677f1\"},\"description\":\"D\u2019abord au cours d\u2019un Conseil d'administration extraordinaire de la Socie\u0301te\u0301 Nationale de Raffinage (SONARA), tenu en f ...\",\"breadcrumb\":{\"@id\":\"https:\/\/www.africa-press.net\/cameroun\/toutes-les-actualites\/cameroun-la-sonara-et-la-cotco-ont-chacune-un-nouveau-directeur-general#breadcrumb\"},\"inLanguage\":\"fr-FR\",\"potentialAction\":[{\"@type\":\"ReadAction\",\"target\":[\"https:\/\/www.africa-press.net\/cameroun\/toutes-les-actualites\/cameroun-la-sonara-et-la-cotco-ont-chacune-un-nouveau-directeur-general\"]}]},{\"@type\":\"ImageObject\",\"inLanguage\":\"fr-FR\",\"@id\":\"https:\/\/www.africa-press.net\/cameroun\/toutes-les-actualites\/cameroun-la-sonara-et-la-cotco-ont-chacune-un-nouveau-directeur-general#primaryimage\",\"url\":\"https:\/\/static.africa-press.net\/cameroun\/sites\/57\/2024\/03\/sm_1710016781.256355.jpg\",\"contentUrl\":\"https:\/\/static.africa-press.net\/cameroun\/sites\/57\/2024\/03\/sm_1710016781.256355.jpg\",\"width\":800,\"height\":600,\"caption\":\"Cameroun : La Sonara et la Cotco ont chacune un nouveau Directeur g\u00e9n\u00e9ral.\"},{\"@type\":\"BreadcrumbList\",\"@id\":\"https:\/\/www.africa-press.net\/cameroun\/toutes-les-actualites\/cameroun-la-sonara-et-la-cotco-ont-chacune-un-nouveau-directeur-general#breadcrumb\",\"itemListElement\":[{\"@type\":\"ListItem\",\"position\":1,\"name\":\"Accueil\",\"item\":\"https:\/\/www.africa-press.net\/cameroun\/\"},{\"@type\":\"ListItem\",\"position\":2,\"name\":\"Cameroun : La Sonara et la Cotco ont chacune un nouveau Directeur g\u00e9n\u00e9ral.\"}]},{\"@type\":\"WebSite\",\"@id\":\"https:\/\/www.africa-press.net\/cameroun\/#website\",\"url\":\"https:\/\/www.africa-press.net\/cameroun\/\",\"name\":\"Cameroun\",\"description\":\"Just another Africa News Agency Sites site\",\"potentialAction\":[{\"@type\":\"SearchAction\",\"target\":{\"@type\":\"EntryPoint\",\"urlTemplate\":\"https:\/\/www.africa-press.net\/cameroun\/?s={search_term_string}\"},\"query-input\":{\"@type\":\"PropertyValueSpecification\",\"valueRequired\":true,\"valueName\":\"search_term_string\"}}],\"inLanguage\":\"fr-FR\"},{\"@type\":\"Person\",\"@id\":\"https:\/\/www.africa-press.net\/cameroun\/#\/schema\/person\/2b1cf3cd81a31e3cd26889ca66d677f1\",\"name\":\"cfeditorfr\"}]}<\/script>\n<!-- \/ Yoast SEO Premium plugin. -->","yoast_head_json":{"title":"Cameroun : La Sonara et la Cotco ont chacune un nouveau Directeur g\u00e9n\u00e9ral. - Cameroun","description":"D\u2019abord au cours d\u2019un Conseil d'administration extraordinaire de la Socie\u0301te\u0301 Nationale de Raffinage (SONARA), tenu en f ...","robots":{"index":"index","follow":"follow","max-snippet":"max-snippet:-1","max-image-preview":"max-image-preview:large","max-video-preview":"max-video-preview:-1"},"canonical":"https:\/\/www.africa-press.net\/cameroun\/toutes-les-actualites\/cameroun-la-sonara-et-la-cotco-ont-chacune-un-nouveau-directeur-general","og_locale":"fr_FR","og_type":"article","og_title":"Cameroun : La Sonara et la Cotco ont chacune un nouveau Directeur g\u00e9n\u00e9ral.","og_description":"D\u2019abord au cours d\u2019un Conseil d'administration extraordinaire de la Socie\u0301te\u0301 Nationale de Raffinage (SONARA), tenu en f ...","og_url":"https:\/\/www.africa-press.net\/cameroun\/toutes-les-actualites\/cameroun-la-sonara-et-la-cotco-ont-chacune-un-nouveau-directeur-general","og_site_name":"Cameroun","article_published_time":"2024-03-09T19:17:59+00:00","article_modified_time":"2024-03-10T00:15:53+00:00","og_image":[{"width":800,"height":600,"url":"https:\/\/static.africa-press.net\/cameroun\/sites\/57\/2024\/03\/sm_1710016781.256355.jpg","type":"image\/jpeg"}],"author":"cfeditorfr","twitter_card":"summary_large_image","twitter_misc":{"\u00c9crit par":"cfeditorfr","Dur\u00e9e de lecture estim\u00e9e":"2 minutes"},"schema":{"@context":"https:\/\/schema.org","@graph":[{"@type":"Article","@id":"https:\/\/www.africa-press.net\/cameroun\/toutes-les-actualites\/cameroun-la-sonara-et-la-cotco-ont-chacune-un-nouveau-directeur-general#article","isPartOf":{"@id":"https:\/\/www.africa-press.net\/cameroun\/toutes-les-actualites\/cameroun-la-sonara-et-la-cotco-ont-chacune-un-nouveau-directeur-general"},"author":{"name":"cfeditorfr","@id":"https:\/\/www.africa-press.net\/cameroun\/#\/schema\/person\/2b1cf3cd81a31e3cd26889ca66d677f1"},"headline":"Cameroun : La Sonara et la Cotco ont chacune un nouveau Directeur g\u00e9n\u00e9ral.","datePublished":"2024-03-09T19:17:59+00:00","dateModified":"2024-03-10T00:15:53+00:00","mainEntityOfPage":{"@id":"https:\/\/www.africa-press.net\/cameroun\/toutes-les-actualites\/cameroun-la-sonara-et-la-cotco-ont-chacune-un-nouveau-directeur-general"},"wordCount":354,"commentCount":0,"image":{"@id":"https:\/\/www.africa-press.net\/cameroun\/toutes-les-actualites\/cameroun-la-sonara-et-la-cotco-ont-chacune-un-nouveau-directeur-general#primaryimage"},"thumbnailUrl":"https:\/\/static.africa-press.net\/cameroun\/sites\/57\/2024\/03\/sm_1710016781.256355.jpg","keywords":["Africa Press","Africa Press-Cameroun","Cameroun"],"articleSection":["Communaut\u00e9","Toutes les actualit\u00e9s"],"inLanguage":"fr-FR","potentialAction":[{"@type":"CommentAction","name":"Comment","target":["https:\/\/www.africa-press.net\/cameroun\/toutes-les-actualites\/cameroun-la-sonara-et-la-cotco-ont-chacune-un-nouveau-directeur-general#respond"]}]},{"@type":"WebPage","@id":"https:\/\/www.africa-press.net\/cameroun\/toutes-les-actualites\/cameroun-la-sonara-et-la-cotco-ont-chacune-un-nouveau-directeur-general","url":"https:\/\/www.africa-press.net\/cameroun\/toutes-les-actualites\/cameroun-la-sonara-et-la-cotco-ont-chacune-un-nouveau-directeur-general","name":"Cameroun : La Sonara et la Cotco ont chacune un nouveau Directeur g\u00e9n\u00e9ral. - Cameroun","isPartOf":{"@id":"https:\/\/www.africa-press.net\/cameroun\/#website"},"primaryImageOfPage":{"@id":"https:\/\/www.africa-press.net\/cameroun\/toutes-les-actualites\/cameroun-la-sonara-et-la-cotco-ont-chacune-un-nouveau-directeur-general#primaryimage"},"image":{"@id":"https:\/\/www.africa-press.net\/cameroun\/toutes-les-actualites\/cameroun-la-sonara-et-la-cotco-ont-chacune-un-nouveau-directeur-general#primaryimage"},"thumbnailUrl":"https:\/\/static.africa-press.net\/cameroun\/sites\/57\/2024\/03\/sm_1710016781.256355.jpg","datePublished":"2024-03-09T19:17:59+00:00","dateModified":"2024-03-10T00:15:53+00:00","author":{"@id":"https:\/\/www.africa-press.net\/cameroun\/#\/schema\/person\/2b1cf3cd81a31e3cd26889ca66d677f1"},"description":"D\u2019abord au cours d\u2019un Conseil d'administration extraordinaire de la Socie\u0301te\u0301 Nationale de Raffinage (SONARA), tenu en f ...","breadcrumb":{"@id":"https:\/\/www.africa-press.net\/cameroun\/toutes-les-actualites\/cameroun-la-sonara-et-la-cotco-ont-chacune-un-nouveau-directeur-general#breadcrumb"},"inLanguage":"fr-FR","potentialAction":[{"@type":"ReadAction","target":["https:\/\/www.africa-press.net\/cameroun\/toutes-les-actualites\/cameroun-la-sonara-et-la-cotco-ont-chacune-un-nouveau-directeur-general"]}]},{"@type":"ImageObject","inLanguage":"fr-FR","@id":"https:\/\/www.africa-press.net\/cameroun\/toutes-les-actualites\/cameroun-la-sonara-et-la-cotco-ont-chacune-un-nouveau-directeur-general#primaryimage","url":"https:\/\/static.africa-press.net\/cameroun\/sites\/57\/2024\/03\/sm_1710016781.256355.jpg","contentUrl":"https:\/\/static.africa-press.net\/cameroun\/sites\/57\/2024\/03\/sm_1710016781.256355.jpg","width":800,"height":600,"caption":"Cameroun : La Sonara et la Cotco ont chacune un nouveau Directeur g\u00e9n\u00e9ral."},{"@type":"BreadcrumbList","@id":"https:\/\/www.africa-press.net\/cameroun\/toutes-les-actualites\/cameroun-la-sonara-et-la-cotco-ont-chacune-un-nouveau-directeur-general#breadcrumb","itemListElement":[{"@type":"ListItem","position":1,"name":"Accueil","item":"https:\/\/www.africa-press.net\/cameroun\/"},{"@type":"ListItem","position":2,"name":"Cameroun : La Sonara et la Cotco ont chacune un nouveau Directeur g\u00e9n\u00e9ral."}]},{"@type":"WebSite","@id":"https:\/\/www.africa-press.net\/cameroun\/#website","url":"https:\/\/www.africa-press.net\/cameroun\/","name":"Cameroun","description":"Just another Africa News Agency Sites site","potentialAction":[{"@type":"SearchAction","target":{"@type":"EntryPoint","urlTemplate":"https:\/\/www.africa-press.net\/cameroun\/?s={search_term_string}"},"query-input":{"@type":"PropertyValueSpecification","valueRequired":true,"valueName":"search_term_string"}}],"inLanguage":"fr-FR"},{"@type":"Person","@id":"https:\/\/www.africa-press.net\/cameroun\/#\/schema\/person\/2b1cf3cd81a31e3cd26889ca66d677f1","name":"cfeditorfr"}]}},"_links":{"self":[{"href":"https:\/\/www.africa-press.net\/cameroun\/wp-json\/wp\/v2\/posts\/61983","targetHints":{"allow":["GET"]}}],"collection":[{"href":"https:\/\/www.africa-press.net\/cameroun\/wp-json\/wp\/v2\/posts"}],"about":[{"href":"https:\/\/www.africa-press.net\/cameroun\/wp-json\/wp\/v2\/types\/post"}],"author":[{"embeddable":true,"href":"https:\/\/www.africa-press.net\/cameroun\/wp-json\/wp\/v2\/users\/82"}],"replies":[{"embeddable":true,"href":"https:\/\/www.africa-press.net\/cameroun\/wp-json\/wp\/v2\/comments?post=61983"}],"version-history":[{"count":0,"href":"https:\/\/www.africa-press.net\/cameroun\/wp-json\/wp\/v2\/posts\/61983\/revisions"}],"wp:featuredmedia":[{"embeddable":true,"href":"https:\/\/www.africa-press.net\/cameroun\/wp-json\/wp\/v2\/media\/61982"}],"wp:attachment":[{"href":"https:\/\/www.africa-press.net\/cameroun\/wp-json\/wp\/v2\/media?parent=61983"}],"wp:term":[{"taxonomy":"category","embeddable":true,"href":"https:\/\/www.africa-press.net\/cameroun\/wp-json\/wp\/v2\/categories?post=61983"},{"taxonomy":"post_tag","embeddable":true,"href":"https:\/\/www.africa-press.net\/cameroun\/wp-json\/wp\/v2\/tags?post=61983"}],"curies":[{"name":"wp","href":"https:\/\/api.w.org\/{rel}","templated":true}]}}