{"id":62036,"date":"2024-03-11T21:49:27","date_gmt":"2024-03-11T21:49:27","guid":{"rendered":"https:\/\/www.africa-press.net\/cameroun\/politique\/guibai-gatama-dement-lannonce-de-sa-candidature-a-la-presidentielle-de-2025"},"modified":"2024-03-12T05:55:36","modified_gmt":"2024-03-12T05:55:36","slug":"guibai-gatama-dement-lannonce-de-sa-candidature-a-la-presidentielle-de-2025","status":"publish","type":"post","link":"https:\/\/www.africa-press.net\/cameroun\/politique\/guibai-gatama-dement-lannonce-de-sa-candidature-a-la-presidentielle-de-2025","title":{"rendered":"Guibai\u0308 Gatama De\u0301ment L\u2019Annonce de Sa Candidature A\u0300 la Pre\u0301sidentielle de 2025"},"content":{"rendered":"<p><span style=\"color: #ff6600\"><strong>Africa-Press &#8211; Cameroun. <\/strong><\/span><b>Le Promoteur du Mouvement 10 millions de Nordistes et Directeur de Publication de l\u2019\u0153il du Sahel dit ne pas travailler pour assouvir une ambition personnelle \u00bb.<\/b><\/p>\n<p>Selon le quotidien Infomatin dans sa parution de ce 11 mars 2024, Guibai\u0308 Gatama se pre\u0301pare pour e\u0302tre candidat a\u0300 la pre\u0301sidentielle de 2025 au Cameroun. Le promoteur du Mouvement 10 millions de Nordistes serait parmi ceux qui voudraient be\u0301ne\u0301ficier de l\u2019onction du peuple pour gouverner le Cameroun au cours des prochaines anne\u0301es.<\/p>\n<p>A la lecture de ce journal, l\u2019opposant Cabral Libii, candidat de\u0301clare\u0301 3e\u0300me a\u0300 la pre\u0301sidentielle de 2018, a encourage\u0301 le potentiel candidat. \u00ab J\u2019encourage vivement le citoyen Guibai\u0308. C\u2019est Dieu qui donne le pouvoir au travers du peuple souverain. Que rien ni personne ne l\u2019arre\u0302te. Seul ou la te\u0302te d\u2019une dynamique mutualise\u0301e, c\u2019est a\u0300 lui de de\u0301cider. Surtout, que ceux qui croient en lui s\u2019inscrivent massivement sur les listes e\u0301lectorales \u00bb, a e\u0301crit le de\u0301pute\u0301 sur sa page Facebook.<\/p>\n<p>Presqu\u2019au me\u0302me moment, Guibai\u0308 Gatama a fait une publication prenant le caracte\u0300re d\u2019une mise au point. \u00ab Moi candidat ? On ne peut jamais dire jamais&#8230; Mais mon engagement pour parvenir a\u0300 l\u2019herbe frai\u0302che des verts pa\u0302turages d\u2019Etoudi n\u2019est pas destine\u0301 a\u0300 assouvir une ambition personnelle. Restons mobilise\u0301s afin que le Grand Nord, dans un esprit de\u0301mocratique et re\u0301publicain prenne sa place sur l\u2019e\u0301chiquier politique national \u00bb, peut-on lire.<\/p>\n<p>Journaliste et militant politique, il est connu comme le porte-parole des re\u0301gions septentrionales. Il de\u0301fend les inte\u0301re\u0302ts de l\u2019Adamaoua, du Nord et de l\u2019Extre\u0302me-Nord, des re\u0301gions dont il voudrait voir les peuples reprendre la gestion des affaires du pays comme ce fut le cas avant la de\u0301mission du pre\u0301sident Ahmadou Ahidjo le 04 novembre 1982 et l\u2019arrive\u0301e au pouvoir du pre\u0301sident Paul Biya le 06 novembre 1982.<\/p>\n<p>Dans cette perspective, Guibai\u0308 Gatama tient son trihebdomadaire re\u0301gional, anime la plateforme 10 millions de Nordistes. Ce groupe, conside\u0301re\u0301 comme un groupe de pression, travaille depuis son officialisation le 27 juillet 2020. Il formule des revendications relatives au respect de l\u2019e\u0301quilibre re\u0301gional, en particulier lors du recrutement des jeunes dans de grandes e\u0301coles ou a\u0300 la fonction publique. Les 10 millions renvoient a\u0300 la population du Grand Nord avec au moins 2,5 millions d\u2019e\u0301lecteurs sur les 7,5 millions du fichier e\u0301lectoral national. Une force politique qu\u2019il continue de mobiliser.<\/p>\n<p>Ces dernie\u0300res anne\u0301es, il s\u2019est investi dans le cadre du renouvellement du fichier e\u0301lectoral, en appelant les citoyens ressortissants du Grand Nord a\u0300 s\u2019inscrire sur les listes e\u0301lectorales. Pas e\u0301tonnant qu\u2019une publication se penche sur ses ambitions politiques au moment ou\u0300 les tractations pour le scrutin pre\u0301sidentiel se font dans les coulisses.<\/p>\n<p><strong>Pour plus d&rsquo;informations et d&rsquo;analyses sur la <a href=\"https:\/\/www.africa-press.net\/cameroun\">Cameroun<\/a>, suivez <a href=\"https:\/\/www.africa-press.net\/\">Africa-Press<\/a><\/strong><\/p>\n","protected":false},"excerpt":{"rendered":"<p>Africa-Press &#8211; Cameroun. Le Promoteur du Mouvement 10 millions de Nordistes et Directeur de Publication de l\u2019\u0153il du Sahel dit ne pas travailler pour assouvir une ambition personnelle \u00bb. Selon le quotidien Infomatin dans sa parution de ce 11 mars 2024, Guibai\u0308 Gatama se pre\u0301pare pour e\u0302tre candidat a\u0300 la pre\u0301sidentielle de 2025 au Cameroun. [&hellip;]<\/p>\n","protected":false},"author":82,"featured_media":62035,"comment_status":"open","ping_status":"closed","sticky":false,"template":"","format":"standard","meta":{"footnotes":""},"categories":[2,20,10],"tags":[36,50,49],"class_list":["post-62036","post","type-post","status-publish","format-standard","has-post-thumbnail","hentry","category-politique","category-top-nouvelles","category-toutes-les-actualites","tag-africa-press","tag-africa-press-cameroun","tag-cameroun"],"yoast_head":"<!-- This site is optimized with the Yoast SEO Premium plugin v26.1 (Yoast SEO v27.0) - https:\/\/yoast.com\/product\/yoast-seo-premium-wordpress\/ -->\n<title>Guibai\u0308 Gatama De\u0301ment L\u2019Annonce de Sa Candidature A\u0300 la Pre\u0301sidentielle de 2025 - Cameroun<\/title>\n<meta name=\"description\" content=\"Le Promoteur du Mouvement 10 millions de Nordistes et Directeur de Publication de l\u2019\u0153il du Sahel dit ne pas travaille ...\" \/>\n<meta name=\"robots\" content=\"index, follow, max-snippet:-1, max-image-preview:large, max-video-preview:-1\" \/>\n<link rel=\"canonical\" href=\"https:\/\/www.africa-press.net\/cameroun\/politique\/guibai-gatama-dement-lannonce-de-sa-candidature-a-la-presidentielle-de-2025\" \/>\n<meta property=\"og:locale\" content=\"fr_FR\" \/>\n<meta property=\"og:type\" content=\"article\" \/>\n<meta property=\"og:title\" content=\"Guibai\u0308 Gatama De\u0301ment L\u2019Annonce de Sa Candidature A\u0300 la Pre\u0301sidentielle de 2025\" \/>\n<meta property=\"og:description\" content=\"Le Promoteur du Mouvement 10 millions de Nordistes et Directeur de Publication de l\u2019\u0153il du Sahel dit ne pas travaille ...\" \/>\n<meta property=\"og:url\" content=\"https:\/\/www.africa-press.net\/cameroun\/politique\/guibai-gatama-dement-lannonce-de-sa-candidature-a-la-presidentielle-de-2025\" \/>\n<meta property=\"og:site_name\" content=\"Cameroun\" \/>\n<meta property=\"article:published_time\" content=\"2024-03-11T21:49:27+00:00\" \/>\n<meta property=\"article:modified_time\" content=\"2024-03-12T05:55:36+00:00\" \/>\n<meta property=\"og:image\" content=\"https:\/\/static.africa-press.net\/cameroun\/sites\/57\/2024\/03\/sm_1710209704.89559.jpg\" \/>\n\t<meta property=\"og:image:width\" content=\"780\" \/>\n\t<meta property=\"og:image:height\" content=\"440\" \/>\n\t<meta property=\"og:image:type\" content=\"image\/jpeg\" \/>\n<meta name=\"author\" content=\"cfeditorfr\" \/>\n<meta name=\"twitter:card\" content=\"summary_large_image\" \/>\n<meta name=\"twitter:label1\" content=\"\u00c9crit par\" \/>\n\t<meta name=\"twitter:data1\" content=\"cfeditorfr\" \/>\n\t<meta name=\"twitter:label2\" content=\"Dur\u00e9e de lecture estim\u00e9e\" \/>\n\t<meta name=\"twitter:data2\" content=\"2 minutes\" \/>\n<script type=\"application\/ld+json\" class=\"yoast-schema-graph\">{\"@context\":\"https:\/\/schema.org\",\"@graph\":[{\"@type\":\"Article\",\"@id\":\"https:\/\/www.africa-press.net\/cameroun\/politique\/guibai-gatama-dement-lannonce-de-sa-candidature-a-la-presidentielle-de-2025#article\",\"isPartOf\":{\"@id\":\"https:\/\/www.africa-press.net\/cameroun\/politique\/guibai-gatama-dement-lannonce-de-sa-candidature-a-la-presidentielle-de-2025\"},\"author\":{\"name\":\"cfeditorfr\",\"@id\":\"https:\/\/www.africa-press.net\/cameroun\/#\/schema\/person\/2b1cf3cd81a31e3cd26889ca66d677f1\"},\"headline\":\"Guibai\u0308 Gatama De\u0301ment L\u2019Annonce de Sa Candidature A\u0300 la Pre\u0301sidentielle de 2025\",\"datePublished\":\"2024-03-11T21:49:27+00:00\",\"dateModified\":\"2024-03-12T05:55:36+00:00\",\"mainEntityOfPage\":{\"@id\":\"https:\/\/www.africa-press.net\/cameroun\/politique\/guibai-gatama-dement-lannonce-de-sa-candidature-a-la-presidentielle-de-2025\"},\"wordCount\":513,\"commentCount\":0,\"image\":{\"@id\":\"https:\/\/www.africa-press.net\/cameroun\/politique\/guibai-gatama-dement-lannonce-de-sa-candidature-a-la-presidentielle-de-2025#primaryimage\"},\"thumbnailUrl\":\"https:\/\/static.africa-press.net\/cameroun\/sites\/57\/2024\/03\/sm_1710209704.89559.jpg\",\"keywords\":[\"Africa Press\",\"Africa Press-Cameroun\",\"Cameroun\"],\"articleSection\":[\"Politique\",\"Top Nouvelles\",\"Toutes les actualit\u00e9s\"],\"inLanguage\":\"fr-FR\",\"potentialAction\":[{\"@type\":\"CommentAction\",\"name\":\"Comment\",\"target\":[\"https:\/\/www.africa-press.net\/cameroun\/politique\/guibai-gatama-dement-lannonce-de-sa-candidature-a-la-presidentielle-de-2025#respond\"]}]},{\"@type\":\"WebPage\",\"@id\":\"https:\/\/www.africa-press.net\/cameroun\/politique\/guibai-gatama-dement-lannonce-de-sa-candidature-a-la-presidentielle-de-2025\",\"url\":\"https:\/\/www.africa-press.net\/cameroun\/politique\/guibai-gatama-dement-lannonce-de-sa-candidature-a-la-presidentielle-de-2025\",\"name\":\"Guibai\u0308 Gatama De\u0301ment L\u2019Annonce de Sa Candidature A\u0300 la Pre\u0301sidentielle de 2025 - Cameroun\",\"isPartOf\":{\"@id\":\"https:\/\/www.africa-press.net\/cameroun\/#website\"},\"primaryImageOfPage\":{\"@id\":\"https:\/\/www.africa-press.net\/cameroun\/politique\/guibai-gatama-dement-lannonce-de-sa-candidature-a-la-presidentielle-de-2025#primaryimage\"},\"image\":{\"@id\":\"https:\/\/www.africa-press.net\/cameroun\/politique\/guibai-gatama-dement-lannonce-de-sa-candidature-a-la-presidentielle-de-2025#primaryimage\"},\"thumbnailUrl\":\"https:\/\/static.africa-press.net\/cameroun\/sites\/57\/2024\/03\/sm_1710209704.89559.jpg\",\"datePublished\":\"2024-03-11T21:49:27+00:00\",\"dateModified\":\"2024-03-12T05:55:36+00:00\",\"author\":{\"@id\":\"https:\/\/www.africa-press.net\/cameroun\/#\/schema\/person\/2b1cf3cd81a31e3cd26889ca66d677f1\"},\"description\":\"Le Promoteur du Mouvement 10 millions de Nordistes et Directeur de Publication de l\u2019\u0153il du Sahel dit ne pas travaille ...\",\"breadcrumb\":{\"@id\":\"https:\/\/www.africa-press.net\/cameroun\/politique\/guibai-gatama-dement-lannonce-de-sa-candidature-a-la-presidentielle-de-2025#breadcrumb\"},\"inLanguage\":\"fr-FR\",\"potentialAction\":[{\"@type\":\"ReadAction\",\"target\":[\"https:\/\/www.africa-press.net\/cameroun\/politique\/guibai-gatama-dement-lannonce-de-sa-candidature-a-la-presidentielle-de-2025\"]}]},{\"@type\":\"ImageObject\",\"inLanguage\":\"fr-FR\",\"@id\":\"https:\/\/www.africa-press.net\/cameroun\/politique\/guibai-gatama-dement-lannonce-de-sa-candidature-a-la-presidentielle-de-2025#primaryimage\",\"url\":\"https:\/\/static.africa-press.net\/cameroun\/sites\/57\/2024\/03\/sm_1710209704.89559.jpg\",\"contentUrl\":\"https:\/\/static.africa-press.net\/cameroun\/sites\/57\/2024\/03\/sm_1710209704.89559.jpg\",\"width\":780,\"height\":440,\"caption\":\"Guibai\u0308 Gatama De\u0301ment L\u2019Annonce de Sa Candidature A\u0300 la Pre\u0301sidentielle de 2025\"},{\"@type\":\"BreadcrumbList\",\"@id\":\"https:\/\/www.africa-press.net\/cameroun\/politique\/guibai-gatama-dement-lannonce-de-sa-candidature-a-la-presidentielle-de-2025#breadcrumb\",\"itemListElement\":[{\"@type\":\"ListItem\",\"position\":1,\"name\":\"Accueil\",\"item\":\"https:\/\/www.africa-press.net\/cameroun\/\"},{\"@type\":\"ListItem\",\"position\":2,\"name\":\"Guibai\u0308 Gatama De\u0301ment L\u2019Annonce de Sa Candidature A\u0300 la Pre\u0301sidentielle de 2025\"}]},{\"@type\":\"WebSite\",\"@id\":\"https:\/\/www.africa-press.net\/cameroun\/#website\",\"url\":\"https:\/\/www.africa-press.net\/cameroun\/\",\"name\":\"Cameroun\",\"description\":\"Just another Africa News Agency Sites site\",\"potentialAction\":[{\"@type\":\"SearchAction\",\"target\":{\"@type\":\"EntryPoint\",\"urlTemplate\":\"https:\/\/www.africa-press.net\/cameroun\/?s={search_term_string}\"},\"query-input\":{\"@type\":\"PropertyValueSpecification\",\"valueRequired\":true,\"valueName\":\"search_term_string\"}}],\"inLanguage\":\"fr-FR\"},{\"@type\":\"Person\",\"@id\":\"https:\/\/www.africa-press.net\/cameroun\/#\/schema\/person\/2b1cf3cd81a31e3cd26889ca66d677f1\",\"name\":\"cfeditorfr\"}]}<\/script>\n<!-- \/ Yoast SEO Premium plugin. -->","yoast_head_json":{"title":"Guibai\u0308 Gatama De\u0301ment L\u2019Annonce de Sa Candidature A\u0300 la Pre\u0301sidentielle de 2025 - Cameroun","description":"Le Promoteur du Mouvement 10 millions de Nordistes et Directeur de Publication de l\u2019\u0153il du Sahel dit ne pas travaille ...","robots":{"index":"index","follow":"follow","max-snippet":"max-snippet:-1","max-image-preview":"max-image-preview:large","max-video-preview":"max-video-preview:-1"},"canonical":"https:\/\/www.africa-press.net\/cameroun\/politique\/guibai-gatama-dement-lannonce-de-sa-candidature-a-la-presidentielle-de-2025","og_locale":"fr_FR","og_type":"article","og_title":"Guibai\u0308 Gatama De\u0301ment L\u2019Annonce de Sa Candidature A\u0300 la Pre\u0301sidentielle de 2025","og_description":"Le Promoteur du Mouvement 10 millions de Nordistes et Directeur de Publication de l\u2019\u0153il du Sahel dit ne pas travaille ...","og_url":"https:\/\/www.africa-press.net\/cameroun\/politique\/guibai-gatama-dement-lannonce-de-sa-candidature-a-la-presidentielle-de-2025","og_site_name":"Cameroun","article_published_time":"2024-03-11T21:49:27+00:00","article_modified_time":"2024-03-12T05:55:36+00:00","og_image":[{"width":780,"height":440,"url":"https:\/\/static.africa-press.net\/cameroun\/sites\/57\/2024\/03\/sm_1710209704.89559.jpg","type":"image\/jpeg"}],"author":"cfeditorfr","twitter_card":"summary_large_image","twitter_misc":{"\u00c9crit par":"cfeditorfr","Dur\u00e9e de lecture estim\u00e9e":"2 minutes"},"schema":{"@context":"https:\/\/schema.org","@graph":[{"@type":"Article","@id":"https:\/\/www.africa-press.net\/cameroun\/politique\/guibai-gatama-dement-lannonce-de-sa-candidature-a-la-presidentielle-de-2025#article","isPartOf":{"@id":"https:\/\/www.africa-press.net\/cameroun\/politique\/guibai-gatama-dement-lannonce-de-sa-candidature-a-la-presidentielle-de-2025"},"author":{"name":"cfeditorfr","@id":"https:\/\/www.africa-press.net\/cameroun\/#\/schema\/person\/2b1cf3cd81a31e3cd26889ca66d677f1"},"headline":"Guibai\u0308 Gatama De\u0301ment L\u2019Annonce de Sa Candidature A\u0300 la Pre\u0301sidentielle de 2025","datePublished":"2024-03-11T21:49:27+00:00","dateModified":"2024-03-12T05:55:36+00:00","mainEntityOfPage":{"@id":"https:\/\/www.africa-press.net\/cameroun\/politique\/guibai-gatama-dement-lannonce-de-sa-candidature-a-la-presidentielle-de-2025"},"wordCount":513,"commentCount":0,"image":{"@id":"https:\/\/www.africa-press.net\/cameroun\/politique\/guibai-gatama-dement-lannonce-de-sa-candidature-a-la-presidentielle-de-2025#primaryimage"},"thumbnailUrl":"https:\/\/static.africa-press.net\/cameroun\/sites\/57\/2024\/03\/sm_1710209704.89559.jpg","keywords":["Africa Press","Africa Press-Cameroun","Cameroun"],"articleSection":["Politique","Top Nouvelles","Toutes les actualit\u00e9s"],"inLanguage":"fr-FR","potentialAction":[{"@type":"CommentAction","name":"Comment","target":["https:\/\/www.africa-press.net\/cameroun\/politique\/guibai-gatama-dement-lannonce-de-sa-candidature-a-la-presidentielle-de-2025#respond"]}]},{"@type":"WebPage","@id":"https:\/\/www.africa-press.net\/cameroun\/politique\/guibai-gatama-dement-lannonce-de-sa-candidature-a-la-presidentielle-de-2025","url":"https:\/\/www.africa-press.net\/cameroun\/politique\/guibai-gatama-dement-lannonce-de-sa-candidature-a-la-presidentielle-de-2025","name":"Guibai\u0308 Gatama De\u0301ment L\u2019Annonce de Sa Candidature A\u0300 la Pre\u0301sidentielle de 2025 - Cameroun","isPartOf":{"@id":"https:\/\/www.africa-press.net\/cameroun\/#website"},"primaryImageOfPage":{"@id":"https:\/\/www.africa-press.net\/cameroun\/politique\/guibai-gatama-dement-lannonce-de-sa-candidature-a-la-presidentielle-de-2025#primaryimage"},"image":{"@id":"https:\/\/www.africa-press.net\/cameroun\/politique\/guibai-gatama-dement-lannonce-de-sa-candidature-a-la-presidentielle-de-2025#primaryimage"},"thumbnailUrl":"https:\/\/static.africa-press.net\/cameroun\/sites\/57\/2024\/03\/sm_1710209704.89559.jpg","datePublished":"2024-03-11T21:49:27+00:00","dateModified":"2024-03-12T05:55:36+00:00","author":{"@id":"https:\/\/www.africa-press.net\/cameroun\/#\/schema\/person\/2b1cf3cd81a31e3cd26889ca66d677f1"},"description":"Le Promoteur du Mouvement 10 millions de Nordistes et Directeur de Publication de l\u2019\u0153il du Sahel dit ne pas travaille ...","breadcrumb":{"@id":"https:\/\/www.africa-press.net\/cameroun\/politique\/guibai-gatama-dement-lannonce-de-sa-candidature-a-la-presidentielle-de-2025#breadcrumb"},"inLanguage":"fr-FR","potentialAction":[{"@type":"ReadAction","target":["https:\/\/www.africa-press.net\/cameroun\/politique\/guibai-gatama-dement-lannonce-de-sa-candidature-a-la-presidentielle-de-2025"]}]},{"@type":"ImageObject","inLanguage":"fr-FR","@id":"https:\/\/www.africa-press.net\/cameroun\/politique\/guibai-gatama-dement-lannonce-de-sa-candidature-a-la-presidentielle-de-2025#primaryimage","url":"https:\/\/static.africa-press.net\/cameroun\/sites\/57\/2024\/03\/sm_1710209704.89559.jpg","contentUrl":"https:\/\/static.africa-press.net\/cameroun\/sites\/57\/2024\/03\/sm_1710209704.89559.jpg","width":780,"height":440,"caption":"Guibai\u0308 Gatama De\u0301ment L\u2019Annonce de Sa Candidature A\u0300 la Pre\u0301sidentielle de 2025"},{"@type":"BreadcrumbList","@id":"https:\/\/www.africa-press.net\/cameroun\/politique\/guibai-gatama-dement-lannonce-de-sa-candidature-a-la-presidentielle-de-2025#breadcrumb","itemListElement":[{"@type":"ListItem","position":1,"name":"Accueil","item":"https:\/\/www.africa-press.net\/cameroun\/"},{"@type":"ListItem","position":2,"name":"Guibai\u0308 Gatama De\u0301ment L\u2019Annonce de Sa Candidature A\u0300 la Pre\u0301sidentielle de 2025"}]},{"@type":"WebSite","@id":"https:\/\/www.africa-press.net\/cameroun\/#website","url":"https:\/\/www.africa-press.net\/cameroun\/","name":"Cameroun","description":"Just another Africa News Agency Sites site","potentialAction":[{"@type":"SearchAction","target":{"@type":"EntryPoint","urlTemplate":"https:\/\/www.africa-press.net\/cameroun\/?s={search_term_string}"},"query-input":{"@type":"PropertyValueSpecification","valueRequired":true,"valueName":"search_term_string"}}],"inLanguage":"fr-FR"},{"@type":"Person","@id":"https:\/\/www.africa-press.net\/cameroun\/#\/schema\/person\/2b1cf3cd81a31e3cd26889ca66d677f1","name":"cfeditorfr"}]}},"_links":{"self":[{"href":"https:\/\/www.africa-press.net\/cameroun\/wp-json\/wp\/v2\/posts\/62036","targetHints":{"allow":["GET"]}}],"collection":[{"href":"https:\/\/www.africa-press.net\/cameroun\/wp-json\/wp\/v2\/posts"}],"about":[{"href":"https:\/\/www.africa-press.net\/cameroun\/wp-json\/wp\/v2\/types\/post"}],"author":[{"embeddable":true,"href":"https:\/\/www.africa-press.net\/cameroun\/wp-json\/wp\/v2\/users\/82"}],"replies":[{"embeddable":true,"href":"https:\/\/www.africa-press.net\/cameroun\/wp-json\/wp\/v2\/comments?post=62036"}],"version-history":[{"count":0,"href":"https:\/\/www.africa-press.net\/cameroun\/wp-json\/wp\/v2\/posts\/62036\/revisions"}],"wp:featuredmedia":[{"embeddable":true,"href":"https:\/\/www.africa-press.net\/cameroun\/wp-json\/wp\/v2\/media\/62035"}],"wp:attachment":[{"href":"https:\/\/www.africa-press.net\/cameroun\/wp-json\/wp\/v2\/media?parent=62036"}],"wp:term":[{"taxonomy":"category","embeddable":true,"href":"https:\/\/www.africa-press.net\/cameroun\/wp-json\/wp\/v2\/categories?post=62036"},{"taxonomy":"post_tag","embeddable":true,"href":"https:\/\/www.africa-press.net\/cameroun\/wp-json\/wp\/v2\/tags?post=62036"}],"curies":[{"name":"wp","href":"https:\/\/api.w.org\/{rel}","templated":true}]}}