{"id":62038,"date":"2024-03-11T21:49:33","date_gmt":"2024-03-11T21:49:33","guid":{"rendered":"https:\/\/www.africa-press.net\/cameroun\/politique\/deux-ministres-evaluent-les-degats-causes-par-des-pluies-au-lycee-detoug-ebe"},"modified":"2024-03-12T05:56:50","modified_gmt":"2024-03-12T05:56:50","slug":"deux-ministres-evaluent-les-degats-causes-par-des-pluies-au-lycee-detoug-ebe","status":"publish","type":"post","link":"https:\/\/www.africa-press.net\/cameroun\/toutes-les-actualites\/deux-ministres-evaluent-les-degats-causes-par-des-pluies-au-lycee-detoug-ebe","title":{"rendered":"Deux ministres \u00e9valuent les d\u00e9g\u00e2ts caus\u00e9s par des pluies au Lyc\u00e9e d\u2019Etoug-Ebe"},"content":{"rendered":"<p><span style=\"color: #ff6600\"><strong>Africa-Press &#8211; Cameroun. <\/strong><\/span><b>Le ministre de l\u2019Administration territoriale, Paul Atanga Nji et le ministre des Enseignements secondaires, Pauline Nalova Lyonga ont effectue\u0301 une descente sur le terrain ce 11 mars.<\/b><\/p>\n<p>Les pluies diluviennes qui se sont abattues sur la capitale le vendredi 08 mars 2024 ont touche\u0301 plusieurs infrastructures publiques. Des e\u0301tablissements scolaires du secondaire ont e\u0301te\u0301 les plus touche\u0301s. Pour e\u0301valuer les de\u0301ga\u0302ts cause\u0301s sur ces ba\u0302timents publics, les ministres membres du gouvernement ont visite\u0301 le lyce\u0301e bilingue d\u2019Etoug-Ebe, le lyce\u0301e bilingue d\u2019application et le lyce\u0301e ge\u0301ne\u0301ral Leclerc de Yaounde\u0301.<\/p>\n<p>La pluie de vendredi soir a emporte\u0301 la toiture de certaines salles de classes au Lyce\u0301e d\u2019Etoug-Ebe. Il en ressort que 18 salles de classe ont e\u0301te\u0301 touche\u0301es. Des poteaux e\u0301lectriques ont e\u0301te\u0301 renverse\u0301s. Environ 2000 e\u0301le\u0300ves sont impacte\u0301s par la situation et attendent des solutions urgentes pour reprendre les cours dans un cadre propice.<\/p>\n<p>Les membres du gouvernement annoncent de pouvoir se servir des conge\u0301s de pa\u0302ques pour travailler a\u0300 la re\u0301alisation des travaux qui s\u2019imposent. L\u2019incident est survenu au moment ou\u0300 les e\u0301preuves physiques et sportives comptant pour les examens officiels sont annonce\u0301es, et a\u0300 quelques deux mois du de\u0301but des e\u0301preuves e\u0301crites.<\/p>\n<p><strong>Pour plus d&rsquo;informations et d&rsquo;analyses sur la <a href=\"https:\/\/www.africa-press.net\/cameroun\">Cameroun<\/a>, suivez <a href=\"https:\/\/www.africa-press.net\/\">Africa-Press<\/a><\/strong><\/p>\n","protected":false},"excerpt":{"rendered":"<p>Africa-Press &#8211; Cameroun. Le ministre de l\u2019Administration territoriale, Paul Atanga Nji et le ministre des Enseignements secondaires, Pauline Nalova Lyonga ont effectue\u0301 une descente sur le terrain ce 11 mars. Les pluies diluviennes qui se sont abattues sur la capitale le vendredi 08 mars 2024 ont touche\u0301 plusieurs infrastructures publiques. Des e\u0301tablissements scolaires du secondaire [&hellip;]<\/p>\n","protected":false},"author":82,"featured_media":62037,"comment_status":"open","ping_status":"closed","sticky":false,"template":"","format":"standard","meta":{"footnotes":""},"categories":[21,10],"tags":[36,50,49],"class_list":["post-62038","post","type-post","status-publish","format-standard","has-post-thumbnail","hentry","category-communaute","category-toutes-les-actualites","tag-africa-press","tag-africa-press-cameroun","tag-cameroun"],"yoast_head":"<!-- This site is optimized with the Yoast SEO Premium plugin v26.1 (Yoast SEO v27.0) - https:\/\/yoast.com\/product\/yoast-seo-premium-wordpress\/ -->\n<title>Deux ministres \u00e9valuent les d\u00e9g\u00e2ts caus\u00e9s par des pluies au Lyc\u00e9e d\u2019Etoug-Ebe - Cameroun<\/title>\n<meta name=\"description\" content=\"Le ministre de l\u2019Administration territoriale, Paul Atanga Nji et le ministre des Enseignements secondaires, Pauline N ...\" \/>\n<meta name=\"robots\" content=\"index, follow, max-snippet:-1, max-image-preview:large, max-video-preview:-1\" \/>\n<link rel=\"canonical\" href=\"https:\/\/www.africa-press.net\/cameroun\/toutes-les-actualites\/deux-ministres-evaluent-les-degats-causes-par-des-pluies-au-lycee-detoug-ebe\" \/>\n<meta property=\"og:locale\" content=\"fr_FR\" \/>\n<meta property=\"og:type\" content=\"article\" \/>\n<meta property=\"og:title\" content=\"Deux ministres \u00e9valuent les d\u00e9g\u00e2ts caus\u00e9s par des pluies au Lyc\u00e9e d\u2019Etoug-Ebe\" \/>\n<meta property=\"og:description\" content=\"Le ministre de l\u2019Administration territoriale, Paul Atanga Nji et le ministre des Enseignements secondaires, Pauline N ...\" \/>\n<meta property=\"og:url\" content=\"https:\/\/www.africa-press.net\/cameroun\/toutes-les-actualites\/deux-ministres-evaluent-les-degats-causes-par-des-pluies-au-lycee-detoug-ebe\" \/>\n<meta property=\"og:site_name\" content=\"Cameroun\" \/>\n<meta property=\"article:published_time\" content=\"2024-03-11T21:49:33+00:00\" \/>\n<meta property=\"article:modified_time\" content=\"2024-03-12T05:56:50+00:00\" \/>\n<meta property=\"og:image\" content=\"https:\/\/static.africa-press.net\/cameroun\/sites\/57\/2024\/03\/sm_1710209750.097728.jpg\" \/>\n\t<meta property=\"og:image:width\" content=\"780\" \/>\n\t<meta property=\"og:image:height\" content=\"440\" \/>\n\t<meta property=\"og:image:type\" content=\"image\/jpeg\" \/>\n<meta name=\"author\" content=\"cfeditorfr\" \/>\n<meta name=\"twitter:card\" content=\"summary_large_image\" \/>\n<meta name=\"twitter:label1\" content=\"\u00c9crit par\" \/>\n\t<meta name=\"twitter:data1\" content=\"cfeditorfr\" \/>\n\t<meta name=\"twitter:label2\" content=\"Dur\u00e9e de lecture estim\u00e9e\" \/>\n\t<meta name=\"twitter:data2\" content=\"1 minute\" \/>\n<script type=\"application\/ld+json\" class=\"yoast-schema-graph\">{\"@context\":\"https:\/\/schema.org\",\"@graph\":[{\"@type\":\"Article\",\"@id\":\"https:\/\/www.africa-press.net\/cameroun\/toutes-les-actualites\/deux-ministres-evaluent-les-degats-causes-par-des-pluies-au-lycee-detoug-ebe#article\",\"isPartOf\":{\"@id\":\"https:\/\/www.africa-press.net\/cameroun\/toutes-les-actualites\/deux-ministres-evaluent-les-degats-causes-par-des-pluies-au-lycee-detoug-ebe\"},\"author\":{\"name\":\"cfeditorfr\",\"@id\":\"https:\/\/www.africa-press.net\/cameroun\/#\/schema\/person\/2b1cf3cd81a31e3cd26889ca66d677f1\"},\"headline\":\"Deux ministres \u00e9valuent les d\u00e9g\u00e2ts caus\u00e9s par des pluies au Lyc\u00e9e d\u2019Etoug-Ebe\",\"datePublished\":\"2024-03-11T21:49:33+00:00\",\"dateModified\":\"2024-03-12T05:56:50+00:00\",\"mainEntityOfPage\":{\"@id\":\"https:\/\/www.africa-press.net\/cameroun\/toutes-les-actualites\/deux-ministres-evaluent-les-degats-causes-par-des-pluies-au-lycee-detoug-ebe\"},\"wordCount\":256,\"commentCount\":0,\"image\":{\"@id\":\"https:\/\/www.africa-press.net\/cameroun\/toutes-les-actualites\/deux-ministres-evaluent-les-degats-causes-par-des-pluies-au-lycee-detoug-ebe#primaryimage\"},\"thumbnailUrl\":\"https:\/\/static.africa-press.net\/cameroun\/sites\/57\/2024\/03\/sm_1710209750.097728.jpg\",\"keywords\":[\"Africa Press\",\"Africa Press-Cameroun\",\"Cameroun\"],\"articleSection\":[\"Communaut\u00e9\",\"Toutes les actualit\u00e9s\"],\"inLanguage\":\"fr-FR\",\"potentialAction\":[{\"@type\":\"CommentAction\",\"name\":\"Comment\",\"target\":[\"https:\/\/www.africa-press.net\/cameroun\/toutes-les-actualites\/deux-ministres-evaluent-les-degats-causes-par-des-pluies-au-lycee-detoug-ebe#respond\"]}]},{\"@type\":\"WebPage\",\"@id\":\"https:\/\/www.africa-press.net\/cameroun\/toutes-les-actualites\/deux-ministres-evaluent-les-degats-causes-par-des-pluies-au-lycee-detoug-ebe\",\"url\":\"https:\/\/www.africa-press.net\/cameroun\/toutes-les-actualites\/deux-ministres-evaluent-les-degats-causes-par-des-pluies-au-lycee-detoug-ebe\",\"name\":\"Deux ministres \u00e9valuent les d\u00e9g\u00e2ts caus\u00e9s par des pluies au Lyc\u00e9e d\u2019Etoug-Ebe - Cameroun\",\"isPartOf\":{\"@id\":\"https:\/\/www.africa-press.net\/cameroun\/#website\"},\"primaryImageOfPage\":{\"@id\":\"https:\/\/www.africa-press.net\/cameroun\/toutes-les-actualites\/deux-ministres-evaluent-les-degats-causes-par-des-pluies-au-lycee-detoug-ebe#primaryimage\"},\"image\":{\"@id\":\"https:\/\/www.africa-press.net\/cameroun\/toutes-les-actualites\/deux-ministres-evaluent-les-degats-causes-par-des-pluies-au-lycee-detoug-ebe#primaryimage\"},\"thumbnailUrl\":\"https:\/\/static.africa-press.net\/cameroun\/sites\/57\/2024\/03\/sm_1710209750.097728.jpg\",\"datePublished\":\"2024-03-11T21:49:33+00:00\",\"dateModified\":\"2024-03-12T05:56:50+00:00\",\"author\":{\"@id\":\"https:\/\/www.africa-press.net\/cameroun\/#\/schema\/person\/2b1cf3cd81a31e3cd26889ca66d677f1\"},\"description\":\"Le ministre de l\u2019Administration territoriale, Paul Atanga Nji et le ministre des Enseignements secondaires, Pauline N ...\",\"breadcrumb\":{\"@id\":\"https:\/\/www.africa-press.net\/cameroun\/toutes-les-actualites\/deux-ministres-evaluent-les-degats-causes-par-des-pluies-au-lycee-detoug-ebe#breadcrumb\"},\"inLanguage\":\"fr-FR\",\"potentialAction\":[{\"@type\":\"ReadAction\",\"target\":[\"https:\/\/www.africa-press.net\/cameroun\/toutes-les-actualites\/deux-ministres-evaluent-les-degats-causes-par-des-pluies-au-lycee-detoug-ebe\"]}]},{\"@type\":\"ImageObject\",\"inLanguage\":\"fr-FR\",\"@id\":\"https:\/\/www.africa-press.net\/cameroun\/toutes-les-actualites\/deux-ministres-evaluent-les-degats-causes-par-des-pluies-au-lycee-detoug-ebe#primaryimage\",\"url\":\"https:\/\/static.africa-press.net\/cameroun\/sites\/57\/2024\/03\/sm_1710209750.097728.jpg\",\"contentUrl\":\"https:\/\/static.africa-press.net\/cameroun\/sites\/57\/2024\/03\/sm_1710209750.097728.jpg\",\"width\":780,\"height\":440,\"caption\":\"Deux ministres \u00e9valuent les d\u00e9g\u00e2ts caus\u00e9s par des pluies au Lyc\u00e9e d\u2019Etoug-Ebe\"},{\"@type\":\"BreadcrumbList\",\"@id\":\"https:\/\/www.africa-press.net\/cameroun\/toutes-les-actualites\/deux-ministres-evaluent-les-degats-causes-par-des-pluies-au-lycee-detoug-ebe#breadcrumb\",\"itemListElement\":[{\"@type\":\"ListItem\",\"position\":1,\"name\":\"Accueil\",\"item\":\"https:\/\/www.africa-press.net\/cameroun\/\"},{\"@type\":\"ListItem\",\"position\":2,\"name\":\"Deux ministres \u00e9valuent les d\u00e9g\u00e2ts caus\u00e9s par des pluies au Lyc\u00e9e d\u2019Etoug-Ebe\"}]},{\"@type\":\"WebSite\",\"@id\":\"https:\/\/www.africa-press.net\/cameroun\/#website\",\"url\":\"https:\/\/www.africa-press.net\/cameroun\/\",\"name\":\"Cameroun\",\"description\":\"Just another Africa News Agency Sites site\",\"potentialAction\":[{\"@type\":\"SearchAction\",\"target\":{\"@type\":\"EntryPoint\",\"urlTemplate\":\"https:\/\/www.africa-press.net\/cameroun\/?s={search_term_string}\"},\"query-input\":{\"@type\":\"PropertyValueSpecification\",\"valueRequired\":true,\"valueName\":\"search_term_string\"}}],\"inLanguage\":\"fr-FR\"},{\"@type\":\"Person\",\"@id\":\"https:\/\/www.africa-press.net\/cameroun\/#\/schema\/person\/2b1cf3cd81a31e3cd26889ca66d677f1\",\"name\":\"cfeditorfr\"}]}<\/script>\n<!-- \/ Yoast SEO Premium plugin. -->","yoast_head_json":{"title":"Deux ministres \u00e9valuent les d\u00e9g\u00e2ts caus\u00e9s par des pluies au Lyc\u00e9e d\u2019Etoug-Ebe - Cameroun","description":"Le ministre de l\u2019Administration territoriale, Paul Atanga Nji et le ministre des Enseignements secondaires, Pauline N ...","robots":{"index":"index","follow":"follow","max-snippet":"max-snippet:-1","max-image-preview":"max-image-preview:large","max-video-preview":"max-video-preview:-1"},"canonical":"https:\/\/www.africa-press.net\/cameroun\/toutes-les-actualites\/deux-ministres-evaluent-les-degats-causes-par-des-pluies-au-lycee-detoug-ebe","og_locale":"fr_FR","og_type":"article","og_title":"Deux ministres \u00e9valuent les d\u00e9g\u00e2ts caus\u00e9s par des pluies au Lyc\u00e9e d\u2019Etoug-Ebe","og_description":"Le ministre de l\u2019Administration territoriale, Paul Atanga Nji et le ministre des Enseignements secondaires, Pauline N ...","og_url":"https:\/\/www.africa-press.net\/cameroun\/toutes-les-actualites\/deux-ministres-evaluent-les-degats-causes-par-des-pluies-au-lycee-detoug-ebe","og_site_name":"Cameroun","article_published_time":"2024-03-11T21:49:33+00:00","article_modified_time":"2024-03-12T05:56:50+00:00","og_image":[{"width":780,"height":440,"url":"https:\/\/static.africa-press.net\/cameroun\/sites\/57\/2024\/03\/sm_1710209750.097728.jpg","type":"image\/jpeg"}],"author":"cfeditorfr","twitter_card":"summary_large_image","twitter_misc":{"\u00c9crit par":"cfeditorfr","Dur\u00e9e de lecture estim\u00e9e":"1 minute"},"schema":{"@context":"https:\/\/schema.org","@graph":[{"@type":"Article","@id":"https:\/\/www.africa-press.net\/cameroun\/toutes-les-actualites\/deux-ministres-evaluent-les-degats-causes-par-des-pluies-au-lycee-detoug-ebe#article","isPartOf":{"@id":"https:\/\/www.africa-press.net\/cameroun\/toutes-les-actualites\/deux-ministres-evaluent-les-degats-causes-par-des-pluies-au-lycee-detoug-ebe"},"author":{"name":"cfeditorfr","@id":"https:\/\/www.africa-press.net\/cameroun\/#\/schema\/person\/2b1cf3cd81a31e3cd26889ca66d677f1"},"headline":"Deux ministres \u00e9valuent les d\u00e9g\u00e2ts caus\u00e9s par des pluies au Lyc\u00e9e d\u2019Etoug-Ebe","datePublished":"2024-03-11T21:49:33+00:00","dateModified":"2024-03-12T05:56:50+00:00","mainEntityOfPage":{"@id":"https:\/\/www.africa-press.net\/cameroun\/toutes-les-actualites\/deux-ministres-evaluent-les-degats-causes-par-des-pluies-au-lycee-detoug-ebe"},"wordCount":256,"commentCount":0,"image":{"@id":"https:\/\/www.africa-press.net\/cameroun\/toutes-les-actualites\/deux-ministres-evaluent-les-degats-causes-par-des-pluies-au-lycee-detoug-ebe#primaryimage"},"thumbnailUrl":"https:\/\/static.africa-press.net\/cameroun\/sites\/57\/2024\/03\/sm_1710209750.097728.jpg","keywords":["Africa Press","Africa Press-Cameroun","Cameroun"],"articleSection":["Communaut\u00e9","Toutes les actualit\u00e9s"],"inLanguage":"fr-FR","potentialAction":[{"@type":"CommentAction","name":"Comment","target":["https:\/\/www.africa-press.net\/cameroun\/toutes-les-actualites\/deux-ministres-evaluent-les-degats-causes-par-des-pluies-au-lycee-detoug-ebe#respond"]}]},{"@type":"WebPage","@id":"https:\/\/www.africa-press.net\/cameroun\/toutes-les-actualites\/deux-ministres-evaluent-les-degats-causes-par-des-pluies-au-lycee-detoug-ebe","url":"https:\/\/www.africa-press.net\/cameroun\/toutes-les-actualites\/deux-ministres-evaluent-les-degats-causes-par-des-pluies-au-lycee-detoug-ebe","name":"Deux ministres \u00e9valuent les d\u00e9g\u00e2ts caus\u00e9s par des pluies au Lyc\u00e9e d\u2019Etoug-Ebe - Cameroun","isPartOf":{"@id":"https:\/\/www.africa-press.net\/cameroun\/#website"},"primaryImageOfPage":{"@id":"https:\/\/www.africa-press.net\/cameroun\/toutes-les-actualites\/deux-ministres-evaluent-les-degats-causes-par-des-pluies-au-lycee-detoug-ebe#primaryimage"},"image":{"@id":"https:\/\/www.africa-press.net\/cameroun\/toutes-les-actualites\/deux-ministres-evaluent-les-degats-causes-par-des-pluies-au-lycee-detoug-ebe#primaryimage"},"thumbnailUrl":"https:\/\/static.africa-press.net\/cameroun\/sites\/57\/2024\/03\/sm_1710209750.097728.jpg","datePublished":"2024-03-11T21:49:33+00:00","dateModified":"2024-03-12T05:56:50+00:00","author":{"@id":"https:\/\/www.africa-press.net\/cameroun\/#\/schema\/person\/2b1cf3cd81a31e3cd26889ca66d677f1"},"description":"Le ministre de l\u2019Administration territoriale, Paul Atanga Nji et le ministre des Enseignements secondaires, Pauline N ...","breadcrumb":{"@id":"https:\/\/www.africa-press.net\/cameroun\/toutes-les-actualites\/deux-ministres-evaluent-les-degats-causes-par-des-pluies-au-lycee-detoug-ebe#breadcrumb"},"inLanguage":"fr-FR","potentialAction":[{"@type":"ReadAction","target":["https:\/\/www.africa-press.net\/cameroun\/toutes-les-actualites\/deux-ministres-evaluent-les-degats-causes-par-des-pluies-au-lycee-detoug-ebe"]}]},{"@type":"ImageObject","inLanguage":"fr-FR","@id":"https:\/\/www.africa-press.net\/cameroun\/toutes-les-actualites\/deux-ministres-evaluent-les-degats-causes-par-des-pluies-au-lycee-detoug-ebe#primaryimage","url":"https:\/\/static.africa-press.net\/cameroun\/sites\/57\/2024\/03\/sm_1710209750.097728.jpg","contentUrl":"https:\/\/static.africa-press.net\/cameroun\/sites\/57\/2024\/03\/sm_1710209750.097728.jpg","width":780,"height":440,"caption":"Deux ministres \u00e9valuent les d\u00e9g\u00e2ts caus\u00e9s par des pluies au Lyc\u00e9e d\u2019Etoug-Ebe"},{"@type":"BreadcrumbList","@id":"https:\/\/www.africa-press.net\/cameroun\/toutes-les-actualites\/deux-ministres-evaluent-les-degats-causes-par-des-pluies-au-lycee-detoug-ebe#breadcrumb","itemListElement":[{"@type":"ListItem","position":1,"name":"Accueil","item":"https:\/\/www.africa-press.net\/cameroun\/"},{"@type":"ListItem","position":2,"name":"Deux ministres \u00e9valuent les d\u00e9g\u00e2ts caus\u00e9s par des pluies au Lyc\u00e9e d\u2019Etoug-Ebe"}]},{"@type":"WebSite","@id":"https:\/\/www.africa-press.net\/cameroun\/#website","url":"https:\/\/www.africa-press.net\/cameroun\/","name":"Cameroun","description":"Just another Africa News Agency Sites site","potentialAction":[{"@type":"SearchAction","target":{"@type":"EntryPoint","urlTemplate":"https:\/\/www.africa-press.net\/cameroun\/?s={search_term_string}"},"query-input":{"@type":"PropertyValueSpecification","valueRequired":true,"valueName":"search_term_string"}}],"inLanguage":"fr-FR"},{"@type":"Person","@id":"https:\/\/www.africa-press.net\/cameroun\/#\/schema\/person\/2b1cf3cd81a31e3cd26889ca66d677f1","name":"cfeditorfr"}]}},"_links":{"self":[{"href":"https:\/\/www.africa-press.net\/cameroun\/wp-json\/wp\/v2\/posts\/62038","targetHints":{"allow":["GET"]}}],"collection":[{"href":"https:\/\/www.africa-press.net\/cameroun\/wp-json\/wp\/v2\/posts"}],"about":[{"href":"https:\/\/www.africa-press.net\/cameroun\/wp-json\/wp\/v2\/types\/post"}],"author":[{"embeddable":true,"href":"https:\/\/www.africa-press.net\/cameroun\/wp-json\/wp\/v2\/users\/82"}],"replies":[{"embeddable":true,"href":"https:\/\/www.africa-press.net\/cameroun\/wp-json\/wp\/v2\/comments?post=62038"}],"version-history":[{"count":0,"href":"https:\/\/www.africa-press.net\/cameroun\/wp-json\/wp\/v2\/posts\/62038\/revisions"}],"wp:featuredmedia":[{"embeddable":true,"href":"https:\/\/www.africa-press.net\/cameroun\/wp-json\/wp\/v2\/media\/62037"}],"wp:attachment":[{"href":"https:\/\/www.africa-press.net\/cameroun\/wp-json\/wp\/v2\/media?parent=62038"}],"wp:term":[{"taxonomy":"category","embeddable":true,"href":"https:\/\/www.africa-press.net\/cameroun\/wp-json\/wp\/v2\/categories?post=62038"},{"taxonomy":"post_tag","embeddable":true,"href":"https:\/\/www.africa-press.net\/cameroun\/wp-json\/wp\/v2\/tags?post=62038"}],"curies":[{"name":"wp","href":"https:\/\/api.w.org\/{rel}","templated":true}]}}