{"id":62051,"date":"2024-03-11T21:50:29","date_gmt":"2024-03-11T21:50:29","guid":{"rendered":"https:\/\/www.africa-press.net\/cameroun\/politique\/boxe-nous-avons-venge-le-pays-kevin-lele-sadjo"},"modified":"2024-03-12T06:05:50","modified_gmt":"2024-03-12T06:05:50","slug":"boxe-nous-avons-venge-le-pays-kevin-lele-sadjo","status":"publish","type":"post","link":"https:\/\/www.africa-press.net\/cameroun\/sports\/boxe-nous-avons-venge-le-pays-kevin-lele-sadjo","title":{"rendered":"Boxe : \u00ab Nous avons veng\u00e9 le pays \u00bb K\u00e9vin Lele Sadjo"},"content":{"rendered":"<p><span style=\"color: #ff6600\"><strong>Africa-Press &#8211; Cameroun. <\/strong><\/span><b>Le Franco-Camerounais a fait cette de\u0301claration apre\u0300s sa victoire dans la cate\u0301gorie des super-moyens, samedi, suite a\u0300 aux pre\u0301ce\u0301dentes de\u0301faites de Ce\u0301dric Doumbe et Francis Ngannou.<\/b><\/p>\n<p>Trois Camerounais e\u0301taient sur le ring en fin de semaine dernie\u0300re. Cependant, deux d\u2019entre eux ont subi des revers. En lever de rideau, <b>Ce\u0301dric Doumbe<\/b> s\u2019est incline\u0301 devant Baki (Baysangour Chamsoudinov) et le lendemain, <b>Francis Ngannou<\/b> a perdu son combat contre Anthony Joshua. Le dernier Camerounais en lice e\u0301tait Ke\u0301vin Lele Sadjo.<\/p>\n<p>Lors de son combat en cate\u0301gorie super-moyens aux <b>Championnats d\u2019Europe<\/b>, le Franco-Camerounais est venu a\u0300 bout de Giovanni De Carolis. Il a battu l\u2019Italien par TKO au 8e round et a de\u0301clare\u0301: \u00ab Je devais le boxer le 2 de\u0301cembre a\u0300 Marseille, mais je n\u2019ai pas pu le faire. Et j\u2019avais vraiment une flamme en moi. Elle ne pouvait pas e\u0302tre e\u0301teinte par cet adversaire parce que j\u2019avais travaille\u0301 si dur. J\u2019ai quitte\u0301 ma famille, ma femme et mon fils, pour aller me pre\u0301parer. Je voulais vraiment l\u2019affronter. Comme je l\u2019ai dit lors de la confe\u0301rence de presse, je vais le boxer en tant que tel: Je vais le boxer comme s\u2019il me devait de l\u2019argent. Chaque coup que j\u2019ai donne\u0301, il a rembourse\u0301 sa dette envers moi. \u00bb<\/p>\n<p>Ce\u0301le\u0301brant sa victoire, il n\u2019a pas he\u0301site\u0301 a\u0300 envoyer un message de re\u0301confort a\u0300 Ce\u0301dric Doumbe et Francis Ngannou: \u00ab Nous avons venge\u0301 l\u2019honneur du pays. J\u2019espe\u0300re qu\u2019ils se remettront rapidement de cette de\u0301faite. J\u2019ai confiance en eux. Je sais qu\u2019ils se rele\u0300veront et reviendront beaucoup plus forts pour repre\u0301senter le vert, le rouge et le jaune. \u00bb<\/p>\n<p>Ne\u0301 le 06 avril 1990 au Cameroun, Ke\u0301vin Lele Sadjo est un ancien footballeur professionnel qui s\u2019est reconverti dans la boxe et est passe\u0301 professionnel en 2018.<\/p>\n<p><strong>Pour plus d&rsquo;informations et d&rsquo;analyses sur la <a href=\"https:\/\/www.africa-press.net\/cameroun\">Cameroun<\/a>, suivez <a href=\"https:\/\/www.africa-press.net\/\">Africa-Press<\/a><\/strong><\/p>\n","protected":false},"excerpt":{"rendered":"<p>Africa-Press &#8211; Cameroun. Le Franco-Camerounais a fait cette de\u0301claration apre\u0300s sa victoire dans la cate\u0301gorie des super-moyens, samedi, suite a\u0300 aux pre\u0301ce\u0301dentes de\u0301faites de Ce\u0301dric Doumbe et Francis Ngannou. Trois Camerounais e\u0301taient sur le ring en fin de semaine dernie\u0300re. Cependant, deux d\u2019entre eux ont subi des revers. En lever de rideau, Ce\u0301dric Doumbe s\u2019est [&hellip;]<\/p>\n","protected":false},"author":82,"featured_media":62050,"comment_status":"open","ping_status":"closed","sticky":false,"template":"","format":"standard","meta":{"footnotes":""},"categories":[6,10],"tags":[36,50,49],"class_list":["post-62051","post","type-post","status-publish","format-standard","has-post-thumbnail","hentry","category-sports","category-toutes-les-actualites","tag-africa-press","tag-africa-press-cameroun","tag-cameroun"],"yoast_head":"<!-- This site is optimized with the Yoast SEO Premium plugin v26.1 (Yoast SEO v27.0) - https:\/\/yoast.com\/product\/yoast-seo-premium-wordpress\/ -->\n<title>Boxe : \u00ab Nous avons veng\u00e9 le pays \u00bb K\u00e9vin Lele Sadjo - Cameroun<\/title>\n<meta name=\"description\" content=\"Le Franco-Camerounais a fait cette de\u0301claration apre\u0300s sa victoire dans la cate\u0301gorie des super-moyens, samedi, suite ...\" \/>\n<meta name=\"robots\" content=\"index, follow, max-snippet:-1, max-image-preview:large, max-video-preview:-1\" \/>\n<link rel=\"canonical\" href=\"https:\/\/www.africa-press.net\/cameroun\/sports\/boxe-nous-avons-venge-le-pays-kevin-lele-sadjo\" \/>\n<meta property=\"og:locale\" content=\"fr_FR\" \/>\n<meta property=\"og:type\" content=\"article\" \/>\n<meta property=\"og:title\" content=\"Boxe : \u00ab Nous avons veng\u00e9 le pays \u00bb K\u00e9vin Lele Sadjo\" \/>\n<meta property=\"og:description\" content=\"Le Franco-Camerounais a fait cette de\u0301claration apre\u0300s sa victoire dans la cate\u0301gorie des super-moyens, samedi, suite ...\" \/>\n<meta property=\"og:url\" content=\"https:\/\/www.africa-press.net\/cameroun\/sports\/boxe-nous-avons-venge-le-pays-kevin-lele-sadjo\" \/>\n<meta property=\"og:site_name\" content=\"Cameroun\" \/>\n<meta property=\"article:published_time\" content=\"2024-03-11T21:50:29+00:00\" \/>\n<meta property=\"article:modified_time\" content=\"2024-03-12T06:05:50+00:00\" \/>\n<meta property=\"og:image\" content=\"https:\/\/static.africa-press.net\/cameroun\/sites\/57\/2024\/03\/sm_1710210204.157992.jpg\" \/>\n\t<meta property=\"og:image:width\" content=\"780\" \/>\n\t<meta property=\"og:image:height\" content=\"440\" \/>\n\t<meta property=\"og:image:type\" content=\"image\/jpeg\" \/>\n<meta name=\"author\" content=\"cfeditorfr\" \/>\n<meta name=\"twitter:card\" content=\"summary_large_image\" \/>\n<meta name=\"twitter:label1\" content=\"\u00c9crit par\" \/>\n\t<meta name=\"twitter:data1\" content=\"cfeditorfr\" \/>\n\t<meta name=\"twitter:label2\" content=\"Dur\u00e9e de lecture estim\u00e9e\" \/>\n\t<meta name=\"twitter:data2\" content=\"2 minutes\" \/>\n<script type=\"application\/ld+json\" class=\"yoast-schema-graph\">{\"@context\":\"https:\/\/schema.org\",\"@graph\":[{\"@type\":\"Article\",\"@id\":\"https:\/\/www.africa-press.net\/cameroun\/sports\/boxe-nous-avons-venge-le-pays-kevin-lele-sadjo#article\",\"isPartOf\":{\"@id\":\"https:\/\/www.africa-press.net\/cameroun\/sports\/boxe-nous-avons-venge-le-pays-kevin-lele-sadjo\"},\"author\":{\"name\":\"cfeditorfr\",\"@id\":\"https:\/\/www.africa-press.net\/cameroun\/#\/schema\/person\/2b1cf3cd81a31e3cd26889ca66d677f1\"},\"headline\":\"Boxe : \u00ab Nous avons veng\u00e9 le pays \u00bb K\u00e9vin Lele Sadjo\",\"datePublished\":\"2024-03-11T21:50:29+00:00\",\"dateModified\":\"2024-03-12T06:05:50+00:00\",\"mainEntityOfPage\":{\"@id\":\"https:\/\/www.africa-press.net\/cameroun\/sports\/boxe-nous-avons-venge-le-pays-kevin-lele-sadjo\"},\"wordCount\":358,\"commentCount\":0,\"image\":{\"@id\":\"https:\/\/www.africa-press.net\/cameroun\/sports\/boxe-nous-avons-venge-le-pays-kevin-lele-sadjo#primaryimage\"},\"thumbnailUrl\":\"https:\/\/static.africa-press.net\/cameroun\/sites\/57\/2024\/03\/sm_1710210204.157992.jpg\",\"keywords\":[\"Africa Press\",\"Africa Press-Cameroun\",\"Cameroun\"],\"articleSection\":[\"Sports\",\"Toutes les actualit\u00e9s\"],\"inLanguage\":\"fr-FR\",\"potentialAction\":[{\"@type\":\"CommentAction\",\"name\":\"Comment\",\"target\":[\"https:\/\/www.africa-press.net\/cameroun\/sports\/boxe-nous-avons-venge-le-pays-kevin-lele-sadjo#respond\"]}]},{\"@type\":\"WebPage\",\"@id\":\"https:\/\/www.africa-press.net\/cameroun\/sports\/boxe-nous-avons-venge-le-pays-kevin-lele-sadjo\",\"url\":\"https:\/\/www.africa-press.net\/cameroun\/sports\/boxe-nous-avons-venge-le-pays-kevin-lele-sadjo\",\"name\":\"Boxe : \u00ab Nous avons veng\u00e9 le pays \u00bb K\u00e9vin Lele Sadjo - Cameroun\",\"isPartOf\":{\"@id\":\"https:\/\/www.africa-press.net\/cameroun\/#website\"},\"primaryImageOfPage\":{\"@id\":\"https:\/\/www.africa-press.net\/cameroun\/sports\/boxe-nous-avons-venge-le-pays-kevin-lele-sadjo#primaryimage\"},\"image\":{\"@id\":\"https:\/\/www.africa-press.net\/cameroun\/sports\/boxe-nous-avons-venge-le-pays-kevin-lele-sadjo#primaryimage\"},\"thumbnailUrl\":\"https:\/\/static.africa-press.net\/cameroun\/sites\/57\/2024\/03\/sm_1710210204.157992.jpg\",\"datePublished\":\"2024-03-11T21:50:29+00:00\",\"dateModified\":\"2024-03-12T06:05:50+00:00\",\"author\":{\"@id\":\"https:\/\/www.africa-press.net\/cameroun\/#\/schema\/person\/2b1cf3cd81a31e3cd26889ca66d677f1\"},\"description\":\"Le Franco-Camerounais a fait cette de\u0301claration apre\u0300s sa victoire dans la cate\u0301gorie des super-moyens, samedi, suite ...\",\"breadcrumb\":{\"@id\":\"https:\/\/www.africa-press.net\/cameroun\/sports\/boxe-nous-avons-venge-le-pays-kevin-lele-sadjo#breadcrumb\"},\"inLanguage\":\"fr-FR\",\"potentialAction\":[{\"@type\":\"ReadAction\",\"target\":[\"https:\/\/www.africa-press.net\/cameroun\/sports\/boxe-nous-avons-venge-le-pays-kevin-lele-sadjo\"]}]},{\"@type\":\"ImageObject\",\"inLanguage\":\"fr-FR\",\"@id\":\"https:\/\/www.africa-press.net\/cameroun\/sports\/boxe-nous-avons-venge-le-pays-kevin-lele-sadjo#primaryimage\",\"url\":\"https:\/\/static.africa-press.net\/cameroun\/sites\/57\/2024\/03\/sm_1710210204.157992.jpg\",\"contentUrl\":\"https:\/\/static.africa-press.net\/cameroun\/sites\/57\/2024\/03\/sm_1710210204.157992.jpg\",\"width\":780,\"height\":440,\"caption\":\"Boxe : \u00ab Nous avons veng\u00e9 le pays \u00bb K\u00e9vin Lele Sadjo\"},{\"@type\":\"BreadcrumbList\",\"@id\":\"https:\/\/www.africa-press.net\/cameroun\/sports\/boxe-nous-avons-venge-le-pays-kevin-lele-sadjo#breadcrumb\",\"itemListElement\":[{\"@type\":\"ListItem\",\"position\":1,\"name\":\"Accueil\",\"item\":\"https:\/\/www.africa-press.net\/cameroun\/\"},{\"@type\":\"ListItem\",\"position\":2,\"name\":\"Boxe : \u00ab Nous avons veng\u00e9 le pays \u00bb K\u00e9vin Lele Sadjo\"}]},{\"@type\":\"WebSite\",\"@id\":\"https:\/\/www.africa-press.net\/cameroun\/#website\",\"url\":\"https:\/\/www.africa-press.net\/cameroun\/\",\"name\":\"Cameroun\",\"description\":\"Just another Africa News Agency Sites site\",\"potentialAction\":[{\"@type\":\"SearchAction\",\"target\":{\"@type\":\"EntryPoint\",\"urlTemplate\":\"https:\/\/www.africa-press.net\/cameroun\/?s={search_term_string}\"},\"query-input\":{\"@type\":\"PropertyValueSpecification\",\"valueRequired\":true,\"valueName\":\"search_term_string\"}}],\"inLanguage\":\"fr-FR\"},{\"@type\":\"Person\",\"@id\":\"https:\/\/www.africa-press.net\/cameroun\/#\/schema\/person\/2b1cf3cd81a31e3cd26889ca66d677f1\",\"name\":\"cfeditorfr\"}]}<\/script>\n<!-- \/ Yoast SEO Premium plugin. -->","yoast_head_json":{"title":"Boxe : \u00ab Nous avons veng\u00e9 le pays \u00bb K\u00e9vin Lele Sadjo - Cameroun","description":"Le Franco-Camerounais a fait cette de\u0301claration apre\u0300s sa victoire dans la cate\u0301gorie des super-moyens, samedi, suite ...","robots":{"index":"index","follow":"follow","max-snippet":"max-snippet:-1","max-image-preview":"max-image-preview:large","max-video-preview":"max-video-preview:-1"},"canonical":"https:\/\/www.africa-press.net\/cameroun\/sports\/boxe-nous-avons-venge-le-pays-kevin-lele-sadjo","og_locale":"fr_FR","og_type":"article","og_title":"Boxe : \u00ab Nous avons veng\u00e9 le pays \u00bb K\u00e9vin Lele Sadjo","og_description":"Le Franco-Camerounais a fait cette de\u0301claration apre\u0300s sa victoire dans la cate\u0301gorie des super-moyens, samedi, suite ...","og_url":"https:\/\/www.africa-press.net\/cameroun\/sports\/boxe-nous-avons-venge-le-pays-kevin-lele-sadjo","og_site_name":"Cameroun","article_published_time":"2024-03-11T21:50:29+00:00","article_modified_time":"2024-03-12T06:05:50+00:00","og_image":[{"width":780,"height":440,"url":"https:\/\/static.africa-press.net\/cameroun\/sites\/57\/2024\/03\/sm_1710210204.157992.jpg","type":"image\/jpeg"}],"author":"cfeditorfr","twitter_card":"summary_large_image","twitter_misc":{"\u00c9crit par":"cfeditorfr","Dur\u00e9e de lecture estim\u00e9e":"2 minutes"},"schema":{"@context":"https:\/\/schema.org","@graph":[{"@type":"Article","@id":"https:\/\/www.africa-press.net\/cameroun\/sports\/boxe-nous-avons-venge-le-pays-kevin-lele-sadjo#article","isPartOf":{"@id":"https:\/\/www.africa-press.net\/cameroun\/sports\/boxe-nous-avons-venge-le-pays-kevin-lele-sadjo"},"author":{"name":"cfeditorfr","@id":"https:\/\/www.africa-press.net\/cameroun\/#\/schema\/person\/2b1cf3cd81a31e3cd26889ca66d677f1"},"headline":"Boxe : \u00ab Nous avons veng\u00e9 le pays \u00bb K\u00e9vin Lele Sadjo","datePublished":"2024-03-11T21:50:29+00:00","dateModified":"2024-03-12T06:05:50+00:00","mainEntityOfPage":{"@id":"https:\/\/www.africa-press.net\/cameroun\/sports\/boxe-nous-avons-venge-le-pays-kevin-lele-sadjo"},"wordCount":358,"commentCount":0,"image":{"@id":"https:\/\/www.africa-press.net\/cameroun\/sports\/boxe-nous-avons-venge-le-pays-kevin-lele-sadjo#primaryimage"},"thumbnailUrl":"https:\/\/static.africa-press.net\/cameroun\/sites\/57\/2024\/03\/sm_1710210204.157992.jpg","keywords":["Africa Press","Africa Press-Cameroun","Cameroun"],"articleSection":["Sports","Toutes les actualit\u00e9s"],"inLanguage":"fr-FR","potentialAction":[{"@type":"CommentAction","name":"Comment","target":["https:\/\/www.africa-press.net\/cameroun\/sports\/boxe-nous-avons-venge-le-pays-kevin-lele-sadjo#respond"]}]},{"@type":"WebPage","@id":"https:\/\/www.africa-press.net\/cameroun\/sports\/boxe-nous-avons-venge-le-pays-kevin-lele-sadjo","url":"https:\/\/www.africa-press.net\/cameroun\/sports\/boxe-nous-avons-venge-le-pays-kevin-lele-sadjo","name":"Boxe : \u00ab Nous avons veng\u00e9 le pays \u00bb K\u00e9vin Lele Sadjo - Cameroun","isPartOf":{"@id":"https:\/\/www.africa-press.net\/cameroun\/#website"},"primaryImageOfPage":{"@id":"https:\/\/www.africa-press.net\/cameroun\/sports\/boxe-nous-avons-venge-le-pays-kevin-lele-sadjo#primaryimage"},"image":{"@id":"https:\/\/www.africa-press.net\/cameroun\/sports\/boxe-nous-avons-venge-le-pays-kevin-lele-sadjo#primaryimage"},"thumbnailUrl":"https:\/\/static.africa-press.net\/cameroun\/sites\/57\/2024\/03\/sm_1710210204.157992.jpg","datePublished":"2024-03-11T21:50:29+00:00","dateModified":"2024-03-12T06:05:50+00:00","author":{"@id":"https:\/\/www.africa-press.net\/cameroun\/#\/schema\/person\/2b1cf3cd81a31e3cd26889ca66d677f1"},"description":"Le Franco-Camerounais a fait cette de\u0301claration apre\u0300s sa victoire dans la cate\u0301gorie des super-moyens, samedi, suite ...","breadcrumb":{"@id":"https:\/\/www.africa-press.net\/cameroun\/sports\/boxe-nous-avons-venge-le-pays-kevin-lele-sadjo#breadcrumb"},"inLanguage":"fr-FR","potentialAction":[{"@type":"ReadAction","target":["https:\/\/www.africa-press.net\/cameroun\/sports\/boxe-nous-avons-venge-le-pays-kevin-lele-sadjo"]}]},{"@type":"ImageObject","inLanguage":"fr-FR","@id":"https:\/\/www.africa-press.net\/cameroun\/sports\/boxe-nous-avons-venge-le-pays-kevin-lele-sadjo#primaryimage","url":"https:\/\/static.africa-press.net\/cameroun\/sites\/57\/2024\/03\/sm_1710210204.157992.jpg","contentUrl":"https:\/\/static.africa-press.net\/cameroun\/sites\/57\/2024\/03\/sm_1710210204.157992.jpg","width":780,"height":440,"caption":"Boxe : \u00ab Nous avons veng\u00e9 le pays \u00bb K\u00e9vin Lele Sadjo"},{"@type":"BreadcrumbList","@id":"https:\/\/www.africa-press.net\/cameroun\/sports\/boxe-nous-avons-venge-le-pays-kevin-lele-sadjo#breadcrumb","itemListElement":[{"@type":"ListItem","position":1,"name":"Accueil","item":"https:\/\/www.africa-press.net\/cameroun\/"},{"@type":"ListItem","position":2,"name":"Boxe : \u00ab Nous avons veng\u00e9 le pays \u00bb K\u00e9vin Lele Sadjo"}]},{"@type":"WebSite","@id":"https:\/\/www.africa-press.net\/cameroun\/#website","url":"https:\/\/www.africa-press.net\/cameroun\/","name":"Cameroun","description":"Just another Africa News Agency Sites site","potentialAction":[{"@type":"SearchAction","target":{"@type":"EntryPoint","urlTemplate":"https:\/\/www.africa-press.net\/cameroun\/?s={search_term_string}"},"query-input":{"@type":"PropertyValueSpecification","valueRequired":true,"valueName":"search_term_string"}}],"inLanguage":"fr-FR"},{"@type":"Person","@id":"https:\/\/www.africa-press.net\/cameroun\/#\/schema\/person\/2b1cf3cd81a31e3cd26889ca66d677f1","name":"cfeditorfr"}]}},"_links":{"self":[{"href":"https:\/\/www.africa-press.net\/cameroun\/wp-json\/wp\/v2\/posts\/62051","targetHints":{"allow":["GET"]}}],"collection":[{"href":"https:\/\/www.africa-press.net\/cameroun\/wp-json\/wp\/v2\/posts"}],"about":[{"href":"https:\/\/www.africa-press.net\/cameroun\/wp-json\/wp\/v2\/types\/post"}],"author":[{"embeddable":true,"href":"https:\/\/www.africa-press.net\/cameroun\/wp-json\/wp\/v2\/users\/82"}],"replies":[{"embeddable":true,"href":"https:\/\/www.africa-press.net\/cameroun\/wp-json\/wp\/v2\/comments?post=62051"}],"version-history":[{"count":0,"href":"https:\/\/www.africa-press.net\/cameroun\/wp-json\/wp\/v2\/posts\/62051\/revisions"}],"wp:featuredmedia":[{"embeddable":true,"href":"https:\/\/www.africa-press.net\/cameroun\/wp-json\/wp\/v2\/media\/62050"}],"wp:attachment":[{"href":"https:\/\/www.africa-press.net\/cameroun\/wp-json\/wp\/v2\/media?parent=62051"}],"wp:term":[{"taxonomy":"category","embeddable":true,"href":"https:\/\/www.africa-press.net\/cameroun\/wp-json\/wp\/v2\/categories?post=62051"},{"taxonomy":"post_tag","embeddable":true,"href":"https:\/\/www.africa-press.net\/cameroun\/wp-json\/wp\/v2\/tags?post=62051"}],"curies":[{"name":"wp","href":"https:\/\/api.w.org\/{rel}","templated":true}]}}