{"id":62053,"date":"2024-03-11T21:50:35","date_gmt":"2024-03-11T21:50:35","guid":{"rendered":"https:\/\/www.africa-press.net\/cameroun\/politique\/cemac-exportation-des-grumes-linterdiction-de-sortie-prevue-pour-janvier-2022-renvoyee-a-2028"},"modified":"2024-03-12T06:06:46","modified_gmt":"2024-03-12T06:06:46","slug":"cemac-exportation-des-grumes-linterdiction-de-sortie-prevue-pour-janvier-2022-renvoyee-a-2028","status":"publish","type":"post","link":"https:\/\/www.africa-press.net\/cameroun\/economie\/cemac-exportation-des-grumes-linterdiction-de-sortie-prevue-pour-janvier-2022-renvoyee-a-2028","title":{"rendered":"Cemac-exportation des grumes : l\u2019interdiction de sortie pr\u00e9vue pour janvier 2022 renvoy\u00e9e \u00e0 2028"},"content":{"rendered":"<p><span style=\"color: #ff6600\"><strong>Africa-Press &#8211; Cameroun. <\/strong><\/span><b>Les pays de la Communaute\u0301 e\u0301conomique et mone\u0301taire de l\u2019Afrique Centrale annoncent l\u2019entre\u0301e en vigueur de cette mesure pour le 1er janvier 2028.<\/b><\/p>\n<p>Les E\u0301tats d\u2019Afrique centrale ont jusqu\u2019au 1er janvier 2028 pour interdire \u00ab de fac\u0327on absolue \u00bb l\u2019exportation de bois non transforme\u0301, selon le texte officiel signe\u0301 par le pre\u0301sident du Conseil des ministres de l\u2019Union e\u0301conomique de l\u2019Afrique centrale l\u2019UEAC, fin fe\u0301vrier a\u0300 Bangui. Mais, chacun des pays est charge\u0301 de la mettre \u00ab progressivement \u00bb en \u0153uvre de\u0300s le 1er janvier 2025.<\/p>\n<p>\u00ab A\u0300 compter du 1er janvier 2025, les E\u0301tats membres de la Cemac et la Re\u0301publique de\u0301mocratique du Congo prennent, chacun en ce qui le concerne, les dispositions utiles pour l\u2019interdiction, de manie\u0300re progressive, des exportations de bois tropicaux sous forme de grumes. L\u2019interdiction mentionne\u0301e a\u0300 l\u2019aline\u0301a pre\u0301ce\u0301dent s\u2019e\u0301tend inte\u0301gralement et de fac\u0327on absolue a\u0300 tous les E\u0301tats concerne\u0301s a\u0300 compter du 1er janvier 2028. (&#8230;) Toutefois, les exportations sous forme de grumes restent autorise\u0301es entre pays de la Cemac, ainsi qu\u2019avec la RD Congo, afin d\u2019encourager les e\u0301changes industriels dans le cadre de l\u2019activation des chai\u0302nes de valeurs transfrontalie\u0300res \u00bb, peut-on lire dans la de\u0301cision signe\u0301e par le Pr Richard Filakota, pre\u0301sident du conseil des ministres de l\u2019Union e\u0301conomique de l\u2019Afrique centrale (UEAC).<\/p>\n<p>Selon RFI, l\u2019e\u0301che\u0301ance de 2028 ne changera rien, ou presque, pour le Gabon, qui est le pionnier du Bassin du Congo et n\u2019exporte plus de grumes non transforme\u0301es depuis plus de dix ans. Pour le Cameroun, le Tchad, la Re\u0301publique centrafricaine ou encore la Guine\u0301e E\u0301quatoriale, le calendrier fixe\u0301 est en revanche toujours un de\u0301fi.<\/p>\n<p>\u00ab A\u0300 titre d\u2019exemple, malgre\u0301 les progre\u0300s re\u0301alise\u0301s, le Cameroun a encore exporte\u0301 en 2022, 850 000 m3 de grumes. Me\u0302me au Congo-Brazzaville ou\u0300 l\u2019interdiction est en \u0153uvre depuis le 1er janvier 2023, l\u2019exportation continue, via l\u2019octroi de quotas de grumes a\u0300 des socie\u0301te\u0301s asiatiques, qui repre\u0301sentent des centaines de milliers de m3, selon Alain Karsenty expert de la filie\u0300re bois au Cirad (Centre de coope\u0301ration internationale en recherche agronomique pour le de\u0301veloppement) \u00bb, explique RFI.<\/p>\n<p>Si ces pays n\u2019ont pas re\u0301ussi a\u0300 suivre la voie du Gabon, c\u2019est en grande partie en raison des \u00ab risques financiers \u00bb que l\u2019interdiction d\u2019exporter du bois brut fait peser sur les e\u0301conomies des E\u0301tats, explique la Cemac.<\/p>\n<p><strong>Pour plus d&rsquo;informations et d&rsquo;analyses sur la <a href=\"https:\/\/www.africa-press.net\/cameroun\">Cameroun<\/a>, suivez <a href=\"https:\/\/www.africa-press.net\/\">Africa-Press<\/a><\/strong><\/p>\n","protected":false},"excerpt":{"rendered":"<p>Africa-Press &#8211; Cameroun. Les pays de la Communaute\u0301 e\u0301conomique et mone\u0301taire de l\u2019Afrique Centrale annoncent l\u2019entre\u0301e en vigueur de cette mesure pour le 1er janvier 2028. Les E\u0301tats d\u2019Afrique centrale ont jusqu\u2019au 1er janvier 2028 pour interdire \u00ab de fac\u0327on absolue \u00bb l\u2019exportation de bois non transforme\u0301, selon le texte officiel signe\u0301 par le pre\u0301sident [&hellip;]<\/p>\n","protected":false},"author":82,"featured_media":62052,"comment_status":"open","ping_status":"closed","sticky":false,"template":"","format":"standard","meta":{"footnotes":""},"categories":[3,10],"tags":[36,50,49],"class_list":["post-62053","post","type-post","status-publish","format-standard","has-post-thumbnail","hentry","category-economie","category-toutes-les-actualites","tag-africa-press","tag-africa-press-cameroun","tag-cameroun"],"yoast_head":"<!-- This site is optimized with the Yoast SEO Premium plugin v26.1 (Yoast SEO v27.0) - https:\/\/yoast.com\/product\/yoast-seo-premium-wordpress\/ -->\n<title>Cemac-exportation des grumes : l\u2019interdiction de sortie pr\u00e9vue pour janvier 2022 renvoy\u00e9e \u00e0 2028 - Cameroun<\/title>\n<meta name=\"description\" content=\"Les pays de la Communaute\u0301 e\u0301conomique et mone\u0301taire de l\u2019Afrique Centrale annoncent l\u2019entre\u0301e en vigueur de cette me ...\" \/>\n<meta name=\"robots\" content=\"index, follow, max-snippet:-1, max-image-preview:large, max-video-preview:-1\" \/>\n<link rel=\"canonical\" href=\"https:\/\/www.africa-press.net\/cameroun\/economie\/cemac-exportation-des-grumes-linterdiction-de-sortie-prevue-pour-janvier-2022-renvoyee-a-2028\" \/>\n<meta property=\"og:locale\" content=\"fr_FR\" \/>\n<meta property=\"og:type\" content=\"article\" \/>\n<meta property=\"og:title\" content=\"Cemac-exportation des grumes : l\u2019interdiction de sortie pr\u00e9vue pour janvier 2022 renvoy\u00e9e \u00e0 2028\" \/>\n<meta property=\"og:description\" content=\"Les pays de la Communaute\u0301 e\u0301conomique et mone\u0301taire de l\u2019Afrique Centrale annoncent l\u2019entre\u0301e en vigueur de cette me ...\" \/>\n<meta property=\"og:url\" content=\"https:\/\/www.africa-press.net\/cameroun\/economie\/cemac-exportation-des-grumes-linterdiction-de-sortie-prevue-pour-janvier-2022-renvoyee-a-2028\" \/>\n<meta property=\"og:site_name\" content=\"Cameroun\" \/>\n<meta property=\"article:published_time\" content=\"2024-03-11T21:50:35+00:00\" \/>\n<meta property=\"article:modified_time\" content=\"2024-03-12T06:06:46+00:00\" \/>\n<meta property=\"og:image\" content=\"https:\/\/static.africa-press.net\/cameroun\/sites\/57\/2024\/03\/sm_1710210241.360317.jpg\" \/>\n\t<meta property=\"og:image:width\" content=\"780\" \/>\n\t<meta property=\"og:image:height\" content=\"440\" \/>\n\t<meta property=\"og:image:type\" content=\"image\/jpeg\" \/>\n<meta name=\"author\" content=\"cfeditorfr\" \/>\n<meta name=\"twitter:card\" content=\"summary_large_image\" \/>\n<meta name=\"twitter:label1\" content=\"\u00c9crit par\" \/>\n\t<meta name=\"twitter:data1\" content=\"cfeditorfr\" \/>\n\t<meta name=\"twitter:label2\" content=\"Dur\u00e9e de lecture estim\u00e9e\" \/>\n\t<meta name=\"twitter:data2\" content=\"2 minutes\" \/>\n<script type=\"application\/ld+json\" class=\"yoast-schema-graph\">{\"@context\":\"https:\/\/schema.org\",\"@graph\":[{\"@type\":\"Article\",\"@id\":\"https:\/\/www.africa-press.net\/cameroun\/economie\/cemac-exportation-des-grumes-linterdiction-de-sortie-prevue-pour-janvier-2022-renvoyee-a-2028#article\",\"isPartOf\":{\"@id\":\"https:\/\/www.africa-press.net\/cameroun\/economie\/cemac-exportation-des-grumes-linterdiction-de-sortie-prevue-pour-janvier-2022-renvoyee-a-2028\"},\"author\":{\"name\":\"cfeditorfr\",\"@id\":\"https:\/\/www.africa-press.net\/cameroun\/#\/schema\/person\/2b1cf3cd81a31e3cd26889ca66d677f1\"},\"headline\":\"Cemac-exportation des grumes : l\u2019interdiction de sortie pr\u00e9vue pour janvier 2022 renvoy\u00e9e \u00e0 2028\",\"datePublished\":\"2024-03-11T21:50:35+00:00\",\"dateModified\":\"2024-03-12T06:06:46+00:00\",\"mainEntityOfPage\":{\"@id\":\"https:\/\/www.africa-press.net\/cameroun\/economie\/cemac-exportation-des-grumes-linterdiction-de-sortie-prevue-pour-janvier-2022-renvoyee-a-2028\"},\"wordCount\":464,\"commentCount\":0,\"image\":{\"@id\":\"https:\/\/www.africa-press.net\/cameroun\/economie\/cemac-exportation-des-grumes-linterdiction-de-sortie-prevue-pour-janvier-2022-renvoyee-a-2028#primaryimage\"},\"thumbnailUrl\":\"https:\/\/static.africa-press.net\/cameroun\/sites\/57\/2024\/03\/sm_1710210241.360317.jpg\",\"keywords\":[\"Africa Press\",\"Africa Press-Cameroun\",\"Cameroun\"],\"articleSection\":[\"\u00c9conomie\",\"Toutes les actualit\u00e9s\"],\"inLanguage\":\"fr-FR\",\"potentialAction\":[{\"@type\":\"CommentAction\",\"name\":\"Comment\",\"target\":[\"https:\/\/www.africa-press.net\/cameroun\/economie\/cemac-exportation-des-grumes-linterdiction-de-sortie-prevue-pour-janvier-2022-renvoyee-a-2028#respond\"]}]},{\"@type\":\"WebPage\",\"@id\":\"https:\/\/www.africa-press.net\/cameroun\/economie\/cemac-exportation-des-grumes-linterdiction-de-sortie-prevue-pour-janvier-2022-renvoyee-a-2028\",\"url\":\"https:\/\/www.africa-press.net\/cameroun\/economie\/cemac-exportation-des-grumes-linterdiction-de-sortie-prevue-pour-janvier-2022-renvoyee-a-2028\",\"name\":\"Cemac-exportation des grumes : l\u2019interdiction de sortie pr\u00e9vue pour janvier 2022 renvoy\u00e9e \u00e0 2028 - Cameroun\",\"isPartOf\":{\"@id\":\"https:\/\/www.africa-press.net\/cameroun\/#website\"},\"primaryImageOfPage\":{\"@id\":\"https:\/\/www.africa-press.net\/cameroun\/economie\/cemac-exportation-des-grumes-linterdiction-de-sortie-prevue-pour-janvier-2022-renvoyee-a-2028#primaryimage\"},\"image\":{\"@id\":\"https:\/\/www.africa-press.net\/cameroun\/economie\/cemac-exportation-des-grumes-linterdiction-de-sortie-prevue-pour-janvier-2022-renvoyee-a-2028#primaryimage\"},\"thumbnailUrl\":\"https:\/\/static.africa-press.net\/cameroun\/sites\/57\/2024\/03\/sm_1710210241.360317.jpg\",\"datePublished\":\"2024-03-11T21:50:35+00:00\",\"dateModified\":\"2024-03-12T06:06:46+00:00\",\"author\":{\"@id\":\"https:\/\/www.africa-press.net\/cameroun\/#\/schema\/person\/2b1cf3cd81a31e3cd26889ca66d677f1\"},\"description\":\"Les pays de la Communaute\u0301 e\u0301conomique et mone\u0301taire de l\u2019Afrique Centrale annoncent l\u2019entre\u0301e en vigueur de cette me ...\",\"breadcrumb\":{\"@id\":\"https:\/\/www.africa-press.net\/cameroun\/economie\/cemac-exportation-des-grumes-linterdiction-de-sortie-prevue-pour-janvier-2022-renvoyee-a-2028#breadcrumb\"},\"inLanguage\":\"fr-FR\",\"potentialAction\":[{\"@type\":\"ReadAction\",\"target\":[\"https:\/\/www.africa-press.net\/cameroun\/economie\/cemac-exportation-des-grumes-linterdiction-de-sortie-prevue-pour-janvier-2022-renvoyee-a-2028\"]}]},{\"@type\":\"ImageObject\",\"inLanguage\":\"fr-FR\",\"@id\":\"https:\/\/www.africa-press.net\/cameroun\/economie\/cemac-exportation-des-grumes-linterdiction-de-sortie-prevue-pour-janvier-2022-renvoyee-a-2028#primaryimage\",\"url\":\"https:\/\/static.africa-press.net\/cameroun\/sites\/57\/2024\/03\/sm_1710210241.360317.jpg\",\"contentUrl\":\"https:\/\/static.africa-press.net\/cameroun\/sites\/57\/2024\/03\/sm_1710210241.360317.jpg\",\"width\":780,\"height\":440,\"caption\":\"Cemac-exportation des grumes : l\u2019interdiction de sortie pr\u00e9vue pour janvier 2022 renvoy\u00e9e \u00e0 2028\"},{\"@type\":\"BreadcrumbList\",\"@id\":\"https:\/\/www.africa-press.net\/cameroun\/economie\/cemac-exportation-des-grumes-linterdiction-de-sortie-prevue-pour-janvier-2022-renvoyee-a-2028#breadcrumb\",\"itemListElement\":[{\"@type\":\"ListItem\",\"position\":1,\"name\":\"Accueil\",\"item\":\"https:\/\/www.africa-press.net\/cameroun\/\"},{\"@type\":\"ListItem\",\"position\":2,\"name\":\"Cemac-exportation des grumes : l\u2019interdiction de sortie pr\u00e9vue pour janvier 2022 renvoy\u00e9e \u00e0 2028\"}]},{\"@type\":\"WebSite\",\"@id\":\"https:\/\/www.africa-press.net\/cameroun\/#website\",\"url\":\"https:\/\/www.africa-press.net\/cameroun\/\",\"name\":\"Cameroun\",\"description\":\"Just another Africa News Agency Sites site\",\"potentialAction\":[{\"@type\":\"SearchAction\",\"target\":{\"@type\":\"EntryPoint\",\"urlTemplate\":\"https:\/\/www.africa-press.net\/cameroun\/?s={search_term_string}\"},\"query-input\":{\"@type\":\"PropertyValueSpecification\",\"valueRequired\":true,\"valueName\":\"search_term_string\"}}],\"inLanguage\":\"fr-FR\"},{\"@type\":\"Person\",\"@id\":\"https:\/\/www.africa-press.net\/cameroun\/#\/schema\/person\/2b1cf3cd81a31e3cd26889ca66d677f1\",\"name\":\"cfeditorfr\"}]}<\/script>\n<!-- \/ Yoast SEO Premium plugin. -->","yoast_head_json":{"title":"Cemac-exportation des grumes : l\u2019interdiction de sortie pr\u00e9vue pour janvier 2022 renvoy\u00e9e \u00e0 2028 - Cameroun","description":"Les pays de la Communaute\u0301 e\u0301conomique et mone\u0301taire de l\u2019Afrique Centrale annoncent l\u2019entre\u0301e en vigueur de cette me ...","robots":{"index":"index","follow":"follow","max-snippet":"max-snippet:-1","max-image-preview":"max-image-preview:large","max-video-preview":"max-video-preview:-1"},"canonical":"https:\/\/www.africa-press.net\/cameroun\/economie\/cemac-exportation-des-grumes-linterdiction-de-sortie-prevue-pour-janvier-2022-renvoyee-a-2028","og_locale":"fr_FR","og_type":"article","og_title":"Cemac-exportation des grumes : l\u2019interdiction de sortie pr\u00e9vue pour janvier 2022 renvoy\u00e9e \u00e0 2028","og_description":"Les pays de la Communaute\u0301 e\u0301conomique et mone\u0301taire de l\u2019Afrique Centrale annoncent l\u2019entre\u0301e en vigueur de cette me ...","og_url":"https:\/\/www.africa-press.net\/cameroun\/economie\/cemac-exportation-des-grumes-linterdiction-de-sortie-prevue-pour-janvier-2022-renvoyee-a-2028","og_site_name":"Cameroun","article_published_time":"2024-03-11T21:50:35+00:00","article_modified_time":"2024-03-12T06:06:46+00:00","og_image":[{"width":780,"height":440,"url":"https:\/\/static.africa-press.net\/cameroun\/sites\/57\/2024\/03\/sm_1710210241.360317.jpg","type":"image\/jpeg"}],"author":"cfeditorfr","twitter_card":"summary_large_image","twitter_misc":{"\u00c9crit par":"cfeditorfr","Dur\u00e9e de lecture estim\u00e9e":"2 minutes"},"schema":{"@context":"https:\/\/schema.org","@graph":[{"@type":"Article","@id":"https:\/\/www.africa-press.net\/cameroun\/economie\/cemac-exportation-des-grumes-linterdiction-de-sortie-prevue-pour-janvier-2022-renvoyee-a-2028#article","isPartOf":{"@id":"https:\/\/www.africa-press.net\/cameroun\/economie\/cemac-exportation-des-grumes-linterdiction-de-sortie-prevue-pour-janvier-2022-renvoyee-a-2028"},"author":{"name":"cfeditorfr","@id":"https:\/\/www.africa-press.net\/cameroun\/#\/schema\/person\/2b1cf3cd81a31e3cd26889ca66d677f1"},"headline":"Cemac-exportation des grumes : l\u2019interdiction de sortie pr\u00e9vue pour janvier 2022 renvoy\u00e9e \u00e0 2028","datePublished":"2024-03-11T21:50:35+00:00","dateModified":"2024-03-12T06:06:46+00:00","mainEntityOfPage":{"@id":"https:\/\/www.africa-press.net\/cameroun\/economie\/cemac-exportation-des-grumes-linterdiction-de-sortie-prevue-pour-janvier-2022-renvoyee-a-2028"},"wordCount":464,"commentCount":0,"image":{"@id":"https:\/\/www.africa-press.net\/cameroun\/economie\/cemac-exportation-des-grumes-linterdiction-de-sortie-prevue-pour-janvier-2022-renvoyee-a-2028#primaryimage"},"thumbnailUrl":"https:\/\/static.africa-press.net\/cameroun\/sites\/57\/2024\/03\/sm_1710210241.360317.jpg","keywords":["Africa Press","Africa Press-Cameroun","Cameroun"],"articleSection":["\u00c9conomie","Toutes les actualit\u00e9s"],"inLanguage":"fr-FR","potentialAction":[{"@type":"CommentAction","name":"Comment","target":["https:\/\/www.africa-press.net\/cameroun\/economie\/cemac-exportation-des-grumes-linterdiction-de-sortie-prevue-pour-janvier-2022-renvoyee-a-2028#respond"]}]},{"@type":"WebPage","@id":"https:\/\/www.africa-press.net\/cameroun\/economie\/cemac-exportation-des-grumes-linterdiction-de-sortie-prevue-pour-janvier-2022-renvoyee-a-2028","url":"https:\/\/www.africa-press.net\/cameroun\/economie\/cemac-exportation-des-grumes-linterdiction-de-sortie-prevue-pour-janvier-2022-renvoyee-a-2028","name":"Cemac-exportation des grumes : l\u2019interdiction de sortie pr\u00e9vue pour janvier 2022 renvoy\u00e9e \u00e0 2028 - Cameroun","isPartOf":{"@id":"https:\/\/www.africa-press.net\/cameroun\/#website"},"primaryImageOfPage":{"@id":"https:\/\/www.africa-press.net\/cameroun\/economie\/cemac-exportation-des-grumes-linterdiction-de-sortie-prevue-pour-janvier-2022-renvoyee-a-2028#primaryimage"},"image":{"@id":"https:\/\/www.africa-press.net\/cameroun\/economie\/cemac-exportation-des-grumes-linterdiction-de-sortie-prevue-pour-janvier-2022-renvoyee-a-2028#primaryimage"},"thumbnailUrl":"https:\/\/static.africa-press.net\/cameroun\/sites\/57\/2024\/03\/sm_1710210241.360317.jpg","datePublished":"2024-03-11T21:50:35+00:00","dateModified":"2024-03-12T06:06:46+00:00","author":{"@id":"https:\/\/www.africa-press.net\/cameroun\/#\/schema\/person\/2b1cf3cd81a31e3cd26889ca66d677f1"},"description":"Les pays de la Communaute\u0301 e\u0301conomique et mone\u0301taire de l\u2019Afrique Centrale annoncent l\u2019entre\u0301e en vigueur de cette me ...","breadcrumb":{"@id":"https:\/\/www.africa-press.net\/cameroun\/economie\/cemac-exportation-des-grumes-linterdiction-de-sortie-prevue-pour-janvier-2022-renvoyee-a-2028#breadcrumb"},"inLanguage":"fr-FR","potentialAction":[{"@type":"ReadAction","target":["https:\/\/www.africa-press.net\/cameroun\/economie\/cemac-exportation-des-grumes-linterdiction-de-sortie-prevue-pour-janvier-2022-renvoyee-a-2028"]}]},{"@type":"ImageObject","inLanguage":"fr-FR","@id":"https:\/\/www.africa-press.net\/cameroun\/economie\/cemac-exportation-des-grumes-linterdiction-de-sortie-prevue-pour-janvier-2022-renvoyee-a-2028#primaryimage","url":"https:\/\/static.africa-press.net\/cameroun\/sites\/57\/2024\/03\/sm_1710210241.360317.jpg","contentUrl":"https:\/\/static.africa-press.net\/cameroun\/sites\/57\/2024\/03\/sm_1710210241.360317.jpg","width":780,"height":440,"caption":"Cemac-exportation des grumes : l\u2019interdiction de sortie pr\u00e9vue pour janvier 2022 renvoy\u00e9e \u00e0 2028"},{"@type":"BreadcrumbList","@id":"https:\/\/www.africa-press.net\/cameroun\/economie\/cemac-exportation-des-grumes-linterdiction-de-sortie-prevue-pour-janvier-2022-renvoyee-a-2028#breadcrumb","itemListElement":[{"@type":"ListItem","position":1,"name":"Accueil","item":"https:\/\/www.africa-press.net\/cameroun\/"},{"@type":"ListItem","position":2,"name":"Cemac-exportation des grumes : l\u2019interdiction de sortie pr\u00e9vue pour janvier 2022 renvoy\u00e9e \u00e0 2028"}]},{"@type":"WebSite","@id":"https:\/\/www.africa-press.net\/cameroun\/#website","url":"https:\/\/www.africa-press.net\/cameroun\/","name":"Cameroun","description":"Just another Africa News Agency Sites site","potentialAction":[{"@type":"SearchAction","target":{"@type":"EntryPoint","urlTemplate":"https:\/\/www.africa-press.net\/cameroun\/?s={search_term_string}"},"query-input":{"@type":"PropertyValueSpecification","valueRequired":true,"valueName":"search_term_string"}}],"inLanguage":"fr-FR"},{"@type":"Person","@id":"https:\/\/www.africa-press.net\/cameroun\/#\/schema\/person\/2b1cf3cd81a31e3cd26889ca66d677f1","name":"cfeditorfr"}]}},"_links":{"self":[{"href":"https:\/\/www.africa-press.net\/cameroun\/wp-json\/wp\/v2\/posts\/62053","targetHints":{"allow":["GET"]}}],"collection":[{"href":"https:\/\/www.africa-press.net\/cameroun\/wp-json\/wp\/v2\/posts"}],"about":[{"href":"https:\/\/www.africa-press.net\/cameroun\/wp-json\/wp\/v2\/types\/post"}],"author":[{"embeddable":true,"href":"https:\/\/www.africa-press.net\/cameroun\/wp-json\/wp\/v2\/users\/82"}],"replies":[{"embeddable":true,"href":"https:\/\/www.africa-press.net\/cameroun\/wp-json\/wp\/v2\/comments?post=62053"}],"version-history":[{"count":0,"href":"https:\/\/www.africa-press.net\/cameroun\/wp-json\/wp\/v2\/posts\/62053\/revisions"}],"wp:featuredmedia":[{"embeddable":true,"href":"https:\/\/www.africa-press.net\/cameroun\/wp-json\/wp\/v2\/media\/62052"}],"wp:attachment":[{"href":"https:\/\/www.africa-press.net\/cameroun\/wp-json\/wp\/v2\/media?parent=62053"}],"wp:term":[{"taxonomy":"category","embeddable":true,"href":"https:\/\/www.africa-press.net\/cameroun\/wp-json\/wp\/v2\/categories?post=62053"},{"taxonomy":"post_tag","embeddable":true,"href":"https:\/\/www.africa-press.net\/cameroun\/wp-json\/wp\/v2\/tags?post=62053"}],"curies":[{"name":"wp","href":"https:\/\/api.w.org\/{rel}","templated":true}]}}