{"id":62088,"date":"2024-03-12T22:58:42","date_gmt":"2024-03-12T22:58:42","guid":{"rendered":"https:\/\/www.africa-press.net\/cameroun\/politique\/presidentielle-2025-paul-atanga-nji-menace-dentrer-en-guerre-contre-les-alliances-politiques-dopposition-qui-se-forment"},"modified":"2024-03-12T23:45:29","modified_gmt":"2024-03-12T23:45:29","slug":"presidentielle-2025-paul-atanga-nji-menace-dentrer-en-guerre-contre-les-alliances-politiques-dopposition-qui-se-forment","status":"publish","type":"post","link":"https:\/\/www.africa-press.net\/cameroun\/politique\/presidentielle-2025-paul-atanga-nji-menace-dentrer-en-guerre-contre-les-alliances-politiques-dopposition-qui-se-forment","title":{"rendered":"Pr\u00e9sidentielle 2025 : Paul Atanga Nji menace d\u2019entrer en guerre contre les alliances politiques d\u2019opposition qui se forment"},"content":{"rendered":"<p><span style=\"color: #ff6600\"><strong>Africa-Press &#8211; Cameroun. <\/strong><\/span><b>Le ministre de l\u2019Administration territoriale de\u0301nonce leurs activite\u0301s mene\u0301es dans l\u2019ille\u0301galite\u0301.<\/b><\/p>\n<p>Fide\u0300le a\u0300 son ton menac\u0327ant, le patron de la territoriale se le\u0300ve contre deux alliances que forme l\u2019opposition dans le cadre des tractations en pre\u0301e\u0301lectorales. Ce sont l\u2019Alliance Politique pour le Changement (APC), coordonne\u0301 par le de\u0301pute\u0301 Jean Michel Nintcheu et l\u2019Alliance pour une Transition Politique au Cameroun (ATP) conduite par le Pr Olivier Bile. Le ministre Paul Atanga Nji dans une communication en date du 12 mars 2024 met en garde les promoteurs de ces \u00ab pseudo associations \u00bb. Selon lui, \u00ab malgre\u0301 le caracte\u0300re ille\u0301gal de ces mouvements, leurs promoteurs tiennent des re\u0301unions, des confe\u0301rences de presse et des concertations dans l\u2019optique de recruter de nouveaux adhe\u0301rents \u00bb, peut-on lire.<\/p>\n<p>La situation qui aura le plus pousse\u0301 le gouvernement a\u0300 faire une sortie, c\u2019est la descente de Jean Michel Nintcheu, coordinateur national de l\u2019APC a\u0300 la prison principale de Kondengui. Il y a <b>e\u0301change\u0301 avec le leader se\u0301paratiste Sisiku Ayuk Tabe<\/b> condamne\u0301 a\u0300 la prison a\u0300 vie en 2019. \u00ab Ces mouvements clandestins sont alle\u0301s rencontrer en prison des terroristes de\u0301finitivement condamne\u0301s pour des crimes graves planifie\u0301s et orchestre\u0301s dans les re\u0301gions du Nord-Ouest et du Sud-Ouest dans le but de nouer une alliance politique. Ils vont jusqu\u2019a\u0300 poser des pre\u0301alables inacceptables au gouvernement en faveur de ces dangereux terroristes \u00bb, toute de\u0301marche qui pour le ministre ne correspond pas a\u0300 la logique de l\u2019Etat de droit qu\u2019est le Cameroun.<\/p>\n<p>Ainsi, le Minat pre\u0301cise que les deux alliances n\u2019e\u0301tant pas des partis politiques le\u0301galise\u0301s, n\u2019ont pas le droit de mener des activite\u0301s politiques au Cameroun. En plus, la qualite\u0301 de parlementaire ou d\u2019homme politique dont jouissent certains promoteurs ne leur donne pas non plus le pouvoir de \u00ab de\u0301fier impune\u0301ment l\u2019autorite\u0301 de l\u2019Etat \u00bb. Pour finir, le ministre brandit la menace: Toute tentative d\u2019organiser une quelconque activite\u0301 par l\u2019APC, l\u2019ATP \u00ab sera de\u0301sormais conside\u0301re\u0301e comme un casus belli par le MINAT \u00bb, une cause de nature a\u0300 motiver pour le gouvernement du Cameroun, une de\u0301claration de guerre contre ces alliances. Lire le Communique\u0301 du Minat ici.<\/p>\n<p><strong>Pour plus d&rsquo;informations et d&rsquo;analyses sur la <a href=\"https:\/\/www.africa-press.net\/cameroun\">Cameroun<\/a>, suivez <a href=\"https:\/\/www.africa-press.net\/\">Africa-Press<\/a><\/strong><\/p>\n","protected":false},"excerpt":{"rendered":"<p>Africa-Press &#8211; Cameroun. Le ministre de l\u2019Administration territoriale de\u0301nonce leurs activite\u0301s mene\u0301es dans l\u2019ille\u0301galite\u0301. Fide\u0300le a\u0300 son ton menac\u0327ant, le patron de la territoriale se le\u0300ve contre deux alliances que forme l\u2019opposition dans le cadre des tractations en pre\u0301e\u0301lectorales. Ce sont l\u2019Alliance Politique pour le Changement (APC), coordonne\u0301 par le de\u0301pute\u0301 Jean Michel Nintcheu et [&hellip;]<\/p>\n","protected":false},"author":82,"featured_media":62087,"comment_status":"open","ping_status":"closed","sticky":false,"template":"","format":"standard","meta":{"footnotes":""},"categories":[2,10],"tags":[36,50,49],"class_list":["post-62088","post","type-post","status-publish","format-standard","has-post-thumbnail","hentry","category-politique","category-toutes-les-actualites","tag-africa-press","tag-africa-press-cameroun","tag-cameroun"],"yoast_head":"<!-- This site is optimized with the Yoast SEO Premium plugin v26.1 (Yoast SEO v27.0) - https:\/\/yoast.com\/product\/yoast-seo-premium-wordpress\/ -->\n<title>Pr\u00e9sidentielle 2025 : Paul Atanga Nji menace d\u2019entrer en guerre contre les alliances politiques d\u2019opposition qui se forment - Cameroun<\/title>\n<meta name=\"description\" content=\"Le ministre de l\u2019Administration territoriale de\u0301nonce leurs activite\u0301s mene\u0301es dans l\u2019ille\u0301galite\u0301. Fide\u0300le a\u0300 s ...\" \/>\n<meta name=\"robots\" content=\"index, follow, max-snippet:-1, max-image-preview:large, max-video-preview:-1\" \/>\n<link rel=\"canonical\" href=\"https:\/\/www.africa-press.net\/cameroun\/politique\/presidentielle-2025-paul-atanga-nji-menace-dentrer-en-guerre-contre-les-alliances-politiques-dopposition-qui-se-forment\" \/>\n<meta property=\"og:locale\" content=\"fr_FR\" \/>\n<meta property=\"og:type\" content=\"article\" \/>\n<meta property=\"og:title\" content=\"Pr\u00e9sidentielle 2025 : Paul Atanga Nji menace d\u2019entrer en guerre contre les alliances politiques d\u2019opposition qui se forment\" \/>\n<meta property=\"og:description\" content=\"Le ministre de l\u2019Administration territoriale de\u0301nonce leurs activite\u0301s mene\u0301es dans l\u2019ille\u0301galite\u0301. Fide\u0300le a\u0300 s ...\" \/>\n<meta property=\"og:url\" content=\"https:\/\/www.africa-press.net\/cameroun\/politique\/presidentielle-2025-paul-atanga-nji-menace-dentrer-en-guerre-contre-les-alliances-politiques-dopposition-qui-se-forment\" \/>\n<meta property=\"og:site_name\" content=\"Cameroun\" \/>\n<meta property=\"article:published_time\" content=\"2024-03-12T22:58:42+00:00\" \/>\n<meta property=\"article:modified_time\" content=\"2024-03-12T23:45:29+00:00\" \/>\n<meta property=\"og:image\" content=\"https:\/\/static.africa-press.net\/cameroun\/sites\/57\/2024\/03\/sm_1710274138.70691.jpg\" \/>\n\t<meta property=\"og:image:width\" content=\"780\" \/>\n\t<meta property=\"og:image:height\" content=\"440\" \/>\n\t<meta property=\"og:image:type\" content=\"image\/jpeg\" \/>\n<meta name=\"author\" content=\"cfeditorfr\" \/>\n<meta name=\"twitter:card\" content=\"summary_large_image\" \/>\n<meta name=\"twitter:label1\" content=\"\u00c9crit par\" \/>\n\t<meta name=\"twitter:data1\" content=\"cfeditorfr\" \/>\n\t<meta name=\"twitter:label2\" content=\"Dur\u00e9e de lecture estim\u00e9e\" \/>\n\t<meta name=\"twitter:data2\" content=\"2 minutes\" \/>\n<script type=\"application\/ld+json\" class=\"yoast-schema-graph\">{\"@context\":\"https:\/\/schema.org\",\"@graph\":[{\"@type\":\"Article\",\"@id\":\"https:\/\/www.africa-press.net\/cameroun\/politique\/presidentielle-2025-paul-atanga-nji-menace-dentrer-en-guerre-contre-les-alliances-politiques-dopposition-qui-se-forment#article\",\"isPartOf\":{\"@id\":\"https:\/\/www.africa-press.net\/cameroun\/politique\/presidentielle-2025-paul-atanga-nji-menace-dentrer-en-guerre-contre-les-alliances-politiques-dopposition-qui-se-forment\"},\"author\":{\"name\":\"cfeditorfr\",\"@id\":\"https:\/\/www.africa-press.net\/cameroun\/#\/schema\/person\/2b1cf3cd81a31e3cd26889ca66d677f1\"},\"headline\":\"Pr\u00e9sidentielle 2025 : Paul Atanga Nji menace d\u2019entrer en guerre contre les alliances politiques d\u2019opposition qui se forment\",\"datePublished\":\"2024-03-12T22:58:42+00:00\",\"dateModified\":\"2024-03-12T23:45:29+00:00\",\"mainEntityOfPage\":{\"@id\":\"https:\/\/www.africa-press.net\/cameroun\/politique\/presidentielle-2025-paul-atanga-nji-menace-dentrer-en-guerre-contre-les-alliances-politiques-dopposition-qui-se-forment\"},\"wordCount\":425,\"commentCount\":0,\"image\":{\"@id\":\"https:\/\/www.africa-press.net\/cameroun\/politique\/presidentielle-2025-paul-atanga-nji-menace-dentrer-en-guerre-contre-les-alliances-politiques-dopposition-qui-se-forment#primaryimage\"},\"thumbnailUrl\":\"https:\/\/static.africa-press.net\/cameroun\/sites\/57\/2024\/03\/sm_1710274138.70691.jpg\",\"keywords\":[\"Africa Press\",\"Africa Press-Cameroun\",\"Cameroun\"],\"articleSection\":[\"Politique\",\"Toutes les actualit\u00e9s\"],\"inLanguage\":\"fr-FR\",\"potentialAction\":[{\"@type\":\"CommentAction\",\"name\":\"Comment\",\"target\":[\"https:\/\/www.africa-press.net\/cameroun\/politique\/presidentielle-2025-paul-atanga-nji-menace-dentrer-en-guerre-contre-les-alliances-politiques-dopposition-qui-se-forment#respond\"]}]},{\"@type\":\"WebPage\",\"@id\":\"https:\/\/www.africa-press.net\/cameroun\/politique\/presidentielle-2025-paul-atanga-nji-menace-dentrer-en-guerre-contre-les-alliances-politiques-dopposition-qui-se-forment\",\"url\":\"https:\/\/www.africa-press.net\/cameroun\/politique\/presidentielle-2025-paul-atanga-nji-menace-dentrer-en-guerre-contre-les-alliances-politiques-dopposition-qui-se-forment\",\"name\":\"Pr\u00e9sidentielle 2025 : Paul Atanga Nji menace d\u2019entrer en guerre contre les alliances politiques d\u2019opposition qui se forment - Cameroun\",\"isPartOf\":{\"@id\":\"https:\/\/www.africa-press.net\/cameroun\/#website\"},\"primaryImageOfPage\":{\"@id\":\"https:\/\/www.africa-press.net\/cameroun\/politique\/presidentielle-2025-paul-atanga-nji-menace-dentrer-en-guerre-contre-les-alliances-politiques-dopposition-qui-se-forment#primaryimage\"},\"image\":{\"@id\":\"https:\/\/www.africa-press.net\/cameroun\/politique\/presidentielle-2025-paul-atanga-nji-menace-dentrer-en-guerre-contre-les-alliances-politiques-dopposition-qui-se-forment#primaryimage\"},\"thumbnailUrl\":\"https:\/\/static.africa-press.net\/cameroun\/sites\/57\/2024\/03\/sm_1710274138.70691.jpg\",\"datePublished\":\"2024-03-12T22:58:42+00:00\",\"dateModified\":\"2024-03-12T23:45:29+00:00\",\"author\":{\"@id\":\"https:\/\/www.africa-press.net\/cameroun\/#\/schema\/person\/2b1cf3cd81a31e3cd26889ca66d677f1\"},\"description\":\"Le ministre de l\u2019Administration territoriale de\u0301nonce leurs activite\u0301s mene\u0301es dans l\u2019ille\u0301galite\u0301. Fide\u0300le a\u0300 s ...\",\"breadcrumb\":{\"@id\":\"https:\/\/www.africa-press.net\/cameroun\/politique\/presidentielle-2025-paul-atanga-nji-menace-dentrer-en-guerre-contre-les-alliances-politiques-dopposition-qui-se-forment#breadcrumb\"},\"inLanguage\":\"fr-FR\",\"potentialAction\":[{\"@type\":\"ReadAction\",\"target\":[\"https:\/\/www.africa-press.net\/cameroun\/politique\/presidentielle-2025-paul-atanga-nji-menace-dentrer-en-guerre-contre-les-alliances-politiques-dopposition-qui-se-forment\"]}]},{\"@type\":\"ImageObject\",\"inLanguage\":\"fr-FR\",\"@id\":\"https:\/\/www.africa-press.net\/cameroun\/politique\/presidentielle-2025-paul-atanga-nji-menace-dentrer-en-guerre-contre-les-alliances-politiques-dopposition-qui-se-forment#primaryimage\",\"url\":\"https:\/\/static.africa-press.net\/cameroun\/sites\/57\/2024\/03\/sm_1710274138.70691.jpg\",\"contentUrl\":\"https:\/\/static.africa-press.net\/cameroun\/sites\/57\/2024\/03\/sm_1710274138.70691.jpg\",\"width\":780,\"height\":440,\"caption\":\"Pr\u00e9sidentielle 2025 : Paul Atanga Nji menace d\u2019entrer en guerre contre les alliances politiques d\u2019opposition qui se forment\"},{\"@type\":\"BreadcrumbList\",\"@id\":\"https:\/\/www.africa-press.net\/cameroun\/politique\/presidentielle-2025-paul-atanga-nji-menace-dentrer-en-guerre-contre-les-alliances-politiques-dopposition-qui-se-forment#breadcrumb\",\"itemListElement\":[{\"@type\":\"ListItem\",\"position\":1,\"name\":\"Accueil\",\"item\":\"https:\/\/www.africa-press.net\/cameroun\/\"},{\"@type\":\"ListItem\",\"position\":2,\"name\":\"Pr\u00e9sidentielle 2025 : Paul Atanga Nji menace d\u2019entrer en guerre contre les alliances politiques d\u2019opposition qui se forment\"}]},{\"@type\":\"WebSite\",\"@id\":\"https:\/\/www.africa-press.net\/cameroun\/#website\",\"url\":\"https:\/\/www.africa-press.net\/cameroun\/\",\"name\":\"Cameroun\",\"description\":\"Just another Africa News Agency Sites site\",\"potentialAction\":[{\"@type\":\"SearchAction\",\"target\":{\"@type\":\"EntryPoint\",\"urlTemplate\":\"https:\/\/www.africa-press.net\/cameroun\/?s={search_term_string}\"},\"query-input\":{\"@type\":\"PropertyValueSpecification\",\"valueRequired\":true,\"valueName\":\"search_term_string\"}}],\"inLanguage\":\"fr-FR\"},{\"@type\":\"Person\",\"@id\":\"https:\/\/www.africa-press.net\/cameroun\/#\/schema\/person\/2b1cf3cd81a31e3cd26889ca66d677f1\",\"name\":\"cfeditorfr\"}]}<\/script>\n<!-- \/ Yoast SEO Premium plugin. -->","yoast_head_json":{"title":"Pr\u00e9sidentielle 2025 : Paul Atanga Nji menace d\u2019entrer en guerre contre les alliances politiques d\u2019opposition qui se forment - Cameroun","description":"Le ministre de l\u2019Administration territoriale de\u0301nonce leurs activite\u0301s mene\u0301es dans l\u2019ille\u0301galite\u0301. Fide\u0300le a\u0300 s ...","robots":{"index":"index","follow":"follow","max-snippet":"max-snippet:-1","max-image-preview":"max-image-preview:large","max-video-preview":"max-video-preview:-1"},"canonical":"https:\/\/www.africa-press.net\/cameroun\/politique\/presidentielle-2025-paul-atanga-nji-menace-dentrer-en-guerre-contre-les-alliances-politiques-dopposition-qui-se-forment","og_locale":"fr_FR","og_type":"article","og_title":"Pr\u00e9sidentielle 2025 : Paul Atanga Nji menace d\u2019entrer en guerre contre les alliances politiques d\u2019opposition qui se forment","og_description":"Le ministre de l\u2019Administration territoriale de\u0301nonce leurs activite\u0301s mene\u0301es dans l\u2019ille\u0301galite\u0301. Fide\u0300le a\u0300 s ...","og_url":"https:\/\/www.africa-press.net\/cameroun\/politique\/presidentielle-2025-paul-atanga-nji-menace-dentrer-en-guerre-contre-les-alliances-politiques-dopposition-qui-se-forment","og_site_name":"Cameroun","article_published_time":"2024-03-12T22:58:42+00:00","article_modified_time":"2024-03-12T23:45:29+00:00","og_image":[{"width":780,"height":440,"url":"https:\/\/static.africa-press.net\/cameroun\/sites\/57\/2024\/03\/sm_1710274138.70691.jpg","type":"image\/jpeg"}],"author":"cfeditorfr","twitter_card":"summary_large_image","twitter_misc":{"\u00c9crit par":"cfeditorfr","Dur\u00e9e de lecture estim\u00e9e":"2 minutes"},"schema":{"@context":"https:\/\/schema.org","@graph":[{"@type":"Article","@id":"https:\/\/www.africa-press.net\/cameroun\/politique\/presidentielle-2025-paul-atanga-nji-menace-dentrer-en-guerre-contre-les-alliances-politiques-dopposition-qui-se-forment#article","isPartOf":{"@id":"https:\/\/www.africa-press.net\/cameroun\/politique\/presidentielle-2025-paul-atanga-nji-menace-dentrer-en-guerre-contre-les-alliances-politiques-dopposition-qui-se-forment"},"author":{"name":"cfeditorfr","@id":"https:\/\/www.africa-press.net\/cameroun\/#\/schema\/person\/2b1cf3cd81a31e3cd26889ca66d677f1"},"headline":"Pr\u00e9sidentielle 2025 : Paul Atanga Nji menace d\u2019entrer en guerre contre les alliances politiques d\u2019opposition qui se forment","datePublished":"2024-03-12T22:58:42+00:00","dateModified":"2024-03-12T23:45:29+00:00","mainEntityOfPage":{"@id":"https:\/\/www.africa-press.net\/cameroun\/politique\/presidentielle-2025-paul-atanga-nji-menace-dentrer-en-guerre-contre-les-alliances-politiques-dopposition-qui-se-forment"},"wordCount":425,"commentCount":0,"image":{"@id":"https:\/\/www.africa-press.net\/cameroun\/politique\/presidentielle-2025-paul-atanga-nji-menace-dentrer-en-guerre-contre-les-alliances-politiques-dopposition-qui-se-forment#primaryimage"},"thumbnailUrl":"https:\/\/static.africa-press.net\/cameroun\/sites\/57\/2024\/03\/sm_1710274138.70691.jpg","keywords":["Africa Press","Africa Press-Cameroun","Cameroun"],"articleSection":["Politique","Toutes les actualit\u00e9s"],"inLanguage":"fr-FR","potentialAction":[{"@type":"CommentAction","name":"Comment","target":["https:\/\/www.africa-press.net\/cameroun\/politique\/presidentielle-2025-paul-atanga-nji-menace-dentrer-en-guerre-contre-les-alliances-politiques-dopposition-qui-se-forment#respond"]}]},{"@type":"WebPage","@id":"https:\/\/www.africa-press.net\/cameroun\/politique\/presidentielle-2025-paul-atanga-nji-menace-dentrer-en-guerre-contre-les-alliances-politiques-dopposition-qui-se-forment","url":"https:\/\/www.africa-press.net\/cameroun\/politique\/presidentielle-2025-paul-atanga-nji-menace-dentrer-en-guerre-contre-les-alliances-politiques-dopposition-qui-se-forment","name":"Pr\u00e9sidentielle 2025 : Paul Atanga Nji menace d\u2019entrer en guerre contre les alliances politiques d\u2019opposition qui se forment - Cameroun","isPartOf":{"@id":"https:\/\/www.africa-press.net\/cameroun\/#website"},"primaryImageOfPage":{"@id":"https:\/\/www.africa-press.net\/cameroun\/politique\/presidentielle-2025-paul-atanga-nji-menace-dentrer-en-guerre-contre-les-alliances-politiques-dopposition-qui-se-forment#primaryimage"},"image":{"@id":"https:\/\/www.africa-press.net\/cameroun\/politique\/presidentielle-2025-paul-atanga-nji-menace-dentrer-en-guerre-contre-les-alliances-politiques-dopposition-qui-se-forment#primaryimage"},"thumbnailUrl":"https:\/\/static.africa-press.net\/cameroun\/sites\/57\/2024\/03\/sm_1710274138.70691.jpg","datePublished":"2024-03-12T22:58:42+00:00","dateModified":"2024-03-12T23:45:29+00:00","author":{"@id":"https:\/\/www.africa-press.net\/cameroun\/#\/schema\/person\/2b1cf3cd81a31e3cd26889ca66d677f1"},"description":"Le ministre de l\u2019Administration territoriale de\u0301nonce leurs activite\u0301s mene\u0301es dans l\u2019ille\u0301galite\u0301. Fide\u0300le a\u0300 s ...","breadcrumb":{"@id":"https:\/\/www.africa-press.net\/cameroun\/politique\/presidentielle-2025-paul-atanga-nji-menace-dentrer-en-guerre-contre-les-alliances-politiques-dopposition-qui-se-forment#breadcrumb"},"inLanguage":"fr-FR","potentialAction":[{"@type":"ReadAction","target":["https:\/\/www.africa-press.net\/cameroun\/politique\/presidentielle-2025-paul-atanga-nji-menace-dentrer-en-guerre-contre-les-alliances-politiques-dopposition-qui-se-forment"]}]},{"@type":"ImageObject","inLanguage":"fr-FR","@id":"https:\/\/www.africa-press.net\/cameroun\/politique\/presidentielle-2025-paul-atanga-nji-menace-dentrer-en-guerre-contre-les-alliances-politiques-dopposition-qui-se-forment#primaryimage","url":"https:\/\/static.africa-press.net\/cameroun\/sites\/57\/2024\/03\/sm_1710274138.70691.jpg","contentUrl":"https:\/\/static.africa-press.net\/cameroun\/sites\/57\/2024\/03\/sm_1710274138.70691.jpg","width":780,"height":440,"caption":"Pr\u00e9sidentielle 2025 : Paul Atanga Nji menace d\u2019entrer en guerre contre les alliances politiques d\u2019opposition qui se forment"},{"@type":"BreadcrumbList","@id":"https:\/\/www.africa-press.net\/cameroun\/politique\/presidentielle-2025-paul-atanga-nji-menace-dentrer-en-guerre-contre-les-alliances-politiques-dopposition-qui-se-forment#breadcrumb","itemListElement":[{"@type":"ListItem","position":1,"name":"Accueil","item":"https:\/\/www.africa-press.net\/cameroun\/"},{"@type":"ListItem","position":2,"name":"Pr\u00e9sidentielle 2025 : Paul Atanga Nji menace d\u2019entrer en guerre contre les alliances politiques d\u2019opposition qui se forment"}]},{"@type":"WebSite","@id":"https:\/\/www.africa-press.net\/cameroun\/#website","url":"https:\/\/www.africa-press.net\/cameroun\/","name":"Cameroun","description":"Just another Africa News Agency Sites site","potentialAction":[{"@type":"SearchAction","target":{"@type":"EntryPoint","urlTemplate":"https:\/\/www.africa-press.net\/cameroun\/?s={search_term_string}"},"query-input":{"@type":"PropertyValueSpecification","valueRequired":true,"valueName":"search_term_string"}}],"inLanguage":"fr-FR"},{"@type":"Person","@id":"https:\/\/www.africa-press.net\/cameroun\/#\/schema\/person\/2b1cf3cd81a31e3cd26889ca66d677f1","name":"cfeditorfr"}]}},"_links":{"self":[{"href":"https:\/\/www.africa-press.net\/cameroun\/wp-json\/wp\/v2\/posts\/62088","targetHints":{"allow":["GET"]}}],"collection":[{"href":"https:\/\/www.africa-press.net\/cameroun\/wp-json\/wp\/v2\/posts"}],"about":[{"href":"https:\/\/www.africa-press.net\/cameroun\/wp-json\/wp\/v2\/types\/post"}],"author":[{"embeddable":true,"href":"https:\/\/www.africa-press.net\/cameroun\/wp-json\/wp\/v2\/users\/82"}],"replies":[{"embeddable":true,"href":"https:\/\/www.africa-press.net\/cameroun\/wp-json\/wp\/v2\/comments?post=62088"}],"version-history":[{"count":0,"href":"https:\/\/www.africa-press.net\/cameroun\/wp-json\/wp\/v2\/posts\/62088\/revisions"}],"wp:featuredmedia":[{"embeddable":true,"href":"https:\/\/www.africa-press.net\/cameroun\/wp-json\/wp\/v2\/media\/62087"}],"wp:attachment":[{"href":"https:\/\/www.africa-press.net\/cameroun\/wp-json\/wp\/v2\/media?parent=62088"}],"wp:term":[{"taxonomy":"category","embeddable":true,"href":"https:\/\/www.africa-press.net\/cameroun\/wp-json\/wp\/v2\/categories?post=62088"},{"taxonomy":"post_tag","embeddable":true,"href":"https:\/\/www.africa-press.net\/cameroun\/wp-json\/wp\/v2\/tags?post=62088"}],"curies":[{"name":"wp","href":"https:\/\/api.w.org\/{rel}","templated":true}]}}