{"id":62391,"date":"2024-03-18T21:37:43","date_gmt":"2024-03-18T21:37:43","guid":{"rendered":"https:\/\/www.africa-press.net\/cameroun\/politique\/nouvelle-centrale-hydroelectrique-dans-la-region-de-lamadoua"},"modified":"2024-03-18T22:57:42","modified_gmt":"2024-03-18T22:57:42","slug":"nouvelle-centrale-hydroelectrique-dans-la-region-de-lamadoua","status":"publish","type":"post","link":"https:\/\/www.africa-press.net\/cameroun\/economie\/nouvelle-centrale-hydroelectrique-dans-la-region-de-lamadoua","title":{"rendered":"Nouvelle centrale hydro\u00e9lectrique dans la r\u00e9gion de l&rsquo;Amadoua"},"content":{"rendered":"<p><span style=\"color: #ff6600\"><strong>Africa-Press &#8211; Cameroun. <\/strong><\/span>Pour apporter des solutions durables au de\u0301ficit e\u0301nerge\u0301tique auquel font face les re\u0301gions du Septentrion, a\u0300 l\u2019image de l\u2019ensemble des re\u0301gions du pays, l\u2019entreprise publique Electricity development corporation (EDC), leader du segment de la production dans le secteur de l\u2019e\u0301lectricite\u0301, annonce la construction imminente d\u2019une centrale hydroe\u0301lectrique au pied du barrage re\u0301servoir de Mbakaou, situe\u0301 dans la commune de Tibati, re\u0301gion de l\u2019Adamaoua.<\/p>\n<p>L\u2019ouvrage disposera d\u2019une capacite\u0301 de production de 250 a\u0300 300 me\u0301gawatts (MW) d\u2019e\u0301nergie e\u0301lectrique, et devra contribuer a\u0300 re\u0301duire conside\u0301rablement le de\u0301ficit en offre e\u0301nerge\u0301tique dans les re\u0301gions de l\u2019Adamaoua, du Nord et de l\u2019Extre\u0302me-Nord, a\u0300 en croire le Directeur ge\u0301ne\u0301ral de EDC, The\u0301odore Nsangou: \u00ab Cette usine qui peut produire entre 250 et 300MW permettrait d\u2019avoir une e\u0301nergie hydroe\u0301lectrique en pied de Mbakaou dans l\u2019Adamaoua, et qui est le passage le inte\u0301ressant pour l\u2019interconnexion de transport entre le Nord et le Sud, et par ricochet l\u2019e\u0301vacuation de l\u2019e\u0301nergie au Tchad \u00bb.<\/p>\n<p>Une partie de l\u2019e\u0301nergie produite par cette usine de pied pourrait e\u0301galement e\u0302tre injecte\u0301e dans le Re\u0301seau interconnecte\u0301 Est (RIE) au profit des socie\u0301te\u0301s forestie\u0300res installe\u0301es dans la localite\u0301 de Betare\u0301 Oya a\u0300 l\u2019Est, et d\u2019autres quantite\u0301s pourraient e\u0301galement e\u0302tre exporte\u0301es vers le Tchad.<\/p>\n<p>La construction de la centrale hydroe\u0301lectrique au pied du barrage de Mbakaou sera finance\u0301e par la Banque mondiale a\u0300 travers son instrument, l\u2019Association internationale de de\u0301veloppement (IDA). L\u2019enveloppe de\u0301die\u0301e au financement du projet n\u2019est pas encore connue, mais l\u2019on sait tout de me\u0302me que EDC, l\u2019une des agences d\u2019exe\u0301cution de ce projet, a lance\u0301 en janvier dernier un avis a\u0300 manifestation d\u2019inte\u0301re\u0302t, pour le recrutement d\u2019une firme charge\u0301e de la re\u0301alisation des e\u0301tudes de faisabilite\u0301 technique, e\u0301conomique, financie\u0300re, environnementale, sociale, et transactionnelle pour la construction de cet ouvrage.<\/p>\n<p><strong>Pour plus d&rsquo;informations et d&rsquo;analyses sur la <a href=\"https:\/\/www.africa-press.net\/cameroun\">Cameroun<\/a>, suivez <a href=\"https:\/\/www.africa-press.net\/\">Africa-Press<\/a><\/strong><\/p>\n","protected":false},"excerpt":{"rendered":"<p>Africa-Press &#8211; Cameroun. Pour apporter des solutions durables au de\u0301ficit e\u0301nerge\u0301tique auquel font face les re\u0301gions du Septentrion, a\u0300 l\u2019image de l\u2019ensemble des re\u0301gions du pays, l\u2019entreprise publique Electricity development corporation (EDC), leader du segment de la production dans le secteur de l\u2019e\u0301lectricite\u0301, annonce la construction imminente d\u2019une centrale hydroe\u0301lectrique au pied du barrage re\u0301servoir [&hellip;]<\/p>\n","protected":false},"author":82,"featured_media":62390,"comment_status":"open","ping_status":"closed","sticky":false,"template":"","format":"standard","meta":{"footnotes":""},"categories":[3,20,10],"tags":[36,50,49],"class_list":["post-62391","post","type-post","status-publish","format-standard","has-post-thumbnail","hentry","category-economie","category-top-nouvelles","category-toutes-les-actualites","tag-africa-press","tag-africa-press-cameroun","tag-cameroun"],"yoast_head":"<!-- This site is optimized with the Yoast SEO Premium plugin v26.1 (Yoast SEO v27.0) - https:\/\/yoast.com\/product\/yoast-seo-premium-wordpress\/ -->\n<title>Nouvelle centrale hydro\u00e9lectrique dans la r\u00e9gion de l&#039;Amadoua - Cameroun<\/title>\n<meta name=\"description\" content=\"Pour apporter des solutions durables au de\u0301ficit e\u0301nerge\u0301tique auquel font face les re\u0301gions du Septentrion, a\u0300 l\u2019image ...\" \/>\n<meta name=\"robots\" content=\"index, follow, max-snippet:-1, max-image-preview:large, max-video-preview:-1\" \/>\n<link rel=\"canonical\" href=\"https:\/\/www.africa-press.net\/cameroun\/economie\/nouvelle-centrale-hydroelectrique-dans-la-region-de-lamadoua\" \/>\n<meta property=\"og:locale\" content=\"fr_FR\" \/>\n<meta property=\"og:type\" content=\"article\" \/>\n<meta property=\"og:title\" content=\"Nouvelle centrale hydro\u00e9lectrique dans la r\u00e9gion de l&#039;Amadoua\" \/>\n<meta property=\"og:description\" content=\"Pour apporter des solutions durables au de\u0301ficit e\u0301nerge\u0301tique auquel font face les re\u0301gions du Septentrion, a\u0300 l\u2019image ...\" \/>\n<meta property=\"og:url\" content=\"https:\/\/www.africa-press.net\/cameroun\/economie\/nouvelle-centrale-hydroelectrique-dans-la-region-de-lamadoua\" \/>\n<meta property=\"og:site_name\" content=\"Cameroun\" \/>\n<meta property=\"article:published_time\" content=\"2024-03-18T21:37:43+00:00\" \/>\n<meta property=\"article:modified_time\" content=\"2024-03-18T22:57:42+00:00\" \/>\n<meta property=\"og:image\" content=\"https:\/\/static.africa-press.net\/cameroun\/sites\/57\/2024\/03\/sm_1710789526.938585.jpg\" \/>\n\t<meta property=\"og:image:width\" content=\"720\" \/>\n\t<meta property=\"og:image:height\" content=\"496\" \/>\n\t<meta property=\"og:image:type\" content=\"image\/jpeg\" \/>\n<meta name=\"author\" content=\"cfeditorfr\" \/>\n<meta name=\"twitter:card\" content=\"summary_large_image\" \/>\n<meta name=\"twitter:label1\" content=\"\u00c9crit par\" \/>\n\t<meta name=\"twitter:data1\" content=\"cfeditorfr\" \/>\n\t<meta name=\"twitter:label2\" content=\"Dur\u00e9e de lecture estim\u00e9e\" \/>\n\t<meta name=\"twitter:data2\" content=\"2 minutes\" \/>\n<script type=\"application\/ld+json\" class=\"yoast-schema-graph\">{\"@context\":\"https:\/\/schema.org\",\"@graph\":[{\"@type\":\"Article\",\"@id\":\"https:\/\/www.africa-press.net\/cameroun\/economie\/nouvelle-centrale-hydroelectrique-dans-la-region-de-lamadoua#article\",\"isPartOf\":{\"@id\":\"https:\/\/www.africa-press.net\/cameroun\/economie\/nouvelle-centrale-hydroelectrique-dans-la-region-de-lamadoua\"},\"author\":{\"name\":\"cfeditorfr\",\"@id\":\"https:\/\/www.africa-press.net\/cameroun\/#\/schema\/person\/2b1cf3cd81a31e3cd26889ca66d677f1\"},\"headline\":\"Nouvelle centrale hydro\u00e9lectrique dans la r\u00e9gion de l&rsquo;Amadoua\",\"datePublished\":\"2024-03-18T21:37:43+00:00\",\"dateModified\":\"2024-03-18T22:57:42+00:00\",\"mainEntityOfPage\":{\"@id\":\"https:\/\/www.africa-press.net\/cameroun\/economie\/nouvelle-centrale-hydroelectrique-dans-la-region-de-lamadoua\"},\"wordCount\":389,\"commentCount\":0,\"image\":{\"@id\":\"https:\/\/www.africa-press.net\/cameroun\/economie\/nouvelle-centrale-hydroelectrique-dans-la-region-de-lamadoua#primaryimage\"},\"thumbnailUrl\":\"https:\/\/static.africa-press.net\/cameroun\/sites\/57\/2024\/03\/sm_1710789526.938585.jpg\",\"keywords\":[\"Africa Press\",\"Africa Press-Cameroun\",\"Cameroun\"],\"articleSection\":[\"\u00c9conomie\",\"Top Nouvelles\",\"Toutes les actualit\u00e9s\"],\"inLanguage\":\"fr-FR\",\"potentialAction\":[{\"@type\":\"CommentAction\",\"name\":\"Comment\",\"target\":[\"https:\/\/www.africa-press.net\/cameroun\/economie\/nouvelle-centrale-hydroelectrique-dans-la-region-de-lamadoua#respond\"]}]},{\"@type\":\"WebPage\",\"@id\":\"https:\/\/www.africa-press.net\/cameroun\/economie\/nouvelle-centrale-hydroelectrique-dans-la-region-de-lamadoua\",\"url\":\"https:\/\/www.africa-press.net\/cameroun\/economie\/nouvelle-centrale-hydroelectrique-dans-la-region-de-lamadoua\",\"name\":\"Nouvelle centrale hydro\u00e9lectrique dans la r\u00e9gion de l'Amadoua - Cameroun\",\"isPartOf\":{\"@id\":\"https:\/\/www.africa-press.net\/cameroun\/#website\"},\"primaryImageOfPage\":{\"@id\":\"https:\/\/www.africa-press.net\/cameroun\/economie\/nouvelle-centrale-hydroelectrique-dans-la-region-de-lamadoua#primaryimage\"},\"image\":{\"@id\":\"https:\/\/www.africa-press.net\/cameroun\/economie\/nouvelle-centrale-hydroelectrique-dans-la-region-de-lamadoua#primaryimage\"},\"thumbnailUrl\":\"https:\/\/static.africa-press.net\/cameroun\/sites\/57\/2024\/03\/sm_1710789526.938585.jpg\",\"datePublished\":\"2024-03-18T21:37:43+00:00\",\"dateModified\":\"2024-03-18T22:57:42+00:00\",\"author\":{\"@id\":\"https:\/\/www.africa-press.net\/cameroun\/#\/schema\/person\/2b1cf3cd81a31e3cd26889ca66d677f1\"},\"description\":\"Pour apporter des solutions durables au de\u0301ficit e\u0301nerge\u0301tique auquel font face les re\u0301gions du Septentrion, a\u0300 l\u2019image ...\",\"breadcrumb\":{\"@id\":\"https:\/\/www.africa-press.net\/cameroun\/economie\/nouvelle-centrale-hydroelectrique-dans-la-region-de-lamadoua#breadcrumb\"},\"inLanguage\":\"fr-FR\",\"potentialAction\":[{\"@type\":\"ReadAction\",\"target\":[\"https:\/\/www.africa-press.net\/cameroun\/economie\/nouvelle-centrale-hydroelectrique-dans-la-region-de-lamadoua\"]}]},{\"@type\":\"ImageObject\",\"inLanguage\":\"fr-FR\",\"@id\":\"https:\/\/www.africa-press.net\/cameroun\/economie\/nouvelle-centrale-hydroelectrique-dans-la-region-de-lamadoua#primaryimage\",\"url\":\"https:\/\/static.africa-press.net\/cameroun\/sites\/57\/2024\/03\/sm_1710789526.938585.jpg\",\"contentUrl\":\"https:\/\/static.africa-press.net\/cameroun\/sites\/57\/2024\/03\/sm_1710789526.938585.jpg\",\"width\":720,\"height\":496,\"caption\":\"Nouvelle centrale hydro\u00e9lectrique dans la r\u00e9gion de l'Amadoua\"},{\"@type\":\"BreadcrumbList\",\"@id\":\"https:\/\/www.africa-press.net\/cameroun\/economie\/nouvelle-centrale-hydroelectrique-dans-la-region-de-lamadoua#breadcrumb\",\"itemListElement\":[{\"@type\":\"ListItem\",\"position\":1,\"name\":\"Accueil\",\"item\":\"https:\/\/www.africa-press.net\/cameroun\/\"},{\"@type\":\"ListItem\",\"position\":2,\"name\":\"Nouvelle centrale hydro\u00e9lectrique dans la r\u00e9gion de l&#8217;Amadoua\"}]},{\"@type\":\"WebSite\",\"@id\":\"https:\/\/www.africa-press.net\/cameroun\/#website\",\"url\":\"https:\/\/www.africa-press.net\/cameroun\/\",\"name\":\"Cameroun\",\"description\":\"Just another Africa News Agency Sites site\",\"potentialAction\":[{\"@type\":\"SearchAction\",\"target\":{\"@type\":\"EntryPoint\",\"urlTemplate\":\"https:\/\/www.africa-press.net\/cameroun\/?s={search_term_string}\"},\"query-input\":{\"@type\":\"PropertyValueSpecification\",\"valueRequired\":true,\"valueName\":\"search_term_string\"}}],\"inLanguage\":\"fr-FR\"},{\"@type\":\"Person\",\"@id\":\"https:\/\/www.africa-press.net\/cameroun\/#\/schema\/person\/2b1cf3cd81a31e3cd26889ca66d677f1\",\"name\":\"cfeditorfr\"}]}<\/script>\n<!-- \/ Yoast SEO Premium plugin. -->","yoast_head_json":{"title":"Nouvelle centrale hydro\u00e9lectrique dans la r\u00e9gion de l'Amadoua - Cameroun","description":"Pour apporter des solutions durables au de\u0301ficit e\u0301nerge\u0301tique auquel font face les re\u0301gions du Septentrion, a\u0300 l\u2019image ...","robots":{"index":"index","follow":"follow","max-snippet":"max-snippet:-1","max-image-preview":"max-image-preview:large","max-video-preview":"max-video-preview:-1"},"canonical":"https:\/\/www.africa-press.net\/cameroun\/economie\/nouvelle-centrale-hydroelectrique-dans-la-region-de-lamadoua","og_locale":"fr_FR","og_type":"article","og_title":"Nouvelle centrale hydro\u00e9lectrique dans la r\u00e9gion de l'Amadoua","og_description":"Pour apporter des solutions durables au de\u0301ficit e\u0301nerge\u0301tique auquel font face les re\u0301gions du Septentrion, a\u0300 l\u2019image ...","og_url":"https:\/\/www.africa-press.net\/cameroun\/economie\/nouvelle-centrale-hydroelectrique-dans-la-region-de-lamadoua","og_site_name":"Cameroun","article_published_time":"2024-03-18T21:37:43+00:00","article_modified_time":"2024-03-18T22:57:42+00:00","og_image":[{"width":720,"height":496,"url":"https:\/\/static.africa-press.net\/cameroun\/sites\/57\/2024\/03\/sm_1710789526.938585.jpg","type":"image\/jpeg"}],"author":"cfeditorfr","twitter_card":"summary_large_image","twitter_misc":{"\u00c9crit par":"cfeditorfr","Dur\u00e9e de lecture estim\u00e9e":"2 minutes"},"schema":{"@context":"https:\/\/schema.org","@graph":[{"@type":"Article","@id":"https:\/\/www.africa-press.net\/cameroun\/economie\/nouvelle-centrale-hydroelectrique-dans-la-region-de-lamadoua#article","isPartOf":{"@id":"https:\/\/www.africa-press.net\/cameroun\/economie\/nouvelle-centrale-hydroelectrique-dans-la-region-de-lamadoua"},"author":{"name":"cfeditorfr","@id":"https:\/\/www.africa-press.net\/cameroun\/#\/schema\/person\/2b1cf3cd81a31e3cd26889ca66d677f1"},"headline":"Nouvelle centrale hydro\u00e9lectrique dans la r\u00e9gion de l&rsquo;Amadoua","datePublished":"2024-03-18T21:37:43+00:00","dateModified":"2024-03-18T22:57:42+00:00","mainEntityOfPage":{"@id":"https:\/\/www.africa-press.net\/cameroun\/economie\/nouvelle-centrale-hydroelectrique-dans-la-region-de-lamadoua"},"wordCount":389,"commentCount":0,"image":{"@id":"https:\/\/www.africa-press.net\/cameroun\/economie\/nouvelle-centrale-hydroelectrique-dans-la-region-de-lamadoua#primaryimage"},"thumbnailUrl":"https:\/\/static.africa-press.net\/cameroun\/sites\/57\/2024\/03\/sm_1710789526.938585.jpg","keywords":["Africa Press","Africa Press-Cameroun","Cameroun"],"articleSection":["\u00c9conomie","Top Nouvelles","Toutes les actualit\u00e9s"],"inLanguage":"fr-FR","potentialAction":[{"@type":"CommentAction","name":"Comment","target":["https:\/\/www.africa-press.net\/cameroun\/economie\/nouvelle-centrale-hydroelectrique-dans-la-region-de-lamadoua#respond"]}]},{"@type":"WebPage","@id":"https:\/\/www.africa-press.net\/cameroun\/economie\/nouvelle-centrale-hydroelectrique-dans-la-region-de-lamadoua","url":"https:\/\/www.africa-press.net\/cameroun\/economie\/nouvelle-centrale-hydroelectrique-dans-la-region-de-lamadoua","name":"Nouvelle centrale hydro\u00e9lectrique dans la r\u00e9gion de l'Amadoua - Cameroun","isPartOf":{"@id":"https:\/\/www.africa-press.net\/cameroun\/#website"},"primaryImageOfPage":{"@id":"https:\/\/www.africa-press.net\/cameroun\/economie\/nouvelle-centrale-hydroelectrique-dans-la-region-de-lamadoua#primaryimage"},"image":{"@id":"https:\/\/www.africa-press.net\/cameroun\/economie\/nouvelle-centrale-hydroelectrique-dans-la-region-de-lamadoua#primaryimage"},"thumbnailUrl":"https:\/\/static.africa-press.net\/cameroun\/sites\/57\/2024\/03\/sm_1710789526.938585.jpg","datePublished":"2024-03-18T21:37:43+00:00","dateModified":"2024-03-18T22:57:42+00:00","author":{"@id":"https:\/\/www.africa-press.net\/cameroun\/#\/schema\/person\/2b1cf3cd81a31e3cd26889ca66d677f1"},"description":"Pour apporter des solutions durables au de\u0301ficit e\u0301nerge\u0301tique auquel font face les re\u0301gions du Septentrion, a\u0300 l\u2019image ...","breadcrumb":{"@id":"https:\/\/www.africa-press.net\/cameroun\/economie\/nouvelle-centrale-hydroelectrique-dans-la-region-de-lamadoua#breadcrumb"},"inLanguage":"fr-FR","potentialAction":[{"@type":"ReadAction","target":["https:\/\/www.africa-press.net\/cameroun\/economie\/nouvelle-centrale-hydroelectrique-dans-la-region-de-lamadoua"]}]},{"@type":"ImageObject","inLanguage":"fr-FR","@id":"https:\/\/www.africa-press.net\/cameroun\/economie\/nouvelle-centrale-hydroelectrique-dans-la-region-de-lamadoua#primaryimage","url":"https:\/\/static.africa-press.net\/cameroun\/sites\/57\/2024\/03\/sm_1710789526.938585.jpg","contentUrl":"https:\/\/static.africa-press.net\/cameroun\/sites\/57\/2024\/03\/sm_1710789526.938585.jpg","width":720,"height":496,"caption":"Nouvelle centrale hydro\u00e9lectrique dans la r\u00e9gion de l'Amadoua"},{"@type":"BreadcrumbList","@id":"https:\/\/www.africa-press.net\/cameroun\/economie\/nouvelle-centrale-hydroelectrique-dans-la-region-de-lamadoua#breadcrumb","itemListElement":[{"@type":"ListItem","position":1,"name":"Accueil","item":"https:\/\/www.africa-press.net\/cameroun\/"},{"@type":"ListItem","position":2,"name":"Nouvelle centrale hydro\u00e9lectrique dans la r\u00e9gion de l&#8217;Amadoua"}]},{"@type":"WebSite","@id":"https:\/\/www.africa-press.net\/cameroun\/#website","url":"https:\/\/www.africa-press.net\/cameroun\/","name":"Cameroun","description":"Just another Africa News Agency Sites site","potentialAction":[{"@type":"SearchAction","target":{"@type":"EntryPoint","urlTemplate":"https:\/\/www.africa-press.net\/cameroun\/?s={search_term_string}"},"query-input":{"@type":"PropertyValueSpecification","valueRequired":true,"valueName":"search_term_string"}}],"inLanguage":"fr-FR"},{"@type":"Person","@id":"https:\/\/www.africa-press.net\/cameroun\/#\/schema\/person\/2b1cf3cd81a31e3cd26889ca66d677f1","name":"cfeditorfr"}]}},"_links":{"self":[{"href":"https:\/\/www.africa-press.net\/cameroun\/wp-json\/wp\/v2\/posts\/62391","targetHints":{"allow":["GET"]}}],"collection":[{"href":"https:\/\/www.africa-press.net\/cameroun\/wp-json\/wp\/v2\/posts"}],"about":[{"href":"https:\/\/www.africa-press.net\/cameroun\/wp-json\/wp\/v2\/types\/post"}],"author":[{"embeddable":true,"href":"https:\/\/www.africa-press.net\/cameroun\/wp-json\/wp\/v2\/users\/82"}],"replies":[{"embeddable":true,"href":"https:\/\/www.africa-press.net\/cameroun\/wp-json\/wp\/v2\/comments?post=62391"}],"version-history":[{"count":0,"href":"https:\/\/www.africa-press.net\/cameroun\/wp-json\/wp\/v2\/posts\/62391\/revisions"}],"wp:featuredmedia":[{"embeddable":true,"href":"https:\/\/www.africa-press.net\/cameroun\/wp-json\/wp\/v2\/media\/62390"}],"wp:attachment":[{"href":"https:\/\/www.africa-press.net\/cameroun\/wp-json\/wp\/v2\/media?parent=62391"}],"wp:term":[{"taxonomy":"category","embeddable":true,"href":"https:\/\/www.africa-press.net\/cameroun\/wp-json\/wp\/v2\/categories?post=62391"},{"taxonomy":"post_tag","embeddable":true,"href":"https:\/\/www.africa-press.net\/cameroun\/wp-json\/wp\/v2\/tags?post=62391"}],"curies":[{"name":"wp","href":"https:\/\/api.w.org\/{rel}","templated":true}]}}