{"id":6395,"date":"2021-06-30T13:15:41","date_gmt":"2021-06-30T13:15:41","guid":{"rendered":"https:\/\/www.africa-press.net\/cameroun\/politique\/covid-19-que-sait-on-du-variant-delta"},"modified":"2021-06-30T16:12:24","modified_gmt":"2021-06-30T16:12:24","slug":"covid-19-que-sait-on-du-variant-delta","status":"publish","type":"post","link":"https:\/\/www.africa-press.net\/cameroun\/toutes-les-actualites\/covid-19-que-sait-on-du-variant-delta","title":{"rendered":"Covid-19 : que sait-on du variant Delta ?"},"content":{"rendered":"<p><span style=\"color: #ff6600\"><strong><a href=\"https:\/\/www.africa-press.net\/\">Africa-Press<\/a> &#8211; <a href=\"https:\/\/www.africa-press.net\/cameroun\">Cameroun<\/a>. <\/strong><\/span>Le variant Delta identifi\u00e9 pour la premi\u00e8re fois fin 2020 en Inde est r\u00e9put\u00e9 plus contagieux. Autour du globe, les autorit\u00e9s sanitaires s&rsquo;inqui\u00e8tent de son expansion. D\u00e9j\u00e0 responsable d&rsquo;une reprise \u00e9pid\u00e9mique au Royaume-Uni depuis quelques semaines, ce variant pourrait provoquer, selon les sp\u00e9cialistes, un rebond \u00e0 large \u00e9chelle d\u00e8s cet \u00e9t\u00e9 si rien n&rsquo;est fait pour le contrer pr\u00e9cocement. Que sait-on sur le variant Delta du Covid-19 ? Etat des lieux.<\/p>\n<p><b>Quelles sont ses caract\u00e9ristiques ?\u200b<\/b><\/p>\n<p>Le variant Delta est consid\u00e9r\u00e9 comme plus contagieux. \u201cIl est tr\u00e8s probable que le variant Delta circule largement pendant l&rsquo;\u00e9t\u00e9, en particulier chez les jeunes qui ne sont pas cibl\u00e9s par la vaccination\u00a0\u00bb, averti Andrea Ammon, la directrice de l&rsquo;agence europ\u00e9enne des maladies.<\/p>\n<p>Cette progression rapide s&rsquo;explique par son \u00ab\u00a0avantage comp\u00e9titif\u00a0\u00bb par rapport aux autres souches : on le juge 40% \u00e0 60% plus transmissible que le variant Alpha, lui-m\u00eame plus contagieux que la souche dominante pr\u00e9c\u00e9dente, responsable de la premi\u00e8re vague en Europe.\u200b<\/p>\n<p>Une \u00e9quipe de chercheurs fran\u00e7ais estime m\u00eame cet avantage de transmission entre 50% et 80%, dans une \u00e9tude non encore publi\u00e9e \u00e0 partir de donn\u00e9es de la r\u00e9gion parisienne.<\/p>\n<p><b>O\u00f9 est-il pr\u00e9sent ?<\/b><\/p>\n<p>Plusieurs pays comme l&rsquo;Indon\u00e9sie, le Portugal, la Russie ou Isra\u00ebl connaissent une recrudescence de nouveaux cas, au moins en partie li\u00e9e \u00e0 la diffusion du variant Delta, et de nombreux autres craignent de leur embo\u00eeter le pas.<\/p>\n<p>Le variant Delta conna\u00eet une expansion alarmante en Europe. Il devrait repr\u00e9senter 90% des nouveaux cas de Covid-19 dans l\u2019Union europ\u00e9enne d\u2019ici la fin ao\u00fbt 2021 estime le Centre europ\u00e9en de pr\u00e9vention et de contr\u00f4le des maladies (ECDC).<\/p>\n<p>En France, le variant Delta repr\u00e9sente d\u00e9sormais entre \u201c9 et 10% des nouveaux cas positifs\u201d selon Gabriel Attal, porte-parole du gouvernement. Les autorit\u00e9s notent des disparit\u00e9s. Le variant Delta repr\u00e9sente entre 12 et 13% des contaminations en r\u00e9gions parisienne alors que sa pr\u00e9sence dans les Landes (sud-ouest) est beaucoup plus importante, soit 70% des cas d\u00e9tect\u00e9s.<\/p>\n<p>Au Portugal, le variant Delta est devenu pr\u00e9dominant. Il repr\u00e9sente 70% des nouveaux cas dans la r\u00e9gion du grand Lisbonne.<\/p>\n<p>Plus au nord, l&rsquo;Angleterre a d\u00fb mi-juin repousser de quatre semaines la lev\u00e9e des derni\u00e8res restrictions anti-Covid, esp\u00e9rant contenir l&rsquo;inqui\u00e9tante pouss\u00e9e du variant Delta gr\u00e2ce \u00e0 la vaccination.<\/p>\n<p>En Russie, en moins de 24 heures, les autorit\u00e9s russes ont d\u00e9tect\u00e9 20 000 contaminations et 568 d\u00e9c\u00e8s le 23 juin 2021. Moscou est l\u2019\u00e9picentre de cette nouvelle vague d\u2019\u00e9pid\u00e9mie. Le variant Delta repr\u00e9sente d\u00e9sormais 90% des contaminations dans la capitale.<\/p>\n<p>Face \u00e0 cette flamb\u00e9e, le maire de Moscou a rendu la vaccination obligatoire dans le secteur des services.<\/p>\n<p>Le variant Delta a fait son apparition en Isra\u00ebl pays o\u00f9 la vaccination a largement \u00e9t\u00e9 pl\u00e9biscit\u00e9e par la population.<\/p>\n<p>Aux Etats-Unis, il est pass\u00e9 d&rsquo;environ 10% le 5 juin \u00e0 35% des pr\u00e9l\u00e8vements positifs s\u00e9quenc\u00e9s deux semaines apr\u00e8s.<\/p>\n<p><b>La vaccination est-elle efficace ?<\/b><\/p>\n<p>Face \u00e0 cette menace du variant Delta, les autorit\u00e9s sanitaires appellent la population \u00e0 \u00ab\u00a0faire beaucoup mieux\u00a0\u00bb en mati\u00e8re de vaccination, \u00e0 l&rsquo;instar du premier ministre fran\u00e7ais Jean Castex.<\/p>\n<p>Car si, selon plusieurs \u00e9tudes, les vaccins sont un peu moins performants contre le variant Delta que contre le variant Alpha et la souche historique, ils conservent un niveau d&rsquo;efficacit\u00e9 \u00e9lev\u00e9, \u00e0 condition d&rsquo;avoir re\u00e7u les deux doses.<\/p>\n<p>Selon le vaccin, la protection est de 92% \u00e0 96% contre le risque d&rsquo;hospitalisation et de 60% \u00e0 88% contre la forme symptomatique du Covid provoqu\u00e9e par le variant Delta, montrent des donn\u00e9es des autorit\u00e9s britanniques.<\/p>\n<p>Avec une seule dose, la protection contre la maladie est en revanche bien moindre (33% selon l&rsquo;\u00e9tude britannique).<\/p>\n<p>\u00ab\u00a0Une dose ne suffit pas\u00a0\u00bb: face au variant Delta \u00ab\u00a0une vaccination compl\u00e8te est n\u00e9cessaire pour prot\u00e9ger les plus vuln\u00e9rables\u00a0\u00bb, mart\u00e8le un document diffus\u00e9 par l&rsquo;ECDC \u00e0 destination du grand public.<\/p>\n<p>Augmenter la couverture vaccinale est donc n\u00e9cessaire, mais sans doute pas suffisant, avertit l&rsquo;\u00e9pid\u00e9miologiste Antoine Flahault.<\/p>\n<p>Avec le variant Delta, les scientifiques s&rsquo;accordent pour dire qu&rsquo;il faudrait plus de 80% de la population vaccin\u00e9e, d&rsquo;autant qu'\u00a0\u00bbon ne peut plus trop compter sur l&rsquo;immunit\u00e9 naturelle\u00a0\u00bb des personnes ayant d\u00e9j\u00e0 contract\u00e9 le Covid, car il y \u00e9chappe au moins en partie.<\/p>\n<p><b>Qui sont les personnes \u00e0 risque ?<\/b><\/p>\n<p>Selon les sc\u00e9narios le Centre europ\u00e9en de pr\u00e9vention et de contr\u00f4le des maladies (ECDC), \u00ab\u00a0tout rel\u00e2chement au cours de l&rsquo;\u00e9t\u00e9 des mesures non pharmaceutiques qui \u00e9taient en place dans l&rsquo;UE au d\u00e9but du mois de juin pourrait entra\u00eener une augmentation rapide et significative du nombre de cas quotidiens dans tous les groupes d&rsquo;\u00e2ge\u00a0\u00bb.<\/p>\n<p>Cette augmentation conduirait \u00e0 une hausse des hospitalisations et des d\u00e9c\u00e8s, \u00ab\u00a0qui pourrait atteindre les m\u00eames niveaux qu&rsquo;\u00e0 l&rsquo;automne 2020 si aucune mesure suppl\u00e9mentaire n&rsquo;\u00e9tait prise\u00a0\u00bb.<\/p>\n<p>La pand\u00e9mie de Covid-19 a fait plus de 3.8 millions de morts dans le monde depuis fin d\u00e9cembre 2019, selon un bilan \u00e9tabli par l&rsquo;AFP \u00e0 partir de sources officielles.<\/p>\n<p>Les Etats-Unis sont le pays le plus touch\u00e9 tant en nombre de morts que de cas de Covid-19, avec plus de 600 000 d\u00e9c\u00e8s, suivi du Br\u00e9sil (507 109 morts) et de l&rsquo;Inde (390 660 d\u00e9c\u00e8s).<\/p>\n","protected":false},"excerpt":{"rendered":"<p>Africa-Press &#8211; Cameroun. Le variant Delta identifi\u00e9 pour la premi\u00e8re fois fin 2020 en Inde est r\u00e9put\u00e9 plus contagieux. Autour du globe, les autorit\u00e9s sanitaires s&rsquo;inqui\u00e8tent de son expansion. D\u00e9j\u00e0 responsable d&rsquo;une reprise \u00e9pid\u00e9mique au Royaume-Uni depuis quelques semaines, ce variant pourrait provoquer, selon les sp\u00e9cialistes, un rebond \u00e0 large \u00e9chelle d\u00e8s cet \u00e9t\u00e9 si [&hellip;]<\/p>\n","protected":false},"author":82,"featured_media":6392,"comment_status":"open","ping_status":"closed","sticky":false,"template":"","format":"standard","meta":{"footnotes":""},"categories":[22,11,10],"tags":[36,50,49,92,183],"class_list":["post-6395","post","type-post","status-publish","format-standard","has-post-thumbnail","hentry","category-divers","category-homepage-french","category-toutes-les-actualites","tag-africa-press","tag-africa-press-cameroun","tag-cameroun","tag-covid-19","tag-delta"],"yoast_head":"<!-- This site is optimized with the Yoast SEO Premium plugin v26.1 (Yoast SEO v27.0) - https:\/\/yoast.com\/product\/yoast-seo-premium-wordpress\/ -->\n<title>Covid-19 : que sait-on du variant Delta ? - Cameroun<\/title>\n<meta name=\"description\" content=\"Le variant Delta identifi\u00e9 pour la premi\u00e8re fois fin 2020 en Inde est r\u00e9put\u00e9 plus contagieux. Autour du globe, les autor ...\" \/>\n<meta name=\"robots\" content=\"index, follow, max-snippet:-1, max-image-preview:large, max-video-preview:-1\" \/>\n<link rel=\"canonical\" href=\"https:\/\/www.africa-press.net\/cameroun\/toutes-les-actualites\/covid-19-que-sait-on-du-variant-delta\" \/>\n<meta property=\"og:locale\" content=\"fr_FR\" \/>\n<meta property=\"og:type\" content=\"article\" \/>\n<meta property=\"og:title\" content=\"Covid-19 : que sait-on du variant Delta ?\" \/>\n<meta property=\"og:description\" content=\"Le variant Delta identifi\u00e9 pour la premi\u00e8re fois fin 2020 en Inde est r\u00e9put\u00e9 plus contagieux. Autour du globe, les autor ...\" \/>\n<meta property=\"og:url\" content=\"https:\/\/www.africa-press.net\/cameroun\/toutes-les-actualites\/covid-19-que-sait-on-du-variant-delta\" \/>\n<meta property=\"og:site_name\" content=\"Cameroun\" \/>\n<meta property=\"article:published_time\" content=\"2021-06-30T13:15:41+00:00\" \/>\n<meta property=\"article:modified_time\" content=\"2021-06-30T16:12:24+00:00\" \/>\n<meta property=\"og:image\" content=\"https:\/\/static.africa-press.net\/cameroun\/sites\/57\/2021\/06\/img-60dc97a7105a5.jpg\" \/>\n\t<meta property=\"og:image:width\" content=\"1920\" \/>\n\t<meta property=\"og:image:height\" content=\"1280\" \/>\n\t<meta property=\"og:image:type\" content=\"image\/jpeg\" \/>\n<meta name=\"author\" content=\"cfeditorfr\" \/>\n<meta name=\"twitter:card\" content=\"summary_large_image\" \/>\n<meta name=\"twitter:label1\" content=\"\u00c9crit par\" \/>\n\t<meta name=\"twitter:data1\" content=\"cfeditorfr\" \/>\n\t<meta name=\"twitter:label2\" content=\"Dur\u00e9e de lecture estim\u00e9e\" \/>\n\t<meta name=\"twitter:data2\" content=\"4 minutes\" \/>\n<script type=\"application\/ld+json\" class=\"yoast-schema-graph\">{\"@context\":\"https:\/\/schema.org\",\"@graph\":[{\"@type\":\"Article\",\"@id\":\"https:\/\/www.africa-press.net\/cameroun\/toutes-les-actualites\/covid-19-que-sait-on-du-variant-delta#article\",\"isPartOf\":{\"@id\":\"https:\/\/www.africa-press.net\/cameroun\/toutes-les-actualites\/covid-19-que-sait-on-du-variant-delta\"},\"author\":{\"name\":\"cfeditorfr\",\"@id\":\"https:\/\/www.africa-press.net\/cameroun\/#\/schema\/person\/2b1cf3cd81a31e3cd26889ca66d677f1\"},\"headline\":\"Covid-19 : que sait-on du variant Delta ?\",\"datePublished\":\"2021-06-30T13:15:41+00:00\",\"dateModified\":\"2021-06-30T16:12:24+00:00\",\"mainEntityOfPage\":{\"@id\":\"https:\/\/www.africa-press.net\/cameroun\/toutes-les-actualites\/covid-19-que-sait-on-du-variant-delta\"},\"wordCount\":922,\"commentCount\":0,\"image\":{\"@id\":\"https:\/\/www.africa-press.net\/cameroun\/toutes-les-actualites\/covid-19-que-sait-on-du-variant-delta#primaryimage\"},\"thumbnailUrl\":\"https:\/\/static.africa-press.net\/cameroun\/sites\/57\/2021\/06\/img-60dc97a7105a5.jpg\",\"keywords\":[\"Africa Press\",\"Africa Press-Cameroun\",\"Cameroun\",\"Covid-19\",\"Delta\"],\"articleSection\":[\"Divers\",\"homepage-french\",\"Toutes les actualit\u00e9s\"],\"inLanguage\":\"fr-FR\",\"potentialAction\":[{\"@type\":\"CommentAction\",\"name\":\"Comment\",\"target\":[\"https:\/\/www.africa-press.net\/cameroun\/toutes-les-actualites\/covid-19-que-sait-on-du-variant-delta#respond\"]}]},{\"@type\":\"WebPage\",\"@id\":\"https:\/\/www.africa-press.net\/cameroun\/toutes-les-actualites\/covid-19-que-sait-on-du-variant-delta\",\"url\":\"https:\/\/www.africa-press.net\/cameroun\/toutes-les-actualites\/covid-19-que-sait-on-du-variant-delta\",\"name\":\"Covid-19 : que sait-on du variant Delta ? - Cameroun\",\"isPartOf\":{\"@id\":\"https:\/\/www.africa-press.net\/cameroun\/#website\"},\"primaryImageOfPage\":{\"@id\":\"https:\/\/www.africa-press.net\/cameroun\/toutes-les-actualites\/covid-19-que-sait-on-du-variant-delta#primaryimage\"},\"image\":{\"@id\":\"https:\/\/www.africa-press.net\/cameroun\/toutes-les-actualites\/covid-19-que-sait-on-du-variant-delta#primaryimage\"},\"thumbnailUrl\":\"https:\/\/static.africa-press.net\/cameroun\/sites\/57\/2021\/06\/img-60dc97a7105a5.jpg\",\"datePublished\":\"2021-06-30T13:15:41+00:00\",\"dateModified\":\"2021-06-30T16:12:24+00:00\",\"author\":{\"@id\":\"https:\/\/www.africa-press.net\/cameroun\/#\/schema\/person\/2b1cf3cd81a31e3cd26889ca66d677f1\"},\"description\":\"Le variant Delta identifi\u00e9 pour la premi\u00e8re fois fin 2020 en Inde est r\u00e9put\u00e9 plus contagieux. Autour du globe, les autor ...\",\"breadcrumb\":{\"@id\":\"https:\/\/www.africa-press.net\/cameroun\/toutes-les-actualites\/covid-19-que-sait-on-du-variant-delta#breadcrumb\"},\"inLanguage\":\"fr-FR\",\"potentialAction\":[{\"@type\":\"ReadAction\",\"target\":[\"https:\/\/www.africa-press.net\/cameroun\/toutes-les-actualites\/covid-19-que-sait-on-du-variant-delta\"]}]},{\"@type\":\"ImageObject\",\"inLanguage\":\"fr-FR\",\"@id\":\"https:\/\/www.africa-press.net\/cameroun\/toutes-les-actualites\/covid-19-que-sait-on-du-variant-delta#primaryimage\",\"url\":\"https:\/\/static.africa-press.net\/cameroun\/sites\/57\/2021\/06\/img-60dc97a7105a5.jpg\",\"contentUrl\":\"https:\/\/static.africa-press.net\/cameroun\/sites\/57\/2021\/06\/img-60dc97a7105a5.jpg\",\"width\":1920,\"height\":1280,\"caption\":\"Covid-19 : que sait-on du variant Delta ?\"},{\"@type\":\"BreadcrumbList\",\"@id\":\"https:\/\/www.africa-press.net\/cameroun\/toutes-les-actualites\/covid-19-que-sait-on-du-variant-delta#breadcrumb\",\"itemListElement\":[{\"@type\":\"ListItem\",\"position\":1,\"name\":\"Accueil\",\"item\":\"https:\/\/www.africa-press.net\/cameroun\/\"},{\"@type\":\"ListItem\",\"position\":2,\"name\":\"Covid-19 : que sait-on du variant Delta ?\"}]},{\"@type\":\"WebSite\",\"@id\":\"https:\/\/www.africa-press.net\/cameroun\/#website\",\"url\":\"https:\/\/www.africa-press.net\/cameroun\/\",\"name\":\"Cameroun\",\"description\":\"Just another Africa News Agency Sites site\",\"potentialAction\":[{\"@type\":\"SearchAction\",\"target\":{\"@type\":\"EntryPoint\",\"urlTemplate\":\"https:\/\/www.africa-press.net\/cameroun\/?s={search_term_string}\"},\"query-input\":{\"@type\":\"PropertyValueSpecification\",\"valueRequired\":true,\"valueName\":\"search_term_string\"}}],\"inLanguage\":\"fr-FR\"},{\"@type\":\"Person\",\"@id\":\"https:\/\/www.africa-press.net\/cameroun\/#\/schema\/person\/2b1cf3cd81a31e3cd26889ca66d677f1\",\"name\":\"cfeditorfr\"}]}<\/script>\n<!-- \/ Yoast SEO Premium plugin. -->","yoast_head_json":{"title":"Covid-19 : que sait-on du variant Delta ? - Cameroun","description":"Le variant Delta identifi\u00e9 pour la premi\u00e8re fois fin 2020 en Inde est r\u00e9put\u00e9 plus contagieux. Autour du globe, les autor ...","robots":{"index":"index","follow":"follow","max-snippet":"max-snippet:-1","max-image-preview":"max-image-preview:large","max-video-preview":"max-video-preview:-1"},"canonical":"https:\/\/www.africa-press.net\/cameroun\/toutes-les-actualites\/covid-19-que-sait-on-du-variant-delta","og_locale":"fr_FR","og_type":"article","og_title":"Covid-19 : que sait-on du variant Delta ?","og_description":"Le variant Delta identifi\u00e9 pour la premi\u00e8re fois fin 2020 en Inde est r\u00e9put\u00e9 plus contagieux. Autour du globe, les autor ...","og_url":"https:\/\/www.africa-press.net\/cameroun\/toutes-les-actualites\/covid-19-que-sait-on-du-variant-delta","og_site_name":"Cameroun","article_published_time":"2021-06-30T13:15:41+00:00","article_modified_time":"2021-06-30T16:12:24+00:00","og_image":[{"width":1920,"height":1280,"url":"https:\/\/static.africa-press.net\/cameroun\/sites\/57\/2021\/06\/img-60dc97a7105a5.jpg","type":"image\/jpeg"}],"author":"cfeditorfr","twitter_card":"summary_large_image","twitter_misc":{"\u00c9crit par":"cfeditorfr","Dur\u00e9e de lecture estim\u00e9e":"4 minutes"},"schema":{"@context":"https:\/\/schema.org","@graph":[{"@type":"Article","@id":"https:\/\/www.africa-press.net\/cameroun\/toutes-les-actualites\/covid-19-que-sait-on-du-variant-delta#article","isPartOf":{"@id":"https:\/\/www.africa-press.net\/cameroun\/toutes-les-actualites\/covid-19-que-sait-on-du-variant-delta"},"author":{"name":"cfeditorfr","@id":"https:\/\/www.africa-press.net\/cameroun\/#\/schema\/person\/2b1cf3cd81a31e3cd26889ca66d677f1"},"headline":"Covid-19 : que sait-on du variant Delta ?","datePublished":"2021-06-30T13:15:41+00:00","dateModified":"2021-06-30T16:12:24+00:00","mainEntityOfPage":{"@id":"https:\/\/www.africa-press.net\/cameroun\/toutes-les-actualites\/covid-19-que-sait-on-du-variant-delta"},"wordCount":922,"commentCount":0,"image":{"@id":"https:\/\/www.africa-press.net\/cameroun\/toutes-les-actualites\/covid-19-que-sait-on-du-variant-delta#primaryimage"},"thumbnailUrl":"https:\/\/static.africa-press.net\/cameroun\/sites\/57\/2021\/06\/img-60dc97a7105a5.jpg","keywords":["Africa Press","Africa Press-Cameroun","Cameroun","Covid-19","Delta"],"articleSection":["Divers","homepage-french","Toutes les actualit\u00e9s"],"inLanguage":"fr-FR","potentialAction":[{"@type":"CommentAction","name":"Comment","target":["https:\/\/www.africa-press.net\/cameroun\/toutes-les-actualites\/covid-19-que-sait-on-du-variant-delta#respond"]}]},{"@type":"WebPage","@id":"https:\/\/www.africa-press.net\/cameroun\/toutes-les-actualites\/covid-19-que-sait-on-du-variant-delta","url":"https:\/\/www.africa-press.net\/cameroun\/toutes-les-actualites\/covid-19-que-sait-on-du-variant-delta","name":"Covid-19 : que sait-on du variant Delta ? - Cameroun","isPartOf":{"@id":"https:\/\/www.africa-press.net\/cameroun\/#website"},"primaryImageOfPage":{"@id":"https:\/\/www.africa-press.net\/cameroun\/toutes-les-actualites\/covid-19-que-sait-on-du-variant-delta#primaryimage"},"image":{"@id":"https:\/\/www.africa-press.net\/cameroun\/toutes-les-actualites\/covid-19-que-sait-on-du-variant-delta#primaryimage"},"thumbnailUrl":"https:\/\/static.africa-press.net\/cameroun\/sites\/57\/2021\/06\/img-60dc97a7105a5.jpg","datePublished":"2021-06-30T13:15:41+00:00","dateModified":"2021-06-30T16:12:24+00:00","author":{"@id":"https:\/\/www.africa-press.net\/cameroun\/#\/schema\/person\/2b1cf3cd81a31e3cd26889ca66d677f1"},"description":"Le variant Delta identifi\u00e9 pour la premi\u00e8re fois fin 2020 en Inde est r\u00e9put\u00e9 plus contagieux. Autour du globe, les autor ...","breadcrumb":{"@id":"https:\/\/www.africa-press.net\/cameroun\/toutes-les-actualites\/covid-19-que-sait-on-du-variant-delta#breadcrumb"},"inLanguage":"fr-FR","potentialAction":[{"@type":"ReadAction","target":["https:\/\/www.africa-press.net\/cameroun\/toutes-les-actualites\/covid-19-que-sait-on-du-variant-delta"]}]},{"@type":"ImageObject","inLanguage":"fr-FR","@id":"https:\/\/www.africa-press.net\/cameroun\/toutes-les-actualites\/covid-19-que-sait-on-du-variant-delta#primaryimage","url":"https:\/\/static.africa-press.net\/cameroun\/sites\/57\/2021\/06\/img-60dc97a7105a5.jpg","contentUrl":"https:\/\/static.africa-press.net\/cameroun\/sites\/57\/2021\/06\/img-60dc97a7105a5.jpg","width":1920,"height":1280,"caption":"Covid-19 : que sait-on du variant Delta ?"},{"@type":"BreadcrumbList","@id":"https:\/\/www.africa-press.net\/cameroun\/toutes-les-actualites\/covid-19-que-sait-on-du-variant-delta#breadcrumb","itemListElement":[{"@type":"ListItem","position":1,"name":"Accueil","item":"https:\/\/www.africa-press.net\/cameroun\/"},{"@type":"ListItem","position":2,"name":"Covid-19 : que sait-on du variant Delta ?"}]},{"@type":"WebSite","@id":"https:\/\/www.africa-press.net\/cameroun\/#website","url":"https:\/\/www.africa-press.net\/cameroun\/","name":"Cameroun","description":"Just another Africa News Agency Sites site","potentialAction":[{"@type":"SearchAction","target":{"@type":"EntryPoint","urlTemplate":"https:\/\/www.africa-press.net\/cameroun\/?s={search_term_string}"},"query-input":{"@type":"PropertyValueSpecification","valueRequired":true,"valueName":"search_term_string"}}],"inLanguage":"fr-FR"},{"@type":"Person","@id":"https:\/\/www.africa-press.net\/cameroun\/#\/schema\/person\/2b1cf3cd81a31e3cd26889ca66d677f1","name":"cfeditorfr"}]}},"_links":{"self":[{"href":"https:\/\/www.africa-press.net\/cameroun\/wp-json\/wp\/v2\/posts\/6395","targetHints":{"allow":["GET"]}}],"collection":[{"href":"https:\/\/www.africa-press.net\/cameroun\/wp-json\/wp\/v2\/posts"}],"about":[{"href":"https:\/\/www.africa-press.net\/cameroun\/wp-json\/wp\/v2\/types\/post"}],"author":[{"embeddable":true,"href":"https:\/\/www.africa-press.net\/cameroun\/wp-json\/wp\/v2\/users\/82"}],"replies":[{"embeddable":true,"href":"https:\/\/www.africa-press.net\/cameroun\/wp-json\/wp\/v2\/comments?post=6395"}],"version-history":[{"count":0,"href":"https:\/\/www.africa-press.net\/cameroun\/wp-json\/wp\/v2\/posts\/6395\/revisions"}],"wp:featuredmedia":[{"embeddable":true,"href":"https:\/\/www.africa-press.net\/cameroun\/wp-json\/wp\/v2\/media\/6392"}],"wp:attachment":[{"href":"https:\/\/www.africa-press.net\/cameroun\/wp-json\/wp\/v2\/media?parent=6395"}],"wp:term":[{"taxonomy":"category","embeddable":true,"href":"https:\/\/www.africa-press.net\/cameroun\/wp-json\/wp\/v2\/categories?post=6395"},{"taxonomy":"post_tag","embeddable":true,"href":"https:\/\/www.africa-press.net\/cameroun\/wp-json\/wp\/v2\/tags?post=6395"}],"curies":[{"name":"wp","href":"https:\/\/api.w.org\/{rel}","templated":true}]}}