{"id":65894,"date":"2024-05-31T12:41:57","date_gmt":"2024-05-31T12:41:57","guid":{"rendered":"https:\/\/www.africa-press.net\/cameroun\/politique\/le-festival-du-cacao-et-du-cafe-sinternationalise-avec-13-pays-annonces-a-yaounde-du-29-au-31-mai-2024"},"modified":"2024-05-31T14:28:21","modified_gmt":"2024-05-31T14:28:21","slug":"le-festival-du-cacao-et-du-cafe-sinternationalise-avec-13-pays-annonces-a-yaounde-du-29-au-31-mai-2024","status":"publish","type":"post","link":"https:\/\/www.africa-press.net\/cameroun\/economie\/le-festival-du-cacao-et-du-cafe-sinternationalise-avec-13-pays-annonces-a-yaounde-du-29-au-31-mai-2024","title":{"rendered":"Le festival du cacao et du caf\u00e9 s\u2019internationalise, avec 13 pays annonc\u00e9s \u00e0 Yaound\u00e9 du 29 au 31 mai 2024"},"content":{"rendered":"<p><span style=\"color: #ff6600\"><strong>Africa-Press &#8211; Cameroun. <\/strong><\/span>Investir au Cameroun) &#8211; Au cours d\u2019une confe\u0301rence de presse donne\u0301e le 27 mai 2024 a\u0300 Yaounde\u0301, le ministre du Commerce a annonce\u0301 la participation d\u2019au moins 13 autres pays a\u0300 la premie\u0300re e\u0301dition jumele\u0301e des anciens festivals camerounais du cacao et du cafe\u0301, dont la tenue est pre\u0301vue du 29 au 31 mai 2024. \u00ab A\u0300 date, 13 pays ont d\u2019ores et de\u0301ja\u0300 confirme\u0301 leur participation, a\u0300 savoir la Belgique, la Co\u0302te d\u2019Ivoire, la France, le Gabon, le Ghana, la Grande-Bretagne, l\u2019Inde, l\u2019Italie, le Libe\u0301ria, la RD Congo, le Se\u0301ne\u0301gal et la Tunisie. \u00bb, a indique\u0301 Luc Magloire Mbarga Atangana. \u00ab Sans conteste, il s\u2019agit donc d\u2019un e\u0301ve\u0300nement dont le spectre de rayonnement se hisse de\u0301sormais a\u0300 un niveau international, sinon plane\u0301taire&#8230; \u00bb, a-t-il ajoute\u0301.<\/p>\n<p>Baptise\u0301 Cacao &amp; Coffee Festival, la grand-messe du cacao et du cafe\u0301 qui s\u2019ouvre le 29 mai dans la capitale camerounaise est, a pre\u0301cise\u0301 le ministre Mbarga Atangana, \u00ab une formule test de combinaison \u00bb de deux manifestations anciennement connues sous les de\u0301nominations de Festicacao et Festicoffee. Articule\u0301 autour du the\u0300me \u00ab valorisons le cacao et le cafe\u0301 de nos terroirs \u00bb, le Cacao &amp; Coffee Festival sera ponctue\u0301 par des se\u0301ances de formation, des e\u0301changes entre experts des deux filie\u0300res et une foire-exposition.<\/p>\n<p>Cependant, a pre\u0301cise\u0301 le ministre du Commerce au cours de la confe\u0301rence de presse du 27 mai 2024, cette manifestation sera marque\u0301e par trois innovations majeures. A\u0300 savoir, le Cocoa &amp; Coffee Challenge, l\u2019initiation a\u0300 la de\u0301gustation du cafe\u0301, et la tribune des transformateurs. \u00ab Il sera question, a\u0300 travers le Cocoa &amp; Coffee Challenge, de mettre en compe\u0301tition quatre e\u0301coles et centres de formation en ho\u0302tellerie, sous la forme de jeux se de\u0301clinant en question-re\u0301ponses, en confection de plats a\u0300 base de cacao et de cafe\u0301, ou a\u0300 travers des karaoke\u0301s&#8230; Pour ce qui est de l\u2019initiation a\u0300 la de\u0301gustation du cafe\u0301 (&#8230;) il s\u2019agira pour Mme Akansha Kupta, experte internationale en la matie\u0300re, venue tout droit de cette grande nation de cafe\u0301 qu\u2019est l\u2019Inde, de former 30 torre\u0301facteurs camerounais&#8230; La tribune des transformateurs, quant a\u0300 elles, reve\u0302tira la forme d\u2019une plateforme entre les acteurs du segment de la transformation, avec pour objectif de de\u0301gager des pistes nouvelles susceptibles de conduire a\u0300 une valorisation plus accrue de notre cacao et de notre cafe\u0301&#8230; \u00bb, a de\u0301taille\u0301 le ministre du Commerce.<\/p>\n<p>Pre\u0301sente\u0301 comme le premier rendez-vous grand public d\u2019Afrique centrale autour du cacao et du cafe\u0301, ce festival, selon ses promoteurs, permet non seulement de pre\u0301senter les opportunite\u0301s dont rece\u0300lent les deux filie\u0300res, mais aussi, et surtout de promouvoir la consommation locale du cacao et du cafe\u0301 camerounais.<\/p>\n<p><strong>Pour plus d&rsquo;informations et d&rsquo;analyses sur la <a href=\"https:\/\/www.africa-press.net\/cameroun\">Cameroun<\/a>, suivez <a href=\"https:\/\/www.africa-press.net\/\">Africa-Press<\/a><\/strong><\/p>\n","protected":false},"excerpt":{"rendered":"<p>Africa-Press &#8211; Cameroun. Investir au Cameroun) &#8211; Au cours d\u2019une confe\u0301rence de presse donne\u0301e le 27 mai 2024 a\u0300 Yaounde\u0301, le ministre du Commerce a annonce\u0301 la participation d\u2019au moins 13 autres pays a\u0300 la premie\u0300re e\u0301dition jumele\u0301e des anciens festivals camerounais du cacao et du cafe\u0301, dont la tenue est pre\u0301vue du 29 au [&hellip;]<\/p>\n","protected":false},"author":82,"featured_media":65893,"comment_status":"open","ping_status":"closed","sticky":false,"template":"","format":"standard","meta":{"footnotes":""},"categories":[3,10],"tags":[36,50,49],"class_list":["post-65894","post","type-post","status-publish","format-standard","has-post-thumbnail","hentry","category-economie","category-toutes-les-actualites","tag-africa-press","tag-africa-press-cameroun","tag-cameroun"],"yoast_head":"<!-- This site is optimized with the Yoast SEO Premium plugin v26.1 (Yoast SEO v27.0) - https:\/\/yoast.com\/product\/yoast-seo-premium-wordpress\/ -->\n<title>Le festival du cacao et du caf\u00e9 s\u2019internationalise, avec 13 pays annonc\u00e9s \u00e0 Yaound\u00e9 du 29 au 31 mai 2024 - Cameroun<\/title>\n<meta name=\"description\" content=\"Investir au Cameroun) - Au cours d\u2019une confe\u0301rence de presse donne\u0301e le 27 mai 2024 a\u0300 Yaounde\u0301, le ministre du Commerce ...\" \/>\n<meta name=\"robots\" content=\"index, follow, max-snippet:-1, max-image-preview:large, max-video-preview:-1\" \/>\n<link rel=\"canonical\" href=\"https:\/\/www.africa-press.net\/cameroun\/economie\/le-festival-du-cacao-et-du-cafe-sinternationalise-avec-13-pays-annonces-a-yaounde-du-29-au-31-mai-2024\" \/>\n<meta property=\"og:locale\" content=\"fr_FR\" \/>\n<meta property=\"og:type\" content=\"article\" \/>\n<meta property=\"og:title\" content=\"Le festival du cacao et du caf\u00e9 s\u2019internationalise, avec 13 pays annonc\u00e9s \u00e0 Yaound\u00e9 du 29 au 31 mai 2024\" \/>\n<meta property=\"og:description\" content=\"Investir au Cameroun) - Au cours d\u2019une confe\u0301rence de presse donne\u0301e le 27 mai 2024 a\u0300 Yaounde\u0301, le ministre du Commerce ...\" \/>\n<meta property=\"og:url\" content=\"https:\/\/www.africa-press.net\/cameroun\/economie\/le-festival-du-cacao-et-du-cafe-sinternationalise-avec-13-pays-annonces-a-yaounde-du-29-au-31-mai-2024\" \/>\n<meta property=\"og:site_name\" content=\"Cameroun\" \/>\n<meta property=\"article:published_time\" content=\"2024-05-31T12:41:57+00:00\" \/>\n<meta property=\"article:modified_time\" content=\"2024-05-31T14:28:21+00:00\" \/>\n<meta property=\"og:image\" content=\"https:\/\/static.africa-press.net\/cameroun\/sites\/57\/2024\/05\/sm_1717152814.534276.jpg\" \/>\n\t<meta property=\"og:image:width\" content=\"720\" \/>\n\t<meta property=\"og:image:height\" content=\"479\" \/>\n\t<meta property=\"og:image:type\" content=\"image\/jpeg\" \/>\n<meta name=\"author\" content=\"cfeditorfr\" \/>\n<meta name=\"twitter:card\" content=\"summary_large_image\" \/>\n<meta name=\"twitter:label1\" content=\"\u00c9crit par\" \/>\n\t<meta name=\"twitter:data1\" content=\"cfeditorfr\" \/>\n\t<meta name=\"twitter:label2\" content=\"Dur\u00e9e de lecture estim\u00e9e\" \/>\n\t<meta name=\"twitter:data2\" content=\"3 minutes\" \/>\n<script type=\"application\/ld+json\" class=\"yoast-schema-graph\">{\"@context\":\"https:\/\/schema.org\",\"@graph\":[{\"@type\":\"Article\",\"@id\":\"https:\/\/www.africa-press.net\/cameroun\/economie\/le-festival-du-cacao-et-du-cafe-sinternationalise-avec-13-pays-annonces-a-yaounde-du-29-au-31-mai-2024#article\",\"isPartOf\":{\"@id\":\"https:\/\/www.africa-press.net\/cameroun\/economie\/le-festival-du-cacao-et-du-cafe-sinternationalise-avec-13-pays-annonces-a-yaounde-du-29-au-31-mai-2024\"},\"author\":{\"name\":\"cfeditorfr\",\"@id\":\"https:\/\/www.africa-press.net\/cameroun\/#\/schema\/person\/2b1cf3cd81a31e3cd26889ca66d677f1\"},\"headline\":\"Le festival du cacao et du caf\u00e9 s\u2019internationalise, avec 13 pays annonc\u00e9s \u00e0 Yaound\u00e9 du 29 au 31 mai 2024\",\"datePublished\":\"2024-05-31T12:41:57+00:00\",\"dateModified\":\"2024-05-31T14:28:21+00:00\",\"mainEntityOfPage\":{\"@id\":\"https:\/\/www.africa-press.net\/cameroun\/economie\/le-festival-du-cacao-et-du-cafe-sinternationalise-avec-13-pays-annonces-a-yaounde-du-29-au-31-mai-2024\"},\"wordCount\":506,\"commentCount\":0,\"image\":{\"@id\":\"https:\/\/www.africa-press.net\/cameroun\/economie\/le-festival-du-cacao-et-du-cafe-sinternationalise-avec-13-pays-annonces-a-yaounde-du-29-au-31-mai-2024#primaryimage\"},\"thumbnailUrl\":\"https:\/\/static.africa-press.net\/cameroun\/sites\/57\/2024\/05\/sm_1717152814.534276.jpg\",\"keywords\":[\"Africa Press\",\"Africa Press-Cameroun\",\"Cameroun\"],\"articleSection\":[\"\u00c9conomie\",\"Toutes les actualit\u00e9s\"],\"inLanguage\":\"fr-FR\",\"potentialAction\":[{\"@type\":\"CommentAction\",\"name\":\"Comment\",\"target\":[\"https:\/\/www.africa-press.net\/cameroun\/economie\/le-festival-du-cacao-et-du-cafe-sinternationalise-avec-13-pays-annonces-a-yaounde-du-29-au-31-mai-2024#respond\"]}]},{\"@type\":\"WebPage\",\"@id\":\"https:\/\/www.africa-press.net\/cameroun\/economie\/le-festival-du-cacao-et-du-cafe-sinternationalise-avec-13-pays-annonces-a-yaounde-du-29-au-31-mai-2024\",\"url\":\"https:\/\/www.africa-press.net\/cameroun\/economie\/le-festival-du-cacao-et-du-cafe-sinternationalise-avec-13-pays-annonces-a-yaounde-du-29-au-31-mai-2024\",\"name\":\"Le festival du cacao et du caf\u00e9 s\u2019internationalise, avec 13 pays annonc\u00e9s \u00e0 Yaound\u00e9 du 29 au 31 mai 2024 - Cameroun\",\"isPartOf\":{\"@id\":\"https:\/\/www.africa-press.net\/cameroun\/#website\"},\"primaryImageOfPage\":{\"@id\":\"https:\/\/www.africa-press.net\/cameroun\/economie\/le-festival-du-cacao-et-du-cafe-sinternationalise-avec-13-pays-annonces-a-yaounde-du-29-au-31-mai-2024#primaryimage\"},\"image\":{\"@id\":\"https:\/\/www.africa-press.net\/cameroun\/economie\/le-festival-du-cacao-et-du-cafe-sinternationalise-avec-13-pays-annonces-a-yaounde-du-29-au-31-mai-2024#primaryimage\"},\"thumbnailUrl\":\"https:\/\/static.africa-press.net\/cameroun\/sites\/57\/2024\/05\/sm_1717152814.534276.jpg\",\"datePublished\":\"2024-05-31T12:41:57+00:00\",\"dateModified\":\"2024-05-31T14:28:21+00:00\",\"author\":{\"@id\":\"https:\/\/www.africa-press.net\/cameroun\/#\/schema\/person\/2b1cf3cd81a31e3cd26889ca66d677f1\"},\"description\":\"Investir au Cameroun) - Au cours d\u2019une confe\u0301rence de presse donne\u0301e le 27 mai 2024 a\u0300 Yaounde\u0301, le ministre du Commerce ...\",\"breadcrumb\":{\"@id\":\"https:\/\/www.africa-press.net\/cameroun\/economie\/le-festival-du-cacao-et-du-cafe-sinternationalise-avec-13-pays-annonces-a-yaounde-du-29-au-31-mai-2024#breadcrumb\"},\"inLanguage\":\"fr-FR\",\"potentialAction\":[{\"@type\":\"ReadAction\",\"target\":[\"https:\/\/www.africa-press.net\/cameroun\/economie\/le-festival-du-cacao-et-du-cafe-sinternationalise-avec-13-pays-annonces-a-yaounde-du-29-au-31-mai-2024\"]}]},{\"@type\":\"ImageObject\",\"inLanguage\":\"fr-FR\",\"@id\":\"https:\/\/www.africa-press.net\/cameroun\/economie\/le-festival-du-cacao-et-du-cafe-sinternationalise-avec-13-pays-annonces-a-yaounde-du-29-au-31-mai-2024#primaryimage\",\"url\":\"https:\/\/static.africa-press.net\/cameroun\/sites\/57\/2024\/05\/sm_1717152814.534276.jpg\",\"contentUrl\":\"https:\/\/static.africa-press.net\/cameroun\/sites\/57\/2024\/05\/sm_1717152814.534276.jpg\",\"width\":720,\"height\":479,\"caption\":\"Le festival du cacao et du caf\u00e9 s\u2019internationalise, avec 13 pays annonc\u00e9s \u00e0 Yaound\u00e9 du 29 au 31 mai 2024\"},{\"@type\":\"BreadcrumbList\",\"@id\":\"https:\/\/www.africa-press.net\/cameroun\/economie\/le-festival-du-cacao-et-du-cafe-sinternationalise-avec-13-pays-annonces-a-yaounde-du-29-au-31-mai-2024#breadcrumb\",\"itemListElement\":[{\"@type\":\"ListItem\",\"position\":1,\"name\":\"Accueil\",\"item\":\"https:\/\/www.africa-press.net\/cameroun\/\"},{\"@type\":\"ListItem\",\"position\":2,\"name\":\"Le festival du cacao et du caf\u00e9 s\u2019internationalise, avec 13 pays annonc\u00e9s \u00e0 Yaound\u00e9 du 29 au 31 mai 2024\"}]},{\"@type\":\"WebSite\",\"@id\":\"https:\/\/www.africa-press.net\/cameroun\/#website\",\"url\":\"https:\/\/www.africa-press.net\/cameroun\/\",\"name\":\"Cameroun\",\"description\":\"Just another Africa News Agency Sites site\",\"potentialAction\":[{\"@type\":\"SearchAction\",\"target\":{\"@type\":\"EntryPoint\",\"urlTemplate\":\"https:\/\/www.africa-press.net\/cameroun\/?s={search_term_string}\"},\"query-input\":{\"@type\":\"PropertyValueSpecification\",\"valueRequired\":true,\"valueName\":\"search_term_string\"}}],\"inLanguage\":\"fr-FR\"},{\"@type\":\"Person\",\"@id\":\"https:\/\/www.africa-press.net\/cameroun\/#\/schema\/person\/2b1cf3cd81a31e3cd26889ca66d677f1\",\"name\":\"cfeditorfr\"}]}<\/script>\n<!-- \/ Yoast SEO Premium plugin. -->","yoast_head_json":{"title":"Le festival du cacao et du caf\u00e9 s\u2019internationalise, avec 13 pays annonc\u00e9s \u00e0 Yaound\u00e9 du 29 au 31 mai 2024 - Cameroun","description":"Investir au Cameroun) - Au cours d\u2019une confe\u0301rence de presse donne\u0301e le 27 mai 2024 a\u0300 Yaounde\u0301, le ministre du Commerce ...","robots":{"index":"index","follow":"follow","max-snippet":"max-snippet:-1","max-image-preview":"max-image-preview:large","max-video-preview":"max-video-preview:-1"},"canonical":"https:\/\/www.africa-press.net\/cameroun\/economie\/le-festival-du-cacao-et-du-cafe-sinternationalise-avec-13-pays-annonces-a-yaounde-du-29-au-31-mai-2024","og_locale":"fr_FR","og_type":"article","og_title":"Le festival du cacao et du caf\u00e9 s\u2019internationalise, avec 13 pays annonc\u00e9s \u00e0 Yaound\u00e9 du 29 au 31 mai 2024","og_description":"Investir au Cameroun) - Au cours d\u2019une confe\u0301rence de presse donne\u0301e le 27 mai 2024 a\u0300 Yaounde\u0301, le ministre du Commerce ...","og_url":"https:\/\/www.africa-press.net\/cameroun\/economie\/le-festival-du-cacao-et-du-cafe-sinternationalise-avec-13-pays-annonces-a-yaounde-du-29-au-31-mai-2024","og_site_name":"Cameroun","article_published_time":"2024-05-31T12:41:57+00:00","article_modified_time":"2024-05-31T14:28:21+00:00","og_image":[{"width":720,"height":479,"url":"https:\/\/static.africa-press.net\/cameroun\/sites\/57\/2024\/05\/sm_1717152814.534276.jpg","type":"image\/jpeg"}],"author":"cfeditorfr","twitter_card":"summary_large_image","twitter_misc":{"\u00c9crit par":"cfeditorfr","Dur\u00e9e de lecture estim\u00e9e":"3 minutes"},"schema":{"@context":"https:\/\/schema.org","@graph":[{"@type":"Article","@id":"https:\/\/www.africa-press.net\/cameroun\/economie\/le-festival-du-cacao-et-du-cafe-sinternationalise-avec-13-pays-annonces-a-yaounde-du-29-au-31-mai-2024#article","isPartOf":{"@id":"https:\/\/www.africa-press.net\/cameroun\/economie\/le-festival-du-cacao-et-du-cafe-sinternationalise-avec-13-pays-annonces-a-yaounde-du-29-au-31-mai-2024"},"author":{"name":"cfeditorfr","@id":"https:\/\/www.africa-press.net\/cameroun\/#\/schema\/person\/2b1cf3cd81a31e3cd26889ca66d677f1"},"headline":"Le festival du cacao et du caf\u00e9 s\u2019internationalise, avec 13 pays annonc\u00e9s \u00e0 Yaound\u00e9 du 29 au 31 mai 2024","datePublished":"2024-05-31T12:41:57+00:00","dateModified":"2024-05-31T14:28:21+00:00","mainEntityOfPage":{"@id":"https:\/\/www.africa-press.net\/cameroun\/economie\/le-festival-du-cacao-et-du-cafe-sinternationalise-avec-13-pays-annonces-a-yaounde-du-29-au-31-mai-2024"},"wordCount":506,"commentCount":0,"image":{"@id":"https:\/\/www.africa-press.net\/cameroun\/economie\/le-festival-du-cacao-et-du-cafe-sinternationalise-avec-13-pays-annonces-a-yaounde-du-29-au-31-mai-2024#primaryimage"},"thumbnailUrl":"https:\/\/static.africa-press.net\/cameroun\/sites\/57\/2024\/05\/sm_1717152814.534276.jpg","keywords":["Africa Press","Africa Press-Cameroun","Cameroun"],"articleSection":["\u00c9conomie","Toutes les actualit\u00e9s"],"inLanguage":"fr-FR","potentialAction":[{"@type":"CommentAction","name":"Comment","target":["https:\/\/www.africa-press.net\/cameroun\/economie\/le-festival-du-cacao-et-du-cafe-sinternationalise-avec-13-pays-annonces-a-yaounde-du-29-au-31-mai-2024#respond"]}]},{"@type":"WebPage","@id":"https:\/\/www.africa-press.net\/cameroun\/economie\/le-festival-du-cacao-et-du-cafe-sinternationalise-avec-13-pays-annonces-a-yaounde-du-29-au-31-mai-2024","url":"https:\/\/www.africa-press.net\/cameroun\/economie\/le-festival-du-cacao-et-du-cafe-sinternationalise-avec-13-pays-annonces-a-yaounde-du-29-au-31-mai-2024","name":"Le festival du cacao et du caf\u00e9 s\u2019internationalise, avec 13 pays annonc\u00e9s \u00e0 Yaound\u00e9 du 29 au 31 mai 2024 - Cameroun","isPartOf":{"@id":"https:\/\/www.africa-press.net\/cameroun\/#website"},"primaryImageOfPage":{"@id":"https:\/\/www.africa-press.net\/cameroun\/economie\/le-festival-du-cacao-et-du-cafe-sinternationalise-avec-13-pays-annonces-a-yaounde-du-29-au-31-mai-2024#primaryimage"},"image":{"@id":"https:\/\/www.africa-press.net\/cameroun\/economie\/le-festival-du-cacao-et-du-cafe-sinternationalise-avec-13-pays-annonces-a-yaounde-du-29-au-31-mai-2024#primaryimage"},"thumbnailUrl":"https:\/\/static.africa-press.net\/cameroun\/sites\/57\/2024\/05\/sm_1717152814.534276.jpg","datePublished":"2024-05-31T12:41:57+00:00","dateModified":"2024-05-31T14:28:21+00:00","author":{"@id":"https:\/\/www.africa-press.net\/cameroun\/#\/schema\/person\/2b1cf3cd81a31e3cd26889ca66d677f1"},"description":"Investir au Cameroun) - Au cours d\u2019une confe\u0301rence de presse donne\u0301e le 27 mai 2024 a\u0300 Yaounde\u0301, le ministre du Commerce ...","breadcrumb":{"@id":"https:\/\/www.africa-press.net\/cameroun\/economie\/le-festival-du-cacao-et-du-cafe-sinternationalise-avec-13-pays-annonces-a-yaounde-du-29-au-31-mai-2024#breadcrumb"},"inLanguage":"fr-FR","potentialAction":[{"@type":"ReadAction","target":["https:\/\/www.africa-press.net\/cameroun\/economie\/le-festival-du-cacao-et-du-cafe-sinternationalise-avec-13-pays-annonces-a-yaounde-du-29-au-31-mai-2024"]}]},{"@type":"ImageObject","inLanguage":"fr-FR","@id":"https:\/\/www.africa-press.net\/cameroun\/economie\/le-festival-du-cacao-et-du-cafe-sinternationalise-avec-13-pays-annonces-a-yaounde-du-29-au-31-mai-2024#primaryimage","url":"https:\/\/static.africa-press.net\/cameroun\/sites\/57\/2024\/05\/sm_1717152814.534276.jpg","contentUrl":"https:\/\/static.africa-press.net\/cameroun\/sites\/57\/2024\/05\/sm_1717152814.534276.jpg","width":720,"height":479,"caption":"Le festival du cacao et du caf\u00e9 s\u2019internationalise, avec 13 pays annonc\u00e9s \u00e0 Yaound\u00e9 du 29 au 31 mai 2024"},{"@type":"BreadcrumbList","@id":"https:\/\/www.africa-press.net\/cameroun\/economie\/le-festival-du-cacao-et-du-cafe-sinternationalise-avec-13-pays-annonces-a-yaounde-du-29-au-31-mai-2024#breadcrumb","itemListElement":[{"@type":"ListItem","position":1,"name":"Accueil","item":"https:\/\/www.africa-press.net\/cameroun\/"},{"@type":"ListItem","position":2,"name":"Le festival du cacao et du caf\u00e9 s\u2019internationalise, avec 13 pays annonc\u00e9s \u00e0 Yaound\u00e9 du 29 au 31 mai 2024"}]},{"@type":"WebSite","@id":"https:\/\/www.africa-press.net\/cameroun\/#website","url":"https:\/\/www.africa-press.net\/cameroun\/","name":"Cameroun","description":"Just another Africa News Agency Sites site","potentialAction":[{"@type":"SearchAction","target":{"@type":"EntryPoint","urlTemplate":"https:\/\/www.africa-press.net\/cameroun\/?s={search_term_string}"},"query-input":{"@type":"PropertyValueSpecification","valueRequired":true,"valueName":"search_term_string"}}],"inLanguage":"fr-FR"},{"@type":"Person","@id":"https:\/\/www.africa-press.net\/cameroun\/#\/schema\/person\/2b1cf3cd81a31e3cd26889ca66d677f1","name":"cfeditorfr"}]}},"_links":{"self":[{"href":"https:\/\/www.africa-press.net\/cameroun\/wp-json\/wp\/v2\/posts\/65894","targetHints":{"allow":["GET"]}}],"collection":[{"href":"https:\/\/www.africa-press.net\/cameroun\/wp-json\/wp\/v2\/posts"}],"about":[{"href":"https:\/\/www.africa-press.net\/cameroun\/wp-json\/wp\/v2\/types\/post"}],"author":[{"embeddable":true,"href":"https:\/\/www.africa-press.net\/cameroun\/wp-json\/wp\/v2\/users\/82"}],"replies":[{"embeddable":true,"href":"https:\/\/www.africa-press.net\/cameroun\/wp-json\/wp\/v2\/comments?post=65894"}],"version-history":[{"count":0,"href":"https:\/\/www.africa-press.net\/cameroun\/wp-json\/wp\/v2\/posts\/65894\/revisions"}],"wp:featuredmedia":[{"embeddable":true,"href":"https:\/\/www.africa-press.net\/cameroun\/wp-json\/wp\/v2\/media\/65893"}],"wp:attachment":[{"href":"https:\/\/www.africa-press.net\/cameroun\/wp-json\/wp\/v2\/media?parent=65894"}],"wp:term":[{"taxonomy":"category","embeddable":true,"href":"https:\/\/www.africa-press.net\/cameroun\/wp-json\/wp\/v2\/categories?post=65894"},{"taxonomy":"post_tag","embeddable":true,"href":"https:\/\/www.africa-press.net\/cameroun\/wp-json\/wp\/v2\/tags?post=65894"}],"curies":[{"name":"wp","href":"https:\/\/api.w.org\/{rel}","templated":true}]}}