{"id":65923,"date":"2024-05-31T12:43:21","date_gmt":"2024-05-31T12:43:21","guid":{"rendered":"https:\/\/www.africa-press.net\/cameroun\/politique\/cameroun-suspension-de-la-compagnie-de-transport-men-travel"},"modified":"2024-05-31T14:40:25","modified_gmt":"2024-05-31T14:40:25","slug":"cameroun-suspension-de-la-compagnie-de-transport-men-travel","status":"publish","type":"post","link":"https:\/\/www.africa-press.net\/cameroun\/toutes-les-actualites\/cameroun-suspension-de-la-compagnie-de-transport-men-travel","title":{"rendered":"Cameroun : suspension de la compagnie de transport Men Travel"},"content":{"rendered":"<p><span style=\"color: #ff6600\"><strong>Africa-Press &#8211; Cameroun. <\/strong><\/span><b>La sanction survient apre\u0300s deux cas d\u2019accidents mortels a\u0300 Yaounde\u0301 et sur l\u2019axe Douala-Yaounde\u0301, impliquant les bus appartenant a\u0300 la compagnie.<\/b><\/p>\n<p>La compagnie de transport interurbain Mel Travel est sous le coup de la sanction. Le ministre des Transports vient de la suspendre de toutes activite\u0301s lie\u0301es au transport routier. Pendant les dix prochains jours a\u0300 compter du 30 mai 2024, Jean Ernest Massena Ngalle Bibehe, exclut Men Travel, a\u0300 titre conservatoire, de l\u2019exploitation des services de transport routier interurbain. Au terme de cette pe\u0301riode, \u00ab seuls les bus e\u0301quipe\u0301s de dispositif optimal de se\u0301curisation des passagers seront autorise\u0301s a\u0300 reprendre leurs activite\u0301s \u00bb. Car les deux accidents seraient lie\u0301s aux facteurs humains, rele\u0300ve le ministre.<\/p>\n<p>Le membre du gouvernement suspend aussi les permis de conduire de deux chauffeurs. L\u2019un appartient a\u0300 Jean Ive Amougou Minkoulou et l\u2019autre a\u0300 Joseph De\u0301sire\u0301 Minko Mi Assum. Cette suspension est d\u2019une dure\u0301e d\u2019un an. Les deux conducteurs ont e\u0301te\u0301 mis en cause dans les deux mortels impliquant deux bus de la compagnie Men Travel.<\/p>\n<p>Le premier accident est survenu le 25 mai 2024 a\u0300 Yaounde\u0301, a\u0300 la monte\u0301e Colle\u0300ge de la Retraite. Ledit accident a entraine\u0301 la mort d\u2019une personne. Le second accident a eu lieu le 27 mai dernier sur l\u2019axe Douala-Yaounde\u0301, au lieu-dit Ndoupe. Dans cet accident, une autre personne a perdu la vie, une ho\u0302tesse de la compagnie de voyage en l\u2019occurrence. Suite a\u0300 ces deux accidents et au regard des conse\u0301quences, le ministre des Transports invite tous les responsables des agences de voyages a\u0300 faire installer le dispositif optimal de surveillance dans leurs bus.<\/p>\n<p>La suspension de Men Travel survient quelques jours apre\u0300s celle de Socatur, implique\u0301 d\u2019ans un accident de la circulation ayant cause\u0301 la mort de deux personnes a\u0300 Douala.<\/p>\n<p><strong>Pour plus d&rsquo;informations et d&rsquo;analyses sur la <a href=\"https:\/\/www.africa-press.net\/cameroun\">Cameroun<\/a>, suivez <a href=\"https:\/\/www.africa-press.net\/\">Africa-Press<\/a><\/strong><\/p>\n","protected":false},"excerpt":{"rendered":"<p>Africa-Press &#8211; Cameroun. La sanction survient apre\u0300s deux cas d\u2019accidents mortels a\u0300 Yaounde\u0301 et sur l\u2019axe Douala-Yaounde\u0301, impliquant les bus appartenant a\u0300 la compagnie. La compagnie de transport interurbain Mel Travel est sous le coup de la sanction. Le ministre des Transports vient de la suspendre de toutes activite\u0301s lie\u0301es au transport routier. Pendant les [&hellip;]<\/p>\n","protected":false},"author":82,"featured_media":65921,"comment_status":"open","ping_status":"closed","sticky":false,"template":"","format":"standard","meta":{"footnotes":""},"categories":[21,10],"tags":[36,50,49],"class_list":["post-65923","post","type-post","status-publish","format-standard","has-post-thumbnail","hentry","category-communaute","category-toutes-les-actualites","tag-africa-press","tag-africa-press-cameroun","tag-cameroun"],"yoast_head":"<!-- This site is optimized with the Yoast SEO Premium plugin v26.1 (Yoast SEO v27.0) - https:\/\/yoast.com\/product\/yoast-seo-premium-wordpress\/ -->\n<title>Cameroun : suspension de la compagnie de transport Men Travel - Cameroun<\/title>\n<meta name=\"description\" content=\"La sanction survient apre\u0300s deux cas d\u2019accidents mortels a\u0300 Yaounde\u0301 et sur l\u2019axe Douala-Yaounde\u0301, impliquant les bus ...\" \/>\n<meta name=\"robots\" content=\"index, follow, max-snippet:-1, max-image-preview:large, max-video-preview:-1\" \/>\n<link rel=\"canonical\" href=\"https:\/\/www.africa-press.net\/cameroun\/toutes-les-actualites\/cameroun-suspension-de-la-compagnie-de-transport-men-travel\" \/>\n<meta property=\"og:locale\" content=\"fr_FR\" \/>\n<meta property=\"og:type\" content=\"article\" \/>\n<meta property=\"og:title\" content=\"Cameroun : suspension de la compagnie de transport Men Travel\" \/>\n<meta property=\"og:description\" content=\"La sanction survient apre\u0300s deux cas d\u2019accidents mortels a\u0300 Yaounde\u0301 et sur l\u2019axe Douala-Yaounde\u0301, impliquant les bus ...\" \/>\n<meta property=\"og:url\" content=\"https:\/\/www.africa-press.net\/cameroun\/toutes-les-actualites\/cameroun-suspension-de-la-compagnie-de-transport-men-travel\" \/>\n<meta property=\"og:site_name\" content=\"Cameroun\" \/>\n<meta property=\"article:published_time\" content=\"2024-05-31T12:43:21+00:00\" \/>\n<meta property=\"article:modified_time\" content=\"2024-05-31T14:40:25+00:00\" \/>\n<meta property=\"og:image\" content=\"https:\/\/static.africa-press.net\/cameroun\/sites\/57\/2024\/05\/sm_1717153514.157131.jpg\" \/>\n\t<meta property=\"og:image:width\" content=\"780\" \/>\n\t<meta property=\"og:image:height\" content=\"440\" \/>\n\t<meta property=\"og:image:type\" content=\"image\/jpeg\" \/>\n<meta name=\"author\" content=\"cfeditorfr\" \/>\n<meta name=\"twitter:card\" content=\"summary_large_image\" \/>\n<meta name=\"twitter:label1\" content=\"\u00c9crit par\" \/>\n\t<meta name=\"twitter:data1\" content=\"cfeditorfr\" \/>\n\t<meta name=\"twitter:label2\" content=\"Dur\u00e9e de lecture estim\u00e9e\" \/>\n\t<meta name=\"twitter:data2\" content=\"2 minutes\" \/>\n<script type=\"application\/ld+json\" class=\"yoast-schema-graph\">{\"@context\":\"https:\/\/schema.org\",\"@graph\":[{\"@type\":\"Article\",\"@id\":\"https:\/\/www.africa-press.net\/cameroun\/toutes-les-actualites\/cameroun-suspension-de-la-compagnie-de-transport-men-travel#article\",\"isPartOf\":{\"@id\":\"https:\/\/www.africa-press.net\/cameroun\/toutes-les-actualites\/cameroun-suspension-de-la-compagnie-de-transport-men-travel\"},\"author\":{\"name\":\"cfeditorfr\",\"@id\":\"https:\/\/www.africa-press.net\/cameroun\/#\/schema\/person\/2b1cf3cd81a31e3cd26889ca66d677f1\"},\"headline\":\"Cameroun : suspension de la compagnie de transport Men Travel\",\"datePublished\":\"2024-05-31T12:43:21+00:00\",\"dateModified\":\"2024-05-31T14:40:25+00:00\",\"mainEntityOfPage\":{\"@id\":\"https:\/\/www.africa-press.net\/cameroun\/toutes-les-actualites\/cameroun-suspension-de-la-compagnie-de-transport-men-travel\"},\"wordCount\":340,\"commentCount\":0,\"image\":{\"@id\":\"https:\/\/www.africa-press.net\/cameroun\/toutes-les-actualites\/cameroun-suspension-de-la-compagnie-de-transport-men-travel#primaryimage\"},\"thumbnailUrl\":\"https:\/\/static.africa-press.net\/cameroun\/sites\/57\/2024\/05\/sm_1717153514.157131.jpg\",\"keywords\":[\"Africa Press\",\"Africa Press-Cameroun\",\"Cameroun\"],\"articleSection\":[\"Communaut\u00e9\",\"Toutes les actualit\u00e9s\"],\"inLanguage\":\"fr-FR\",\"potentialAction\":[{\"@type\":\"CommentAction\",\"name\":\"Comment\",\"target\":[\"https:\/\/www.africa-press.net\/cameroun\/toutes-les-actualites\/cameroun-suspension-de-la-compagnie-de-transport-men-travel#respond\"]}]},{\"@type\":\"WebPage\",\"@id\":\"https:\/\/www.africa-press.net\/cameroun\/toutes-les-actualites\/cameroun-suspension-de-la-compagnie-de-transport-men-travel\",\"url\":\"https:\/\/www.africa-press.net\/cameroun\/toutes-les-actualites\/cameroun-suspension-de-la-compagnie-de-transport-men-travel\",\"name\":\"Cameroun : suspension de la compagnie de transport Men Travel - Cameroun\",\"isPartOf\":{\"@id\":\"https:\/\/www.africa-press.net\/cameroun\/#website\"},\"primaryImageOfPage\":{\"@id\":\"https:\/\/www.africa-press.net\/cameroun\/toutes-les-actualites\/cameroun-suspension-de-la-compagnie-de-transport-men-travel#primaryimage\"},\"image\":{\"@id\":\"https:\/\/www.africa-press.net\/cameroun\/toutes-les-actualites\/cameroun-suspension-de-la-compagnie-de-transport-men-travel#primaryimage\"},\"thumbnailUrl\":\"https:\/\/static.africa-press.net\/cameroun\/sites\/57\/2024\/05\/sm_1717153514.157131.jpg\",\"datePublished\":\"2024-05-31T12:43:21+00:00\",\"dateModified\":\"2024-05-31T14:40:25+00:00\",\"author\":{\"@id\":\"https:\/\/www.africa-press.net\/cameroun\/#\/schema\/person\/2b1cf3cd81a31e3cd26889ca66d677f1\"},\"description\":\"La sanction survient apre\u0300s deux cas d\u2019accidents mortels a\u0300 Yaounde\u0301 et sur l\u2019axe Douala-Yaounde\u0301, impliquant les bus ...\",\"breadcrumb\":{\"@id\":\"https:\/\/www.africa-press.net\/cameroun\/toutes-les-actualites\/cameroun-suspension-de-la-compagnie-de-transport-men-travel#breadcrumb\"},\"inLanguage\":\"fr-FR\",\"potentialAction\":[{\"@type\":\"ReadAction\",\"target\":[\"https:\/\/www.africa-press.net\/cameroun\/toutes-les-actualites\/cameroun-suspension-de-la-compagnie-de-transport-men-travel\"]}]},{\"@type\":\"ImageObject\",\"inLanguage\":\"fr-FR\",\"@id\":\"https:\/\/www.africa-press.net\/cameroun\/toutes-les-actualites\/cameroun-suspension-de-la-compagnie-de-transport-men-travel#primaryimage\",\"url\":\"https:\/\/static.africa-press.net\/cameroun\/sites\/57\/2024\/05\/sm_1717153514.157131.jpg\",\"contentUrl\":\"https:\/\/static.africa-press.net\/cameroun\/sites\/57\/2024\/05\/sm_1717153514.157131.jpg\",\"width\":780,\"height\":440,\"caption\":\"Cameroun : suspension de la compagnie de transport Men Travel\"},{\"@type\":\"BreadcrumbList\",\"@id\":\"https:\/\/www.africa-press.net\/cameroun\/toutes-les-actualites\/cameroun-suspension-de-la-compagnie-de-transport-men-travel#breadcrumb\",\"itemListElement\":[{\"@type\":\"ListItem\",\"position\":1,\"name\":\"Accueil\",\"item\":\"https:\/\/www.africa-press.net\/cameroun\/\"},{\"@type\":\"ListItem\",\"position\":2,\"name\":\"Cameroun : suspension de la compagnie de transport Men Travel\"}]},{\"@type\":\"WebSite\",\"@id\":\"https:\/\/www.africa-press.net\/cameroun\/#website\",\"url\":\"https:\/\/www.africa-press.net\/cameroun\/\",\"name\":\"Cameroun\",\"description\":\"Just another Africa News Agency Sites site\",\"potentialAction\":[{\"@type\":\"SearchAction\",\"target\":{\"@type\":\"EntryPoint\",\"urlTemplate\":\"https:\/\/www.africa-press.net\/cameroun\/?s={search_term_string}\"},\"query-input\":{\"@type\":\"PropertyValueSpecification\",\"valueRequired\":true,\"valueName\":\"search_term_string\"}}],\"inLanguage\":\"fr-FR\"},{\"@type\":\"Person\",\"@id\":\"https:\/\/www.africa-press.net\/cameroun\/#\/schema\/person\/2b1cf3cd81a31e3cd26889ca66d677f1\",\"name\":\"cfeditorfr\"}]}<\/script>\n<!-- \/ Yoast SEO Premium plugin. -->","yoast_head_json":{"title":"Cameroun : suspension de la compagnie de transport Men Travel - Cameroun","description":"La sanction survient apre\u0300s deux cas d\u2019accidents mortels a\u0300 Yaounde\u0301 et sur l\u2019axe Douala-Yaounde\u0301, impliquant les bus ...","robots":{"index":"index","follow":"follow","max-snippet":"max-snippet:-1","max-image-preview":"max-image-preview:large","max-video-preview":"max-video-preview:-1"},"canonical":"https:\/\/www.africa-press.net\/cameroun\/toutes-les-actualites\/cameroun-suspension-de-la-compagnie-de-transport-men-travel","og_locale":"fr_FR","og_type":"article","og_title":"Cameroun : suspension de la compagnie de transport Men Travel","og_description":"La sanction survient apre\u0300s deux cas d\u2019accidents mortels a\u0300 Yaounde\u0301 et sur l\u2019axe Douala-Yaounde\u0301, impliquant les bus ...","og_url":"https:\/\/www.africa-press.net\/cameroun\/toutes-les-actualites\/cameroun-suspension-de-la-compagnie-de-transport-men-travel","og_site_name":"Cameroun","article_published_time":"2024-05-31T12:43:21+00:00","article_modified_time":"2024-05-31T14:40:25+00:00","og_image":[{"width":780,"height":440,"url":"https:\/\/static.africa-press.net\/cameroun\/sites\/57\/2024\/05\/sm_1717153514.157131.jpg","type":"image\/jpeg"}],"author":"cfeditorfr","twitter_card":"summary_large_image","twitter_misc":{"\u00c9crit par":"cfeditorfr","Dur\u00e9e de lecture estim\u00e9e":"2 minutes"},"schema":{"@context":"https:\/\/schema.org","@graph":[{"@type":"Article","@id":"https:\/\/www.africa-press.net\/cameroun\/toutes-les-actualites\/cameroun-suspension-de-la-compagnie-de-transport-men-travel#article","isPartOf":{"@id":"https:\/\/www.africa-press.net\/cameroun\/toutes-les-actualites\/cameroun-suspension-de-la-compagnie-de-transport-men-travel"},"author":{"name":"cfeditorfr","@id":"https:\/\/www.africa-press.net\/cameroun\/#\/schema\/person\/2b1cf3cd81a31e3cd26889ca66d677f1"},"headline":"Cameroun : suspension de la compagnie de transport Men Travel","datePublished":"2024-05-31T12:43:21+00:00","dateModified":"2024-05-31T14:40:25+00:00","mainEntityOfPage":{"@id":"https:\/\/www.africa-press.net\/cameroun\/toutes-les-actualites\/cameroun-suspension-de-la-compagnie-de-transport-men-travel"},"wordCount":340,"commentCount":0,"image":{"@id":"https:\/\/www.africa-press.net\/cameroun\/toutes-les-actualites\/cameroun-suspension-de-la-compagnie-de-transport-men-travel#primaryimage"},"thumbnailUrl":"https:\/\/static.africa-press.net\/cameroun\/sites\/57\/2024\/05\/sm_1717153514.157131.jpg","keywords":["Africa Press","Africa Press-Cameroun","Cameroun"],"articleSection":["Communaut\u00e9","Toutes les actualit\u00e9s"],"inLanguage":"fr-FR","potentialAction":[{"@type":"CommentAction","name":"Comment","target":["https:\/\/www.africa-press.net\/cameroun\/toutes-les-actualites\/cameroun-suspension-de-la-compagnie-de-transport-men-travel#respond"]}]},{"@type":"WebPage","@id":"https:\/\/www.africa-press.net\/cameroun\/toutes-les-actualites\/cameroun-suspension-de-la-compagnie-de-transport-men-travel","url":"https:\/\/www.africa-press.net\/cameroun\/toutes-les-actualites\/cameroun-suspension-de-la-compagnie-de-transport-men-travel","name":"Cameroun : suspension de la compagnie de transport Men Travel - Cameroun","isPartOf":{"@id":"https:\/\/www.africa-press.net\/cameroun\/#website"},"primaryImageOfPage":{"@id":"https:\/\/www.africa-press.net\/cameroun\/toutes-les-actualites\/cameroun-suspension-de-la-compagnie-de-transport-men-travel#primaryimage"},"image":{"@id":"https:\/\/www.africa-press.net\/cameroun\/toutes-les-actualites\/cameroun-suspension-de-la-compagnie-de-transport-men-travel#primaryimage"},"thumbnailUrl":"https:\/\/static.africa-press.net\/cameroun\/sites\/57\/2024\/05\/sm_1717153514.157131.jpg","datePublished":"2024-05-31T12:43:21+00:00","dateModified":"2024-05-31T14:40:25+00:00","author":{"@id":"https:\/\/www.africa-press.net\/cameroun\/#\/schema\/person\/2b1cf3cd81a31e3cd26889ca66d677f1"},"description":"La sanction survient apre\u0300s deux cas d\u2019accidents mortels a\u0300 Yaounde\u0301 et sur l\u2019axe Douala-Yaounde\u0301, impliquant les bus ...","breadcrumb":{"@id":"https:\/\/www.africa-press.net\/cameroun\/toutes-les-actualites\/cameroun-suspension-de-la-compagnie-de-transport-men-travel#breadcrumb"},"inLanguage":"fr-FR","potentialAction":[{"@type":"ReadAction","target":["https:\/\/www.africa-press.net\/cameroun\/toutes-les-actualites\/cameroun-suspension-de-la-compagnie-de-transport-men-travel"]}]},{"@type":"ImageObject","inLanguage":"fr-FR","@id":"https:\/\/www.africa-press.net\/cameroun\/toutes-les-actualites\/cameroun-suspension-de-la-compagnie-de-transport-men-travel#primaryimage","url":"https:\/\/static.africa-press.net\/cameroun\/sites\/57\/2024\/05\/sm_1717153514.157131.jpg","contentUrl":"https:\/\/static.africa-press.net\/cameroun\/sites\/57\/2024\/05\/sm_1717153514.157131.jpg","width":780,"height":440,"caption":"Cameroun : suspension de la compagnie de transport Men Travel"},{"@type":"BreadcrumbList","@id":"https:\/\/www.africa-press.net\/cameroun\/toutes-les-actualites\/cameroun-suspension-de-la-compagnie-de-transport-men-travel#breadcrumb","itemListElement":[{"@type":"ListItem","position":1,"name":"Accueil","item":"https:\/\/www.africa-press.net\/cameroun\/"},{"@type":"ListItem","position":2,"name":"Cameroun : suspension de la compagnie de transport Men Travel"}]},{"@type":"WebSite","@id":"https:\/\/www.africa-press.net\/cameroun\/#website","url":"https:\/\/www.africa-press.net\/cameroun\/","name":"Cameroun","description":"Just another Africa News Agency Sites site","potentialAction":[{"@type":"SearchAction","target":{"@type":"EntryPoint","urlTemplate":"https:\/\/www.africa-press.net\/cameroun\/?s={search_term_string}"},"query-input":{"@type":"PropertyValueSpecification","valueRequired":true,"valueName":"search_term_string"}}],"inLanguage":"fr-FR"},{"@type":"Person","@id":"https:\/\/www.africa-press.net\/cameroun\/#\/schema\/person\/2b1cf3cd81a31e3cd26889ca66d677f1","name":"cfeditorfr"}]}},"_links":{"self":[{"href":"https:\/\/www.africa-press.net\/cameroun\/wp-json\/wp\/v2\/posts\/65923","targetHints":{"allow":["GET"]}}],"collection":[{"href":"https:\/\/www.africa-press.net\/cameroun\/wp-json\/wp\/v2\/posts"}],"about":[{"href":"https:\/\/www.africa-press.net\/cameroun\/wp-json\/wp\/v2\/types\/post"}],"author":[{"embeddable":true,"href":"https:\/\/www.africa-press.net\/cameroun\/wp-json\/wp\/v2\/users\/82"}],"replies":[{"embeddable":true,"href":"https:\/\/www.africa-press.net\/cameroun\/wp-json\/wp\/v2\/comments?post=65923"}],"version-history":[{"count":0,"href":"https:\/\/www.africa-press.net\/cameroun\/wp-json\/wp\/v2\/posts\/65923\/revisions"}],"wp:featuredmedia":[{"embeddable":true,"href":"https:\/\/www.africa-press.net\/cameroun\/wp-json\/wp\/v2\/media\/65921"}],"wp:attachment":[{"href":"https:\/\/www.africa-press.net\/cameroun\/wp-json\/wp\/v2\/media?parent=65923"}],"wp:term":[{"taxonomy":"category","embeddable":true,"href":"https:\/\/www.africa-press.net\/cameroun\/wp-json\/wp\/v2\/categories?post=65923"},{"taxonomy":"post_tag","embeddable":true,"href":"https:\/\/www.africa-press.net\/cameroun\/wp-json\/wp\/v2\/tags?post=65923"}],"curies":[{"name":"wp","href":"https:\/\/api.w.org\/{rel}","templated":true}]}}