{"id":66003,"date":"2024-06-01T20:41:36","date_gmt":"2024-06-01T20:41:36","guid":{"rendered":"https:\/\/www.africa-press.net\/cameroun\/politique\/guerre-violente-entre-samuel-etoo-et-mouelle-kombi-des-lecons-a-tirer-cest-du-lourd"},"modified":"2024-06-01T21:18:24","modified_gmt":"2024-06-01T21:18:24","slug":"guerre-violente-entre-samuel-etoo-et-mouelle-kombi-des-lecons-a-tirer-cest-du-lourd","status":"publish","type":"post","link":"https:\/\/www.africa-press.net\/cameroun\/sports\/guerre-violente-entre-samuel-etoo-et-mouelle-kombi-des-lecons-a-tirer-cest-du-lourd","title":{"rendered":"Guerre violente entre Samuel Eto\u2019o et Mouelle Kombi : des le\u00e7ons \u00e0 tirer, c\u2019est du lourd"},"content":{"rendered":"<p><span style=\"color: #ff6600\"><strong>Africa-Press &#8211; Cameroun. <\/strong><\/span>Le re\u0301cent feuilleton entre le pre\u0301sident de la Fe\u0301de\u0301ration camerounaise de football (FECAFOOT), Samuel Eto&rsquo;o, et les membres du gouvernement camerounais a e\u0301te\u0301 riche en rebondissements et a tenu en haleine l&rsquo;opinion publique. Pour Magloire Zame, chercheur en sciences sociales, ces e\u0301ve\u0301nements constituent un laboratoire grandeur nature permettant de mode\u0301liser la vie politique camerounaise. Plusieurs constats s&rsquo;en sont de\u0301gage\u0301s.<\/p>\n<p>Tout d&rsquo;abord, la notorie\u0301te\u0301 acquise dans le sport ou la culture est convertible en politique, me\u0302me si cela reste tre\u0300s difficile. L&rsquo;exemple de l&rsquo;ancien footballeur George Weah, devenu pre\u0301sident du Liberia, en est une illustration.<\/p>\n<p>Ensuite, le football s&rsquo;inscrit comme un objet majeur de mobilisation sociale au Cameroun. Les re\u0301cents e\u0301ve\u0301nements ont montre\u0301 que le football e\u0301tait capable de mobiliser les Camerounais plus que la vie che\u0300re inflationne\u0301e dans laquelle ils baignent sans e\u0301lectricite\u0301, eau, routes&#8230;<\/p>\n<p>Troisie\u0300mement, le soutien politique ne tient pas compte du niveau intellectuel du leader. Ce qui semblait e\u0302tre jusque-la\u0300 comme un pre\u0301alable.<\/p>\n<p>Quatrie\u0300mement, des hommes en tenue seraient capables de quitter le drapeau pour suivre un leader politique.<\/p>\n<p>Enfin, le syste\u0300me des fusibles politiques pour qu&rsquo;une crise sociale atteigne le chef de l&rsquo;exe\u0301cutif est devenu tre\u0300s court, fragile et poreux.<\/p>\n<p>Ces constats sont autant d&rsquo;e\u0301le\u0301ments qui permettent de mieux comprendre la vie politique camerounaise et ses enjeux. Ils montrent e\u0301galement que le football, au-dela\u0300 de sa dimension sportive, est un vecteur de mobilisation sociale et politique au Cameroun. Les prochains mois et les prochaines e\u0301che\u0301ances e\u0301lectorales permettront de voir si ces constats se ve\u0301rifient dans la dure\u0301e.<\/p>\n<p><strong>Pour plus d&rsquo;informations et d&rsquo;analyses sur la <a href=\"https:\/\/www.africa-press.net\/cameroun\">Cameroun<\/a>, suivez <a href=\"https:\/\/www.africa-press.net\/\">Africa-Press<\/a><\/strong><\/p>\n","protected":false},"excerpt":{"rendered":"<p>Africa-Press &#8211; Cameroun. Le re\u0301cent feuilleton entre le pre\u0301sident de la Fe\u0301de\u0301ration camerounaise de football (FECAFOOT), Samuel Eto&rsquo;o, et les membres du gouvernement camerounais a e\u0301te\u0301 riche en rebondissements et a tenu en haleine l&rsquo;opinion publique. Pour Magloire Zame, chercheur en sciences sociales, ces e\u0301ve\u0301nements constituent un laboratoire grandeur nature permettant de mode\u0301liser la vie [&hellip;]<\/p>\n","protected":false},"author":82,"featured_media":66002,"comment_status":"open","ping_status":"closed","sticky":false,"template":"","format":"standard","meta":{"footnotes":""},"categories":[6,10],"tags":[36,50,49],"class_list":["post-66003","post","type-post","status-publish","format-standard","has-post-thumbnail","hentry","category-sports","category-toutes-les-actualites","tag-africa-press","tag-africa-press-cameroun","tag-cameroun"],"yoast_head":"<!-- This site is optimized with the Yoast SEO Premium plugin v26.1 (Yoast SEO v27.0) - https:\/\/yoast.com\/product\/yoast-seo-premium-wordpress\/ -->\n<title>Guerre violente entre Samuel Eto\u2019o et Mouelle Kombi : des le\u00e7ons \u00e0 tirer, c\u2019est du lourd - Cameroun<\/title>\n<meta name=\"description\" content=\"Le re\u0301cent feuilleton entre le pre\u0301sident de la Fe\u0301de\u0301ration camerounaise de football (FECAFOOT), Samuel Eto&#039;o, et les m ...\" \/>\n<meta name=\"robots\" content=\"index, follow, max-snippet:-1, max-image-preview:large, max-video-preview:-1\" \/>\n<link rel=\"canonical\" href=\"https:\/\/www.africa-press.net\/cameroun\/sports\/guerre-violente-entre-samuel-etoo-et-mouelle-kombi-des-lecons-a-tirer-cest-du-lourd\" \/>\n<meta property=\"og:locale\" content=\"fr_FR\" \/>\n<meta property=\"og:type\" content=\"article\" \/>\n<meta property=\"og:title\" content=\"Guerre violente entre Samuel Eto\u2019o et Mouelle Kombi : des le\u00e7ons \u00e0 tirer, c\u2019est du lourd\" \/>\n<meta property=\"og:description\" content=\"Le re\u0301cent feuilleton entre le pre\u0301sident de la Fe\u0301de\u0301ration camerounaise de football (FECAFOOT), Samuel Eto&#039;o, et les m ...\" \/>\n<meta property=\"og:url\" content=\"https:\/\/www.africa-press.net\/cameroun\/sports\/guerre-violente-entre-samuel-etoo-et-mouelle-kombi-des-lecons-a-tirer-cest-du-lourd\" \/>\n<meta property=\"og:site_name\" content=\"Cameroun\" \/>\n<meta property=\"article:published_time\" content=\"2024-06-01T20:41:36+00:00\" \/>\n<meta property=\"article:modified_time\" content=\"2024-06-01T21:18:24+00:00\" \/>\n<meta property=\"og:image\" content=\"https:\/\/static.africa-press.net\/cameroun\/sites\/57\/2024\/06\/sm_1717263993.342503.jpg\" \/>\n\t<meta property=\"og:image:width\" content=\"720\" \/>\n\t<meta property=\"og:image:height\" content=\"462\" \/>\n\t<meta property=\"og:image:type\" content=\"image\/jpeg\" \/>\n<meta name=\"author\" content=\"cfeditorfr\" \/>\n<meta name=\"twitter:card\" content=\"summary_large_image\" \/>\n<meta name=\"twitter:label1\" content=\"\u00c9crit par\" \/>\n\t<meta name=\"twitter:data1\" content=\"cfeditorfr\" \/>\n\t<meta name=\"twitter:label2\" content=\"Dur\u00e9e de lecture estim\u00e9e\" \/>\n\t<meta name=\"twitter:data2\" content=\"2 minutes\" \/>\n<script type=\"application\/ld+json\" class=\"yoast-schema-graph\">{\"@context\":\"https:\/\/schema.org\",\"@graph\":[{\"@type\":\"Article\",\"@id\":\"https:\/\/www.africa-press.net\/cameroun\/sports\/guerre-violente-entre-samuel-etoo-et-mouelle-kombi-des-lecons-a-tirer-cest-du-lourd#article\",\"isPartOf\":{\"@id\":\"https:\/\/www.africa-press.net\/cameroun\/sports\/guerre-violente-entre-samuel-etoo-et-mouelle-kombi-des-lecons-a-tirer-cest-du-lourd\"},\"author\":{\"name\":\"cfeditorfr\",\"@id\":\"https:\/\/www.africa-press.net\/cameroun\/#\/schema\/person\/2b1cf3cd81a31e3cd26889ca66d677f1\"},\"headline\":\"Guerre violente entre Samuel Eto\u2019o et Mouelle Kombi : des le\u00e7ons \u00e0 tirer, c\u2019est du lourd\",\"datePublished\":\"2024-06-01T20:41:36+00:00\",\"dateModified\":\"2024-06-01T21:18:24+00:00\",\"mainEntityOfPage\":{\"@id\":\"https:\/\/www.africa-press.net\/cameroun\/sports\/guerre-violente-entre-samuel-etoo-et-mouelle-kombi-des-lecons-a-tirer-cest-du-lourd\"},\"wordCount\":329,\"commentCount\":0,\"image\":{\"@id\":\"https:\/\/www.africa-press.net\/cameroun\/sports\/guerre-violente-entre-samuel-etoo-et-mouelle-kombi-des-lecons-a-tirer-cest-du-lourd#primaryimage\"},\"thumbnailUrl\":\"https:\/\/static.africa-press.net\/cameroun\/sites\/57\/2024\/06\/sm_1717263993.342503.jpg\",\"keywords\":[\"Africa Press\",\"Africa Press-Cameroun\",\"Cameroun\"],\"articleSection\":[\"Sports\",\"Toutes les actualit\u00e9s\"],\"inLanguage\":\"fr-FR\",\"potentialAction\":[{\"@type\":\"CommentAction\",\"name\":\"Comment\",\"target\":[\"https:\/\/www.africa-press.net\/cameroun\/sports\/guerre-violente-entre-samuel-etoo-et-mouelle-kombi-des-lecons-a-tirer-cest-du-lourd#respond\"]}]},{\"@type\":\"WebPage\",\"@id\":\"https:\/\/www.africa-press.net\/cameroun\/sports\/guerre-violente-entre-samuel-etoo-et-mouelle-kombi-des-lecons-a-tirer-cest-du-lourd\",\"url\":\"https:\/\/www.africa-press.net\/cameroun\/sports\/guerre-violente-entre-samuel-etoo-et-mouelle-kombi-des-lecons-a-tirer-cest-du-lourd\",\"name\":\"Guerre violente entre Samuel Eto\u2019o et Mouelle Kombi : des le\u00e7ons \u00e0 tirer, c\u2019est du lourd - Cameroun\",\"isPartOf\":{\"@id\":\"https:\/\/www.africa-press.net\/cameroun\/#website\"},\"primaryImageOfPage\":{\"@id\":\"https:\/\/www.africa-press.net\/cameroun\/sports\/guerre-violente-entre-samuel-etoo-et-mouelle-kombi-des-lecons-a-tirer-cest-du-lourd#primaryimage\"},\"image\":{\"@id\":\"https:\/\/www.africa-press.net\/cameroun\/sports\/guerre-violente-entre-samuel-etoo-et-mouelle-kombi-des-lecons-a-tirer-cest-du-lourd#primaryimage\"},\"thumbnailUrl\":\"https:\/\/static.africa-press.net\/cameroun\/sites\/57\/2024\/06\/sm_1717263993.342503.jpg\",\"datePublished\":\"2024-06-01T20:41:36+00:00\",\"dateModified\":\"2024-06-01T21:18:24+00:00\",\"author\":{\"@id\":\"https:\/\/www.africa-press.net\/cameroun\/#\/schema\/person\/2b1cf3cd81a31e3cd26889ca66d677f1\"},\"description\":\"Le re\u0301cent feuilleton entre le pre\u0301sident de la Fe\u0301de\u0301ration camerounaise de football (FECAFOOT), Samuel Eto'o, et les m ...\",\"breadcrumb\":{\"@id\":\"https:\/\/www.africa-press.net\/cameroun\/sports\/guerre-violente-entre-samuel-etoo-et-mouelle-kombi-des-lecons-a-tirer-cest-du-lourd#breadcrumb\"},\"inLanguage\":\"fr-FR\",\"potentialAction\":[{\"@type\":\"ReadAction\",\"target\":[\"https:\/\/www.africa-press.net\/cameroun\/sports\/guerre-violente-entre-samuel-etoo-et-mouelle-kombi-des-lecons-a-tirer-cest-du-lourd\"]}]},{\"@type\":\"ImageObject\",\"inLanguage\":\"fr-FR\",\"@id\":\"https:\/\/www.africa-press.net\/cameroun\/sports\/guerre-violente-entre-samuel-etoo-et-mouelle-kombi-des-lecons-a-tirer-cest-du-lourd#primaryimage\",\"url\":\"https:\/\/static.africa-press.net\/cameroun\/sites\/57\/2024\/06\/sm_1717263993.342503.jpg\",\"contentUrl\":\"https:\/\/static.africa-press.net\/cameroun\/sites\/57\/2024\/06\/sm_1717263993.342503.jpg\",\"width\":720,\"height\":462,\"caption\":\"Guerre violente entre Samuel Eto\u2019o et Mouelle Kombi : des le\u00e7ons \u00e0 tirer, c\u2019est du lourd\"},{\"@type\":\"BreadcrumbList\",\"@id\":\"https:\/\/www.africa-press.net\/cameroun\/sports\/guerre-violente-entre-samuel-etoo-et-mouelle-kombi-des-lecons-a-tirer-cest-du-lourd#breadcrumb\",\"itemListElement\":[{\"@type\":\"ListItem\",\"position\":1,\"name\":\"Accueil\",\"item\":\"https:\/\/www.africa-press.net\/cameroun\/\"},{\"@type\":\"ListItem\",\"position\":2,\"name\":\"Guerre violente entre Samuel Eto\u2019o et Mouelle Kombi : des le\u00e7ons \u00e0 tirer, c\u2019est du lourd\"}]},{\"@type\":\"WebSite\",\"@id\":\"https:\/\/www.africa-press.net\/cameroun\/#website\",\"url\":\"https:\/\/www.africa-press.net\/cameroun\/\",\"name\":\"Cameroun\",\"description\":\"Just another Africa News Agency Sites site\",\"potentialAction\":[{\"@type\":\"SearchAction\",\"target\":{\"@type\":\"EntryPoint\",\"urlTemplate\":\"https:\/\/www.africa-press.net\/cameroun\/?s={search_term_string}\"},\"query-input\":{\"@type\":\"PropertyValueSpecification\",\"valueRequired\":true,\"valueName\":\"search_term_string\"}}],\"inLanguage\":\"fr-FR\"},{\"@type\":\"Person\",\"@id\":\"https:\/\/www.africa-press.net\/cameroun\/#\/schema\/person\/2b1cf3cd81a31e3cd26889ca66d677f1\",\"name\":\"cfeditorfr\"}]}<\/script>\n<!-- \/ Yoast SEO Premium plugin. -->","yoast_head_json":{"title":"Guerre violente entre Samuel Eto\u2019o et Mouelle Kombi : des le\u00e7ons \u00e0 tirer, c\u2019est du lourd - Cameroun","description":"Le re\u0301cent feuilleton entre le pre\u0301sident de la Fe\u0301de\u0301ration camerounaise de football (FECAFOOT), Samuel Eto'o, et les m ...","robots":{"index":"index","follow":"follow","max-snippet":"max-snippet:-1","max-image-preview":"max-image-preview:large","max-video-preview":"max-video-preview:-1"},"canonical":"https:\/\/www.africa-press.net\/cameroun\/sports\/guerre-violente-entre-samuel-etoo-et-mouelle-kombi-des-lecons-a-tirer-cest-du-lourd","og_locale":"fr_FR","og_type":"article","og_title":"Guerre violente entre Samuel Eto\u2019o et Mouelle Kombi : des le\u00e7ons \u00e0 tirer, c\u2019est du lourd","og_description":"Le re\u0301cent feuilleton entre le pre\u0301sident de la Fe\u0301de\u0301ration camerounaise de football (FECAFOOT), Samuel Eto'o, et les m ...","og_url":"https:\/\/www.africa-press.net\/cameroun\/sports\/guerre-violente-entre-samuel-etoo-et-mouelle-kombi-des-lecons-a-tirer-cest-du-lourd","og_site_name":"Cameroun","article_published_time":"2024-06-01T20:41:36+00:00","article_modified_time":"2024-06-01T21:18:24+00:00","og_image":[{"width":720,"height":462,"url":"https:\/\/static.africa-press.net\/cameroun\/sites\/57\/2024\/06\/sm_1717263993.342503.jpg","type":"image\/jpeg"}],"author":"cfeditorfr","twitter_card":"summary_large_image","twitter_misc":{"\u00c9crit par":"cfeditorfr","Dur\u00e9e de lecture estim\u00e9e":"2 minutes"},"schema":{"@context":"https:\/\/schema.org","@graph":[{"@type":"Article","@id":"https:\/\/www.africa-press.net\/cameroun\/sports\/guerre-violente-entre-samuel-etoo-et-mouelle-kombi-des-lecons-a-tirer-cest-du-lourd#article","isPartOf":{"@id":"https:\/\/www.africa-press.net\/cameroun\/sports\/guerre-violente-entre-samuel-etoo-et-mouelle-kombi-des-lecons-a-tirer-cest-du-lourd"},"author":{"name":"cfeditorfr","@id":"https:\/\/www.africa-press.net\/cameroun\/#\/schema\/person\/2b1cf3cd81a31e3cd26889ca66d677f1"},"headline":"Guerre violente entre Samuel Eto\u2019o et Mouelle Kombi : des le\u00e7ons \u00e0 tirer, c\u2019est du lourd","datePublished":"2024-06-01T20:41:36+00:00","dateModified":"2024-06-01T21:18:24+00:00","mainEntityOfPage":{"@id":"https:\/\/www.africa-press.net\/cameroun\/sports\/guerre-violente-entre-samuel-etoo-et-mouelle-kombi-des-lecons-a-tirer-cest-du-lourd"},"wordCount":329,"commentCount":0,"image":{"@id":"https:\/\/www.africa-press.net\/cameroun\/sports\/guerre-violente-entre-samuel-etoo-et-mouelle-kombi-des-lecons-a-tirer-cest-du-lourd#primaryimage"},"thumbnailUrl":"https:\/\/static.africa-press.net\/cameroun\/sites\/57\/2024\/06\/sm_1717263993.342503.jpg","keywords":["Africa Press","Africa Press-Cameroun","Cameroun"],"articleSection":["Sports","Toutes les actualit\u00e9s"],"inLanguage":"fr-FR","potentialAction":[{"@type":"CommentAction","name":"Comment","target":["https:\/\/www.africa-press.net\/cameroun\/sports\/guerre-violente-entre-samuel-etoo-et-mouelle-kombi-des-lecons-a-tirer-cest-du-lourd#respond"]}]},{"@type":"WebPage","@id":"https:\/\/www.africa-press.net\/cameroun\/sports\/guerre-violente-entre-samuel-etoo-et-mouelle-kombi-des-lecons-a-tirer-cest-du-lourd","url":"https:\/\/www.africa-press.net\/cameroun\/sports\/guerre-violente-entre-samuel-etoo-et-mouelle-kombi-des-lecons-a-tirer-cest-du-lourd","name":"Guerre violente entre Samuel Eto\u2019o et Mouelle Kombi : des le\u00e7ons \u00e0 tirer, c\u2019est du lourd - Cameroun","isPartOf":{"@id":"https:\/\/www.africa-press.net\/cameroun\/#website"},"primaryImageOfPage":{"@id":"https:\/\/www.africa-press.net\/cameroun\/sports\/guerre-violente-entre-samuel-etoo-et-mouelle-kombi-des-lecons-a-tirer-cest-du-lourd#primaryimage"},"image":{"@id":"https:\/\/www.africa-press.net\/cameroun\/sports\/guerre-violente-entre-samuel-etoo-et-mouelle-kombi-des-lecons-a-tirer-cest-du-lourd#primaryimage"},"thumbnailUrl":"https:\/\/static.africa-press.net\/cameroun\/sites\/57\/2024\/06\/sm_1717263993.342503.jpg","datePublished":"2024-06-01T20:41:36+00:00","dateModified":"2024-06-01T21:18:24+00:00","author":{"@id":"https:\/\/www.africa-press.net\/cameroun\/#\/schema\/person\/2b1cf3cd81a31e3cd26889ca66d677f1"},"description":"Le re\u0301cent feuilleton entre le pre\u0301sident de la Fe\u0301de\u0301ration camerounaise de football (FECAFOOT), Samuel Eto'o, et les m ...","breadcrumb":{"@id":"https:\/\/www.africa-press.net\/cameroun\/sports\/guerre-violente-entre-samuel-etoo-et-mouelle-kombi-des-lecons-a-tirer-cest-du-lourd#breadcrumb"},"inLanguage":"fr-FR","potentialAction":[{"@type":"ReadAction","target":["https:\/\/www.africa-press.net\/cameroun\/sports\/guerre-violente-entre-samuel-etoo-et-mouelle-kombi-des-lecons-a-tirer-cest-du-lourd"]}]},{"@type":"ImageObject","inLanguage":"fr-FR","@id":"https:\/\/www.africa-press.net\/cameroun\/sports\/guerre-violente-entre-samuel-etoo-et-mouelle-kombi-des-lecons-a-tirer-cest-du-lourd#primaryimage","url":"https:\/\/static.africa-press.net\/cameroun\/sites\/57\/2024\/06\/sm_1717263993.342503.jpg","contentUrl":"https:\/\/static.africa-press.net\/cameroun\/sites\/57\/2024\/06\/sm_1717263993.342503.jpg","width":720,"height":462,"caption":"Guerre violente entre Samuel Eto\u2019o et Mouelle Kombi : des le\u00e7ons \u00e0 tirer, c\u2019est du lourd"},{"@type":"BreadcrumbList","@id":"https:\/\/www.africa-press.net\/cameroun\/sports\/guerre-violente-entre-samuel-etoo-et-mouelle-kombi-des-lecons-a-tirer-cest-du-lourd#breadcrumb","itemListElement":[{"@type":"ListItem","position":1,"name":"Accueil","item":"https:\/\/www.africa-press.net\/cameroun\/"},{"@type":"ListItem","position":2,"name":"Guerre violente entre Samuel Eto\u2019o et Mouelle Kombi : des le\u00e7ons \u00e0 tirer, c\u2019est du lourd"}]},{"@type":"WebSite","@id":"https:\/\/www.africa-press.net\/cameroun\/#website","url":"https:\/\/www.africa-press.net\/cameroun\/","name":"Cameroun","description":"Just another Africa News Agency Sites site","potentialAction":[{"@type":"SearchAction","target":{"@type":"EntryPoint","urlTemplate":"https:\/\/www.africa-press.net\/cameroun\/?s={search_term_string}"},"query-input":{"@type":"PropertyValueSpecification","valueRequired":true,"valueName":"search_term_string"}}],"inLanguage":"fr-FR"},{"@type":"Person","@id":"https:\/\/www.africa-press.net\/cameroun\/#\/schema\/person\/2b1cf3cd81a31e3cd26889ca66d677f1","name":"cfeditorfr"}]}},"_links":{"self":[{"href":"https:\/\/www.africa-press.net\/cameroun\/wp-json\/wp\/v2\/posts\/66003","targetHints":{"allow":["GET"]}}],"collection":[{"href":"https:\/\/www.africa-press.net\/cameroun\/wp-json\/wp\/v2\/posts"}],"about":[{"href":"https:\/\/www.africa-press.net\/cameroun\/wp-json\/wp\/v2\/types\/post"}],"author":[{"embeddable":true,"href":"https:\/\/www.africa-press.net\/cameroun\/wp-json\/wp\/v2\/users\/82"}],"replies":[{"embeddable":true,"href":"https:\/\/www.africa-press.net\/cameroun\/wp-json\/wp\/v2\/comments?post=66003"}],"version-history":[{"count":0,"href":"https:\/\/www.africa-press.net\/cameroun\/wp-json\/wp\/v2\/posts\/66003\/revisions"}],"wp:featuredmedia":[{"embeddable":true,"href":"https:\/\/www.africa-press.net\/cameroun\/wp-json\/wp\/v2\/media\/66002"}],"wp:attachment":[{"href":"https:\/\/www.africa-press.net\/cameroun\/wp-json\/wp\/v2\/media?parent=66003"}],"wp:term":[{"taxonomy":"category","embeddable":true,"href":"https:\/\/www.africa-press.net\/cameroun\/wp-json\/wp\/v2\/categories?post=66003"},{"taxonomy":"post_tag","embeddable":true,"href":"https:\/\/www.africa-press.net\/cameroun\/wp-json\/wp\/v2\/tags?post=66003"}],"curies":[{"name":"wp","href":"https:\/\/api.w.org\/{rel}","templated":true}]}}