{"id":66614,"date":"2024-06-19T18:02:43","date_gmt":"2024-06-19T18:02:43","guid":{"rendered":"https:\/\/www.africa-press.net\/cameroun\/politique\/etoudi-paul-biya-repond-a-la-lettre-de-marafa-hamidou-yaya"},"modified":"2024-06-19T18:23:04","modified_gmt":"2024-06-19T18:23:04","slug":"etoudi-paul-biya-repond-a-la-lettre-de-marafa-hamidou-yaya","status":"publish","type":"post","link":"https:\/\/www.africa-press.net\/cameroun\/politique\/etoudi-paul-biya-repond-a-la-lettre-de-marafa-hamidou-yaya","title":{"rendered":"Etoudi: Paul Biya r\u00e9pond \u00e0 la lettre de Marafa Hamidou Yaya"},"content":{"rendered":"<p><span style=\"color: #ff6600\"><strong>Africa-Press &#8211; Cameroun. <\/strong><\/span>La lettre du prisonnier Marafa Hamidou Yaya a e\u0301te\u0301 effectivement envoye\u0301e a\u0300 Etoudi. L&rsquo;on ne sait pas si c&rsquo;est Paul Biya qui a re\u0301pondu a\u0300 cette lettre, mais elle a quand-me\u0302me eu une re\u0301ponse.<\/p>\n<p>Dans sa lettre qu&rsquo;il a envoye\u0301e a\u0300 Paul Biya, l&rsquo;ancien secre\u0301taire ge\u0301ne\u0301ral de la pre\u0301sidence de la Re\u0301publique a demande\u0301 son e\u0301vacuation vers l&rsquo;Europe pour y suivre des soins ade\u0301quats pour ses yeux atteints de glaucome.<\/p>\n<p>La re\u0301ponse de Paul Biya n&rsquo;est pas cette a\u0300 laquelle s&rsquo;attendait Marafa. Mahomet n&rsquo;ira pas a\u0300 la montagne, c&rsquo;est la montagne qui viendra a\u0300 Mahomet. Paul Biya a de\u0301cide\u0301 que des me\u0301decins turc viendront apporter des soins Marafa au Cameroun. Ce que ce dernier a refuse\u0301.<\/p>\n<p>\u00ab\u00a0L\u2019ancien secre\u0301taire ge\u0301ne\u0301ral de la pre\u0301sidence a adresse\u0301 au pre\u0301sident Paul Biya plusieurs demandes d\u2019autorisation d\u2019e\u0301vacuation me\u0301dicale. Elles sont longtemps reste\u0301es sans re\u0301ponse&#8230; La pre\u0301sidence lui a propose\u0301 de faire venir un plateau technique et des me\u0301decins turcs pour que les soins approprie\u0301s lui soient prodigue\u0301s dans un ho\u0302pital de la place. Craignant notamment pour les suites post-ope\u0301ratoires, le prisonnier a rejete\u0301 cette proposition\u00a0\u00bb, fait savoir Jeune Afrique dans un article re\u0301cemment publie\u0301.<\/p>\n<p>Pendant ce temps, Marafa Hamidou Yaya, qui s\u2019est exprime\u0301 dans Jeune Afrique voici deux mois, a vu se restreindre les droits de visite de ses proches. Et, il n\u2019a toujours pas obtenu l\u2019autorisation d\u2019aller se faire soigner a\u0300 l\u2019e\u0301tranger.<\/p>\n<p>En effet, depuis sa cellule, l&rsquo;ancien baron du re\u0301gime Biya a rec\u0327u des journalistes de Jeune Afrique, a\u0300 qui il a de\u0301nonce\u0301 la volonte\u0301 du re\u0301gime de le laisser devenir aveugle et pire, mourir lentement en prison.<\/p>\n<p>Dans l&rsquo;interview, il estime que son ancien mentor ne l&rsquo;a pas trahi, en le faisant arre\u0302ter et en le de\u0301posant a\u0300 la prison. Cela d&rsquo;autant plus qu&rsquo;il n&rsquo;existait pas un pacte entre eux.<\/p>\n<p><strong>Pour plus d&rsquo;informations et d&rsquo;analyses sur la <span style=\"color: #ff6600\">Cameroun<\/span>, suivez <span style=\"color: #ff6600\">Africa-Press<\/span><\/strong><\/p>\n","protected":false},"excerpt":{"rendered":"<p>Africa-Press &#8211; Cameroun. La lettre du prisonnier Marafa Hamidou Yaya a e\u0301te\u0301 effectivement envoye\u0301e a\u0300 Etoudi. L&rsquo;on ne sait pas si c&rsquo;est Paul Biya qui a re\u0301pondu a\u0300 cette lettre, mais elle a quand-me\u0302me eu une re\u0301ponse. Dans sa lettre qu&rsquo;il a envoye\u0301e a\u0300 Paul Biya, l&rsquo;ancien secre\u0301taire ge\u0301ne\u0301ral de la pre\u0301sidence de la Re\u0301publique [&hellip;]<\/p>\n","protected":false},"author":82,"featured_media":66613,"comment_status":"open","ping_status":"closed","sticky":false,"template":"","format":"standard","meta":{"footnotes":""},"categories":[2,10],"tags":[49],"class_list":["post-66614","post","type-post","status-publish","format-standard","has-post-thumbnail","hentry","category-politique","category-toutes-les-actualites","tag-cameroun"],"yoast_head":"<!-- This site is optimized with the Yoast SEO Premium plugin v26.1 (Yoast SEO v27.0) - https:\/\/yoast.com\/product\/yoast-seo-premium-wordpress\/ -->\n<title>Etoudi: Paul Biya r\u00e9pond \u00e0 la lettre de Marafa Hamidou Yaya - Cameroun<\/title>\n<meta name=\"description\" content=\"La lettre du prisonnier Marafa Hamidou Yaya a e\u0301te\u0301 effectivement envoye\u0301e a\u0300 Etoudi. L&#039;on ne sait pas si c&#039;est Paul Biy ...\" \/>\n<meta name=\"robots\" content=\"index, follow, max-snippet:-1, max-image-preview:large, max-video-preview:-1\" \/>\n<link rel=\"canonical\" href=\"https:\/\/www.africa-press.net\/cameroun\/politique\/etoudi-paul-biya-repond-a-la-lettre-de-marafa-hamidou-yaya\" \/>\n<meta property=\"og:locale\" content=\"fr_FR\" \/>\n<meta property=\"og:type\" content=\"article\" \/>\n<meta property=\"og:title\" content=\"Etoudi: Paul Biya r\u00e9pond \u00e0 la lettre de Marafa Hamidou Yaya\" \/>\n<meta property=\"og:description\" content=\"La lettre du prisonnier Marafa Hamidou Yaya a e\u0301te\u0301 effectivement envoye\u0301e a\u0300 Etoudi. L&#039;on ne sait pas si c&#039;est Paul Biy ...\" \/>\n<meta property=\"og:url\" content=\"https:\/\/www.africa-press.net\/cameroun\/politique\/etoudi-paul-biya-repond-a-la-lettre-de-marafa-hamidou-yaya\" \/>\n<meta property=\"og:site_name\" content=\"Cameroun\" \/>\n<meta property=\"article:published_time\" content=\"2024-06-19T18:02:43+00:00\" \/>\n<meta property=\"article:modified_time\" content=\"2024-06-19T18:23:04+00:00\" \/>\n<meta property=\"og:image\" content=\"https:\/\/static.africa-press.net\/cameroun\/sites\/57\/2024\/06\/sm_1718808700.495762.jpg\" \/>\n\t<meta property=\"og:image:width\" content=\"720\" \/>\n\t<meta property=\"og:image:height\" content=\"367\" \/>\n\t<meta property=\"og:image:type\" content=\"image\/jpeg\" \/>\n<meta name=\"author\" content=\"cfeditorfr\" \/>\n<meta name=\"twitter:card\" content=\"summary_large_image\" \/>\n<meta name=\"twitter:label1\" content=\"\u00c9crit par\" \/>\n\t<meta name=\"twitter:data1\" content=\"cfeditorfr\" \/>\n\t<meta name=\"twitter:label2\" content=\"Dur\u00e9e de lecture estim\u00e9e\" \/>\n\t<meta name=\"twitter:data2\" content=\"2 minutes\" \/>\n<script type=\"application\/ld+json\" class=\"yoast-schema-graph\">{\"@context\":\"https:\/\/schema.org\",\"@graph\":[{\"@type\":\"Article\",\"@id\":\"https:\/\/www.africa-press.net\/cameroun\/politique\/etoudi-paul-biya-repond-a-la-lettre-de-marafa-hamidou-yaya#article\",\"isPartOf\":{\"@id\":\"https:\/\/www.africa-press.net\/cameroun\/politique\/etoudi-paul-biya-repond-a-la-lettre-de-marafa-hamidou-yaya\"},\"author\":{\"name\":\"cfeditorfr\",\"@id\":\"https:\/\/www.africa-press.net\/cameroun\/#\/schema\/person\/2b1cf3cd81a31e3cd26889ca66d677f1\"},\"headline\":\"Etoudi: Paul Biya r\u00e9pond \u00e0 la lettre de Marafa Hamidou Yaya\",\"datePublished\":\"2024-06-19T18:02:43+00:00\",\"dateModified\":\"2024-06-19T18:23:04+00:00\",\"mainEntityOfPage\":{\"@id\":\"https:\/\/www.africa-press.net\/cameroun\/politique\/etoudi-paul-biya-repond-a-la-lettre-de-marafa-hamidou-yaya\"},\"wordCount\":386,\"commentCount\":0,\"image\":{\"@id\":\"https:\/\/www.africa-press.net\/cameroun\/politique\/etoudi-paul-biya-repond-a-la-lettre-de-marafa-hamidou-yaya#primaryimage\"},\"thumbnailUrl\":\"https:\/\/static.africa-press.net\/cameroun\/sites\/57\/2024\/06\/sm_1718808700.495762.jpg\",\"keywords\":[\"Cameroun\"],\"articleSection\":[\"Politique\",\"Toutes les actualit\u00e9s\"],\"inLanguage\":\"fr-FR\",\"potentialAction\":[{\"@type\":\"CommentAction\",\"name\":\"Comment\",\"target\":[\"https:\/\/www.africa-press.net\/cameroun\/politique\/etoudi-paul-biya-repond-a-la-lettre-de-marafa-hamidou-yaya#respond\"]}]},{\"@type\":\"WebPage\",\"@id\":\"https:\/\/www.africa-press.net\/cameroun\/politique\/etoudi-paul-biya-repond-a-la-lettre-de-marafa-hamidou-yaya\",\"url\":\"https:\/\/www.africa-press.net\/cameroun\/politique\/etoudi-paul-biya-repond-a-la-lettre-de-marafa-hamidou-yaya\",\"name\":\"Etoudi: Paul Biya r\u00e9pond \u00e0 la lettre de Marafa Hamidou Yaya - Cameroun\",\"isPartOf\":{\"@id\":\"https:\/\/www.africa-press.net\/cameroun\/#website\"},\"primaryImageOfPage\":{\"@id\":\"https:\/\/www.africa-press.net\/cameroun\/politique\/etoudi-paul-biya-repond-a-la-lettre-de-marafa-hamidou-yaya#primaryimage\"},\"image\":{\"@id\":\"https:\/\/www.africa-press.net\/cameroun\/politique\/etoudi-paul-biya-repond-a-la-lettre-de-marafa-hamidou-yaya#primaryimage\"},\"thumbnailUrl\":\"https:\/\/static.africa-press.net\/cameroun\/sites\/57\/2024\/06\/sm_1718808700.495762.jpg\",\"datePublished\":\"2024-06-19T18:02:43+00:00\",\"dateModified\":\"2024-06-19T18:23:04+00:00\",\"author\":{\"@id\":\"https:\/\/www.africa-press.net\/cameroun\/#\/schema\/person\/2b1cf3cd81a31e3cd26889ca66d677f1\"},\"description\":\"La lettre du prisonnier Marafa Hamidou Yaya a e\u0301te\u0301 effectivement envoye\u0301e a\u0300 Etoudi. L'on ne sait pas si c'est Paul Biy ...\",\"breadcrumb\":{\"@id\":\"https:\/\/www.africa-press.net\/cameroun\/politique\/etoudi-paul-biya-repond-a-la-lettre-de-marafa-hamidou-yaya#breadcrumb\"},\"inLanguage\":\"fr-FR\",\"potentialAction\":[{\"@type\":\"ReadAction\",\"target\":[\"https:\/\/www.africa-press.net\/cameroun\/politique\/etoudi-paul-biya-repond-a-la-lettre-de-marafa-hamidou-yaya\"]}]},{\"@type\":\"ImageObject\",\"inLanguage\":\"fr-FR\",\"@id\":\"https:\/\/www.africa-press.net\/cameroun\/politique\/etoudi-paul-biya-repond-a-la-lettre-de-marafa-hamidou-yaya#primaryimage\",\"url\":\"https:\/\/static.africa-press.net\/cameroun\/sites\/57\/2024\/06\/sm_1718808700.495762.jpg\",\"contentUrl\":\"https:\/\/static.africa-press.net\/cameroun\/sites\/57\/2024\/06\/sm_1718808700.495762.jpg\",\"width\":720,\"height\":367,\"caption\":\"Etoudi: Paul Biya r\u00e9pond \u00e0 la lettre de Marafa Hamidou Yaya\"},{\"@type\":\"BreadcrumbList\",\"@id\":\"https:\/\/www.africa-press.net\/cameroun\/politique\/etoudi-paul-biya-repond-a-la-lettre-de-marafa-hamidou-yaya#breadcrumb\",\"itemListElement\":[{\"@type\":\"ListItem\",\"position\":1,\"name\":\"Accueil\",\"item\":\"https:\/\/www.africa-press.net\/cameroun\/\"},{\"@type\":\"ListItem\",\"position\":2,\"name\":\"Etoudi: Paul Biya r\u00e9pond \u00e0 la lettre de Marafa Hamidou Yaya\"}]},{\"@type\":\"WebSite\",\"@id\":\"https:\/\/www.africa-press.net\/cameroun\/#website\",\"url\":\"https:\/\/www.africa-press.net\/cameroun\/\",\"name\":\"Cameroun\",\"description\":\"Just another Africa News Agency Sites site\",\"potentialAction\":[{\"@type\":\"SearchAction\",\"target\":{\"@type\":\"EntryPoint\",\"urlTemplate\":\"https:\/\/www.africa-press.net\/cameroun\/?s={search_term_string}\"},\"query-input\":{\"@type\":\"PropertyValueSpecification\",\"valueRequired\":true,\"valueName\":\"search_term_string\"}}],\"inLanguage\":\"fr-FR\"},{\"@type\":\"Person\",\"@id\":\"https:\/\/www.africa-press.net\/cameroun\/#\/schema\/person\/2b1cf3cd81a31e3cd26889ca66d677f1\",\"name\":\"cfeditorfr\"}]}<\/script>\n<!-- \/ Yoast SEO Premium plugin. -->","yoast_head_json":{"title":"Etoudi: Paul Biya r\u00e9pond \u00e0 la lettre de Marafa Hamidou Yaya - Cameroun","description":"La lettre du prisonnier Marafa Hamidou Yaya a e\u0301te\u0301 effectivement envoye\u0301e a\u0300 Etoudi. L'on ne sait pas si c'est Paul Biy ...","robots":{"index":"index","follow":"follow","max-snippet":"max-snippet:-1","max-image-preview":"max-image-preview:large","max-video-preview":"max-video-preview:-1"},"canonical":"https:\/\/www.africa-press.net\/cameroun\/politique\/etoudi-paul-biya-repond-a-la-lettre-de-marafa-hamidou-yaya","og_locale":"fr_FR","og_type":"article","og_title":"Etoudi: Paul Biya r\u00e9pond \u00e0 la lettre de Marafa Hamidou Yaya","og_description":"La lettre du prisonnier Marafa Hamidou Yaya a e\u0301te\u0301 effectivement envoye\u0301e a\u0300 Etoudi. L'on ne sait pas si c'est Paul Biy ...","og_url":"https:\/\/www.africa-press.net\/cameroun\/politique\/etoudi-paul-biya-repond-a-la-lettre-de-marafa-hamidou-yaya","og_site_name":"Cameroun","article_published_time":"2024-06-19T18:02:43+00:00","article_modified_time":"2024-06-19T18:23:04+00:00","og_image":[{"width":720,"height":367,"url":"https:\/\/static.africa-press.net\/cameroun\/sites\/57\/2024\/06\/sm_1718808700.495762.jpg","type":"image\/jpeg"}],"author":"cfeditorfr","twitter_card":"summary_large_image","twitter_misc":{"\u00c9crit par":"cfeditorfr","Dur\u00e9e de lecture estim\u00e9e":"2 minutes"},"schema":{"@context":"https:\/\/schema.org","@graph":[{"@type":"Article","@id":"https:\/\/www.africa-press.net\/cameroun\/politique\/etoudi-paul-biya-repond-a-la-lettre-de-marafa-hamidou-yaya#article","isPartOf":{"@id":"https:\/\/www.africa-press.net\/cameroun\/politique\/etoudi-paul-biya-repond-a-la-lettre-de-marafa-hamidou-yaya"},"author":{"name":"cfeditorfr","@id":"https:\/\/www.africa-press.net\/cameroun\/#\/schema\/person\/2b1cf3cd81a31e3cd26889ca66d677f1"},"headline":"Etoudi: Paul Biya r\u00e9pond \u00e0 la lettre de Marafa Hamidou Yaya","datePublished":"2024-06-19T18:02:43+00:00","dateModified":"2024-06-19T18:23:04+00:00","mainEntityOfPage":{"@id":"https:\/\/www.africa-press.net\/cameroun\/politique\/etoudi-paul-biya-repond-a-la-lettre-de-marafa-hamidou-yaya"},"wordCount":386,"commentCount":0,"image":{"@id":"https:\/\/www.africa-press.net\/cameroun\/politique\/etoudi-paul-biya-repond-a-la-lettre-de-marafa-hamidou-yaya#primaryimage"},"thumbnailUrl":"https:\/\/static.africa-press.net\/cameroun\/sites\/57\/2024\/06\/sm_1718808700.495762.jpg","keywords":["Cameroun"],"articleSection":["Politique","Toutes les actualit\u00e9s"],"inLanguage":"fr-FR","potentialAction":[{"@type":"CommentAction","name":"Comment","target":["https:\/\/www.africa-press.net\/cameroun\/politique\/etoudi-paul-biya-repond-a-la-lettre-de-marafa-hamidou-yaya#respond"]}]},{"@type":"WebPage","@id":"https:\/\/www.africa-press.net\/cameroun\/politique\/etoudi-paul-biya-repond-a-la-lettre-de-marafa-hamidou-yaya","url":"https:\/\/www.africa-press.net\/cameroun\/politique\/etoudi-paul-biya-repond-a-la-lettre-de-marafa-hamidou-yaya","name":"Etoudi: Paul Biya r\u00e9pond \u00e0 la lettre de Marafa Hamidou Yaya - Cameroun","isPartOf":{"@id":"https:\/\/www.africa-press.net\/cameroun\/#website"},"primaryImageOfPage":{"@id":"https:\/\/www.africa-press.net\/cameroun\/politique\/etoudi-paul-biya-repond-a-la-lettre-de-marafa-hamidou-yaya#primaryimage"},"image":{"@id":"https:\/\/www.africa-press.net\/cameroun\/politique\/etoudi-paul-biya-repond-a-la-lettre-de-marafa-hamidou-yaya#primaryimage"},"thumbnailUrl":"https:\/\/static.africa-press.net\/cameroun\/sites\/57\/2024\/06\/sm_1718808700.495762.jpg","datePublished":"2024-06-19T18:02:43+00:00","dateModified":"2024-06-19T18:23:04+00:00","author":{"@id":"https:\/\/www.africa-press.net\/cameroun\/#\/schema\/person\/2b1cf3cd81a31e3cd26889ca66d677f1"},"description":"La lettre du prisonnier Marafa Hamidou Yaya a e\u0301te\u0301 effectivement envoye\u0301e a\u0300 Etoudi. L'on ne sait pas si c'est Paul Biy ...","breadcrumb":{"@id":"https:\/\/www.africa-press.net\/cameroun\/politique\/etoudi-paul-biya-repond-a-la-lettre-de-marafa-hamidou-yaya#breadcrumb"},"inLanguage":"fr-FR","potentialAction":[{"@type":"ReadAction","target":["https:\/\/www.africa-press.net\/cameroun\/politique\/etoudi-paul-biya-repond-a-la-lettre-de-marafa-hamidou-yaya"]}]},{"@type":"ImageObject","inLanguage":"fr-FR","@id":"https:\/\/www.africa-press.net\/cameroun\/politique\/etoudi-paul-biya-repond-a-la-lettre-de-marafa-hamidou-yaya#primaryimage","url":"https:\/\/static.africa-press.net\/cameroun\/sites\/57\/2024\/06\/sm_1718808700.495762.jpg","contentUrl":"https:\/\/static.africa-press.net\/cameroun\/sites\/57\/2024\/06\/sm_1718808700.495762.jpg","width":720,"height":367,"caption":"Etoudi: Paul Biya r\u00e9pond \u00e0 la lettre de Marafa Hamidou Yaya"},{"@type":"BreadcrumbList","@id":"https:\/\/www.africa-press.net\/cameroun\/politique\/etoudi-paul-biya-repond-a-la-lettre-de-marafa-hamidou-yaya#breadcrumb","itemListElement":[{"@type":"ListItem","position":1,"name":"Accueil","item":"https:\/\/www.africa-press.net\/cameroun\/"},{"@type":"ListItem","position":2,"name":"Etoudi: Paul Biya r\u00e9pond \u00e0 la lettre de Marafa Hamidou Yaya"}]},{"@type":"WebSite","@id":"https:\/\/www.africa-press.net\/cameroun\/#website","url":"https:\/\/www.africa-press.net\/cameroun\/","name":"Cameroun","description":"Just another Africa News Agency Sites site","potentialAction":[{"@type":"SearchAction","target":{"@type":"EntryPoint","urlTemplate":"https:\/\/www.africa-press.net\/cameroun\/?s={search_term_string}"},"query-input":{"@type":"PropertyValueSpecification","valueRequired":true,"valueName":"search_term_string"}}],"inLanguage":"fr-FR"},{"@type":"Person","@id":"https:\/\/www.africa-press.net\/cameroun\/#\/schema\/person\/2b1cf3cd81a31e3cd26889ca66d677f1","name":"cfeditorfr"}]}},"_links":{"self":[{"href":"https:\/\/www.africa-press.net\/cameroun\/wp-json\/wp\/v2\/posts\/66614","targetHints":{"allow":["GET"]}}],"collection":[{"href":"https:\/\/www.africa-press.net\/cameroun\/wp-json\/wp\/v2\/posts"}],"about":[{"href":"https:\/\/www.africa-press.net\/cameroun\/wp-json\/wp\/v2\/types\/post"}],"author":[{"embeddable":true,"href":"https:\/\/www.africa-press.net\/cameroun\/wp-json\/wp\/v2\/users\/82"}],"replies":[{"embeddable":true,"href":"https:\/\/www.africa-press.net\/cameroun\/wp-json\/wp\/v2\/comments?post=66614"}],"version-history":[{"count":0,"href":"https:\/\/www.africa-press.net\/cameroun\/wp-json\/wp\/v2\/posts\/66614\/revisions"}],"wp:featuredmedia":[{"embeddable":true,"href":"https:\/\/www.africa-press.net\/cameroun\/wp-json\/wp\/v2\/media\/66613"}],"wp:attachment":[{"href":"https:\/\/www.africa-press.net\/cameroun\/wp-json\/wp\/v2\/media?parent=66614"}],"wp:term":[{"taxonomy":"category","embeddable":true,"href":"https:\/\/www.africa-press.net\/cameroun\/wp-json\/wp\/v2\/categories?post=66614"},{"taxonomy":"post_tag","embeddable":true,"href":"https:\/\/www.africa-press.net\/cameroun\/wp-json\/wp\/v2\/tags?post=66614"}],"curies":[{"name":"wp","href":"https:\/\/api.w.org\/{rel}","templated":true}]}}