{"id":72456,"date":"2024-09-30T23:47:36","date_gmt":"2024-09-30T23:47:36","guid":{"rendered":"https:\/\/www.africa-press.net\/cameroun\/politique\/la-fifa-suspend-samuel-etoo-fils-pour-six-mois"},"modified":"2024-10-01T00:23:44","modified_gmt":"2024-10-01T00:23:44","slug":"la-fifa-suspend-samuel-etoo-fils-pour-six-mois","status":"publish","type":"post","link":"https:\/\/www.africa-press.net\/cameroun\/sports\/la-fifa-suspend-samuel-etoo-fils-pour-six-mois","title":{"rendered":"La FIFA suspend Samuel Eto\u2019o fils pour six mois"},"content":{"rendered":"<p><span style=\"color: #ff6600\"><strong>Africa-Press &#8211; Cameroun. <\/strong><\/span><b>La Fe\u0301de\u0301ration internationale de football association interdit le pre\u0301sident de la fe\u0301de\u0301ration camerounaise de football d\u2019assister aux matchs des e\u0301quipes repre\u0301sentatives du Cameroun.<\/b><\/p>\n<p>La commission de discipline de la Fe\u0301de\u0301ration internationale de football association (FIFA) sanctionne Samuel Eto\u2019o. L\u2019organe de discipline inflige au pre\u0301sident de la Fecafoot, une interdiction d\u2019assister aux matchs des e\u0301quipes du Cameroun pendant une pe\u0301riode de six mois. Le motif de cette sanction est que Samuel Eto\u2019o a viole\u0301 les articles 13 et 14 du code disciplinaire de la FIFA lors du match Cameroun-Bre\u0301sil comptant pour les huitie\u0300mes de finale de la Coupe du monde fe\u0301minine U-20 le 11 septembre 2024.<\/p>\n<p>L\u2019article 13 de ce code se rapporte au comportement offensant et a\u0300 la violation des principes du fair-play. L\u2019article 14 quant a\u0300 lui a trait a\u0300 l\u2019incorrection des joueurs et officiels.<\/p>\n<p>Suite a\u0300 cette sanction, Samuel Eto\u2019o ne pourra plus assister aux matchs des e\u0301quipes nationales masculines et fe\u0301minines du Cameroun, dans toutes les cate\u0301gories ou groupe d\u2019a\u0302ge. A cet effet, le pre\u0301sident de la Fecafoot ne pourra pas assister au match Cameroun contre Kenya du 11 octobre prochain au stage du complexe sportif de Japoma. Samuel Eto\u2019o a pourtant pre\u0301side\u0301 la premie\u0300re re\u0301union de la commission pre\u0301paratoire de cette rencontre ce 30 septembre a\u0300 Douala.<\/p>\n<p><strong>Pour plus d&rsquo;informations et d&rsquo;analyses sur la <span style=\"color: #ff6600\">Cameroun<\/span>, suivez <span style=\"color: #ff6600\">Africa-Press<\/span><\/strong><\/p>\n","protected":false},"excerpt":{"rendered":"<p>Africa-Press &#8211; Cameroun. La Fe\u0301de\u0301ration internationale de football association interdit le pre\u0301sident de la fe\u0301de\u0301ration camerounaise de football d\u2019assister aux matchs des e\u0301quipes repre\u0301sentatives du Cameroun. La commission de discipline de la Fe\u0301de\u0301ration internationale de football association (FIFA) sanctionne Samuel Eto\u2019o. L\u2019organe de discipline inflige au pre\u0301sident de la Fecafoot, une interdiction d\u2019assister aux matchs [&hellip;]<\/p>\n","protected":false},"author":82,"featured_media":72455,"comment_status":"open","ping_status":"closed","sticky":false,"template":"","format":"standard","meta":{"footnotes":""},"categories":[6,56,10],"tags":[49],"class_list":["post-72456","post","type-post","status-publish","format-standard","has-post-thumbnail","hentry","category-sports","category-to-homepage","category-toutes-les-actualites","tag-cameroun"],"yoast_head":"<!-- This site is optimized with the Yoast SEO Premium plugin v26.1 (Yoast SEO v27.0) - https:\/\/yoast.com\/product\/yoast-seo-premium-wordpress\/ -->\n<title>La FIFA suspend Samuel Eto\u2019o fils pour six mois - Cameroun<\/title>\n<meta name=\"description\" content=\"La Fe\u0301de\u0301ration internationale de football association interdit le pre\u0301sident de la fe\u0301de\u0301ration camerounaise de foot ...\" \/>\n<meta name=\"robots\" content=\"index, follow, max-snippet:-1, max-image-preview:large, max-video-preview:-1\" \/>\n<link rel=\"canonical\" href=\"https:\/\/www.africa-press.net\/cameroun\/sports\/la-fifa-suspend-samuel-etoo-fils-pour-six-mois\" \/>\n<meta property=\"og:locale\" content=\"fr_FR\" \/>\n<meta property=\"og:type\" content=\"article\" \/>\n<meta property=\"og:title\" content=\"La FIFA suspend Samuel Eto\u2019o fils pour six mois\" \/>\n<meta property=\"og:description\" content=\"La Fe\u0301de\u0301ration internationale de football association interdit le pre\u0301sident de la fe\u0301de\u0301ration camerounaise de foot ...\" \/>\n<meta property=\"og:url\" content=\"https:\/\/www.africa-press.net\/cameroun\/sports\/la-fifa-suspend-samuel-etoo-fils-pour-six-mois\" \/>\n<meta property=\"og:site_name\" content=\"Cameroun\" \/>\n<meta property=\"article:published_time\" content=\"2024-09-30T23:47:36+00:00\" \/>\n<meta property=\"article:modified_time\" content=\"2024-10-01T00:23:44+00:00\" \/>\n<meta property=\"og:image\" content=\"https:\/\/static.africa-press.net\/cameroun\/sites\/57\/2024\/10\/sm_1727728993.829993.jpg\" \/>\n\t<meta property=\"og:image:width\" content=\"780\" \/>\n\t<meta property=\"og:image:height\" content=\"440\" \/>\n\t<meta property=\"og:image:type\" content=\"image\/jpeg\" \/>\n<meta name=\"author\" content=\"cfeditorfr\" \/>\n<meta name=\"twitter:card\" content=\"summary_large_image\" \/>\n<meta name=\"twitter:label1\" content=\"\u00c9crit par\" \/>\n\t<meta name=\"twitter:data1\" content=\"cfeditorfr\" \/>\n\t<meta name=\"twitter:label2\" content=\"Dur\u00e9e de lecture estim\u00e9e\" \/>\n\t<meta name=\"twitter:data2\" content=\"2 minutes\" \/>\n<script type=\"application\/ld+json\" class=\"yoast-schema-graph\">{\"@context\":\"https:\/\/schema.org\",\"@graph\":[{\"@type\":\"Article\",\"@id\":\"https:\/\/www.africa-press.net\/cameroun\/sports\/la-fifa-suspend-samuel-etoo-fils-pour-six-mois#article\",\"isPartOf\":{\"@id\":\"https:\/\/www.africa-press.net\/cameroun\/sports\/la-fifa-suspend-samuel-etoo-fils-pour-six-mois\"},\"author\":{\"name\":\"cfeditorfr\",\"@id\":\"https:\/\/www.africa-press.net\/cameroun\/#\/schema\/person\/2b1cf3cd81a31e3cd26889ca66d677f1\"},\"headline\":\"La FIFA suspend Samuel Eto\u2019o fils pour six mois\",\"datePublished\":\"2024-09-30T23:47:36+00:00\",\"dateModified\":\"2024-10-01T00:23:44+00:00\",\"mainEntityOfPage\":{\"@id\":\"https:\/\/www.africa-press.net\/cameroun\/sports\/la-fifa-suspend-samuel-etoo-fils-pour-six-mois\"},\"wordCount\":263,\"commentCount\":0,\"image\":{\"@id\":\"https:\/\/www.africa-press.net\/cameroun\/sports\/la-fifa-suspend-samuel-etoo-fils-pour-six-mois#primaryimage\"},\"thumbnailUrl\":\"https:\/\/static.africa-press.net\/cameroun\/sites\/57\/2024\/10\/sm_1727728993.829993.jpg\",\"keywords\":[\"Cameroun\"],\"articleSection\":[\"Sports\",\"to-homepage\",\"Toutes les actualit\u00e9s\"],\"inLanguage\":\"fr-FR\",\"potentialAction\":[{\"@type\":\"CommentAction\",\"name\":\"Comment\",\"target\":[\"https:\/\/www.africa-press.net\/cameroun\/sports\/la-fifa-suspend-samuel-etoo-fils-pour-six-mois#respond\"]}]},{\"@type\":\"WebPage\",\"@id\":\"https:\/\/www.africa-press.net\/cameroun\/sports\/la-fifa-suspend-samuel-etoo-fils-pour-six-mois\",\"url\":\"https:\/\/www.africa-press.net\/cameroun\/sports\/la-fifa-suspend-samuel-etoo-fils-pour-six-mois\",\"name\":\"La FIFA suspend Samuel Eto\u2019o fils pour six mois - Cameroun\",\"isPartOf\":{\"@id\":\"https:\/\/www.africa-press.net\/cameroun\/#website\"},\"primaryImageOfPage\":{\"@id\":\"https:\/\/www.africa-press.net\/cameroun\/sports\/la-fifa-suspend-samuel-etoo-fils-pour-six-mois#primaryimage\"},\"image\":{\"@id\":\"https:\/\/www.africa-press.net\/cameroun\/sports\/la-fifa-suspend-samuel-etoo-fils-pour-six-mois#primaryimage\"},\"thumbnailUrl\":\"https:\/\/static.africa-press.net\/cameroun\/sites\/57\/2024\/10\/sm_1727728993.829993.jpg\",\"datePublished\":\"2024-09-30T23:47:36+00:00\",\"dateModified\":\"2024-10-01T00:23:44+00:00\",\"author\":{\"@id\":\"https:\/\/www.africa-press.net\/cameroun\/#\/schema\/person\/2b1cf3cd81a31e3cd26889ca66d677f1\"},\"description\":\"La Fe\u0301de\u0301ration internationale de football association interdit le pre\u0301sident de la fe\u0301de\u0301ration camerounaise de foot ...\",\"breadcrumb\":{\"@id\":\"https:\/\/www.africa-press.net\/cameroun\/sports\/la-fifa-suspend-samuel-etoo-fils-pour-six-mois#breadcrumb\"},\"inLanguage\":\"fr-FR\",\"potentialAction\":[{\"@type\":\"ReadAction\",\"target\":[\"https:\/\/www.africa-press.net\/cameroun\/sports\/la-fifa-suspend-samuel-etoo-fils-pour-six-mois\"]}]},{\"@type\":\"ImageObject\",\"inLanguage\":\"fr-FR\",\"@id\":\"https:\/\/www.africa-press.net\/cameroun\/sports\/la-fifa-suspend-samuel-etoo-fils-pour-six-mois#primaryimage\",\"url\":\"https:\/\/static.africa-press.net\/cameroun\/sites\/57\/2024\/10\/sm_1727728993.829993.jpg\",\"contentUrl\":\"https:\/\/static.africa-press.net\/cameroun\/sites\/57\/2024\/10\/sm_1727728993.829993.jpg\",\"width\":780,\"height\":440,\"caption\":\"La FIFA suspend Samuel Eto\u2019o fils pour six mois\"},{\"@type\":\"BreadcrumbList\",\"@id\":\"https:\/\/www.africa-press.net\/cameroun\/sports\/la-fifa-suspend-samuel-etoo-fils-pour-six-mois#breadcrumb\",\"itemListElement\":[{\"@type\":\"ListItem\",\"position\":1,\"name\":\"Accueil\",\"item\":\"https:\/\/www.africa-press.net\/cameroun\/\"},{\"@type\":\"ListItem\",\"position\":2,\"name\":\"La FIFA suspend Samuel Eto\u2019o fils pour six mois\"}]},{\"@type\":\"WebSite\",\"@id\":\"https:\/\/www.africa-press.net\/cameroun\/#website\",\"url\":\"https:\/\/www.africa-press.net\/cameroun\/\",\"name\":\"Cameroun\",\"description\":\"Just another Africa News Agency Sites site\",\"potentialAction\":[{\"@type\":\"SearchAction\",\"target\":{\"@type\":\"EntryPoint\",\"urlTemplate\":\"https:\/\/www.africa-press.net\/cameroun\/?s={search_term_string}\"},\"query-input\":{\"@type\":\"PropertyValueSpecification\",\"valueRequired\":true,\"valueName\":\"search_term_string\"}}],\"inLanguage\":\"fr-FR\"},{\"@type\":\"Person\",\"@id\":\"https:\/\/www.africa-press.net\/cameroun\/#\/schema\/person\/2b1cf3cd81a31e3cd26889ca66d677f1\",\"name\":\"cfeditorfr\"}]}<\/script>\n<!-- \/ Yoast SEO Premium plugin. -->","yoast_head_json":{"title":"La FIFA suspend Samuel Eto\u2019o fils pour six mois - Cameroun","description":"La Fe\u0301de\u0301ration internationale de football association interdit le pre\u0301sident de la fe\u0301de\u0301ration camerounaise de foot ...","robots":{"index":"index","follow":"follow","max-snippet":"max-snippet:-1","max-image-preview":"max-image-preview:large","max-video-preview":"max-video-preview:-1"},"canonical":"https:\/\/www.africa-press.net\/cameroun\/sports\/la-fifa-suspend-samuel-etoo-fils-pour-six-mois","og_locale":"fr_FR","og_type":"article","og_title":"La FIFA suspend Samuel Eto\u2019o fils pour six mois","og_description":"La Fe\u0301de\u0301ration internationale de football association interdit le pre\u0301sident de la fe\u0301de\u0301ration camerounaise de foot ...","og_url":"https:\/\/www.africa-press.net\/cameroun\/sports\/la-fifa-suspend-samuel-etoo-fils-pour-six-mois","og_site_name":"Cameroun","article_published_time":"2024-09-30T23:47:36+00:00","article_modified_time":"2024-10-01T00:23:44+00:00","og_image":[{"width":780,"height":440,"url":"https:\/\/static.africa-press.net\/cameroun\/sites\/57\/2024\/10\/sm_1727728993.829993.jpg","type":"image\/jpeg"}],"author":"cfeditorfr","twitter_card":"summary_large_image","twitter_misc":{"\u00c9crit par":"cfeditorfr","Dur\u00e9e de lecture estim\u00e9e":"2 minutes"},"schema":{"@context":"https:\/\/schema.org","@graph":[{"@type":"Article","@id":"https:\/\/www.africa-press.net\/cameroun\/sports\/la-fifa-suspend-samuel-etoo-fils-pour-six-mois#article","isPartOf":{"@id":"https:\/\/www.africa-press.net\/cameroun\/sports\/la-fifa-suspend-samuel-etoo-fils-pour-six-mois"},"author":{"name":"cfeditorfr","@id":"https:\/\/www.africa-press.net\/cameroun\/#\/schema\/person\/2b1cf3cd81a31e3cd26889ca66d677f1"},"headline":"La FIFA suspend Samuel Eto\u2019o fils pour six mois","datePublished":"2024-09-30T23:47:36+00:00","dateModified":"2024-10-01T00:23:44+00:00","mainEntityOfPage":{"@id":"https:\/\/www.africa-press.net\/cameroun\/sports\/la-fifa-suspend-samuel-etoo-fils-pour-six-mois"},"wordCount":263,"commentCount":0,"image":{"@id":"https:\/\/www.africa-press.net\/cameroun\/sports\/la-fifa-suspend-samuel-etoo-fils-pour-six-mois#primaryimage"},"thumbnailUrl":"https:\/\/static.africa-press.net\/cameroun\/sites\/57\/2024\/10\/sm_1727728993.829993.jpg","keywords":["Cameroun"],"articleSection":["Sports","to-homepage","Toutes les actualit\u00e9s"],"inLanguage":"fr-FR","potentialAction":[{"@type":"CommentAction","name":"Comment","target":["https:\/\/www.africa-press.net\/cameroun\/sports\/la-fifa-suspend-samuel-etoo-fils-pour-six-mois#respond"]}]},{"@type":"WebPage","@id":"https:\/\/www.africa-press.net\/cameroun\/sports\/la-fifa-suspend-samuel-etoo-fils-pour-six-mois","url":"https:\/\/www.africa-press.net\/cameroun\/sports\/la-fifa-suspend-samuel-etoo-fils-pour-six-mois","name":"La FIFA suspend Samuel Eto\u2019o fils pour six mois - Cameroun","isPartOf":{"@id":"https:\/\/www.africa-press.net\/cameroun\/#website"},"primaryImageOfPage":{"@id":"https:\/\/www.africa-press.net\/cameroun\/sports\/la-fifa-suspend-samuel-etoo-fils-pour-six-mois#primaryimage"},"image":{"@id":"https:\/\/www.africa-press.net\/cameroun\/sports\/la-fifa-suspend-samuel-etoo-fils-pour-six-mois#primaryimage"},"thumbnailUrl":"https:\/\/static.africa-press.net\/cameroun\/sites\/57\/2024\/10\/sm_1727728993.829993.jpg","datePublished":"2024-09-30T23:47:36+00:00","dateModified":"2024-10-01T00:23:44+00:00","author":{"@id":"https:\/\/www.africa-press.net\/cameroun\/#\/schema\/person\/2b1cf3cd81a31e3cd26889ca66d677f1"},"description":"La Fe\u0301de\u0301ration internationale de football association interdit le pre\u0301sident de la fe\u0301de\u0301ration camerounaise de foot ...","breadcrumb":{"@id":"https:\/\/www.africa-press.net\/cameroun\/sports\/la-fifa-suspend-samuel-etoo-fils-pour-six-mois#breadcrumb"},"inLanguage":"fr-FR","potentialAction":[{"@type":"ReadAction","target":["https:\/\/www.africa-press.net\/cameroun\/sports\/la-fifa-suspend-samuel-etoo-fils-pour-six-mois"]}]},{"@type":"ImageObject","inLanguage":"fr-FR","@id":"https:\/\/www.africa-press.net\/cameroun\/sports\/la-fifa-suspend-samuel-etoo-fils-pour-six-mois#primaryimage","url":"https:\/\/static.africa-press.net\/cameroun\/sites\/57\/2024\/10\/sm_1727728993.829993.jpg","contentUrl":"https:\/\/static.africa-press.net\/cameroun\/sites\/57\/2024\/10\/sm_1727728993.829993.jpg","width":780,"height":440,"caption":"La FIFA suspend Samuel Eto\u2019o fils pour six mois"},{"@type":"BreadcrumbList","@id":"https:\/\/www.africa-press.net\/cameroun\/sports\/la-fifa-suspend-samuel-etoo-fils-pour-six-mois#breadcrumb","itemListElement":[{"@type":"ListItem","position":1,"name":"Accueil","item":"https:\/\/www.africa-press.net\/cameroun\/"},{"@type":"ListItem","position":2,"name":"La FIFA suspend Samuel Eto\u2019o fils pour six mois"}]},{"@type":"WebSite","@id":"https:\/\/www.africa-press.net\/cameroun\/#website","url":"https:\/\/www.africa-press.net\/cameroun\/","name":"Cameroun","description":"Just another Africa News Agency Sites site","potentialAction":[{"@type":"SearchAction","target":{"@type":"EntryPoint","urlTemplate":"https:\/\/www.africa-press.net\/cameroun\/?s={search_term_string}"},"query-input":{"@type":"PropertyValueSpecification","valueRequired":true,"valueName":"search_term_string"}}],"inLanguage":"fr-FR"},{"@type":"Person","@id":"https:\/\/www.africa-press.net\/cameroun\/#\/schema\/person\/2b1cf3cd81a31e3cd26889ca66d677f1","name":"cfeditorfr"}]}},"_links":{"self":[{"href":"https:\/\/www.africa-press.net\/cameroun\/wp-json\/wp\/v2\/posts\/72456","targetHints":{"allow":["GET"]}}],"collection":[{"href":"https:\/\/www.africa-press.net\/cameroun\/wp-json\/wp\/v2\/posts"}],"about":[{"href":"https:\/\/www.africa-press.net\/cameroun\/wp-json\/wp\/v2\/types\/post"}],"author":[{"embeddable":true,"href":"https:\/\/www.africa-press.net\/cameroun\/wp-json\/wp\/v2\/users\/82"}],"replies":[{"embeddable":true,"href":"https:\/\/www.africa-press.net\/cameroun\/wp-json\/wp\/v2\/comments?post=72456"}],"version-history":[{"count":0,"href":"https:\/\/www.africa-press.net\/cameroun\/wp-json\/wp\/v2\/posts\/72456\/revisions"}],"wp:featuredmedia":[{"embeddable":true,"href":"https:\/\/www.africa-press.net\/cameroun\/wp-json\/wp\/v2\/media\/72455"}],"wp:attachment":[{"href":"https:\/\/www.africa-press.net\/cameroun\/wp-json\/wp\/v2\/media?parent=72456"}],"wp:term":[{"taxonomy":"category","embeddable":true,"href":"https:\/\/www.africa-press.net\/cameroun\/wp-json\/wp\/v2\/categories?post=72456"},{"taxonomy":"post_tag","embeddable":true,"href":"https:\/\/www.africa-press.net\/cameroun\/wp-json\/wp\/v2\/tags?post=72456"}],"curies":[{"name":"wp","href":"https:\/\/api.w.org\/{rel}","templated":true}]}}