{"id":72700,"date":"2024-10-03T22:54:52","date_gmt":"2024-10-03T22:54:52","guid":{"rendered":"https:\/\/www.africa-press.net\/cameroun\/politique\/etoo-nest-quun-prete-nom-voici-le-veritable-patron-de-la-fecafoot"},"modified":"2024-10-05T03:05:29","modified_gmt":"2024-10-05T03:05:29","slug":"etoo-nest-quun-prete-nom-voici-le-veritable-patron-de-la-fecafoot","status":"publish","type":"post","link":"https:\/\/www.africa-press.net\/cameroun\/politique\/etoo-nest-quun-prete-nom-voici-le-veritable-patron-de-la-fecafoot","title":{"rendered":"Eto&rsquo;o n&rsquo;est qu&rsquo;un pr\u00eate-nom : voici le v\u00e9ritable patron de la Fecafoot"},"content":{"rendered":"<p><span style=\"color: #ff6600\"><strong>Africa-Press &#8211; Cameroun. <\/strong><\/span>C&rsquo;est selon ce qu&rsquo;affirme l&rsquo;activiste Jorel sur les re\u0301seaux sociaux. Il est cate\u0301gorique dans son intervention, la Fe\u0301de\u0301ration camerounaise de football (Fecafoot) a plusieurs pre\u0301sident selon lui. Samuel Eto&rsquo;o en est un, mais qui n&rsquo;a aucun pouvoir.<\/p>\n<p>Le texte de la source en dit long sur le fond de sa pense\u0301e. Et plus, on se rejoue les derniers e\u0301ve\u0300nements qui se sont produits entre la fe\u0301de\u0301ration en question et le ministe\u0300re des Sports, on est bien tenter de donner raison a\u0300 l&rsquo;activiste.<\/p>\n<p>Conforme\u0301ment aux tre\u0300s hautes instructions du pre\u0301sident de la Re\u0301publique, son excellence Paul Biya. Tout se re\u0301sume donc a\u0300 cette phrase. Dans un e\u0301tat se\u0301rieux, on aurait dit conforme\u0301ment a\u0300 nos instructions et\/ou a\u0300 ceux du ministe\u0300re de tutelle.<\/p>\n<p>En clair, me\u0302me la Fecafoot n&rsquo;a pas les mains libres sur sa gestion et son pre\u0301sident n&rsquo;est qu&rsquo;une marionnette de plus des hautes instructions pre\u0301sidentielles. Le ve\u0301ritable patron et du ministre et de la Fecafoot est en fait le locataire d&rsquo;Etoudi.<\/p>\n<p>Donc comment voulez-vous que Samuel Eto&rsquo;o ge\u0300re la Fecafoot, vu que lui-me\u0302me est soumis aux hautes instructions pre\u0301sidentielles qui de\u0301cident de tout ? Narcisse Mouelle Kombi comme Eto&rsquo;o ne sont que des simples \u00ab\u00a0faire valoir\u00a0\u00bb et des \u00ab\u00a0marionnettes\u00a0\u00bb d&rsquo;un syste\u0300me centralise\u0301 depuis les hauteurs d&rsquo;Etoudi.<\/p>\n<p>Car la re\u0301alite\u0301, c&rsquo;est que c&rsquo;est Paul Biya (du moins, c&rsquo;est avec son nom) via les hautes instructions qui de\u0301cide absolument de tout au Cameroun et dans tous les secteurs. Et c&rsquo;est bien c\u0327a le proble\u0300me majeur de la Fecafoot. Si la fe\u0301de\u0301ration et son pre\u0301sident e\u0301taient inde\u0301pendants, on aurait e\u0301vite\u0301 tout ce qui s&rsquo;est passe\u0301.<\/p>\n<p>J&rsquo;aurais eu du respect pour Samuel Eto&rsquo;o s&rsquo;il avait au moins rendu inde\u0301pendante la Fecafoot, car la\u0300 est l&rsquo;enjeu re\u0301el, mais he\u0301las lui-me\u0302me vient jouer les \u00ab\u00a0je me soumets\u00a0\u00bb a\u0300 l&rsquo;E\u0301tat. En me\u0302me temps, c&rsquo;est son droit, car il veut maintenir ses avantages, donc il est oblige\u0301 de faire alle\u0301geance. C&rsquo;est triste pour la le\u0301gende de football qu&rsquo;il a e\u0301te\u0301 un jour, finir en marionnette d&rsquo;un syste\u0300me centralise\u0301.<\/p>\n<p><strong>Pour plus d&rsquo;informations et d&rsquo;analyses sur la <span style=\"color: #ff6600\">Cameroun<\/span>, suivez <span style=\"color: #ff6600\">Africa-Press<\/span><\/strong><\/p>\n","protected":false},"excerpt":{"rendered":"<p>Africa-Press &#8211; Cameroun. C&rsquo;est selon ce qu&rsquo;affirme l&rsquo;activiste Jorel sur les re\u0301seaux sociaux. Il est cate\u0301gorique dans son intervention, la Fe\u0301de\u0301ration camerounaise de football (Fecafoot) a plusieurs pre\u0301sident selon lui. Samuel Eto&rsquo;o en est un, mais qui n&rsquo;a aucun pouvoir. Le texte de la source en dit long sur le fond de sa pense\u0301e. Et [&hellip;]<\/p>\n","protected":false},"author":82,"featured_media":72699,"comment_status":"open","ping_status":"closed","sticky":false,"template":"","format":"standard","meta":{"footnotes":""},"categories":[2,10],"tags":[49],"class_list":["post-72700","post","type-post","status-publish","format-standard","has-post-thumbnail","hentry","category-politique","category-toutes-les-actualites","tag-cameroun"],"yoast_head":"<!-- This site is optimized with the Yoast SEO Premium plugin v26.1 (Yoast SEO v27.0) - https:\/\/yoast.com\/product\/yoast-seo-premium-wordpress\/ -->\n<title>Eto&#039;o n&#039;est qu&#039;un pr\u00eate-nom : voici le v\u00e9ritable patron de la Fecafoot - Cameroun<\/title>\n<meta name=\"description\" content=\"C&#039;est selon ce qu&#039;affirme l&#039;activiste Jorel sur les re\u0301seaux sociaux. Il est cate\u0301gorique dans son intervention, la Fe\u0301d ...\" \/>\n<meta name=\"robots\" content=\"index, follow, max-snippet:-1, max-image-preview:large, max-video-preview:-1\" \/>\n<link rel=\"canonical\" href=\"https:\/\/www.africa-press.net\/cameroun\/politique\/etoo-nest-quun-prete-nom-voici-le-veritable-patron-de-la-fecafoot\" \/>\n<meta property=\"og:locale\" content=\"fr_FR\" \/>\n<meta property=\"og:type\" content=\"article\" \/>\n<meta property=\"og:title\" content=\"Eto&#039;o n&#039;est qu&#039;un pr\u00eate-nom : voici le v\u00e9ritable patron de la Fecafoot\" \/>\n<meta property=\"og:description\" content=\"C&#039;est selon ce qu&#039;affirme l&#039;activiste Jorel sur les re\u0301seaux sociaux. Il est cate\u0301gorique dans son intervention, la Fe\u0301d ...\" \/>\n<meta property=\"og:url\" content=\"https:\/\/www.africa-press.net\/cameroun\/politique\/etoo-nest-quun-prete-nom-voici-le-veritable-patron-de-la-fecafoot\" \/>\n<meta property=\"og:site_name\" content=\"Cameroun\" \/>\n<meta property=\"article:published_time\" content=\"2024-10-03T22:54:52+00:00\" \/>\n<meta property=\"article:modified_time\" content=\"2024-10-05T03:05:29+00:00\" \/>\n<meta property=\"og:image\" content=\"https:\/\/static.africa-press.net\/cameroun\/sites\/57\/2024\/10\/sm_1727992922.676305.jpg\" \/>\n\t<meta property=\"og:image:width\" content=\"1280\" \/>\n\t<meta property=\"og:image:height\" content=\"720\" \/>\n\t<meta property=\"og:image:type\" content=\"image\/jpeg\" \/>\n<meta name=\"author\" content=\"cfeditorfr\" \/>\n<meta name=\"twitter:card\" content=\"summary_large_image\" \/>\n<meta name=\"twitter:label1\" content=\"\u00c9crit par\" \/>\n\t<meta name=\"twitter:data1\" content=\"cfeditorfr\" \/>\n\t<meta name=\"twitter:label2\" content=\"Dur\u00e9e de lecture estim\u00e9e\" \/>\n\t<meta name=\"twitter:data2\" content=\"2 minutes\" \/>\n<script type=\"application\/ld+json\" class=\"yoast-schema-graph\">{\"@context\":\"https:\/\/schema.org\",\"@graph\":[{\"@type\":\"Article\",\"@id\":\"https:\/\/www.africa-press.net\/cameroun\/politique\/etoo-nest-quun-prete-nom-voici-le-veritable-patron-de-la-fecafoot#article\",\"isPartOf\":{\"@id\":\"https:\/\/www.africa-press.net\/cameroun\/politique\/etoo-nest-quun-prete-nom-voici-le-veritable-patron-de-la-fecafoot\"},\"author\":{\"name\":\"cfeditorfr\",\"@id\":\"https:\/\/www.africa-press.net\/cameroun\/#\/schema\/person\/2b1cf3cd81a31e3cd26889ca66d677f1\"},\"headline\":\"Eto&rsquo;o n&rsquo;est qu&rsquo;un pr\u00eate-nom : voici le v\u00e9ritable patron de la Fecafoot\",\"datePublished\":\"2024-10-03T22:54:52+00:00\",\"dateModified\":\"2024-10-05T03:05:29+00:00\",\"mainEntityOfPage\":{\"@id\":\"https:\/\/www.africa-press.net\/cameroun\/politique\/etoo-nest-quun-prete-nom-voici-le-veritable-patron-de-la-fecafoot\"},\"wordCount\":439,\"commentCount\":0,\"image\":{\"@id\":\"https:\/\/www.africa-press.net\/cameroun\/politique\/etoo-nest-quun-prete-nom-voici-le-veritable-patron-de-la-fecafoot#primaryimage\"},\"thumbnailUrl\":\"https:\/\/static.africa-press.net\/cameroun\/sites\/57\/2024\/10\/sm_1727992922.676305.jpg\",\"keywords\":[\"Cameroun\"],\"articleSection\":[\"Politique\",\"Toutes les actualit\u00e9s\"],\"inLanguage\":\"fr-FR\",\"potentialAction\":[{\"@type\":\"CommentAction\",\"name\":\"Comment\",\"target\":[\"https:\/\/www.africa-press.net\/cameroun\/politique\/etoo-nest-quun-prete-nom-voici-le-veritable-patron-de-la-fecafoot#respond\"]}]},{\"@type\":\"WebPage\",\"@id\":\"https:\/\/www.africa-press.net\/cameroun\/politique\/etoo-nest-quun-prete-nom-voici-le-veritable-patron-de-la-fecafoot\",\"url\":\"https:\/\/www.africa-press.net\/cameroun\/politique\/etoo-nest-quun-prete-nom-voici-le-veritable-patron-de-la-fecafoot\",\"name\":\"Eto'o n'est qu'un pr\u00eate-nom : voici le v\u00e9ritable patron de la Fecafoot - Cameroun\",\"isPartOf\":{\"@id\":\"https:\/\/www.africa-press.net\/cameroun\/#website\"},\"primaryImageOfPage\":{\"@id\":\"https:\/\/www.africa-press.net\/cameroun\/politique\/etoo-nest-quun-prete-nom-voici-le-veritable-patron-de-la-fecafoot#primaryimage\"},\"image\":{\"@id\":\"https:\/\/www.africa-press.net\/cameroun\/politique\/etoo-nest-quun-prete-nom-voici-le-veritable-patron-de-la-fecafoot#primaryimage\"},\"thumbnailUrl\":\"https:\/\/static.africa-press.net\/cameroun\/sites\/57\/2024\/10\/sm_1727992922.676305.jpg\",\"datePublished\":\"2024-10-03T22:54:52+00:00\",\"dateModified\":\"2024-10-05T03:05:29+00:00\",\"author\":{\"@id\":\"https:\/\/www.africa-press.net\/cameroun\/#\/schema\/person\/2b1cf3cd81a31e3cd26889ca66d677f1\"},\"description\":\"C'est selon ce qu'affirme l'activiste Jorel sur les re\u0301seaux sociaux. Il est cate\u0301gorique dans son intervention, la Fe\u0301d ...\",\"breadcrumb\":{\"@id\":\"https:\/\/www.africa-press.net\/cameroun\/politique\/etoo-nest-quun-prete-nom-voici-le-veritable-patron-de-la-fecafoot#breadcrumb\"},\"inLanguage\":\"fr-FR\",\"potentialAction\":[{\"@type\":\"ReadAction\",\"target\":[\"https:\/\/www.africa-press.net\/cameroun\/politique\/etoo-nest-quun-prete-nom-voici-le-veritable-patron-de-la-fecafoot\"]}]},{\"@type\":\"ImageObject\",\"inLanguage\":\"fr-FR\",\"@id\":\"https:\/\/www.africa-press.net\/cameroun\/politique\/etoo-nest-quun-prete-nom-voici-le-veritable-patron-de-la-fecafoot#primaryimage\",\"url\":\"https:\/\/static.africa-press.net\/cameroun\/sites\/57\/2024\/10\/sm_1727992922.676305.jpg\",\"contentUrl\":\"https:\/\/static.africa-press.net\/cameroun\/sites\/57\/2024\/10\/sm_1727992922.676305.jpg\",\"width\":1280,\"height\":720,\"caption\":\"Eto'o n'est qu'un pr\u00eate-nom : voici le v\u00e9ritable patron de la Fecafoot\"},{\"@type\":\"BreadcrumbList\",\"@id\":\"https:\/\/www.africa-press.net\/cameroun\/politique\/etoo-nest-quun-prete-nom-voici-le-veritable-patron-de-la-fecafoot#breadcrumb\",\"itemListElement\":[{\"@type\":\"ListItem\",\"position\":1,\"name\":\"Accueil\",\"item\":\"https:\/\/www.africa-press.net\/cameroun\/\"},{\"@type\":\"ListItem\",\"position\":2,\"name\":\"Eto&#8217;o n&#8217;est qu&#8217;un pr\u00eate-nom : voici le v\u00e9ritable patron de la Fecafoot\"}]},{\"@type\":\"WebSite\",\"@id\":\"https:\/\/www.africa-press.net\/cameroun\/#website\",\"url\":\"https:\/\/www.africa-press.net\/cameroun\/\",\"name\":\"Cameroun\",\"description\":\"Just another Africa News Agency Sites site\",\"potentialAction\":[{\"@type\":\"SearchAction\",\"target\":{\"@type\":\"EntryPoint\",\"urlTemplate\":\"https:\/\/www.africa-press.net\/cameroun\/?s={search_term_string}\"},\"query-input\":{\"@type\":\"PropertyValueSpecification\",\"valueRequired\":true,\"valueName\":\"search_term_string\"}}],\"inLanguage\":\"fr-FR\"},{\"@type\":\"Person\",\"@id\":\"https:\/\/www.africa-press.net\/cameroun\/#\/schema\/person\/2b1cf3cd81a31e3cd26889ca66d677f1\",\"name\":\"cfeditorfr\"}]}<\/script>\n<!-- \/ Yoast SEO Premium plugin. -->","yoast_head_json":{"title":"Eto'o n'est qu'un pr\u00eate-nom : voici le v\u00e9ritable patron de la Fecafoot - Cameroun","description":"C'est selon ce qu'affirme l'activiste Jorel sur les re\u0301seaux sociaux. Il est cate\u0301gorique dans son intervention, la Fe\u0301d ...","robots":{"index":"index","follow":"follow","max-snippet":"max-snippet:-1","max-image-preview":"max-image-preview:large","max-video-preview":"max-video-preview:-1"},"canonical":"https:\/\/www.africa-press.net\/cameroun\/politique\/etoo-nest-quun-prete-nom-voici-le-veritable-patron-de-la-fecafoot","og_locale":"fr_FR","og_type":"article","og_title":"Eto'o n'est qu'un pr\u00eate-nom : voici le v\u00e9ritable patron de la Fecafoot","og_description":"C'est selon ce qu'affirme l'activiste Jorel sur les re\u0301seaux sociaux. Il est cate\u0301gorique dans son intervention, la Fe\u0301d ...","og_url":"https:\/\/www.africa-press.net\/cameroun\/politique\/etoo-nest-quun-prete-nom-voici-le-veritable-patron-de-la-fecafoot","og_site_name":"Cameroun","article_published_time":"2024-10-03T22:54:52+00:00","article_modified_time":"2024-10-05T03:05:29+00:00","og_image":[{"width":1280,"height":720,"url":"https:\/\/static.africa-press.net\/cameroun\/sites\/57\/2024\/10\/sm_1727992922.676305.jpg","type":"image\/jpeg"}],"author":"cfeditorfr","twitter_card":"summary_large_image","twitter_misc":{"\u00c9crit par":"cfeditorfr","Dur\u00e9e de lecture estim\u00e9e":"2 minutes"},"schema":{"@context":"https:\/\/schema.org","@graph":[{"@type":"Article","@id":"https:\/\/www.africa-press.net\/cameroun\/politique\/etoo-nest-quun-prete-nom-voici-le-veritable-patron-de-la-fecafoot#article","isPartOf":{"@id":"https:\/\/www.africa-press.net\/cameroun\/politique\/etoo-nest-quun-prete-nom-voici-le-veritable-patron-de-la-fecafoot"},"author":{"name":"cfeditorfr","@id":"https:\/\/www.africa-press.net\/cameroun\/#\/schema\/person\/2b1cf3cd81a31e3cd26889ca66d677f1"},"headline":"Eto&rsquo;o n&rsquo;est qu&rsquo;un pr\u00eate-nom : voici le v\u00e9ritable patron de la Fecafoot","datePublished":"2024-10-03T22:54:52+00:00","dateModified":"2024-10-05T03:05:29+00:00","mainEntityOfPage":{"@id":"https:\/\/www.africa-press.net\/cameroun\/politique\/etoo-nest-quun-prete-nom-voici-le-veritable-patron-de-la-fecafoot"},"wordCount":439,"commentCount":0,"image":{"@id":"https:\/\/www.africa-press.net\/cameroun\/politique\/etoo-nest-quun-prete-nom-voici-le-veritable-patron-de-la-fecafoot#primaryimage"},"thumbnailUrl":"https:\/\/static.africa-press.net\/cameroun\/sites\/57\/2024\/10\/sm_1727992922.676305.jpg","keywords":["Cameroun"],"articleSection":["Politique","Toutes les actualit\u00e9s"],"inLanguage":"fr-FR","potentialAction":[{"@type":"CommentAction","name":"Comment","target":["https:\/\/www.africa-press.net\/cameroun\/politique\/etoo-nest-quun-prete-nom-voici-le-veritable-patron-de-la-fecafoot#respond"]}]},{"@type":"WebPage","@id":"https:\/\/www.africa-press.net\/cameroun\/politique\/etoo-nest-quun-prete-nom-voici-le-veritable-patron-de-la-fecafoot","url":"https:\/\/www.africa-press.net\/cameroun\/politique\/etoo-nest-quun-prete-nom-voici-le-veritable-patron-de-la-fecafoot","name":"Eto'o n'est qu'un pr\u00eate-nom : voici le v\u00e9ritable patron de la Fecafoot - Cameroun","isPartOf":{"@id":"https:\/\/www.africa-press.net\/cameroun\/#website"},"primaryImageOfPage":{"@id":"https:\/\/www.africa-press.net\/cameroun\/politique\/etoo-nest-quun-prete-nom-voici-le-veritable-patron-de-la-fecafoot#primaryimage"},"image":{"@id":"https:\/\/www.africa-press.net\/cameroun\/politique\/etoo-nest-quun-prete-nom-voici-le-veritable-patron-de-la-fecafoot#primaryimage"},"thumbnailUrl":"https:\/\/static.africa-press.net\/cameroun\/sites\/57\/2024\/10\/sm_1727992922.676305.jpg","datePublished":"2024-10-03T22:54:52+00:00","dateModified":"2024-10-05T03:05:29+00:00","author":{"@id":"https:\/\/www.africa-press.net\/cameroun\/#\/schema\/person\/2b1cf3cd81a31e3cd26889ca66d677f1"},"description":"C'est selon ce qu'affirme l'activiste Jorel sur les re\u0301seaux sociaux. Il est cate\u0301gorique dans son intervention, la Fe\u0301d ...","breadcrumb":{"@id":"https:\/\/www.africa-press.net\/cameroun\/politique\/etoo-nest-quun-prete-nom-voici-le-veritable-patron-de-la-fecafoot#breadcrumb"},"inLanguage":"fr-FR","potentialAction":[{"@type":"ReadAction","target":["https:\/\/www.africa-press.net\/cameroun\/politique\/etoo-nest-quun-prete-nom-voici-le-veritable-patron-de-la-fecafoot"]}]},{"@type":"ImageObject","inLanguage":"fr-FR","@id":"https:\/\/www.africa-press.net\/cameroun\/politique\/etoo-nest-quun-prete-nom-voici-le-veritable-patron-de-la-fecafoot#primaryimage","url":"https:\/\/static.africa-press.net\/cameroun\/sites\/57\/2024\/10\/sm_1727992922.676305.jpg","contentUrl":"https:\/\/static.africa-press.net\/cameroun\/sites\/57\/2024\/10\/sm_1727992922.676305.jpg","width":1280,"height":720,"caption":"Eto'o n'est qu'un pr\u00eate-nom : voici le v\u00e9ritable patron de la Fecafoot"},{"@type":"BreadcrumbList","@id":"https:\/\/www.africa-press.net\/cameroun\/politique\/etoo-nest-quun-prete-nom-voici-le-veritable-patron-de-la-fecafoot#breadcrumb","itemListElement":[{"@type":"ListItem","position":1,"name":"Accueil","item":"https:\/\/www.africa-press.net\/cameroun\/"},{"@type":"ListItem","position":2,"name":"Eto&#8217;o n&#8217;est qu&#8217;un pr\u00eate-nom : voici le v\u00e9ritable patron de la Fecafoot"}]},{"@type":"WebSite","@id":"https:\/\/www.africa-press.net\/cameroun\/#website","url":"https:\/\/www.africa-press.net\/cameroun\/","name":"Cameroun","description":"Just another Africa News Agency Sites site","potentialAction":[{"@type":"SearchAction","target":{"@type":"EntryPoint","urlTemplate":"https:\/\/www.africa-press.net\/cameroun\/?s={search_term_string}"},"query-input":{"@type":"PropertyValueSpecification","valueRequired":true,"valueName":"search_term_string"}}],"inLanguage":"fr-FR"},{"@type":"Person","@id":"https:\/\/www.africa-press.net\/cameroun\/#\/schema\/person\/2b1cf3cd81a31e3cd26889ca66d677f1","name":"cfeditorfr"}]}},"_links":{"self":[{"href":"https:\/\/www.africa-press.net\/cameroun\/wp-json\/wp\/v2\/posts\/72700","targetHints":{"allow":["GET"]}}],"collection":[{"href":"https:\/\/www.africa-press.net\/cameroun\/wp-json\/wp\/v2\/posts"}],"about":[{"href":"https:\/\/www.africa-press.net\/cameroun\/wp-json\/wp\/v2\/types\/post"}],"author":[{"embeddable":true,"href":"https:\/\/www.africa-press.net\/cameroun\/wp-json\/wp\/v2\/users\/82"}],"replies":[{"embeddable":true,"href":"https:\/\/www.africa-press.net\/cameroun\/wp-json\/wp\/v2\/comments?post=72700"}],"version-history":[{"count":0,"href":"https:\/\/www.africa-press.net\/cameroun\/wp-json\/wp\/v2\/posts\/72700\/revisions"}],"wp:featuredmedia":[{"embeddable":true,"href":"https:\/\/www.africa-press.net\/cameroun\/wp-json\/wp\/v2\/media\/72699"}],"wp:attachment":[{"href":"https:\/\/www.africa-press.net\/cameroun\/wp-json\/wp\/v2\/media?parent=72700"}],"wp:term":[{"taxonomy":"category","embeddable":true,"href":"https:\/\/www.africa-press.net\/cameroun\/wp-json\/wp\/v2\/categories?post=72700"},{"taxonomy":"post_tag","embeddable":true,"href":"https:\/\/www.africa-press.net\/cameroun\/wp-json\/wp\/v2\/tags?post=72700"}],"curies":[{"name":"wp","href":"https:\/\/api.w.org\/{rel}","templated":true}]}}