{"id":73543,"date":"2024-10-15T20:54:42","date_gmt":"2024-10-15T20:54:42","guid":{"rendered":"https:\/\/www.africa-press.net\/cameroun\/politique\/cameroun-le-port-de-kribi-senrichit"},"modified":"2024-10-16T02:40:42","modified_gmt":"2024-10-16T02:40:42","slug":"cameroun-le-port-de-kribi-senrichit","status":"publish","type":"post","link":"https:\/\/www.africa-press.net\/cameroun\/economie\/cameroun-le-port-de-kribi-senrichit","title":{"rendered":"Cameroun : le Port de Kribi s\u2019enrichit"},"content":{"rendered":"<p><span style=\"color: #ff6600\"><strong>Africa-Press &#8211; Cameroun. <\/strong><\/span><b>L\u2019entreprise portuaire a rec\u0327u le 14 octobre 2024 d\u2019un navire charge\u0301 de portiques.<\/b><\/p>\n<p>Le Port autonome de Kribi rec\u0327oit une deuxie\u0300me vague de portiques. Ce lundi 14 octobre 2024, il y a eu au PAK l\u2019accostage du navire Fu Zhou Guo Ji, charge\u0301 de 13 portiques de parc Rubber Tired Gantry (RTG), 02 nouveaux Reach stakes (chariot porte-conteneurs) et 03 Empty handler.<\/p>\n<p>Cette livraison marque une e\u0301tape de\u0301cisive dans l\u2019expansion du port, avec la mise en service prochaine de la phase II et son quai additionnel de 715 m, dont les travaux s\u2019ache\u0300vent biento\u0302t.<\/p>\n<p>Ces nouveaux e\u0301quipements viennent ainsi comple\u0301ter la liste des 5 portiques de quai Ship to Shore (STS) et 2 portiques de parc (RTG) qui sont arrive\u0301s le 12 septembre 2024.<\/p>\n<p>Selon la socie\u0301te\u0301 portuaire, ce nouvel arrivage dote\u0301 d\u2019une technologie de pointe va permettre de fluidifier les ope\u0301rations et ame\u0301liorer les performances.<\/p>\n<p>\u00ab Ces e\u0301quipements ultra-modernes permettront d\u2019acce\u0301le\u0301rer le chargement\/de\u0301chargement des navires, tout en garantissant une manutention efficace et se\u0301curise\u0301e des conteneurs \u00bb, explique le PAK.<\/p>\n<p>Avec ces portiques au complet (5 portiques de quai STS et 15 portiques de parc RTG), le quai de la phase 2 se pre\u0301pare a\u0300 re\u0301pondre aux exigences croissantes du trafic maritime, re\u0301duisant ainsi le temps d\u2019escale des navires tout en doublant les capacite\u0301s actuelles. Avec une moyenne de 24 mouvements\/heure en moyenne par e\u0301quipement, la capacite\u0301 de traitement sur les navires va conside\u0301rablement doubler.<\/p>\n<p>\u00ab L\u2019ensemble des e\u0301quipes est mobilise\u0301 pour achever cette e\u0301tape strate\u0301gique qui positionnera le Port de Kribi comme hub logistique de premier plan dans la sous-re\u0301gion \u00bb, de\u0301clare le PAK.<\/p>\n<p><strong>Pour plus d&rsquo;informations et d&rsquo;analyses sur la <span style=\"color: #ff6600\">Cameroun<\/span>, suivez <span style=\"color: #ff6600\">Africa-Press<\/span><\/strong><\/p>\n","protected":false},"excerpt":{"rendered":"<p>Africa-Press &#8211; Cameroun. L\u2019entreprise portuaire a rec\u0327u le 14 octobre 2024 d\u2019un navire charge\u0301 de portiques. Le Port autonome de Kribi rec\u0327oit une deuxie\u0300me vague de portiques. Ce lundi 14 octobre 2024, il y a eu au PAK l\u2019accostage du navire Fu Zhou Guo Ji, charge\u0301 de 13 portiques de parc Rubber Tired Gantry (RTG), [&hellip;]<\/p>\n","protected":false},"author":82,"featured_media":73542,"comment_status":"open","ping_status":"closed","sticky":false,"template":"","format":"standard","meta":{"footnotes":""},"categories":[3,10],"tags":[49],"class_list":["post-73543","post","type-post","status-publish","format-standard","has-post-thumbnail","hentry","category-economie","category-toutes-les-actualites","tag-cameroun"],"yoast_head":"<!-- This site is optimized with the Yoast SEO Premium plugin v26.1 (Yoast SEO v27.0) - https:\/\/yoast.com\/product\/yoast-seo-premium-wordpress\/ -->\n<title>Cameroun : le Port de Kribi s\u2019enrichit - Cameroun<\/title>\n<meta name=\"description\" content=\"L\u2019entreprise portuaire a rec\u0327u le 14 octobre 2024 d\u2019un navire charge\u0301 de portiques. Le Port autonome de Kribi re ...\" \/>\n<meta name=\"robots\" content=\"index, follow, max-snippet:-1, max-image-preview:large, max-video-preview:-1\" \/>\n<link rel=\"canonical\" href=\"https:\/\/www.africa-press.net\/cameroun\/economie\/cameroun-le-port-de-kribi-senrichit\" \/>\n<meta property=\"og:locale\" content=\"fr_FR\" \/>\n<meta property=\"og:type\" content=\"article\" \/>\n<meta property=\"og:title\" content=\"Cameroun : le Port de Kribi s\u2019enrichit\" \/>\n<meta property=\"og:description\" content=\"L\u2019entreprise portuaire a rec\u0327u le 14 octobre 2024 d\u2019un navire charge\u0301 de portiques. Le Port autonome de Kribi re ...\" \/>\n<meta property=\"og:url\" content=\"https:\/\/www.africa-press.net\/cameroun\/economie\/cameroun-le-port-de-kribi-senrichit\" \/>\n<meta property=\"og:site_name\" content=\"Cameroun\" \/>\n<meta property=\"article:published_time\" content=\"2024-10-15T20:54:42+00:00\" \/>\n<meta property=\"article:modified_time\" content=\"2024-10-16T02:40:42+00:00\" \/>\n<meta property=\"og:image\" content=\"https:\/\/static.africa-press.net\/cameroun\/sites\/57\/2024\/10\/sm_1729014611.404144.jpg\" \/>\n\t<meta property=\"og:image:width\" content=\"780\" \/>\n\t<meta property=\"og:image:height\" content=\"440\" \/>\n\t<meta property=\"og:image:type\" content=\"image\/jpeg\" \/>\n<meta name=\"author\" content=\"cfeditorfr\" \/>\n<meta name=\"twitter:card\" content=\"summary_large_image\" \/>\n<meta name=\"twitter:label1\" content=\"\u00c9crit par\" \/>\n\t<meta name=\"twitter:data1\" content=\"cfeditorfr\" \/>\n\t<meta name=\"twitter:label2\" content=\"Dur\u00e9e de lecture estim\u00e9e\" \/>\n\t<meta name=\"twitter:data2\" content=\"1 minute\" \/>\n<script type=\"application\/ld+json\" class=\"yoast-schema-graph\">{\"@context\":\"https:\/\/schema.org\",\"@graph\":[{\"@type\":\"Article\",\"@id\":\"https:\/\/www.africa-press.net\/cameroun\/economie\/cameroun-le-port-de-kribi-senrichit#article\",\"isPartOf\":{\"@id\":\"https:\/\/www.africa-press.net\/cameroun\/economie\/cameroun-le-port-de-kribi-senrichit\"},\"author\":{\"name\":\"cfeditorfr\",\"@id\":\"https:\/\/www.africa-press.net\/cameroun\/#\/schema\/person\/2b1cf3cd81a31e3cd26889ca66d677f1\"},\"headline\":\"Cameroun : le Port de Kribi s\u2019enrichit\",\"datePublished\":\"2024-10-15T20:54:42+00:00\",\"dateModified\":\"2024-10-16T02:40:42+00:00\",\"mainEntityOfPage\":{\"@id\":\"https:\/\/www.africa-press.net\/cameroun\/economie\/cameroun-le-port-de-kribi-senrichit\"},\"wordCount\":308,\"commentCount\":0,\"image\":{\"@id\":\"https:\/\/www.africa-press.net\/cameroun\/economie\/cameroun-le-port-de-kribi-senrichit#primaryimage\"},\"thumbnailUrl\":\"https:\/\/static.africa-press.net\/cameroun\/sites\/57\/2024\/10\/sm_1729014611.404144.jpg\",\"keywords\":[\"Cameroun\"],\"articleSection\":[\"\u00c9conomie\",\"Toutes les actualit\u00e9s\"],\"inLanguage\":\"fr-FR\",\"potentialAction\":[{\"@type\":\"CommentAction\",\"name\":\"Comment\",\"target\":[\"https:\/\/www.africa-press.net\/cameroun\/economie\/cameroun-le-port-de-kribi-senrichit#respond\"]}]},{\"@type\":\"WebPage\",\"@id\":\"https:\/\/www.africa-press.net\/cameroun\/economie\/cameroun-le-port-de-kribi-senrichit\",\"url\":\"https:\/\/www.africa-press.net\/cameroun\/economie\/cameroun-le-port-de-kribi-senrichit\",\"name\":\"Cameroun : le Port de Kribi s\u2019enrichit - Cameroun\",\"isPartOf\":{\"@id\":\"https:\/\/www.africa-press.net\/cameroun\/#website\"},\"primaryImageOfPage\":{\"@id\":\"https:\/\/www.africa-press.net\/cameroun\/economie\/cameroun-le-port-de-kribi-senrichit#primaryimage\"},\"image\":{\"@id\":\"https:\/\/www.africa-press.net\/cameroun\/economie\/cameroun-le-port-de-kribi-senrichit#primaryimage\"},\"thumbnailUrl\":\"https:\/\/static.africa-press.net\/cameroun\/sites\/57\/2024\/10\/sm_1729014611.404144.jpg\",\"datePublished\":\"2024-10-15T20:54:42+00:00\",\"dateModified\":\"2024-10-16T02:40:42+00:00\",\"author\":{\"@id\":\"https:\/\/www.africa-press.net\/cameroun\/#\/schema\/person\/2b1cf3cd81a31e3cd26889ca66d677f1\"},\"description\":\"L\u2019entreprise portuaire a rec\u0327u le 14 octobre 2024 d\u2019un navire charge\u0301 de portiques. Le Port autonome de Kribi re ...\",\"breadcrumb\":{\"@id\":\"https:\/\/www.africa-press.net\/cameroun\/economie\/cameroun-le-port-de-kribi-senrichit#breadcrumb\"},\"inLanguage\":\"fr-FR\",\"potentialAction\":[{\"@type\":\"ReadAction\",\"target\":[\"https:\/\/www.africa-press.net\/cameroun\/economie\/cameroun-le-port-de-kribi-senrichit\"]}]},{\"@type\":\"ImageObject\",\"inLanguage\":\"fr-FR\",\"@id\":\"https:\/\/www.africa-press.net\/cameroun\/economie\/cameroun-le-port-de-kribi-senrichit#primaryimage\",\"url\":\"https:\/\/static.africa-press.net\/cameroun\/sites\/57\/2024\/10\/sm_1729014611.404144.jpg\",\"contentUrl\":\"https:\/\/static.africa-press.net\/cameroun\/sites\/57\/2024\/10\/sm_1729014611.404144.jpg\",\"width\":780,\"height\":440,\"caption\":\"Cameroun : le Port de Kribi s\u2019enrichit\"},{\"@type\":\"BreadcrumbList\",\"@id\":\"https:\/\/www.africa-press.net\/cameroun\/economie\/cameroun-le-port-de-kribi-senrichit#breadcrumb\",\"itemListElement\":[{\"@type\":\"ListItem\",\"position\":1,\"name\":\"Accueil\",\"item\":\"https:\/\/www.africa-press.net\/cameroun\/\"},{\"@type\":\"ListItem\",\"position\":2,\"name\":\"Cameroun : le Port de Kribi s\u2019enrichit\"}]},{\"@type\":\"WebSite\",\"@id\":\"https:\/\/www.africa-press.net\/cameroun\/#website\",\"url\":\"https:\/\/www.africa-press.net\/cameroun\/\",\"name\":\"Cameroun\",\"description\":\"Just another Africa News Agency Sites site\",\"potentialAction\":[{\"@type\":\"SearchAction\",\"target\":{\"@type\":\"EntryPoint\",\"urlTemplate\":\"https:\/\/www.africa-press.net\/cameroun\/?s={search_term_string}\"},\"query-input\":{\"@type\":\"PropertyValueSpecification\",\"valueRequired\":true,\"valueName\":\"search_term_string\"}}],\"inLanguage\":\"fr-FR\"},{\"@type\":\"Person\",\"@id\":\"https:\/\/www.africa-press.net\/cameroun\/#\/schema\/person\/2b1cf3cd81a31e3cd26889ca66d677f1\",\"name\":\"cfeditorfr\"}]}<\/script>\n<!-- \/ Yoast SEO Premium plugin. -->","yoast_head_json":{"title":"Cameroun : le Port de Kribi s\u2019enrichit - Cameroun","description":"L\u2019entreprise portuaire a rec\u0327u le 14 octobre 2024 d\u2019un navire charge\u0301 de portiques. Le Port autonome de Kribi re ...","robots":{"index":"index","follow":"follow","max-snippet":"max-snippet:-1","max-image-preview":"max-image-preview:large","max-video-preview":"max-video-preview:-1"},"canonical":"https:\/\/www.africa-press.net\/cameroun\/economie\/cameroun-le-port-de-kribi-senrichit","og_locale":"fr_FR","og_type":"article","og_title":"Cameroun : le Port de Kribi s\u2019enrichit","og_description":"L\u2019entreprise portuaire a rec\u0327u le 14 octobre 2024 d\u2019un navire charge\u0301 de portiques. Le Port autonome de Kribi re ...","og_url":"https:\/\/www.africa-press.net\/cameroun\/economie\/cameroun-le-port-de-kribi-senrichit","og_site_name":"Cameroun","article_published_time":"2024-10-15T20:54:42+00:00","article_modified_time":"2024-10-16T02:40:42+00:00","og_image":[{"width":780,"height":440,"url":"https:\/\/static.africa-press.net\/cameroun\/sites\/57\/2024\/10\/sm_1729014611.404144.jpg","type":"image\/jpeg"}],"author":"cfeditorfr","twitter_card":"summary_large_image","twitter_misc":{"\u00c9crit par":"cfeditorfr","Dur\u00e9e de lecture estim\u00e9e":"1 minute"},"schema":{"@context":"https:\/\/schema.org","@graph":[{"@type":"Article","@id":"https:\/\/www.africa-press.net\/cameroun\/economie\/cameroun-le-port-de-kribi-senrichit#article","isPartOf":{"@id":"https:\/\/www.africa-press.net\/cameroun\/economie\/cameroun-le-port-de-kribi-senrichit"},"author":{"name":"cfeditorfr","@id":"https:\/\/www.africa-press.net\/cameroun\/#\/schema\/person\/2b1cf3cd81a31e3cd26889ca66d677f1"},"headline":"Cameroun : le Port de Kribi s\u2019enrichit","datePublished":"2024-10-15T20:54:42+00:00","dateModified":"2024-10-16T02:40:42+00:00","mainEntityOfPage":{"@id":"https:\/\/www.africa-press.net\/cameroun\/economie\/cameroun-le-port-de-kribi-senrichit"},"wordCount":308,"commentCount":0,"image":{"@id":"https:\/\/www.africa-press.net\/cameroun\/economie\/cameroun-le-port-de-kribi-senrichit#primaryimage"},"thumbnailUrl":"https:\/\/static.africa-press.net\/cameroun\/sites\/57\/2024\/10\/sm_1729014611.404144.jpg","keywords":["Cameroun"],"articleSection":["\u00c9conomie","Toutes les actualit\u00e9s"],"inLanguage":"fr-FR","potentialAction":[{"@type":"CommentAction","name":"Comment","target":["https:\/\/www.africa-press.net\/cameroun\/economie\/cameroun-le-port-de-kribi-senrichit#respond"]}]},{"@type":"WebPage","@id":"https:\/\/www.africa-press.net\/cameroun\/economie\/cameroun-le-port-de-kribi-senrichit","url":"https:\/\/www.africa-press.net\/cameroun\/economie\/cameroun-le-port-de-kribi-senrichit","name":"Cameroun : le Port de Kribi s\u2019enrichit - Cameroun","isPartOf":{"@id":"https:\/\/www.africa-press.net\/cameroun\/#website"},"primaryImageOfPage":{"@id":"https:\/\/www.africa-press.net\/cameroun\/economie\/cameroun-le-port-de-kribi-senrichit#primaryimage"},"image":{"@id":"https:\/\/www.africa-press.net\/cameroun\/economie\/cameroun-le-port-de-kribi-senrichit#primaryimage"},"thumbnailUrl":"https:\/\/static.africa-press.net\/cameroun\/sites\/57\/2024\/10\/sm_1729014611.404144.jpg","datePublished":"2024-10-15T20:54:42+00:00","dateModified":"2024-10-16T02:40:42+00:00","author":{"@id":"https:\/\/www.africa-press.net\/cameroun\/#\/schema\/person\/2b1cf3cd81a31e3cd26889ca66d677f1"},"description":"L\u2019entreprise portuaire a rec\u0327u le 14 octobre 2024 d\u2019un navire charge\u0301 de portiques. Le Port autonome de Kribi re ...","breadcrumb":{"@id":"https:\/\/www.africa-press.net\/cameroun\/economie\/cameroun-le-port-de-kribi-senrichit#breadcrumb"},"inLanguage":"fr-FR","potentialAction":[{"@type":"ReadAction","target":["https:\/\/www.africa-press.net\/cameroun\/economie\/cameroun-le-port-de-kribi-senrichit"]}]},{"@type":"ImageObject","inLanguage":"fr-FR","@id":"https:\/\/www.africa-press.net\/cameroun\/economie\/cameroun-le-port-de-kribi-senrichit#primaryimage","url":"https:\/\/static.africa-press.net\/cameroun\/sites\/57\/2024\/10\/sm_1729014611.404144.jpg","contentUrl":"https:\/\/static.africa-press.net\/cameroun\/sites\/57\/2024\/10\/sm_1729014611.404144.jpg","width":780,"height":440,"caption":"Cameroun : le Port de Kribi s\u2019enrichit"},{"@type":"BreadcrumbList","@id":"https:\/\/www.africa-press.net\/cameroun\/economie\/cameroun-le-port-de-kribi-senrichit#breadcrumb","itemListElement":[{"@type":"ListItem","position":1,"name":"Accueil","item":"https:\/\/www.africa-press.net\/cameroun\/"},{"@type":"ListItem","position":2,"name":"Cameroun : le Port de Kribi s\u2019enrichit"}]},{"@type":"WebSite","@id":"https:\/\/www.africa-press.net\/cameroun\/#website","url":"https:\/\/www.africa-press.net\/cameroun\/","name":"Cameroun","description":"Just another Africa News Agency Sites site","potentialAction":[{"@type":"SearchAction","target":{"@type":"EntryPoint","urlTemplate":"https:\/\/www.africa-press.net\/cameroun\/?s={search_term_string}"},"query-input":{"@type":"PropertyValueSpecification","valueRequired":true,"valueName":"search_term_string"}}],"inLanguage":"fr-FR"},{"@type":"Person","@id":"https:\/\/www.africa-press.net\/cameroun\/#\/schema\/person\/2b1cf3cd81a31e3cd26889ca66d677f1","name":"cfeditorfr"}]}},"_links":{"self":[{"href":"https:\/\/www.africa-press.net\/cameroun\/wp-json\/wp\/v2\/posts\/73543","targetHints":{"allow":["GET"]}}],"collection":[{"href":"https:\/\/www.africa-press.net\/cameroun\/wp-json\/wp\/v2\/posts"}],"about":[{"href":"https:\/\/www.africa-press.net\/cameroun\/wp-json\/wp\/v2\/types\/post"}],"author":[{"embeddable":true,"href":"https:\/\/www.africa-press.net\/cameroun\/wp-json\/wp\/v2\/users\/82"}],"replies":[{"embeddable":true,"href":"https:\/\/www.africa-press.net\/cameroun\/wp-json\/wp\/v2\/comments?post=73543"}],"version-history":[{"count":0,"href":"https:\/\/www.africa-press.net\/cameroun\/wp-json\/wp\/v2\/posts\/73543\/revisions"}],"wp:featuredmedia":[{"embeddable":true,"href":"https:\/\/www.africa-press.net\/cameroun\/wp-json\/wp\/v2\/media\/73542"}],"wp:attachment":[{"href":"https:\/\/www.africa-press.net\/cameroun\/wp-json\/wp\/v2\/media?parent=73543"}],"wp:term":[{"taxonomy":"category","embeddable":true,"href":"https:\/\/www.africa-press.net\/cameroun\/wp-json\/wp\/v2\/categories?post=73543"},{"taxonomy":"post_tag","embeddable":true,"href":"https:\/\/www.africa-press.net\/cameroun\/wp-json\/wp\/v2\/tags?post=73543"}],"curies":[{"name":"wp","href":"https:\/\/api.w.org\/{rel}","templated":true}]}}