{"id":76148,"date":"2024-11-25T19:16:25","date_gmt":"2024-11-25T19:16:25","guid":{"rendered":"https:\/\/www.africa-press.net\/cameroun\/politique\/deces-du-premier-adjoint-au-maire-de-mfou"},"modified":"2024-11-25T19:58:07","modified_gmt":"2024-11-25T19:58:07","slug":"deces-du-premier-adjoint-au-maire-de-mfou","status":"publish","type":"post","link":"https:\/\/www.africa-press.net\/cameroun\/toutes-les-actualites\/deces-du-premier-adjoint-au-maire-de-mfou","title":{"rendered":"D\u00e9c\u00e8s du Premier Adjoint au Maire de Mfou"},"content":{"rendered":"<p><span style=\"color: #ff6600\"><strong>Africa-Press &#8211; Cameroun. <\/strong><\/span><b>Joseph Marien Zambo Belinga est de\u0301ce\u0301de\u0301 cette nuit ainsi que deux de ses proches.<\/b><\/p>\n<p>Un accident de la circulation survenu to\u0302t ce matin sur l\u2019autoroute Yaounde\u0301-Nsimalen a entraine\u0301 la mort de trois personnes. Le premier adjoint au maire de Mfou dans le de\u0301partement de la Mefou et Afamba re\u0301gion du Centre et deux ses proches. Joseph Marien Belinga, a\u0302ge\u0301 de 47 ans e\u0301tait par ailleurs cadre aux Ae\u0301roports du Cameroun. Son fre\u0300re cadet, Jean Romuald Mbarga Belinga arbitre assistant intervenant dans Elite One au Cameroun et par ailleurs Censeur au lyce\u0301e d\u2019Olanguina a aussi rendu l\u2019a\u0302me dans cet accident. La troisie\u0300me victime est une cousine du premier adjoint au maire.<\/p>\n<p>Le drame s\u2019est produit sur l\u2019autoroute Yaounde\u0301-Nsimalen lorsque le ve\u0301hicule des victimes a percute\u0301 un camion charge\u0301 de produits brassicoles et stationne\u0301. Les corps ont e\u0301te\u0301 conduits a\u0300 la morgue de l\u2019ho\u0302pital de district de Mfou. L\u2019accident soule\u0300ve encore des de\u0301bats sur les comportements des usagers de la route, en particulier ceux qui empruntent les autoroutes et ne respectent pas les re\u0300gles d\u2019usage dont le stationnement.<\/p>\n<p><strong>Pour plus d&rsquo;informations et d&rsquo;analyses sur la <span style=\"color: #ff6600\">Cameroun<\/span>, suivez <span style=\"color: #ff6600\">Africa-Press<\/span><\/strong><\/p>\n","protected":false},"excerpt":{"rendered":"<p>Africa-Press &#8211; Cameroun. Joseph Marien Zambo Belinga est de\u0301ce\u0301de\u0301 cette nuit ainsi que deux de ses proches. Un accident de la circulation survenu to\u0302t ce matin sur l\u2019autoroute Yaounde\u0301-Nsimalen a entraine\u0301 la mort de trois personnes. Le premier adjoint au maire de Mfou dans le de\u0301partement de la Mefou et Afamba re\u0301gion du Centre et [&hellip;]<\/p>\n","protected":false},"author":82,"featured_media":76147,"comment_status":"open","ping_status":"closed","sticky":false,"template":"","format":"standard","meta":{"footnotes":""},"categories":[21,56,10],"tags":[49],"class_list":["post-76148","post","type-post","status-publish","format-standard","has-post-thumbnail","hentry","category-communaute","category-to-homepage","category-toutes-les-actualites","tag-cameroun"],"yoast_head":"<!-- This site is optimized with the Yoast SEO Premium plugin v26.1 (Yoast SEO v27.0) - https:\/\/yoast.com\/product\/yoast-seo-premium-wordpress\/ -->\n<title>D\u00e9c\u00e8s du Premier Adjoint au Maire de Mfou - Cameroun<\/title>\n<meta name=\"description\" content=\"Joseph Marien Zambo Belinga est de\u0301ce\u0301de\u0301 cette nuit ainsi que deux de ses proches. Un accident de la circulatio ...\" \/>\n<meta name=\"robots\" content=\"index, follow, max-snippet:-1, max-image-preview:large, max-video-preview:-1\" \/>\n<link rel=\"canonical\" href=\"https:\/\/www.africa-press.net\/cameroun\/toutes-les-actualites\/deces-du-premier-adjoint-au-maire-de-mfou\" \/>\n<meta property=\"og:locale\" content=\"fr_FR\" \/>\n<meta property=\"og:type\" content=\"article\" \/>\n<meta property=\"og:title\" content=\"D\u00e9c\u00e8s du Premier Adjoint au Maire de Mfou\" \/>\n<meta property=\"og:description\" content=\"Joseph Marien Zambo Belinga est de\u0301ce\u0301de\u0301 cette nuit ainsi que deux de ses proches. Un accident de la circulatio ...\" \/>\n<meta property=\"og:url\" content=\"https:\/\/www.africa-press.net\/cameroun\/toutes-les-actualites\/deces-du-premier-adjoint-au-maire-de-mfou\" \/>\n<meta property=\"og:site_name\" content=\"Cameroun\" \/>\n<meta property=\"article:published_time\" content=\"2024-11-25T19:16:25+00:00\" \/>\n<meta property=\"article:modified_time\" content=\"2024-11-25T19:58:07+00:00\" \/>\n<meta property=\"og:image\" content=\"https:\/\/static.africa-press.net\/cameroun\/sites\/57\/2024\/11\/sm_1732551354.169739.jpg\" \/>\n\t<meta property=\"og:image:width\" content=\"780\" \/>\n\t<meta property=\"og:image:height\" content=\"440\" \/>\n\t<meta property=\"og:image:type\" content=\"image\/jpeg\" \/>\n<meta name=\"author\" content=\"cfeditorfr\" \/>\n<meta name=\"twitter:card\" content=\"summary_large_image\" \/>\n<meta name=\"twitter:label1\" content=\"\u00c9crit par\" \/>\n\t<meta name=\"twitter:data1\" content=\"cfeditorfr\" \/>\n\t<meta name=\"twitter:label2\" content=\"Dur\u00e9e de lecture estim\u00e9e\" \/>\n\t<meta name=\"twitter:data2\" content=\"2 minutes\" \/>\n<script type=\"application\/ld+json\" class=\"yoast-schema-graph\">{\"@context\":\"https:\/\/schema.org\",\"@graph\":[{\"@type\":\"Article\",\"@id\":\"https:\/\/www.africa-press.net\/cameroun\/toutes-les-actualites\/deces-du-premier-adjoint-au-maire-de-mfou#article\",\"isPartOf\":{\"@id\":\"https:\/\/www.africa-press.net\/cameroun\/toutes-les-actualites\/deces-du-premier-adjoint-au-maire-de-mfou\"},\"author\":{\"name\":\"cfeditorfr\",\"@id\":\"https:\/\/www.africa-press.net\/cameroun\/#\/schema\/person\/2b1cf3cd81a31e3cd26889ca66d677f1\"},\"headline\":\"D\u00e9c\u00e8s du Premier Adjoint au Maire de Mfou\",\"datePublished\":\"2024-11-25T19:16:25+00:00\",\"dateModified\":\"2024-11-25T19:58:07+00:00\",\"mainEntityOfPage\":{\"@id\":\"https:\/\/www.africa-press.net\/cameroun\/toutes-les-actualites\/deces-du-premier-adjoint-au-maire-de-mfou\"},\"wordCount\":228,\"commentCount\":0,\"image\":{\"@id\":\"https:\/\/www.africa-press.net\/cameroun\/toutes-les-actualites\/deces-du-premier-adjoint-au-maire-de-mfou#primaryimage\"},\"thumbnailUrl\":\"https:\/\/static.africa-press.net\/cameroun\/sites\/57\/2024\/11\/sm_1732551354.169739.jpg\",\"keywords\":[\"Cameroun\"],\"articleSection\":[\"Communaut\u00e9\",\"to-homepage\",\"Toutes les actualit\u00e9s\"],\"inLanguage\":\"fr-FR\",\"potentialAction\":[{\"@type\":\"CommentAction\",\"name\":\"Comment\",\"target\":[\"https:\/\/www.africa-press.net\/cameroun\/toutes-les-actualites\/deces-du-premier-adjoint-au-maire-de-mfou#respond\"]}]},{\"@type\":\"WebPage\",\"@id\":\"https:\/\/www.africa-press.net\/cameroun\/toutes-les-actualites\/deces-du-premier-adjoint-au-maire-de-mfou\",\"url\":\"https:\/\/www.africa-press.net\/cameroun\/toutes-les-actualites\/deces-du-premier-adjoint-au-maire-de-mfou\",\"name\":\"D\u00e9c\u00e8s du Premier Adjoint au Maire de Mfou - Cameroun\",\"isPartOf\":{\"@id\":\"https:\/\/www.africa-press.net\/cameroun\/#website\"},\"primaryImageOfPage\":{\"@id\":\"https:\/\/www.africa-press.net\/cameroun\/toutes-les-actualites\/deces-du-premier-adjoint-au-maire-de-mfou#primaryimage\"},\"image\":{\"@id\":\"https:\/\/www.africa-press.net\/cameroun\/toutes-les-actualites\/deces-du-premier-adjoint-au-maire-de-mfou#primaryimage\"},\"thumbnailUrl\":\"https:\/\/static.africa-press.net\/cameroun\/sites\/57\/2024\/11\/sm_1732551354.169739.jpg\",\"datePublished\":\"2024-11-25T19:16:25+00:00\",\"dateModified\":\"2024-11-25T19:58:07+00:00\",\"author\":{\"@id\":\"https:\/\/www.africa-press.net\/cameroun\/#\/schema\/person\/2b1cf3cd81a31e3cd26889ca66d677f1\"},\"description\":\"Joseph Marien Zambo Belinga est de\u0301ce\u0301de\u0301 cette nuit ainsi que deux de ses proches. Un accident de la circulatio ...\",\"breadcrumb\":{\"@id\":\"https:\/\/www.africa-press.net\/cameroun\/toutes-les-actualites\/deces-du-premier-adjoint-au-maire-de-mfou#breadcrumb\"},\"inLanguage\":\"fr-FR\",\"potentialAction\":[{\"@type\":\"ReadAction\",\"target\":[\"https:\/\/www.africa-press.net\/cameroun\/toutes-les-actualites\/deces-du-premier-adjoint-au-maire-de-mfou\"]}]},{\"@type\":\"ImageObject\",\"inLanguage\":\"fr-FR\",\"@id\":\"https:\/\/www.africa-press.net\/cameroun\/toutes-les-actualites\/deces-du-premier-adjoint-au-maire-de-mfou#primaryimage\",\"url\":\"https:\/\/static.africa-press.net\/cameroun\/sites\/57\/2024\/11\/sm_1732551354.169739.jpg\",\"contentUrl\":\"https:\/\/static.africa-press.net\/cameroun\/sites\/57\/2024\/11\/sm_1732551354.169739.jpg\",\"width\":780,\"height\":440,\"caption\":\"D\u00e9c\u00e8s du Premier Adjoint au Maire de Mfou\"},{\"@type\":\"BreadcrumbList\",\"@id\":\"https:\/\/www.africa-press.net\/cameroun\/toutes-les-actualites\/deces-du-premier-adjoint-au-maire-de-mfou#breadcrumb\",\"itemListElement\":[{\"@type\":\"ListItem\",\"position\":1,\"name\":\"Accueil\",\"item\":\"https:\/\/www.africa-press.net\/cameroun\/\"},{\"@type\":\"ListItem\",\"position\":2,\"name\":\"D\u00e9c\u00e8s du Premier Adjoint au Maire de Mfou\"}]},{\"@type\":\"WebSite\",\"@id\":\"https:\/\/www.africa-press.net\/cameroun\/#website\",\"url\":\"https:\/\/www.africa-press.net\/cameroun\/\",\"name\":\"Cameroun\",\"description\":\"Just another Africa News Agency Sites site\",\"potentialAction\":[{\"@type\":\"SearchAction\",\"target\":{\"@type\":\"EntryPoint\",\"urlTemplate\":\"https:\/\/www.africa-press.net\/cameroun\/?s={search_term_string}\"},\"query-input\":{\"@type\":\"PropertyValueSpecification\",\"valueRequired\":true,\"valueName\":\"search_term_string\"}}],\"inLanguage\":\"fr-FR\"},{\"@type\":\"Person\",\"@id\":\"https:\/\/www.africa-press.net\/cameroun\/#\/schema\/person\/2b1cf3cd81a31e3cd26889ca66d677f1\",\"name\":\"cfeditorfr\"}]}<\/script>\n<!-- \/ Yoast SEO Premium plugin. -->","yoast_head_json":{"title":"D\u00e9c\u00e8s du Premier Adjoint au Maire de Mfou - Cameroun","description":"Joseph Marien Zambo Belinga est de\u0301ce\u0301de\u0301 cette nuit ainsi que deux de ses proches. Un accident de la circulatio ...","robots":{"index":"index","follow":"follow","max-snippet":"max-snippet:-1","max-image-preview":"max-image-preview:large","max-video-preview":"max-video-preview:-1"},"canonical":"https:\/\/www.africa-press.net\/cameroun\/toutes-les-actualites\/deces-du-premier-adjoint-au-maire-de-mfou","og_locale":"fr_FR","og_type":"article","og_title":"D\u00e9c\u00e8s du Premier Adjoint au Maire de Mfou","og_description":"Joseph Marien Zambo Belinga est de\u0301ce\u0301de\u0301 cette nuit ainsi que deux de ses proches. Un accident de la circulatio ...","og_url":"https:\/\/www.africa-press.net\/cameroun\/toutes-les-actualites\/deces-du-premier-adjoint-au-maire-de-mfou","og_site_name":"Cameroun","article_published_time":"2024-11-25T19:16:25+00:00","article_modified_time":"2024-11-25T19:58:07+00:00","og_image":[{"width":780,"height":440,"url":"https:\/\/static.africa-press.net\/cameroun\/sites\/57\/2024\/11\/sm_1732551354.169739.jpg","type":"image\/jpeg"}],"author":"cfeditorfr","twitter_card":"summary_large_image","twitter_misc":{"\u00c9crit par":"cfeditorfr","Dur\u00e9e de lecture estim\u00e9e":"2 minutes"},"schema":{"@context":"https:\/\/schema.org","@graph":[{"@type":"Article","@id":"https:\/\/www.africa-press.net\/cameroun\/toutes-les-actualites\/deces-du-premier-adjoint-au-maire-de-mfou#article","isPartOf":{"@id":"https:\/\/www.africa-press.net\/cameroun\/toutes-les-actualites\/deces-du-premier-adjoint-au-maire-de-mfou"},"author":{"name":"cfeditorfr","@id":"https:\/\/www.africa-press.net\/cameroun\/#\/schema\/person\/2b1cf3cd81a31e3cd26889ca66d677f1"},"headline":"D\u00e9c\u00e8s du Premier Adjoint au Maire de Mfou","datePublished":"2024-11-25T19:16:25+00:00","dateModified":"2024-11-25T19:58:07+00:00","mainEntityOfPage":{"@id":"https:\/\/www.africa-press.net\/cameroun\/toutes-les-actualites\/deces-du-premier-adjoint-au-maire-de-mfou"},"wordCount":228,"commentCount":0,"image":{"@id":"https:\/\/www.africa-press.net\/cameroun\/toutes-les-actualites\/deces-du-premier-adjoint-au-maire-de-mfou#primaryimage"},"thumbnailUrl":"https:\/\/static.africa-press.net\/cameroun\/sites\/57\/2024\/11\/sm_1732551354.169739.jpg","keywords":["Cameroun"],"articleSection":["Communaut\u00e9","to-homepage","Toutes les actualit\u00e9s"],"inLanguage":"fr-FR","potentialAction":[{"@type":"CommentAction","name":"Comment","target":["https:\/\/www.africa-press.net\/cameroun\/toutes-les-actualites\/deces-du-premier-adjoint-au-maire-de-mfou#respond"]}]},{"@type":"WebPage","@id":"https:\/\/www.africa-press.net\/cameroun\/toutes-les-actualites\/deces-du-premier-adjoint-au-maire-de-mfou","url":"https:\/\/www.africa-press.net\/cameroun\/toutes-les-actualites\/deces-du-premier-adjoint-au-maire-de-mfou","name":"D\u00e9c\u00e8s du Premier Adjoint au Maire de Mfou - Cameroun","isPartOf":{"@id":"https:\/\/www.africa-press.net\/cameroun\/#website"},"primaryImageOfPage":{"@id":"https:\/\/www.africa-press.net\/cameroun\/toutes-les-actualites\/deces-du-premier-adjoint-au-maire-de-mfou#primaryimage"},"image":{"@id":"https:\/\/www.africa-press.net\/cameroun\/toutes-les-actualites\/deces-du-premier-adjoint-au-maire-de-mfou#primaryimage"},"thumbnailUrl":"https:\/\/static.africa-press.net\/cameroun\/sites\/57\/2024\/11\/sm_1732551354.169739.jpg","datePublished":"2024-11-25T19:16:25+00:00","dateModified":"2024-11-25T19:58:07+00:00","author":{"@id":"https:\/\/www.africa-press.net\/cameroun\/#\/schema\/person\/2b1cf3cd81a31e3cd26889ca66d677f1"},"description":"Joseph Marien Zambo Belinga est de\u0301ce\u0301de\u0301 cette nuit ainsi que deux de ses proches. Un accident de la circulatio ...","breadcrumb":{"@id":"https:\/\/www.africa-press.net\/cameroun\/toutes-les-actualites\/deces-du-premier-adjoint-au-maire-de-mfou#breadcrumb"},"inLanguage":"fr-FR","potentialAction":[{"@type":"ReadAction","target":["https:\/\/www.africa-press.net\/cameroun\/toutes-les-actualites\/deces-du-premier-adjoint-au-maire-de-mfou"]}]},{"@type":"ImageObject","inLanguage":"fr-FR","@id":"https:\/\/www.africa-press.net\/cameroun\/toutes-les-actualites\/deces-du-premier-adjoint-au-maire-de-mfou#primaryimage","url":"https:\/\/static.africa-press.net\/cameroun\/sites\/57\/2024\/11\/sm_1732551354.169739.jpg","contentUrl":"https:\/\/static.africa-press.net\/cameroun\/sites\/57\/2024\/11\/sm_1732551354.169739.jpg","width":780,"height":440,"caption":"D\u00e9c\u00e8s du Premier Adjoint au Maire de Mfou"},{"@type":"BreadcrumbList","@id":"https:\/\/www.africa-press.net\/cameroun\/toutes-les-actualites\/deces-du-premier-adjoint-au-maire-de-mfou#breadcrumb","itemListElement":[{"@type":"ListItem","position":1,"name":"Accueil","item":"https:\/\/www.africa-press.net\/cameroun\/"},{"@type":"ListItem","position":2,"name":"D\u00e9c\u00e8s du Premier Adjoint au Maire de Mfou"}]},{"@type":"WebSite","@id":"https:\/\/www.africa-press.net\/cameroun\/#website","url":"https:\/\/www.africa-press.net\/cameroun\/","name":"Cameroun","description":"Just another Africa News Agency Sites site","potentialAction":[{"@type":"SearchAction","target":{"@type":"EntryPoint","urlTemplate":"https:\/\/www.africa-press.net\/cameroun\/?s={search_term_string}"},"query-input":{"@type":"PropertyValueSpecification","valueRequired":true,"valueName":"search_term_string"}}],"inLanguage":"fr-FR"},{"@type":"Person","@id":"https:\/\/www.africa-press.net\/cameroun\/#\/schema\/person\/2b1cf3cd81a31e3cd26889ca66d677f1","name":"cfeditorfr"}]}},"_links":{"self":[{"href":"https:\/\/www.africa-press.net\/cameroun\/wp-json\/wp\/v2\/posts\/76148","targetHints":{"allow":["GET"]}}],"collection":[{"href":"https:\/\/www.africa-press.net\/cameroun\/wp-json\/wp\/v2\/posts"}],"about":[{"href":"https:\/\/www.africa-press.net\/cameroun\/wp-json\/wp\/v2\/types\/post"}],"author":[{"embeddable":true,"href":"https:\/\/www.africa-press.net\/cameroun\/wp-json\/wp\/v2\/users\/82"}],"replies":[{"embeddable":true,"href":"https:\/\/www.africa-press.net\/cameroun\/wp-json\/wp\/v2\/comments?post=76148"}],"version-history":[{"count":0,"href":"https:\/\/www.africa-press.net\/cameroun\/wp-json\/wp\/v2\/posts\/76148\/revisions"}],"wp:featuredmedia":[{"embeddable":true,"href":"https:\/\/www.africa-press.net\/cameroun\/wp-json\/wp\/v2\/media\/76147"}],"wp:attachment":[{"href":"https:\/\/www.africa-press.net\/cameroun\/wp-json\/wp\/v2\/media?parent=76148"}],"wp:term":[{"taxonomy":"category","embeddable":true,"href":"https:\/\/www.africa-press.net\/cameroun\/wp-json\/wp\/v2\/categories?post=76148"},{"taxonomy":"post_tag","embeddable":true,"href":"https:\/\/www.africa-press.net\/cameroun\/wp-json\/wp\/v2\/tags?post=76148"}],"curies":[{"name":"wp","href":"https:\/\/api.w.org\/{rel}","templated":true}]}}