{"id":773,"date":"2020-12-28T01:00:10","date_gmt":"2020-12-28T01:00:10","guid":{"rendered":"https:\/\/www.africa-press.com\/cameroun\/?p=773"},"modified":"2020-12-28T01:58:59","modified_gmt":"2020-12-28T01:58:59","slug":"regionales-au-cameroun-dans-le-grand-nord-paul-biya-ecarte-les-fortes-tetes","status":"publish","type":"post","link":"https:\/\/www.africa-press.net\/cameroun\/parties\/regionales-au-cameroun-dans-le-grand-nord-paul-biya-ecarte-les-fortes-tetes","title":{"rendered":"R\u00e9gionales au Cameroun : dans le Grand Nord, Paul Biya \u00e9carte les fortes t\u00eates"},"content":{"rendered":"<p><span style=\"color: #ff6600\"><strong><a href=\"https:\/\/www.africa-press.com\">Africa-Press<\/a> &#8211; <a href=\"https:\/\/www.africa-press.com\/cameroun\">Cameroun<\/a>. <\/strong><\/span>Le RDPC est d\u00e9j\u00e0 assur\u00e9 de remporter les pr\u00e9sidences du Nord, de l\u2019Extr\u00eame-Nord et de l\u2019Adamaoua lors des r\u00e9gionales du 6 d\u00e9cembre. Et le parti de Paul Biya a retenu des t\u00eates de liste qui ne s\u2019opposeront pas \u00e0 Yaound\u00e9.<\/p>\n<p>dans ce dossier Voir tout le sommaire R\u00e9gionales au Cameroun : les enjeux du scrutin Cabral Libii, le \u00ab Macron camerounais \u00bb en pleine d\u00e9b\u00e2cle \u00e9lectorale<br \/>\nR\u00e9gionales au Cameroun : les premi\u00e8res le\u00e7ons d&rsquo;un scrutin in\u00e9dit<\/p>\n<p>Majoritaire dans les trois r\u00e9gions du Grand Nord, le Rassemblement d\u00e9mocratique du peuple camerounais (RDPC, au pouvoir) est assur\u00e9 de s\u2019en octroyer les pr\u00e9sidences \u00e0 l\u2019issue des \u00e9lections r\u00e9gionales du 6 d\u00e9cembre prochain.<\/p>\n<p>Fait notable : il n\u2019y pas de fortes t\u00eates locales sur les listes investies par le parti majoritaire dans le Nord, l\u2019Extr\u00eame-Nord et l\u2019Adamaoua. Yaound\u00e9 veut en effet pouvoir contr\u00f4ler les ex\u00e9cutifs r\u00e9gionaux \u00e9lus dans cette partie du pays culturellement proche du f\u00e9d\u00e9ralisme nig\u00e9rian et frontali\u00e8re, notamment, de l\u2019\u00c9tat de Borno, le berceau de l\u2019irr\u00e9dentisme religieux port\u00e9 par la secte islamiste Boko Haram.<\/p>\n<p>Dans l\u2019Extr\u00eame-Nord, ce sont les deux anciens ministres Zacharie Perevet (Emploi) et Adoum Garoua (Sports) qui sont en pole position sur les listes des d\u00e9partements du Mayo-Tsanaga et du Logone-et-Chari. Leur profil s\u00e9duit Yaound\u00e9 : tous deux discrets, ils n\u2019ont jamais manifest\u00e9 d\u2019ambition nationale. Ils sont par ailleurs chr\u00e9tiens dans une r\u00e9gion dont une partie de la jeunesse, s\u00e9duite par l\u2019islam politique, a rejoint les brigades fanatis\u00e9es de Boko Haram.<\/p>\n<p>Pour pr\u00e9server leurs chances de diriger l\u2019ex\u00e9cutif r\u00e9gional, d\u2019autres candidats ont \u00e9t\u00e9 \u00e9cart\u00e9s, comme Luc Ayang, le pr\u00e9sident du Conseil \u00e9conomique et social. La commission \u00e9lectorale a rejet\u00e9 sa candidature au motif qu\u2019un chef traditionnel de sa liste n\u2019avait pas encore \u00e9t\u00e9 homologu\u00e9 par l\u2019autorit\u00e9 administrative. Quatri\u00e8me personnalit\u00e9 de l\u2019\u00c9tat dans l\u2019ordre protocolaire, Ayang aurait pu faire jouer son influence pour r\u00e9gulariser son dossier mais n\u2019en a rien fait.<\/p>\n<p>Dans le Nord, une seule personnalit\u00e9 sort du lot : l\u2019ancien d\u00e9l\u00e9gu\u00e9 du gouvernement aupr\u00e8s de la communaut\u00e9 urbaine de Garoua, Ahmadou Elhadj Bouba. Ce notable provincial connu \u00e0 Yaound\u00e9 pour avoir \u00e9t\u00e9 proche de l\u2019ancien ministre de l\u2019Administration territoriale, Marafa Hamidou Yaya, semble bien plac\u00e9 pour \u00eatre \u00e9lu \u00e0 la t\u00eate de la r\u00e9gion.<\/p>\n<p>Dans l\u2019Adamaoua, la troisi\u00e8me r\u00e9gion septentrionale, le RDPC compte moins de conseillers municipaux \u2013 et donc d\u2019\u00e9lecteurs \u2013 que l\u2019Union nationale pour la d\u00e9mocratie et le progr\u00e8s (UNDP). Mais le parti de Paul Biya part quand m\u00eame favori. Il lui suffit pour l\u2019emporter de rallier les 20 chefs traditionnels \u00e0 sa liste.<\/p>\n<p>Selon la loi, chaque r\u00e9gion comptera en effet 90 conseillers dont 70 repr\u00e9sentants de d\u00e9partement et 20 repr\u00e9sentants des royaut\u00e9s traditionnelles. Or depuis que le d\u00e9cret pr\u00e9sidentiel du 13 septembre 2013 leur octroie une allocation mensuelle, les chefs traditionnels sont consid\u00e9r\u00e9s comme des auxiliaires de l\u2019administration. Le parti au pouvoir pourra donc s\u2019appuyer sur ces \u00ab rois \u00bb particuli\u00e8rement chouchout\u00e9s par le r\u00e9gime pour placer l\u2019ancien gouverneur, Gambo Haman, \u00e0 la t\u00eate de l\u2019Adamaoua.<\/p>\n","protected":false},"excerpt":{"rendered":"<p>Africa-Press &#8211; Cameroun. Le RDPC est d\u00e9j\u00e0 assur\u00e9 de remporter les pr\u00e9sidences du Nord, de l\u2019Extr\u00eame-Nord et de l\u2019Adamaoua lors des r\u00e9gionales du 6 d\u00e9cembre. Et le parti de Paul Biya a retenu des t\u00eates de liste qui ne s\u2019opposeront pas \u00e0 Yaound\u00e9. dans ce dossier Voir tout le sommaire R\u00e9gionales au Cameroun : les [&hellip;]<\/p>\n","protected":false},"author":82,"featured_media":772,"comment_status":"open","ping_status":"closed","sticky":false,"template":"","format":"standard","meta":{"footnotes":""},"categories":[11,4,10],"tags":[36,50,49],"class_list":["post-773","post","type-post","status-publish","format-standard","has-post-thumbnail","hentry","category-homepage-french","category-parties","category-toutes-les-actualites","tag-africa-press","tag-africa-press-cameroun","tag-cameroun"],"yoast_head":"<!-- This site is optimized with the Yoast SEO Premium plugin v26.1 (Yoast SEO v27.0) - https:\/\/yoast.com\/product\/yoast-seo-premium-wordpress\/ -->\n<title>R\u00e9gionales au Cameroun : dans le Grand Nord, Paul Biya \u00e9carte les fortes t\u00eates - Cameroun<\/title>\n<meta name=\"description\" content=\"Le RDPC est d\u00e9j\u00e0 assur\u00e9 de remporter les pr\u00e9sidences du Nord, de l\u2019Extr\u00eame-Nord et de l\u2019Adamaoua lors des r\u00e9gionales du ...\" \/>\n<meta name=\"robots\" content=\"index, follow, max-snippet:-1, max-image-preview:large, max-video-preview:-1\" \/>\n<link rel=\"canonical\" href=\"https:\/\/www.africa-press.net\/cameroun\/parties\/regionales-au-cameroun-dans-le-grand-nord-paul-biya-ecarte-les-fortes-tetes\" \/>\n<meta property=\"og:locale\" content=\"fr_FR\" \/>\n<meta property=\"og:type\" content=\"article\" \/>\n<meta property=\"og:title\" content=\"R\u00e9gionales au Cameroun : dans le Grand Nord, Paul Biya \u00e9carte les fortes t\u00eates\" \/>\n<meta property=\"og:description\" content=\"Le RDPC est d\u00e9j\u00e0 assur\u00e9 de remporter les pr\u00e9sidences du Nord, de l\u2019Extr\u00eame-Nord et de l\u2019Adamaoua lors des r\u00e9gionales du ...\" \/>\n<meta property=\"og:url\" content=\"https:\/\/www.africa-press.net\/cameroun\/parties\/regionales-au-cameroun-dans-le-grand-nord-paul-biya-ecarte-les-fortes-tetes\" \/>\n<meta property=\"og:site_name\" content=\"Cameroun\" \/>\n<meta property=\"article:published_time\" content=\"2020-12-28T01:00:10+00:00\" \/>\n<meta property=\"article:modified_time\" content=\"2020-12-28T01:58:59+00:00\" \/>\n<meta property=\"og:image\" content=\"https:\/\/static.africa-press.net\/centrafricaine\/sites\/57\/2020\/12\/img.jpg\" \/>\n\t<meta property=\"og:image:width\" content=\"640\" \/>\n\t<meta property=\"og:image:height\" content=\"320\" \/>\n\t<meta property=\"og:image:type\" content=\"image\/jpeg\" \/>\n<meta name=\"author\" content=\"cfeditorfr\" \/>\n<meta name=\"twitter:card\" content=\"summary_large_image\" \/>\n<meta name=\"twitter:label1\" content=\"\u00c9crit par\" \/>\n\t<meta name=\"twitter:data1\" content=\"cfeditorfr\" \/>\n\t<meta name=\"twitter:label2\" content=\"Dur\u00e9e de lecture estim\u00e9e\" \/>\n\t<meta name=\"twitter:data2\" content=\"3 minutes\" \/>\n<script type=\"application\/ld+json\" class=\"yoast-schema-graph\">{\"@context\":\"https:\/\/schema.org\",\"@graph\":[{\"@type\":\"Article\",\"@id\":\"https:\/\/www.africa-press.net\/cameroun\/parties\/regionales-au-cameroun-dans-le-grand-nord-paul-biya-ecarte-les-fortes-tetes#article\",\"isPartOf\":{\"@id\":\"https:\/\/www.africa-press.net\/cameroun\/parties\/regionales-au-cameroun-dans-le-grand-nord-paul-biya-ecarte-les-fortes-tetes\"},\"author\":{\"name\":\"cfeditorfr\",\"@id\":\"https:\/\/www.africa-press.net\/cameroun\/#\/schema\/person\/2b1cf3cd81a31e3cd26889ca66d677f1\"},\"headline\":\"R\u00e9gionales au Cameroun : dans le Grand Nord, Paul Biya \u00e9carte les fortes t\u00eates\",\"datePublished\":\"2020-12-28T01:00:10+00:00\",\"dateModified\":\"2020-12-28T01:58:59+00:00\",\"mainEntityOfPage\":{\"@id\":\"https:\/\/www.africa-press.net\/cameroun\/parties\/regionales-au-cameroun-dans-le-grand-nord-paul-biya-ecarte-les-fortes-tetes\"},\"wordCount\":584,\"commentCount\":0,\"image\":{\"@id\":\"https:\/\/www.africa-press.net\/cameroun\/parties\/regionales-au-cameroun-dans-le-grand-nord-paul-biya-ecarte-les-fortes-tetes#primaryimage\"},\"thumbnailUrl\":\"https:\/\/static.africa-press.net\/centrafricaine\/sites\/57\/2020\/12\/img.jpg\",\"keywords\":[\"Africa Press\",\"Africa Press-Cameroun\",\"Cameroun\"],\"articleSection\":[\"homepage-french\",\"Parties\",\"Toutes les actualit\u00e9s\"],\"inLanguage\":\"fr-FR\",\"potentialAction\":[{\"@type\":\"CommentAction\",\"name\":\"Comment\",\"target\":[\"https:\/\/www.africa-press.net\/cameroun\/parties\/regionales-au-cameroun-dans-le-grand-nord-paul-biya-ecarte-les-fortes-tetes#respond\"]}]},{\"@type\":\"WebPage\",\"@id\":\"https:\/\/www.africa-press.net\/cameroun\/parties\/regionales-au-cameroun-dans-le-grand-nord-paul-biya-ecarte-les-fortes-tetes\",\"url\":\"https:\/\/www.africa-press.net\/cameroun\/parties\/regionales-au-cameroun-dans-le-grand-nord-paul-biya-ecarte-les-fortes-tetes\",\"name\":\"R\u00e9gionales au Cameroun : dans le Grand Nord, Paul Biya \u00e9carte les fortes t\u00eates - Cameroun\",\"isPartOf\":{\"@id\":\"https:\/\/www.africa-press.net\/cameroun\/#website\"},\"primaryImageOfPage\":{\"@id\":\"https:\/\/www.africa-press.net\/cameroun\/parties\/regionales-au-cameroun-dans-le-grand-nord-paul-biya-ecarte-les-fortes-tetes#primaryimage\"},\"image\":{\"@id\":\"https:\/\/www.africa-press.net\/cameroun\/parties\/regionales-au-cameroun-dans-le-grand-nord-paul-biya-ecarte-les-fortes-tetes#primaryimage\"},\"thumbnailUrl\":\"https:\/\/static.africa-press.net\/centrafricaine\/sites\/57\/2020\/12\/img.jpg\",\"datePublished\":\"2020-12-28T01:00:10+00:00\",\"dateModified\":\"2020-12-28T01:58:59+00:00\",\"author\":{\"@id\":\"https:\/\/www.africa-press.net\/cameroun\/#\/schema\/person\/2b1cf3cd81a31e3cd26889ca66d677f1\"},\"description\":\"Le RDPC est d\u00e9j\u00e0 assur\u00e9 de remporter les pr\u00e9sidences du Nord, de l\u2019Extr\u00eame-Nord et de l\u2019Adamaoua lors des r\u00e9gionales du ...\",\"breadcrumb\":{\"@id\":\"https:\/\/www.africa-press.net\/cameroun\/parties\/regionales-au-cameroun-dans-le-grand-nord-paul-biya-ecarte-les-fortes-tetes#breadcrumb\"},\"inLanguage\":\"fr-FR\",\"potentialAction\":[{\"@type\":\"ReadAction\",\"target\":[\"https:\/\/www.africa-press.net\/cameroun\/parties\/regionales-au-cameroun-dans-le-grand-nord-paul-biya-ecarte-les-fortes-tetes\"]}]},{\"@type\":\"ImageObject\",\"inLanguage\":\"fr-FR\",\"@id\":\"https:\/\/www.africa-press.net\/cameroun\/parties\/regionales-au-cameroun-dans-le-grand-nord-paul-biya-ecarte-les-fortes-tetes#primaryimage\",\"url\":\"https:\/\/static.africa-press.net\/centrafricaine\/sites\/57\/2020\/12\/img.jpg\",\"contentUrl\":\"https:\/\/static.africa-press.net\/centrafricaine\/sites\/57\/2020\/12\/img.jpg\",\"width\":640,\"height\":320,\"caption\":\"R\u00e9gionales au Cameroun : dans le Grand Nord, Paul Biya \u00e9carte les fortes t\u00eates\"},{\"@type\":\"BreadcrumbList\",\"@id\":\"https:\/\/www.africa-press.net\/cameroun\/parties\/regionales-au-cameroun-dans-le-grand-nord-paul-biya-ecarte-les-fortes-tetes#breadcrumb\",\"itemListElement\":[{\"@type\":\"ListItem\",\"position\":1,\"name\":\"Accueil\",\"item\":\"https:\/\/www.africa-press.net\/cameroun\/\"},{\"@type\":\"ListItem\",\"position\":2,\"name\":\"R\u00e9gionales au Cameroun : dans le Grand Nord, Paul Biya \u00e9carte les fortes t\u00eates\"}]},{\"@type\":\"WebSite\",\"@id\":\"https:\/\/www.africa-press.net\/cameroun\/#website\",\"url\":\"https:\/\/www.africa-press.net\/cameroun\/\",\"name\":\"Cameroun\",\"description\":\"Just another Africa News Agency Sites site\",\"potentialAction\":[{\"@type\":\"SearchAction\",\"target\":{\"@type\":\"EntryPoint\",\"urlTemplate\":\"https:\/\/www.africa-press.net\/cameroun\/?s={search_term_string}\"},\"query-input\":{\"@type\":\"PropertyValueSpecification\",\"valueRequired\":true,\"valueName\":\"search_term_string\"}}],\"inLanguage\":\"fr-FR\"},{\"@type\":\"Person\",\"@id\":\"https:\/\/www.africa-press.net\/cameroun\/#\/schema\/person\/2b1cf3cd81a31e3cd26889ca66d677f1\",\"name\":\"cfeditorfr\"}]}<\/script>\n<!-- \/ Yoast SEO Premium plugin. -->","yoast_head_json":{"title":"R\u00e9gionales au Cameroun : dans le Grand Nord, Paul Biya \u00e9carte les fortes t\u00eates - Cameroun","description":"Le RDPC est d\u00e9j\u00e0 assur\u00e9 de remporter les pr\u00e9sidences du Nord, de l\u2019Extr\u00eame-Nord et de l\u2019Adamaoua lors des r\u00e9gionales du ...","robots":{"index":"index","follow":"follow","max-snippet":"max-snippet:-1","max-image-preview":"max-image-preview:large","max-video-preview":"max-video-preview:-1"},"canonical":"https:\/\/www.africa-press.net\/cameroun\/parties\/regionales-au-cameroun-dans-le-grand-nord-paul-biya-ecarte-les-fortes-tetes","og_locale":"fr_FR","og_type":"article","og_title":"R\u00e9gionales au Cameroun : dans le Grand Nord, Paul Biya \u00e9carte les fortes t\u00eates","og_description":"Le RDPC est d\u00e9j\u00e0 assur\u00e9 de remporter les pr\u00e9sidences du Nord, de l\u2019Extr\u00eame-Nord et de l\u2019Adamaoua lors des r\u00e9gionales du ...","og_url":"https:\/\/www.africa-press.net\/cameroun\/parties\/regionales-au-cameroun-dans-le-grand-nord-paul-biya-ecarte-les-fortes-tetes","og_site_name":"Cameroun","article_published_time":"2020-12-28T01:00:10+00:00","article_modified_time":"2020-12-28T01:58:59+00:00","og_image":[{"width":640,"height":320,"url":"https:\/\/static.africa-press.net\/centrafricaine\/sites\/57\/2020\/12\/img.jpg","type":"image\/jpeg"}],"author":"cfeditorfr","twitter_card":"summary_large_image","twitter_misc":{"\u00c9crit par":"cfeditorfr","Dur\u00e9e de lecture estim\u00e9e":"3 minutes"},"schema":{"@context":"https:\/\/schema.org","@graph":[{"@type":"Article","@id":"https:\/\/www.africa-press.net\/cameroun\/parties\/regionales-au-cameroun-dans-le-grand-nord-paul-biya-ecarte-les-fortes-tetes#article","isPartOf":{"@id":"https:\/\/www.africa-press.net\/cameroun\/parties\/regionales-au-cameroun-dans-le-grand-nord-paul-biya-ecarte-les-fortes-tetes"},"author":{"name":"cfeditorfr","@id":"https:\/\/www.africa-press.net\/cameroun\/#\/schema\/person\/2b1cf3cd81a31e3cd26889ca66d677f1"},"headline":"R\u00e9gionales au Cameroun : dans le Grand Nord, Paul Biya \u00e9carte les fortes t\u00eates","datePublished":"2020-12-28T01:00:10+00:00","dateModified":"2020-12-28T01:58:59+00:00","mainEntityOfPage":{"@id":"https:\/\/www.africa-press.net\/cameroun\/parties\/regionales-au-cameroun-dans-le-grand-nord-paul-biya-ecarte-les-fortes-tetes"},"wordCount":584,"commentCount":0,"image":{"@id":"https:\/\/www.africa-press.net\/cameroun\/parties\/regionales-au-cameroun-dans-le-grand-nord-paul-biya-ecarte-les-fortes-tetes#primaryimage"},"thumbnailUrl":"https:\/\/static.africa-press.net\/centrafricaine\/sites\/57\/2020\/12\/img.jpg","keywords":["Africa Press","Africa Press-Cameroun","Cameroun"],"articleSection":["homepage-french","Parties","Toutes les actualit\u00e9s"],"inLanguage":"fr-FR","potentialAction":[{"@type":"CommentAction","name":"Comment","target":["https:\/\/www.africa-press.net\/cameroun\/parties\/regionales-au-cameroun-dans-le-grand-nord-paul-biya-ecarte-les-fortes-tetes#respond"]}]},{"@type":"WebPage","@id":"https:\/\/www.africa-press.net\/cameroun\/parties\/regionales-au-cameroun-dans-le-grand-nord-paul-biya-ecarte-les-fortes-tetes","url":"https:\/\/www.africa-press.net\/cameroun\/parties\/regionales-au-cameroun-dans-le-grand-nord-paul-biya-ecarte-les-fortes-tetes","name":"R\u00e9gionales au Cameroun : dans le Grand Nord, Paul Biya \u00e9carte les fortes t\u00eates - Cameroun","isPartOf":{"@id":"https:\/\/www.africa-press.net\/cameroun\/#website"},"primaryImageOfPage":{"@id":"https:\/\/www.africa-press.net\/cameroun\/parties\/regionales-au-cameroun-dans-le-grand-nord-paul-biya-ecarte-les-fortes-tetes#primaryimage"},"image":{"@id":"https:\/\/www.africa-press.net\/cameroun\/parties\/regionales-au-cameroun-dans-le-grand-nord-paul-biya-ecarte-les-fortes-tetes#primaryimage"},"thumbnailUrl":"https:\/\/static.africa-press.net\/centrafricaine\/sites\/57\/2020\/12\/img.jpg","datePublished":"2020-12-28T01:00:10+00:00","dateModified":"2020-12-28T01:58:59+00:00","author":{"@id":"https:\/\/www.africa-press.net\/cameroun\/#\/schema\/person\/2b1cf3cd81a31e3cd26889ca66d677f1"},"description":"Le RDPC est d\u00e9j\u00e0 assur\u00e9 de remporter les pr\u00e9sidences du Nord, de l\u2019Extr\u00eame-Nord et de l\u2019Adamaoua lors des r\u00e9gionales du ...","breadcrumb":{"@id":"https:\/\/www.africa-press.net\/cameroun\/parties\/regionales-au-cameroun-dans-le-grand-nord-paul-biya-ecarte-les-fortes-tetes#breadcrumb"},"inLanguage":"fr-FR","potentialAction":[{"@type":"ReadAction","target":["https:\/\/www.africa-press.net\/cameroun\/parties\/regionales-au-cameroun-dans-le-grand-nord-paul-biya-ecarte-les-fortes-tetes"]}]},{"@type":"ImageObject","inLanguage":"fr-FR","@id":"https:\/\/www.africa-press.net\/cameroun\/parties\/regionales-au-cameroun-dans-le-grand-nord-paul-biya-ecarte-les-fortes-tetes#primaryimage","url":"https:\/\/static.africa-press.net\/centrafricaine\/sites\/57\/2020\/12\/img.jpg","contentUrl":"https:\/\/static.africa-press.net\/centrafricaine\/sites\/57\/2020\/12\/img.jpg","width":640,"height":320,"caption":"R\u00e9gionales au Cameroun : dans le Grand Nord, Paul Biya \u00e9carte les fortes t\u00eates"},{"@type":"BreadcrumbList","@id":"https:\/\/www.africa-press.net\/cameroun\/parties\/regionales-au-cameroun-dans-le-grand-nord-paul-biya-ecarte-les-fortes-tetes#breadcrumb","itemListElement":[{"@type":"ListItem","position":1,"name":"Accueil","item":"https:\/\/www.africa-press.net\/cameroun\/"},{"@type":"ListItem","position":2,"name":"R\u00e9gionales au Cameroun : dans le Grand Nord, Paul Biya \u00e9carte les fortes t\u00eates"}]},{"@type":"WebSite","@id":"https:\/\/www.africa-press.net\/cameroun\/#website","url":"https:\/\/www.africa-press.net\/cameroun\/","name":"Cameroun","description":"Just another Africa News Agency Sites site","potentialAction":[{"@type":"SearchAction","target":{"@type":"EntryPoint","urlTemplate":"https:\/\/www.africa-press.net\/cameroun\/?s={search_term_string}"},"query-input":{"@type":"PropertyValueSpecification","valueRequired":true,"valueName":"search_term_string"}}],"inLanguage":"fr-FR"},{"@type":"Person","@id":"https:\/\/www.africa-press.net\/cameroun\/#\/schema\/person\/2b1cf3cd81a31e3cd26889ca66d677f1","name":"cfeditorfr"}]}},"_links":{"self":[{"href":"https:\/\/www.africa-press.net\/cameroun\/wp-json\/wp\/v2\/posts\/773","targetHints":{"allow":["GET"]}}],"collection":[{"href":"https:\/\/www.africa-press.net\/cameroun\/wp-json\/wp\/v2\/posts"}],"about":[{"href":"https:\/\/www.africa-press.net\/cameroun\/wp-json\/wp\/v2\/types\/post"}],"author":[{"embeddable":true,"href":"https:\/\/www.africa-press.net\/cameroun\/wp-json\/wp\/v2\/users\/82"}],"replies":[{"embeddable":true,"href":"https:\/\/www.africa-press.net\/cameroun\/wp-json\/wp\/v2\/comments?post=773"}],"version-history":[{"count":0,"href":"https:\/\/www.africa-press.net\/cameroun\/wp-json\/wp\/v2\/posts\/773\/revisions"}],"wp:featuredmedia":[{"embeddable":true,"href":"https:\/\/www.africa-press.net\/cameroun\/wp-json\/wp\/v2\/media\/772"}],"wp:attachment":[{"href":"https:\/\/www.africa-press.net\/cameroun\/wp-json\/wp\/v2\/media?parent=773"}],"wp:term":[{"taxonomy":"category","embeddable":true,"href":"https:\/\/www.africa-press.net\/cameroun\/wp-json\/wp\/v2\/categories?post=773"},{"taxonomy":"post_tag","embeddable":true,"href":"https:\/\/www.africa-press.net\/cameroun\/wp-json\/wp\/v2\/tags?post=773"}],"curies":[{"name":"wp","href":"https:\/\/api.w.org\/{rel}","templated":true}]}}