{"id":78347,"date":"2025-01-09T22:20:47","date_gmt":"2025-01-09T22:20:47","guid":{"rendered":"https:\/\/www.africa-press.net\/cameroun\/politique\/cameroun-la-maison-du-leader-separatiste-capo-daniel-reduite-en-cendre"},"modified":"2025-01-18T00:45:23","modified_gmt":"2025-01-18T00:45:23","slug":"cameroun-la-maison-du-leader-separatiste-capo-daniel-reduite-en-cendre","status":"publish","type":"post","link":"https:\/\/www.africa-press.net\/cameroun\/toutes-les-actualites\/cameroun-la-maison-du-leader-separatiste-capo-daniel-reduite-en-cendre","title":{"rendered":"Cameroun : la maison du leader s\u00e9paratiste Capo Daniel r\u00e9duite en cendre"},"content":{"rendered":"<p><span style=\"color: #ff6600\"><strong>Africa-Press &#8211; Cameroun. <\/strong><\/span><b>La concession familiale d\u2019Emmanuel Ngong Ndong a subi la furie des flammes au cours d\u2019un incendie provoque\u0301 le mardi 07 janvier 2025.<\/b><\/p>\n<p>La maison familiale du leader se\u0301paratiste Capo Daniel situe\u0301e a\u0300 Mile 2 Junction a\u0300 Bamenda, capitale re\u0301gionale du Nord-Ouest, a e\u0301te\u0301 incendie\u0301e. Le te\u0301moignage de la principale victime, pointe du doigt les combattants se\u0301paratistes. Selon Capo, les se\u0301paratistes ambazoniens provenant du de\u0301partement du Bui, reconnaissables par leur accent, seraient a\u0300 l\u2019origine de l\u2019incendie qualifie\u0301 de criminel.<\/p>\n<p>L\u2019acte survient a\u0300 un moment ou\u0300 le leader se\u0301paratiste reconnu comme dirigeant d\u2019un mouvement bien connu, sa manifeste\u0301 son de\u0301saccord vis-a\u0300-vis de certains groupes arme\u0301s se\u0301paratistes. Dans une de\u0301claration rendue publique en mai dernier, l\u2019ancien porte-parole du mouvement inde\u0301pendantiste a appele\u0301 les combattants se\u0301paratistes a\u0300 cesser les combats et a\u0300 proce\u0301der par la ne\u0301gociation pour faire entendre leurs voix.<\/p>\n<p>A la suite de l\u2019incendie de la maison familiale, Capo Daniel a exprime\u0301 une profonde douleur de\u0301clarant que l\u2019acte est honteux s\u2019il venait des combattants se\u0301paratistes. Ledit acte viendrait par ailleurs marquer la distance qui se\u0301pare l\u2019ancienne figure de la lutte inde\u0301pendantiste des autres leaders et groupes se\u0301paratistes encore en activite\u0301.<\/p>\n<p><strong>Pour plus d&rsquo;informations et d&rsquo;analyses sur la <span style=\"color: #ff6600\">Cameroun<\/span>, suivez <span style=\"color: #ff6600\">Africa-Press<\/span><\/strong><\/p>\n","protected":false},"excerpt":{"rendered":"<p>Africa-Press &#8211; Cameroun. La concession familiale d\u2019Emmanuel Ngong Ndong a subi la furie des flammes au cours d\u2019un incendie provoque\u0301 le mardi 07 janvier 2025. La maison familiale du leader se\u0301paratiste Capo Daniel situe\u0301e a\u0300 Mile 2 Junction a\u0300 Bamenda, capitale re\u0301gionale du Nord-Ouest, a e\u0301te\u0301 incendie\u0301e. Le te\u0301moignage de la principale victime, pointe du [&hellip;]<\/p>\n","protected":false},"author":82,"featured_media":78346,"comment_status":"open","ping_status":"closed","sticky":false,"template":"","format":"standard","meta":{"footnotes":""},"categories":[21,10],"tags":[49],"class_list":["post-78347","post","type-post","status-publish","format-standard","has-post-thumbnail","hentry","category-communaute","category-toutes-les-actualites","tag-cameroun"],"yoast_head":"<!-- This site is optimized with the Yoast SEO Premium plugin v26.1 (Yoast SEO v27.0) - https:\/\/yoast.com\/product\/yoast-seo-premium-wordpress\/ -->\n<title>Cameroun : la maison du leader s\u00e9paratiste Capo Daniel r\u00e9duite en cendre - Cameroun<\/title>\n<meta name=\"description\" content=\"La concession familiale d\u2019Emmanuel Ngong Ndong a subi la furie des flammes au cours d\u2019un incendie provoque\u0301 le mardi ...\" \/>\n<meta name=\"robots\" content=\"index, follow, max-snippet:-1, max-image-preview:large, max-video-preview:-1\" \/>\n<link rel=\"canonical\" href=\"https:\/\/www.africa-press.net\/cameroun\/toutes-les-actualites\/cameroun-la-maison-du-leader-separatiste-capo-daniel-reduite-en-cendre\" \/>\n<meta property=\"og:locale\" content=\"fr_FR\" \/>\n<meta property=\"og:type\" content=\"article\" \/>\n<meta property=\"og:title\" content=\"Cameroun : la maison du leader s\u00e9paratiste Capo Daniel r\u00e9duite en cendre\" \/>\n<meta property=\"og:description\" content=\"La concession familiale d\u2019Emmanuel Ngong Ndong a subi la furie des flammes au cours d\u2019un incendie provoque\u0301 le mardi ...\" \/>\n<meta property=\"og:url\" content=\"https:\/\/www.africa-press.net\/cameroun\/toutes-les-actualites\/cameroun-la-maison-du-leader-separatiste-capo-daniel-reduite-en-cendre\" \/>\n<meta property=\"og:site_name\" content=\"Cameroun\" \/>\n<meta property=\"article:published_time\" content=\"2025-01-09T22:20:47+00:00\" \/>\n<meta property=\"article:modified_time\" content=\"2025-01-18T00:45:23+00:00\" \/>\n<meta property=\"og:image\" content=\"https:\/\/static.africa-press.net\/cameroun\/sites\/57\/2025\/01\/sm_1736450245.549168.jpg\" \/>\n\t<meta property=\"og:image:width\" content=\"780\" \/>\n\t<meta property=\"og:image:height\" content=\"440\" \/>\n\t<meta property=\"og:image:type\" content=\"image\/jpeg\" \/>\n<meta name=\"author\" content=\"cfeditorfr\" \/>\n<meta name=\"twitter:card\" content=\"summary_large_image\" \/>\n<meta name=\"twitter:label1\" content=\"\u00c9crit par\" \/>\n\t<meta name=\"twitter:data1\" content=\"cfeditorfr\" \/>\n\t<meta name=\"twitter:label2\" content=\"Dur\u00e9e de lecture estim\u00e9e\" \/>\n\t<meta name=\"twitter:data2\" content=\"1 minute\" \/>\n<script type=\"application\/ld+json\" class=\"yoast-schema-graph\">{\"@context\":\"https:\/\/schema.org\",\"@graph\":[{\"@type\":\"Article\",\"@id\":\"https:\/\/www.africa-press.net\/cameroun\/toutes-les-actualites\/cameroun-la-maison-du-leader-separatiste-capo-daniel-reduite-en-cendre#article\",\"isPartOf\":{\"@id\":\"https:\/\/www.africa-press.net\/cameroun\/toutes-les-actualites\/cameroun-la-maison-du-leader-separatiste-capo-daniel-reduite-en-cendre\"},\"author\":{\"name\":\"cfeditorfr\",\"@id\":\"https:\/\/www.africa-press.net\/cameroun\/#\/schema\/person\/2b1cf3cd81a31e3cd26889ca66d677f1\"},\"headline\":\"Cameroun : la maison du leader s\u00e9paratiste Capo Daniel r\u00e9duite en cendre\",\"datePublished\":\"2025-01-09T22:20:47+00:00\",\"dateModified\":\"2025-01-18T00:45:23+00:00\",\"mainEntityOfPage\":{\"@id\":\"https:\/\/www.africa-press.net\/cameroun\/toutes-les-actualites\/cameroun-la-maison-du-leader-separatiste-capo-daniel-reduite-en-cendre\"},\"wordCount\":248,\"commentCount\":0,\"image\":{\"@id\":\"https:\/\/www.africa-press.net\/cameroun\/toutes-les-actualites\/cameroun-la-maison-du-leader-separatiste-capo-daniel-reduite-en-cendre#primaryimage\"},\"thumbnailUrl\":\"https:\/\/static.africa-press.net\/cameroun\/sites\/57\/2025\/01\/sm_1736450245.549168.jpg\",\"keywords\":[\"Cameroun\"],\"articleSection\":[\"Communaut\u00e9\",\"Toutes les actualit\u00e9s\"],\"inLanguage\":\"fr-FR\",\"potentialAction\":[{\"@type\":\"CommentAction\",\"name\":\"Comment\",\"target\":[\"https:\/\/www.africa-press.net\/cameroun\/toutes-les-actualites\/cameroun-la-maison-du-leader-separatiste-capo-daniel-reduite-en-cendre#respond\"]}]},{\"@type\":\"WebPage\",\"@id\":\"https:\/\/www.africa-press.net\/cameroun\/toutes-les-actualites\/cameroun-la-maison-du-leader-separatiste-capo-daniel-reduite-en-cendre\",\"url\":\"https:\/\/www.africa-press.net\/cameroun\/toutes-les-actualites\/cameroun-la-maison-du-leader-separatiste-capo-daniel-reduite-en-cendre\",\"name\":\"Cameroun : la maison du leader s\u00e9paratiste Capo Daniel r\u00e9duite en cendre - Cameroun\",\"isPartOf\":{\"@id\":\"https:\/\/www.africa-press.net\/cameroun\/#website\"},\"primaryImageOfPage\":{\"@id\":\"https:\/\/www.africa-press.net\/cameroun\/toutes-les-actualites\/cameroun-la-maison-du-leader-separatiste-capo-daniel-reduite-en-cendre#primaryimage\"},\"image\":{\"@id\":\"https:\/\/www.africa-press.net\/cameroun\/toutes-les-actualites\/cameroun-la-maison-du-leader-separatiste-capo-daniel-reduite-en-cendre#primaryimage\"},\"thumbnailUrl\":\"https:\/\/static.africa-press.net\/cameroun\/sites\/57\/2025\/01\/sm_1736450245.549168.jpg\",\"datePublished\":\"2025-01-09T22:20:47+00:00\",\"dateModified\":\"2025-01-18T00:45:23+00:00\",\"author\":{\"@id\":\"https:\/\/www.africa-press.net\/cameroun\/#\/schema\/person\/2b1cf3cd81a31e3cd26889ca66d677f1\"},\"description\":\"La concession familiale d\u2019Emmanuel Ngong Ndong a subi la furie des flammes au cours d\u2019un incendie provoque\u0301 le mardi ...\",\"breadcrumb\":{\"@id\":\"https:\/\/www.africa-press.net\/cameroun\/toutes-les-actualites\/cameroun-la-maison-du-leader-separatiste-capo-daniel-reduite-en-cendre#breadcrumb\"},\"inLanguage\":\"fr-FR\",\"potentialAction\":[{\"@type\":\"ReadAction\",\"target\":[\"https:\/\/www.africa-press.net\/cameroun\/toutes-les-actualites\/cameroun-la-maison-du-leader-separatiste-capo-daniel-reduite-en-cendre\"]}]},{\"@type\":\"ImageObject\",\"inLanguage\":\"fr-FR\",\"@id\":\"https:\/\/www.africa-press.net\/cameroun\/toutes-les-actualites\/cameroun-la-maison-du-leader-separatiste-capo-daniel-reduite-en-cendre#primaryimage\",\"url\":\"https:\/\/static.africa-press.net\/cameroun\/sites\/57\/2025\/01\/sm_1736450245.549168.jpg\",\"contentUrl\":\"https:\/\/static.africa-press.net\/cameroun\/sites\/57\/2025\/01\/sm_1736450245.549168.jpg\",\"width\":780,\"height\":440,\"caption\":\"Cameroun : la maison du leader s\u00e9paratiste Capo Daniel r\u00e9duite en cendre\"},{\"@type\":\"BreadcrumbList\",\"@id\":\"https:\/\/www.africa-press.net\/cameroun\/toutes-les-actualites\/cameroun-la-maison-du-leader-separatiste-capo-daniel-reduite-en-cendre#breadcrumb\",\"itemListElement\":[{\"@type\":\"ListItem\",\"position\":1,\"name\":\"Accueil\",\"item\":\"https:\/\/www.africa-press.net\/cameroun\/\"},{\"@type\":\"ListItem\",\"position\":2,\"name\":\"Cameroun : la maison du leader s\u00e9paratiste Capo Daniel r\u00e9duite en cendre\"}]},{\"@type\":\"WebSite\",\"@id\":\"https:\/\/www.africa-press.net\/cameroun\/#website\",\"url\":\"https:\/\/www.africa-press.net\/cameroun\/\",\"name\":\"Cameroun\",\"description\":\"Just another Africa News Agency Sites site\",\"potentialAction\":[{\"@type\":\"SearchAction\",\"target\":{\"@type\":\"EntryPoint\",\"urlTemplate\":\"https:\/\/www.africa-press.net\/cameroun\/?s={search_term_string}\"},\"query-input\":{\"@type\":\"PropertyValueSpecification\",\"valueRequired\":true,\"valueName\":\"search_term_string\"}}],\"inLanguage\":\"fr-FR\"},{\"@type\":\"Person\",\"@id\":\"https:\/\/www.africa-press.net\/cameroun\/#\/schema\/person\/2b1cf3cd81a31e3cd26889ca66d677f1\",\"name\":\"cfeditorfr\"}]}<\/script>\n<!-- \/ Yoast SEO Premium plugin. -->","yoast_head_json":{"title":"Cameroun : la maison du leader s\u00e9paratiste Capo Daniel r\u00e9duite en cendre - Cameroun","description":"La concession familiale d\u2019Emmanuel Ngong Ndong a subi la furie des flammes au cours d\u2019un incendie provoque\u0301 le mardi ...","robots":{"index":"index","follow":"follow","max-snippet":"max-snippet:-1","max-image-preview":"max-image-preview:large","max-video-preview":"max-video-preview:-1"},"canonical":"https:\/\/www.africa-press.net\/cameroun\/toutes-les-actualites\/cameroun-la-maison-du-leader-separatiste-capo-daniel-reduite-en-cendre","og_locale":"fr_FR","og_type":"article","og_title":"Cameroun : la maison du leader s\u00e9paratiste Capo Daniel r\u00e9duite en cendre","og_description":"La concession familiale d\u2019Emmanuel Ngong Ndong a subi la furie des flammes au cours d\u2019un incendie provoque\u0301 le mardi ...","og_url":"https:\/\/www.africa-press.net\/cameroun\/toutes-les-actualites\/cameroun-la-maison-du-leader-separatiste-capo-daniel-reduite-en-cendre","og_site_name":"Cameroun","article_published_time":"2025-01-09T22:20:47+00:00","article_modified_time":"2025-01-18T00:45:23+00:00","og_image":[{"width":780,"height":440,"url":"https:\/\/static.africa-press.net\/cameroun\/sites\/57\/2025\/01\/sm_1736450245.549168.jpg","type":"image\/jpeg"}],"author":"cfeditorfr","twitter_card":"summary_large_image","twitter_misc":{"\u00c9crit par":"cfeditorfr","Dur\u00e9e de lecture estim\u00e9e":"1 minute"},"schema":{"@context":"https:\/\/schema.org","@graph":[{"@type":"Article","@id":"https:\/\/www.africa-press.net\/cameroun\/toutes-les-actualites\/cameroun-la-maison-du-leader-separatiste-capo-daniel-reduite-en-cendre#article","isPartOf":{"@id":"https:\/\/www.africa-press.net\/cameroun\/toutes-les-actualites\/cameroun-la-maison-du-leader-separatiste-capo-daniel-reduite-en-cendre"},"author":{"name":"cfeditorfr","@id":"https:\/\/www.africa-press.net\/cameroun\/#\/schema\/person\/2b1cf3cd81a31e3cd26889ca66d677f1"},"headline":"Cameroun : la maison du leader s\u00e9paratiste Capo Daniel r\u00e9duite en cendre","datePublished":"2025-01-09T22:20:47+00:00","dateModified":"2025-01-18T00:45:23+00:00","mainEntityOfPage":{"@id":"https:\/\/www.africa-press.net\/cameroun\/toutes-les-actualites\/cameroun-la-maison-du-leader-separatiste-capo-daniel-reduite-en-cendre"},"wordCount":248,"commentCount":0,"image":{"@id":"https:\/\/www.africa-press.net\/cameroun\/toutes-les-actualites\/cameroun-la-maison-du-leader-separatiste-capo-daniel-reduite-en-cendre#primaryimage"},"thumbnailUrl":"https:\/\/static.africa-press.net\/cameroun\/sites\/57\/2025\/01\/sm_1736450245.549168.jpg","keywords":["Cameroun"],"articleSection":["Communaut\u00e9","Toutes les actualit\u00e9s"],"inLanguage":"fr-FR","potentialAction":[{"@type":"CommentAction","name":"Comment","target":["https:\/\/www.africa-press.net\/cameroun\/toutes-les-actualites\/cameroun-la-maison-du-leader-separatiste-capo-daniel-reduite-en-cendre#respond"]}]},{"@type":"WebPage","@id":"https:\/\/www.africa-press.net\/cameroun\/toutes-les-actualites\/cameroun-la-maison-du-leader-separatiste-capo-daniel-reduite-en-cendre","url":"https:\/\/www.africa-press.net\/cameroun\/toutes-les-actualites\/cameroun-la-maison-du-leader-separatiste-capo-daniel-reduite-en-cendre","name":"Cameroun : la maison du leader s\u00e9paratiste Capo Daniel r\u00e9duite en cendre - Cameroun","isPartOf":{"@id":"https:\/\/www.africa-press.net\/cameroun\/#website"},"primaryImageOfPage":{"@id":"https:\/\/www.africa-press.net\/cameroun\/toutes-les-actualites\/cameroun-la-maison-du-leader-separatiste-capo-daniel-reduite-en-cendre#primaryimage"},"image":{"@id":"https:\/\/www.africa-press.net\/cameroun\/toutes-les-actualites\/cameroun-la-maison-du-leader-separatiste-capo-daniel-reduite-en-cendre#primaryimage"},"thumbnailUrl":"https:\/\/static.africa-press.net\/cameroun\/sites\/57\/2025\/01\/sm_1736450245.549168.jpg","datePublished":"2025-01-09T22:20:47+00:00","dateModified":"2025-01-18T00:45:23+00:00","author":{"@id":"https:\/\/www.africa-press.net\/cameroun\/#\/schema\/person\/2b1cf3cd81a31e3cd26889ca66d677f1"},"description":"La concession familiale d\u2019Emmanuel Ngong Ndong a subi la furie des flammes au cours d\u2019un incendie provoque\u0301 le mardi ...","breadcrumb":{"@id":"https:\/\/www.africa-press.net\/cameroun\/toutes-les-actualites\/cameroun-la-maison-du-leader-separatiste-capo-daniel-reduite-en-cendre#breadcrumb"},"inLanguage":"fr-FR","potentialAction":[{"@type":"ReadAction","target":["https:\/\/www.africa-press.net\/cameroun\/toutes-les-actualites\/cameroun-la-maison-du-leader-separatiste-capo-daniel-reduite-en-cendre"]}]},{"@type":"ImageObject","inLanguage":"fr-FR","@id":"https:\/\/www.africa-press.net\/cameroun\/toutes-les-actualites\/cameroun-la-maison-du-leader-separatiste-capo-daniel-reduite-en-cendre#primaryimage","url":"https:\/\/static.africa-press.net\/cameroun\/sites\/57\/2025\/01\/sm_1736450245.549168.jpg","contentUrl":"https:\/\/static.africa-press.net\/cameroun\/sites\/57\/2025\/01\/sm_1736450245.549168.jpg","width":780,"height":440,"caption":"Cameroun : la maison du leader s\u00e9paratiste Capo Daniel r\u00e9duite en cendre"},{"@type":"BreadcrumbList","@id":"https:\/\/www.africa-press.net\/cameroun\/toutes-les-actualites\/cameroun-la-maison-du-leader-separatiste-capo-daniel-reduite-en-cendre#breadcrumb","itemListElement":[{"@type":"ListItem","position":1,"name":"Accueil","item":"https:\/\/www.africa-press.net\/cameroun\/"},{"@type":"ListItem","position":2,"name":"Cameroun : la maison du leader s\u00e9paratiste Capo Daniel r\u00e9duite en cendre"}]},{"@type":"WebSite","@id":"https:\/\/www.africa-press.net\/cameroun\/#website","url":"https:\/\/www.africa-press.net\/cameroun\/","name":"Cameroun","description":"Just another Africa News Agency Sites site","potentialAction":[{"@type":"SearchAction","target":{"@type":"EntryPoint","urlTemplate":"https:\/\/www.africa-press.net\/cameroun\/?s={search_term_string}"},"query-input":{"@type":"PropertyValueSpecification","valueRequired":true,"valueName":"search_term_string"}}],"inLanguage":"fr-FR"},{"@type":"Person","@id":"https:\/\/www.africa-press.net\/cameroun\/#\/schema\/person\/2b1cf3cd81a31e3cd26889ca66d677f1","name":"cfeditorfr"}]}},"_links":{"self":[{"href":"https:\/\/www.africa-press.net\/cameroun\/wp-json\/wp\/v2\/posts\/78347","targetHints":{"allow":["GET"]}}],"collection":[{"href":"https:\/\/www.africa-press.net\/cameroun\/wp-json\/wp\/v2\/posts"}],"about":[{"href":"https:\/\/www.africa-press.net\/cameroun\/wp-json\/wp\/v2\/types\/post"}],"author":[{"embeddable":true,"href":"https:\/\/www.africa-press.net\/cameroun\/wp-json\/wp\/v2\/users\/82"}],"replies":[{"embeddable":true,"href":"https:\/\/www.africa-press.net\/cameroun\/wp-json\/wp\/v2\/comments?post=78347"}],"version-history":[{"count":0,"href":"https:\/\/www.africa-press.net\/cameroun\/wp-json\/wp\/v2\/posts\/78347\/revisions"}],"wp:featuredmedia":[{"embeddable":true,"href":"https:\/\/www.africa-press.net\/cameroun\/wp-json\/wp\/v2\/media\/78346"}],"wp:attachment":[{"href":"https:\/\/www.africa-press.net\/cameroun\/wp-json\/wp\/v2\/media?parent=78347"}],"wp:term":[{"taxonomy":"category","embeddable":true,"href":"https:\/\/www.africa-press.net\/cameroun\/wp-json\/wp\/v2\/categories?post=78347"},{"taxonomy":"post_tag","embeddable":true,"href":"https:\/\/www.africa-press.net\/cameroun\/wp-json\/wp\/v2\/tags?post=78347"}],"curies":[{"name":"wp","href":"https:\/\/api.w.org\/{rel}","templated":true}]}}