{"id":80720,"date":"2025-03-07T20:02:14","date_gmt":"2025-03-07T20:02:14","guid":{"rendered":"https:\/\/www.africa-press.net\/cameroun\/politique\/remaniement-gouvernemental-laurent-esso-provoque-un-bouleversement"},"modified":"2025-04-04T04:47:18","modified_gmt":"2025-04-04T04:47:18","slug":"remaniement-gouvernemental-laurent-esso-provoque-un-bouleversement","status":"publish","type":"post","link":"https:\/\/www.africa-press.net\/cameroun\/toutes-les-actualites\/remaniement-gouvernemental-laurent-esso-provoque-un-bouleversement","title":{"rendered":"Remaniement Gouvernemental: Laurent Esso Provoque un Bouleversement"},"content":{"rendered":"<p><span style=\"color: #ff6600\"><strong>Africa-Press &#8211; Cameroun. <\/strong><\/span>Selon un article exclusif de Jeune Afrique, l\u2019absence prolonge\u0301e du ministre de la Justice, Laurent Esso, pourrait enfin ouvrir la voie a\u0300 un remaniement gouvernemental au Cameroun, un sujet qui revient re\u0301gulie\u0300rement dans les discussions politiques mais qui a e\u0301te\u0301 maintes fois reporte\u0301. Hospitalise\u0301 en Europe depuis pre\u0300s de trois mois pour des raisons de sante\u0301, le ministre d\u2019E\u0301tat a laisse\u0301 la gestion de ses dossiers a\u0300 son ministre de\u0301le\u0301gue\u0301, Jean de Dieu Momo, cre\u0301ant ainsi un vide qui pourrait acce\u0301le\u0301rer les choses.<\/p>\n<p>Laurent Esso, l\u2019un des piliers du gouvernement de Paul Biya, occupe un poste dit de souverainete\u0301. Son absence prolonge\u0301e a donc des re\u0301percussions majeures sur le fonctionnement de l\u2019E\u0301tat. Selon Jeune Afrique, le pre\u0301sident Biya aurait confie\u0301 a\u0300 ses proches collaborateurs la mission de pre\u0301parer une nouvelle e\u0301quipe gouvernementale avant l\u2019e\u0301lection pre\u0301sidentielle d\u2019octobre 2025. Ce remaniement viserait notamment a\u0300 combler les postes vacants laisse\u0301s par quatre membres du gouvernement de\u0301ce\u0301de\u0301s au cours des deux dernie\u0300res anne\u0301es.<\/p>\n<p>L\u2019absence de Laurent Esso, combine\u0301e a\u0300 son de\u0301sengagement progressif de la vie publique, pourrait faciliter cette restructuration. Cependant, le ministre, qui a exprime\u0301 a\u0300 des proches son de\u0301sir de se retirer, n\u2019a pas encore officiellement demande\u0301 a\u0300 e\u0302tre de\u0301charge\u0301 de ses fonctions, probablement par crainte des re\u0301percussions politiques. Cette situation cre\u0301e une incertitude, mais elle pourrait aussi offrir une opportunite\u0301 pour un renouvellement de l\u2019e\u0301quipe gouvernementale.<\/p>\n<p>Alors que les spe\u0301culations sur un remaniement se multiplient, l\u2019absence de Laurent Esso pourrait bien e\u0302tre le de\u0301clencheur d\u2019un changement attendu dans l\u2019e\u0301quipe gouvernementale camerounaise, marquant ainsi une nouvelle e\u0301tape dans la pre\u0301paration de l\u2019e\u0301lection pre\u0301sidentielle de 2025.<\/p>\n<p><strong>Pour plus d&rsquo;informations et d&rsquo;analyses sur la <span style=\"color: #ff6600\">Cameroun<\/span>, suivez <span style=\"color: #ff6600\">Africa-Press<\/span><\/strong><\/p>\n","protected":false},"excerpt":{"rendered":"<p>Africa-Press &#8211; Cameroun. Selon un article exclusif de Jeune Afrique, l\u2019absence prolonge\u0301e du ministre de la Justice, Laurent Esso, pourrait enfin ouvrir la voie a\u0300 un remaniement gouvernemental au Cameroun, un sujet qui revient re\u0301gulie\u0300rement dans les discussions politiques mais qui a e\u0301te\u0301 maintes fois reporte\u0301. Hospitalise\u0301 en Europe depuis pre\u0300s de trois mois pour [&hellip;]<\/p>\n","protected":false},"author":82,"featured_media":80719,"comment_status":"open","ping_status":"closed","sticky":false,"template":"","format":"standard","meta":{"footnotes":""},"categories":[21,10],"tags":[49],"class_list":["post-80720","post","type-post","status-publish","format-standard","has-post-thumbnail","hentry","category-communaute","category-toutes-les-actualites","tag-cameroun"],"yoast_head":"<!-- This site is optimized with the Yoast SEO Premium plugin v26.1 (Yoast SEO v27.0) - https:\/\/yoast.com\/product\/yoast-seo-premium-wordpress\/ -->\n<title>Remaniement Gouvernemental: Laurent Esso Provoque un Bouleversement - Cameroun<\/title>\n<meta name=\"description\" content=\"Selon un article exclusif de Jeune Afrique, l\u2019absence prolonge\u0301e du ministre de la Justice, Laurent Esso, pourrait enfin ...\" \/>\n<meta name=\"robots\" content=\"index, follow, max-snippet:-1, max-image-preview:large, max-video-preview:-1\" \/>\n<link rel=\"canonical\" href=\"https:\/\/www.africa-press.net\/cameroun\/toutes-les-actualites\/remaniement-gouvernemental-laurent-esso-provoque-un-bouleversement\" \/>\n<meta property=\"og:locale\" content=\"fr_FR\" \/>\n<meta property=\"og:type\" content=\"article\" \/>\n<meta property=\"og:title\" content=\"Remaniement Gouvernemental: Laurent Esso Provoque un Bouleversement\" \/>\n<meta property=\"og:description\" content=\"Selon un article exclusif de Jeune Afrique, l\u2019absence prolonge\u0301e du ministre de la Justice, Laurent Esso, pourrait enfin ...\" \/>\n<meta property=\"og:url\" content=\"https:\/\/www.africa-press.net\/cameroun\/toutes-les-actualites\/remaniement-gouvernemental-laurent-esso-provoque-un-bouleversement\" \/>\n<meta property=\"og:site_name\" content=\"Cameroun\" \/>\n<meta property=\"article:published_time\" content=\"2025-03-07T20:02:14+00:00\" \/>\n<meta property=\"article:modified_time\" content=\"2025-04-04T04:47:18+00:00\" \/>\n<meta property=\"og:image\" content=\"https:\/\/static.africa-press.net\/cameroun\/sites\/57\/2025\/03\/sm_1741366273.827665.jpg\" \/>\n\t<meta property=\"og:image:width\" content=\"720\" \/>\n\t<meta property=\"og:image:height\" content=\"480\" \/>\n\t<meta property=\"og:image:type\" content=\"image\/jpeg\" \/>\n<meta name=\"author\" content=\"cfeditorfr\" \/>\n<meta name=\"twitter:card\" content=\"summary_large_image\" \/>\n<meta name=\"twitter:label1\" content=\"\u00c9crit par\" \/>\n\t<meta name=\"twitter:data1\" content=\"cfeditorfr\" \/>\n\t<meta name=\"twitter:label2\" content=\"Dur\u00e9e de lecture estim\u00e9e\" \/>\n\t<meta name=\"twitter:data2\" content=\"2 minutes\" \/>\n<script type=\"application\/ld+json\" class=\"yoast-schema-graph\">{\"@context\":\"https:\/\/schema.org\",\"@graph\":[{\"@type\":\"Article\",\"@id\":\"https:\/\/www.africa-press.net\/cameroun\/toutes-les-actualites\/remaniement-gouvernemental-laurent-esso-provoque-un-bouleversement#article\",\"isPartOf\":{\"@id\":\"https:\/\/www.africa-press.net\/cameroun\/toutes-les-actualites\/remaniement-gouvernemental-laurent-esso-provoque-un-bouleversement\"},\"author\":{\"name\":\"cfeditorfr\",\"@id\":\"https:\/\/www.africa-press.net\/cameroun\/#\/schema\/person\/2b1cf3cd81a31e3cd26889ca66d677f1\"},\"headline\":\"Remaniement Gouvernemental: Laurent Esso Provoque un Bouleversement\",\"datePublished\":\"2025-03-07T20:02:14+00:00\",\"dateModified\":\"2025-04-04T04:47:18+00:00\",\"mainEntityOfPage\":{\"@id\":\"https:\/\/www.africa-press.net\/cameroun\/toutes-les-actualites\/remaniement-gouvernemental-laurent-esso-provoque-un-bouleversement\"},\"wordCount\":337,\"commentCount\":0,\"image\":{\"@id\":\"https:\/\/www.africa-press.net\/cameroun\/toutes-les-actualites\/remaniement-gouvernemental-laurent-esso-provoque-un-bouleversement#primaryimage\"},\"thumbnailUrl\":\"https:\/\/static.africa-press.net\/cameroun\/sites\/57\/2025\/03\/sm_1741366273.827665.jpg\",\"keywords\":[\"Cameroun\"],\"articleSection\":[\"Communaut\u00e9\",\"Toutes les actualit\u00e9s\"],\"inLanguage\":\"fr-FR\",\"potentialAction\":[{\"@type\":\"CommentAction\",\"name\":\"Comment\",\"target\":[\"https:\/\/www.africa-press.net\/cameroun\/toutes-les-actualites\/remaniement-gouvernemental-laurent-esso-provoque-un-bouleversement#respond\"]}]},{\"@type\":\"WebPage\",\"@id\":\"https:\/\/www.africa-press.net\/cameroun\/toutes-les-actualites\/remaniement-gouvernemental-laurent-esso-provoque-un-bouleversement\",\"url\":\"https:\/\/www.africa-press.net\/cameroun\/toutes-les-actualites\/remaniement-gouvernemental-laurent-esso-provoque-un-bouleversement\",\"name\":\"Remaniement Gouvernemental: Laurent Esso Provoque un Bouleversement - Cameroun\",\"isPartOf\":{\"@id\":\"https:\/\/www.africa-press.net\/cameroun\/#website\"},\"primaryImageOfPage\":{\"@id\":\"https:\/\/www.africa-press.net\/cameroun\/toutes-les-actualites\/remaniement-gouvernemental-laurent-esso-provoque-un-bouleversement#primaryimage\"},\"image\":{\"@id\":\"https:\/\/www.africa-press.net\/cameroun\/toutes-les-actualites\/remaniement-gouvernemental-laurent-esso-provoque-un-bouleversement#primaryimage\"},\"thumbnailUrl\":\"https:\/\/static.africa-press.net\/cameroun\/sites\/57\/2025\/03\/sm_1741366273.827665.jpg\",\"datePublished\":\"2025-03-07T20:02:14+00:00\",\"dateModified\":\"2025-04-04T04:47:18+00:00\",\"author\":{\"@id\":\"https:\/\/www.africa-press.net\/cameroun\/#\/schema\/person\/2b1cf3cd81a31e3cd26889ca66d677f1\"},\"description\":\"Selon un article exclusif de Jeune Afrique, l\u2019absence prolonge\u0301e du ministre de la Justice, Laurent Esso, pourrait enfin ...\",\"breadcrumb\":{\"@id\":\"https:\/\/www.africa-press.net\/cameroun\/toutes-les-actualites\/remaniement-gouvernemental-laurent-esso-provoque-un-bouleversement#breadcrumb\"},\"inLanguage\":\"fr-FR\",\"potentialAction\":[{\"@type\":\"ReadAction\",\"target\":[\"https:\/\/www.africa-press.net\/cameroun\/toutes-les-actualites\/remaniement-gouvernemental-laurent-esso-provoque-un-bouleversement\"]}]},{\"@type\":\"ImageObject\",\"inLanguage\":\"fr-FR\",\"@id\":\"https:\/\/www.africa-press.net\/cameroun\/toutes-les-actualites\/remaniement-gouvernemental-laurent-esso-provoque-un-bouleversement#primaryimage\",\"url\":\"https:\/\/static.africa-press.net\/cameroun\/sites\/57\/2025\/03\/sm_1741366273.827665.jpg\",\"contentUrl\":\"https:\/\/static.africa-press.net\/cameroun\/sites\/57\/2025\/03\/sm_1741366273.827665.jpg\",\"width\":720,\"height\":480,\"caption\":\"Remaniement Gouvernemental: Laurent Esso Provoque un Bouleversement\"},{\"@type\":\"BreadcrumbList\",\"@id\":\"https:\/\/www.africa-press.net\/cameroun\/toutes-les-actualites\/remaniement-gouvernemental-laurent-esso-provoque-un-bouleversement#breadcrumb\",\"itemListElement\":[{\"@type\":\"ListItem\",\"position\":1,\"name\":\"Accueil\",\"item\":\"https:\/\/www.africa-press.net\/cameroun\/\"},{\"@type\":\"ListItem\",\"position\":2,\"name\":\"Remaniement Gouvernemental: Laurent Esso Provoque un Bouleversement\"}]},{\"@type\":\"WebSite\",\"@id\":\"https:\/\/www.africa-press.net\/cameroun\/#website\",\"url\":\"https:\/\/www.africa-press.net\/cameroun\/\",\"name\":\"Cameroun\",\"description\":\"Just another Africa News Agency Sites site\",\"potentialAction\":[{\"@type\":\"SearchAction\",\"target\":{\"@type\":\"EntryPoint\",\"urlTemplate\":\"https:\/\/www.africa-press.net\/cameroun\/?s={search_term_string}\"},\"query-input\":{\"@type\":\"PropertyValueSpecification\",\"valueRequired\":true,\"valueName\":\"search_term_string\"}}],\"inLanguage\":\"fr-FR\"},{\"@type\":\"Person\",\"@id\":\"https:\/\/www.africa-press.net\/cameroun\/#\/schema\/person\/2b1cf3cd81a31e3cd26889ca66d677f1\",\"name\":\"cfeditorfr\"}]}<\/script>\n<!-- \/ Yoast SEO Premium plugin. -->","yoast_head_json":{"title":"Remaniement Gouvernemental: Laurent Esso Provoque un Bouleversement - Cameroun","description":"Selon un article exclusif de Jeune Afrique, l\u2019absence prolonge\u0301e du ministre de la Justice, Laurent Esso, pourrait enfin ...","robots":{"index":"index","follow":"follow","max-snippet":"max-snippet:-1","max-image-preview":"max-image-preview:large","max-video-preview":"max-video-preview:-1"},"canonical":"https:\/\/www.africa-press.net\/cameroun\/toutes-les-actualites\/remaniement-gouvernemental-laurent-esso-provoque-un-bouleversement","og_locale":"fr_FR","og_type":"article","og_title":"Remaniement Gouvernemental: Laurent Esso Provoque un Bouleversement","og_description":"Selon un article exclusif de Jeune Afrique, l\u2019absence prolonge\u0301e du ministre de la Justice, Laurent Esso, pourrait enfin ...","og_url":"https:\/\/www.africa-press.net\/cameroun\/toutes-les-actualites\/remaniement-gouvernemental-laurent-esso-provoque-un-bouleversement","og_site_name":"Cameroun","article_published_time":"2025-03-07T20:02:14+00:00","article_modified_time":"2025-04-04T04:47:18+00:00","og_image":[{"width":720,"height":480,"url":"https:\/\/static.africa-press.net\/cameroun\/sites\/57\/2025\/03\/sm_1741366273.827665.jpg","type":"image\/jpeg"}],"author":"cfeditorfr","twitter_card":"summary_large_image","twitter_misc":{"\u00c9crit par":"cfeditorfr","Dur\u00e9e de lecture estim\u00e9e":"2 minutes"},"schema":{"@context":"https:\/\/schema.org","@graph":[{"@type":"Article","@id":"https:\/\/www.africa-press.net\/cameroun\/toutes-les-actualites\/remaniement-gouvernemental-laurent-esso-provoque-un-bouleversement#article","isPartOf":{"@id":"https:\/\/www.africa-press.net\/cameroun\/toutes-les-actualites\/remaniement-gouvernemental-laurent-esso-provoque-un-bouleversement"},"author":{"name":"cfeditorfr","@id":"https:\/\/www.africa-press.net\/cameroun\/#\/schema\/person\/2b1cf3cd81a31e3cd26889ca66d677f1"},"headline":"Remaniement Gouvernemental: Laurent Esso Provoque un Bouleversement","datePublished":"2025-03-07T20:02:14+00:00","dateModified":"2025-04-04T04:47:18+00:00","mainEntityOfPage":{"@id":"https:\/\/www.africa-press.net\/cameroun\/toutes-les-actualites\/remaniement-gouvernemental-laurent-esso-provoque-un-bouleversement"},"wordCount":337,"commentCount":0,"image":{"@id":"https:\/\/www.africa-press.net\/cameroun\/toutes-les-actualites\/remaniement-gouvernemental-laurent-esso-provoque-un-bouleversement#primaryimage"},"thumbnailUrl":"https:\/\/static.africa-press.net\/cameroun\/sites\/57\/2025\/03\/sm_1741366273.827665.jpg","keywords":["Cameroun"],"articleSection":["Communaut\u00e9","Toutes les actualit\u00e9s"],"inLanguage":"fr-FR","potentialAction":[{"@type":"CommentAction","name":"Comment","target":["https:\/\/www.africa-press.net\/cameroun\/toutes-les-actualites\/remaniement-gouvernemental-laurent-esso-provoque-un-bouleversement#respond"]}]},{"@type":"WebPage","@id":"https:\/\/www.africa-press.net\/cameroun\/toutes-les-actualites\/remaniement-gouvernemental-laurent-esso-provoque-un-bouleversement","url":"https:\/\/www.africa-press.net\/cameroun\/toutes-les-actualites\/remaniement-gouvernemental-laurent-esso-provoque-un-bouleversement","name":"Remaniement Gouvernemental: Laurent Esso Provoque un Bouleversement - Cameroun","isPartOf":{"@id":"https:\/\/www.africa-press.net\/cameroun\/#website"},"primaryImageOfPage":{"@id":"https:\/\/www.africa-press.net\/cameroun\/toutes-les-actualites\/remaniement-gouvernemental-laurent-esso-provoque-un-bouleversement#primaryimage"},"image":{"@id":"https:\/\/www.africa-press.net\/cameroun\/toutes-les-actualites\/remaniement-gouvernemental-laurent-esso-provoque-un-bouleversement#primaryimage"},"thumbnailUrl":"https:\/\/static.africa-press.net\/cameroun\/sites\/57\/2025\/03\/sm_1741366273.827665.jpg","datePublished":"2025-03-07T20:02:14+00:00","dateModified":"2025-04-04T04:47:18+00:00","author":{"@id":"https:\/\/www.africa-press.net\/cameroun\/#\/schema\/person\/2b1cf3cd81a31e3cd26889ca66d677f1"},"description":"Selon un article exclusif de Jeune Afrique, l\u2019absence prolonge\u0301e du ministre de la Justice, Laurent Esso, pourrait enfin ...","breadcrumb":{"@id":"https:\/\/www.africa-press.net\/cameroun\/toutes-les-actualites\/remaniement-gouvernemental-laurent-esso-provoque-un-bouleversement#breadcrumb"},"inLanguage":"fr-FR","potentialAction":[{"@type":"ReadAction","target":["https:\/\/www.africa-press.net\/cameroun\/toutes-les-actualites\/remaniement-gouvernemental-laurent-esso-provoque-un-bouleversement"]}]},{"@type":"ImageObject","inLanguage":"fr-FR","@id":"https:\/\/www.africa-press.net\/cameroun\/toutes-les-actualites\/remaniement-gouvernemental-laurent-esso-provoque-un-bouleversement#primaryimage","url":"https:\/\/static.africa-press.net\/cameroun\/sites\/57\/2025\/03\/sm_1741366273.827665.jpg","contentUrl":"https:\/\/static.africa-press.net\/cameroun\/sites\/57\/2025\/03\/sm_1741366273.827665.jpg","width":720,"height":480,"caption":"Remaniement Gouvernemental: Laurent Esso Provoque un Bouleversement"},{"@type":"BreadcrumbList","@id":"https:\/\/www.africa-press.net\/cameroun\/toutes-les-actualites\/remaniement-gouvernemental-laurent-esso-provoque-un-bouleversement#breadcrumb","itemListElement":[{"@type":"ListItem","position":1,"name":"Accueil","item":"https:\/\/www.africa-press.net\/cameroun\/"},{"@type":"ListItem","position":2,"name":"Remaniement Gouvernemental: Laurent Esso Provoque un Bouleversement"}]},{"@type":"WebSite","@id":"https:\/\/www.africa-press.net\/cameroun\/#website","url":"https:\/\/www.africa-press.net\/cameroun\/","name":"Cameroun","description":"Just another Africa News Agency Sites site","potentialAction":[{"@type":"SearchAction","target":{"@type":"EntryPoint","urlTemplate":"https:\/\/www.africa-press.net\/cameroun\/?s={search_term_string}"},"query-input":{"@type":"PropertyValueSpecification","valueRequired":true,"valueName":"search_term_string"}}],"inLanguage":"fr-FR"},{"@type":"Person","@id":"https:\/\/www.africa-press.net\/cameroun\/#\/schema\/person\/2b1cf3cd81a31e3cd26889ca66d677f1","name":"cfeditorfr"}]}},"_links":{"self":[{"href":"https:\/\/www.africa-press.net\/cameroun\/wp-json\/wp\/v2\/posts\/80720","targetHints":{"allow":["GET"]}}],"collection":[{"href":"https:\/\/www.africa-press.net\/cameroun\/wp-json\/wp\/v2\/posts"}],"about":[{"href":"https:\/\/www.africa-press.net\/cameroun\/wp-json\/wp\/v2\/types\/post"}],"author":[{"embeddable":true,"href":"https:\/\/www.africa-press.net\/cameroun\/wp-json\/wp\/v2\/users\/82"}],"replies":[{"embeddable":true,"href":"https:\/\/www.africa-press.net\/cameroun\/wp-json\/wp\/v2\/comments?post=80720"}],"version-history":[{"count":0,"href":"https:\/\/www.africa-press.net\/cameroun\/wp-json\/wp\/v2\/posts\/80720\/revisions"}],"wp:featuredmedia":[{"embeddable":true,"href":"https:\/\/www.africa-press.net\/cameroun\/wp-json\/wp\/v2\/media\/80719"}],"wp:attachment":[{"href":"https:\/\/www.africa-press.net\/cameroun\/wp-json\/wp\/v2\/media?parent=80720"}],"wp:term":[{"taxonomy":"category","embeddable":true,"href":"https:\/\/www.africa-press.net\/cameroun\/wp-json\/wp\/v2\/categories?post=80720"},{"taxonomy":"post_tag","embeddable":true,"href":"https:\/\/www.africa-press.net\/cameroun\/wp-json\/wp\/v2\/tags?post=80720"}],"curies":[{"name":"wp","href":"https:\/\/api.w.org\/{rel}","templated":true}]}}