{"id":810,"date":"2020-12-28T03:52:41","date_gmt":"2020-12-28T03:52:41","guid":{"rendered":"https:\/\/www.africa-press.com\/cameroun\/?p=810"},"modified":"2020-12-28T04:01:28","modified_gmt":"2020-12-28T04:01:28","slug":"le-mrc-a-la-croisee-des-chemins","status":"publish","type":"post","link":"https:\/\/www.africa-press.net\/cameroun\/dossiers\/le-mrc-a-la-croisee-des-chemins","title":{"rendered":"le MRC \u00e0 la crois\u00e9e des chemins"},"content":{"rendered":"<p><span style=\"color: #ff6600\"><strong><a href=\"https:\/\/www.africa-press.com\">Africa-Press<\/a> &#8211; <a href=\"https:\/\/www.africa-press.com\/cameroun\">Cameroun<\/a>. <\/strong><\/span>Plac\u00e9, de fait, en r\u00e9sidence surveill\u00e9e pendant presque trois mois, Maurice Kamto doit maintenant reprendre la main et d\u00e9cider quelle doit \u00eatre la strat\u00e9gie de son parti. Sans que ses choix ne jouent en d\u00e9faveur des militants toujours emprisonn\u00e9s.<\/p>\n<p>Ce mardi 15 d\u00e9cembre \u00e0 Odza, dans la p\u00e9riph\u00e9rie de Yaound\u00e9, le si\u00e8ge du Mouvement pour la renaissance du Cameroun (MRC) conna\u00eet une animation que les riverains n\u2019avaient plus observ\u00e9e depuis pr\u00e8s de trois mois. Et pour cause : pour la premi\u00e8re fois depuis la lev\u00e9e du dispositif s\u00e9curitaire qui a retenu Maurice Kamto \u00e0 son domicile du 21 septembre au 11 d\u00e9cembre dernier, les membres de la direction du parti se sont r\u00e9unis en conclave.<\/p>\n<p>Maurice Kamto, 66 ans, d\u00e9voile des cheveux grisonnants, mais n\u2019a rien perdu de sa vivacit\u00e9 et encha\u00eene, sans interruption, plus de 5 heures de r\u00e9union. Selon des participants, il s\u2019agissait d\u2019une rencontre strat\u00e9gique visant \u00e0 \u00ab d\u00e9finir les prochaines actions \u00e0 mener par le parti \u00bb apr\u00e8s la r\u00e9pression l\u2019ayant cibl\u00e9.<\/p>\n","protected":false},"excerpt":{"rendered":"<p>Africa-Press &#8211; Cameroun. Plac\u00e9, de fait, en r\u00e9sidence surveill\u00e9e pendant presque trois mois, Maurice Kamto doit maintenant reprendre la main et d\u00e9cider quelle doit \u00eatre la strat\u00e9gie de son parti. Sans que ses choix ne jouent en d\u00e9faveur des militants toujours emprisonn\u00e9s. Ce mardi 15 d\u00e9cembre \u00e0 Odza, dans la p\u00e9riph\u00e9rie de Yaound\u00e9, le si\u00e8ge [&hellip;]<\/p>\n","protected":false},"author":82,"featured_media":809,"comment_status":"open","ping_status":"closed","sticky":false,"template":"","format":"standard","meta":{"footnotes":""},"categories":[7,11,4,20,10],"tags":[36,50,49],"class_list":["post-810","post","type-post","status-publish","format-standard","has-post-thumbnail","hentry","category-dossiers","category-homepage-french","category-parties","category-top-nouvelles","category-toutes-les-actualites","tag-africa-press","tag-africa-press-cameroun","tag-cameroun"],"yoast_head":"<!-- This site is optimized with the Yoast SEO Premium plugin v26.1 (Yoast SEO v27.0) - https:\/\/yoast.com\/product\/yoast-seo-premium-wordpress\/ -->\n<title>le MRC \u00e0 la crois\u00e9e des chemins - Cameroun<\/title>\n<meta name=\"description\" content=\"Plac\u00e9, de fait, en r\u00e9sidence surveill\u00e9e pendant presque trois mois, Maurice Kamto doit maintenant reprendre la main et d ...\" \/>\n<meta name=\"robots\" content=\"index, follow, max-snippet:-1, max-image-preview:large, max-video-preview:-1\" \/>\n<link rel=\"canonical\" href=\"https:\/\/www.africa-press.net\/cameroun\/dossiers\/le-mrc-a-la-croisee-des-chemins\" \/>\n<meta property=\"og:locale\" content=\"fr_FR\" \/>\n<meta property=\"og:type\" content=\"article\" \/>\n<meta property=\"og:title\" content=\"le MRC \u00e0 la crois\u00e9e des chemins\" \/>\n<meta property=\"og:description\" content=\"Plac\u00e9, de fait, en r\u00e9sidence surveill\u00e9e pendant presque trois mois, Maurice Kamto doit maintenant reprendre la main et d ...\" \/>\n<meta property=\"og:url\" content=\"https:\/\/www.africa-press.net\/cameroun\/dossiers\/le-mrc-a-la-croisee-des-chemins\" \/>\n<meta property=\"og:site_name\" content=\"Cameroun\" \/>\n<meta property=\"article:published_time\" content=\"2020-12-28T03:52:41+00:00\" \/>\n<meta property=\"article:modified_time\" content=\"2020-12-28T04:01:28+00:00\" \/>\n<meta property=\"og:image\" content=\"https:\/\/static.africa-press.net\/centrafricaine\/sites\/57\/2020\/12\/img-5fe936dc783be.jpg\" \/>\n\t<meta property=\"og:image:width\" content=\"640\" \/>\n\t<meta property=\"og:image:height\" content=\"320\" \/>\n\t<meta property=\"og:image:type\" content=\"image\/jpeg\" \/>\n<meta name=\"author\" content=\"cfeditorfr\" \/>\n<meta name=\"twitter:card\" content=\"summary_large_image\" \/>\n<meta name=\"twitter:label1\" content=\"\u00c9crit par\" \/>\n\t<meta name=\"twitter:data1\" content=\"cfeditorfr\" \/>\n\t<meta name=\"twitter:label2\" content=\"Dur\u00e9e de lecture estim\u00e9e\" \/>\n\t<meta name=\"twitter:data2\" content=\"1 minute\" \/>\n<script type=\"application\/ld+json\" class=\"yoast-schema-graph\">{\"@context\":\"https:\/\/schema.org\",\"@graph\":[{\"@type\":\"Article\",\"@id\":\"https:\/\/www.africa-press.net\/cameroun\/dossiers\/le-mrc-a-la-croisee-des-chemins#article\",\"isPartOf\":{\"@id\":\"https:\/\/www.africa-press.net\/cameroun\/dossiers\/le-mrc-a-la-croisee-des-chemins\"},\"author\":{\"name\":\"cfeditorfr\",\"@id\":\"https:\/\/www.africa-press.net\/cameroun\/#\/schema\/person\/2b1cf3cd81a31e3cd26889ca66d677f1\"},\"headline\":\"le MRC \u00e0 la crois\u00e9e des chemins\",\"datePublished\":\"2020-12-28T03:52:41+00:00\",\"dateModified\":\"2020-12-28T04:01:28+00:00\",\"mainEntityOfPage\":{\"@id\":\"https:\/\/www.africa-press.net\/cameroun\/dossiers\/le-mrc-a-la-croisee-des-chemins\"},\"wordCount\":194,\"commentCount\":0,\"image\":{\"@id\":\"https:\/\/www.africa-press.net\/cameroun\/dossiers\/le-mrc-a-la-croisee-des-chemins#primaryimage\"},\"thumbnailUrl\":\"https:\/\/static.africa-press.net\/centrafricaine\/sites\/57\/2020\/12\/img-5fe936dc783be.jpg\",\"keywords\":[\"Africa Press\",\"Africa Press-Cameroun\",\"Cameroun\"],\"articleSection\":[\"Dossiers\",\"homepage-french\",\"Parties\",\"Top Nouvelles\",\"Toutes les actualit\u00e9s\"],\"inLanguage\":\"fr-FR\",\"potentialAction\":[{\"@type\":\"CommentAction\",\"name\":\"Comment\",\"target\":[\"https:\/\/www.africa-press.net\/cameroun\/dossiers\/le-mrc-a-la-croisee-des-chemins#respond\"]}]},{\"@type\":\"WebPage\",\"@id\":\"https:\/\/www.africa-press.net\/cameroun\/dossiers\/le-mrc-a-la-croisee-des-chemins\",\"url\":\"https:\/\/www.africa-press.net\/cameroun\/dossiers\/le-mrc-a-la-croisee-des-chemins\",\"name\":\"le MRC \u00e0 la crois\u00e9e des chemins - Cameroun\",\"isPartOf\":{\"@id\":\"https:\/\/www.africa-press.net\/cameroun\/#website\"},\"primaryImageOfPage\":{\"@id\":\"https:\/\/www.africa-press.net\/cameroun\/dossiers\/le-mrc-a-la-croisee-des-chemins#primaryimage\"},\"image\":{\"@id\":\"https:\/\/www.africa-press.net\/cameroun\/dossiers\/le-mrc-a-la-croisee-des-chemins#primaryimage\"},\"thumbnailUrl\":\"https:\/\/static.africa-press.net\/centrafricaine\/sites\/57\/2020\/12\/img-5fe936dc783be.jpg\",\"datePublished\":\"2020-12-28T03:52:41+00:00\",\"dateModified\":\"2020-12-28T04:01:28+00:00\",\"author\":{\"@id\":\"https:\/\/www.africa-press.net\/cameroun\/#\/schema\/person\/2b1cf3cd81a31e3cd26889ca66d677f1\"},\"description\":\"Plac\u00e9, de fait, en r\u00e9sidence surveill\u00e9e pendant presque trois mois, Maurice Kamto doit maintenant reprendre la main et d ...\",\"breadcrumb\":{\"@id\":\"https:\/\/www.africa-press.net\/cameroun\/dossiers\/le-mrc-a-la-croisee-des-chemins#breadcrumb\"},\"inLanguage\":\"fr-FR\",\"potentialAction\":[{\"@type\":\"ReadAction\",\"target\":[\"https:\/\/www.africa-press.net\/cameroun\/dossiers\/le-mrc-a-la-croisee-des-chemins\"]}]},{\"@type\":\"ImageObject\",\"inLanguage\":\"fr-FR\",\"@id\":\"https:\/\/www.africa-press.net\/cameroun\/dossiers\/le-mrc-a-la-croisee-des-chemins#primaryimage\",\"url\":\"https:\/\/static.africa-press.net\/centrafricaine\/sites\/57\/2020\/12\/img-5fe936dc783be.jpg\",\"contentUrl\":\"https:\/\/static.africa-press.net\/centrafricaine\/sites\/57\/2020\/12\/img-5fe936dc783be.jpg\",\"width\":640,\"height\":320,\"caption\":\"Au Cameroun, le MRC \u00e0 la crois\u00e9e des chemins\"},{\"@type\":\"BreadcrumbList\",\"@id\":\"https:\/\/www.africa-press.net\/cameroun\/dossiers\/le-mrc-a-la-croisee-des-chemins#breadcrumb\",\"itemListElement\":[{\"@type\":\"ListItem\",\"position\":1,\"name\":\"Accueil\",\"item\":\"https:\/\/www.africa-press.net\/cameroun\/\"},{\"@type\":\"ListItem\",\"position\":2,\"name\":\"le MRC \u00e0 la crois\u00e9e des chemins\"}]},{\"@type\":\"WebSite\",\"@id\":\"https:\/\/www.africa-press.net\/cameroun\/#website\",\"url\":\"https:\/\/www.africa-press.net\/cameroun\/\",\"name\":\"Cameroun\",\"description\":\"Just another Africa News Agency Sites site\",\"potentialAction\":[{\"@type\":\"SearchAction\",\"target\":{\"@type\":\"EntryPoint\",\"urlTemplate\":\"https:\/\/www.africa-press.net\/cameroun\/?s={search_term_string}\"},\"query-input\":{\"@type\":\"PropertyValueSpecification\",\"valueRequired\":true,\"valueName\":\"search_term_string\"}}],\"inLanguage\":\"fr-FR\"},{\"@type\":\"Person\",\"@id\":\"https:\/\/www.africa-press.net\/cameroun\/#\/schema\/person\/2b1cf3cd81a31e3cd26889ca66d677f1\",\"name\":\"cfeditorfr\"}]}<\/script>\n<!-- \/ Yoast SEO Premium plugin. -->","yoast_head_json":{"title":"le MRC \u00e0 la crois\u00e9e des chemins - Cameroun","description":"Plac\u00e9, de fait, en r\u00e9sidence surveill\u00e9e pendant presque trois mois, Maurice Kamto doit maintenant reprendre la main et d ...","robots":{"index":"index","follow":"follow","max-snippet":"max-snippet:-1","max-image-preview":"max-image-preview:large","max-video-preview":"max-video-preview:-1"},"canonical":"https:\/\/www.africa-press.net\/cameroun\/dossiers\/le-mrc-a-la-croisee-des-chemins","og_locale":"fr_FR","og_type":"article","og_title":"le MRC \u00e0 la crois\u00e9e des chemins","og_description":"Plac\u00e9, de fait, en r\u00e9sidence surveill\u00e9e pendant presque trois mois, Maurice Kamto doit maintenant reprendre la main et d ...","og_url":"https:\/\/www.africa-press.net\/cameroun\/dossiers\/le-mrc-a-la-croisee-des-chemins","og_site_name":"Cameroun","article_published_time":"2020-12-28T03:52:41+00:00","article_modified_time":"2020-12-28T04:01:28+00:00","og_image":[{"width":640,"height":320,"url":"https:\/\/static.africa-press.net\/centrafricaine\/sites\/57\/2020\/12\/img-5fe936dc783be.jpg","type":"image\/jpeg"}],"author":"cfeditorfr","twitter_card":"summary_large_image","twitter_misc":{"\u00c9crit par":"cfeditorfr","Dur\u00e9e de lecture estim\u00e9e":"1 minute"},"schema":{"@context":"https:\/\/schema.org","@graph":[{"@type":"Article","@id":"https:\/\/www.africa-press.net\/cameroun\/dossiers\/le-mrc-a-la-croisee-des-chemins#article","isPartOf":{"@id":"https:\/\/www.africa-press.net\/cameroun\/dossiers\/le-mrc-a-la-croisee-des-chemins"},"author":{"name":"cfeditorfr","@id":"https:\/\/www.africa-press.net\/cameroun\/#\/schema\/person\/2b1cf3cd81a31e3cd26889ca66d677f1"},"headline":"le MRC \u00e0 la crois\u00e9e des chemins","datePublished":"2020-12-28T03:52:41+00:00","dateModified":"2020-12-28T04:01:28+00:00","mainEntityOfPage":{"@id":"https:\/\/www.africa-press.net\/cameroun\/dossiers\/le-mrc-a-la-croisee-des-chemins"},"wordCount":194,"commentCount":0,"image":{"@id":"https:\/\/www.africa-press.net\/cameroun\/dossiers\/le-mrc-a-la-croisee-des-chemins#primaryimage"},"thumbnailUrl":"https:\/\/static.africa-press.net\/centrafricaine\/sites\/57\/2020\/12\/img-5fe936dc783be.jpg","keywords":["Africa Press","Africa Press-Cameroun","Cameroun"],"articleSection":["Dossiers","homepage-french","Parties","Top Nouvelles","Toutes les actualit\u00e9s"],"inLanguage":"fr-FR","potentialAction":[{"@type":"CommentAction","name":"Comment","target":["https:\/\/www.africa-press.net\/cameroun\/dossiers\/le-mrc-a-la-croisee-des-chemins#respond"]}]},{"@type":"WebPage","@id":"https:\/\/www.africa-press.net\/cameroun\/dossiers\/le-mrc-a-la-croisee-des-chemins","url":"https:\/\/www.africa-press.net\/cameroun\/dossiers\/le-mrc-a-la-croisee-des-chemins","name":"le MRC \u00e0 la crois\u00e9e des chemins - Cameroun","isPartOf":{"@id":"https:\/\/www.africa-press.net\/cameroun\/#website"},"primaryImageOfPage":{"@id":"https:\/\/www.africa-press.net\/cameroun\/dossiers\/le-mrc-a-la-croisee-des-chemins#primaryimage"},"image":{"@id":"https:\/\/www.africa-press.net\/cameroun\/dossiers\/le-mrc-a-la-croisee-des-chemins#primaryimage"},"thumbnailUrl":"https:\/\/static.africa-press.net\/centrafricaine\/sites\/57\/2020\/12\/img-5fe936dc783be.jpg","datePublished":"2020-12-28T03:52:41+00:00","dateModified":"2020-12-28T04:01:28+00:00","author":{"@id":"https:\/\/www.africa-press.net\/cameroun\/#\/schema\/person\/2b1cf3cd81a31e3cd26889ca66d677f1"},"description":"Plac\u00e9, de fait, en r\u00e9sidence surveill\u00e9e pendant presque trois mois, Maurice Kamto doit maintenant reprendre la main et d ...","breadcrumb":{"@id":"https:\/\/www.africa-press.net\/cameroun\/dossiers\/le-mrc-a-la-croisee-des-chemins#breadcrumb"},"inLanguage":"fr-FR","potentialAction":[{"@type":"ReadAction","target":["https:\/\/www.africa-press.net\/cameroun\/dossiers\/le-mrc-a-la-croisee-des-chemins"]}]},{"@type":"ImageObject","inLanguage":"fr-FR","@id":"https:\/\/www.africa-press.net\/cameroun\/dossiers\/le-mrc-a-la-croisee-des-chemins#primaryimage","url":"https:\/\/static.africa-press.net\/centrafricaine\/sites\/57\/2020\/12\/img-5fe936dc783be.jpg","contentUrl":"https:\/\/static.africa-press.net\/centrafricaine\/sites\/57\/2020\/12\/img-5fe936dc783be.jpg","width":640,"height":320,"caption":"Au Cameroun, le MRC \u00e0 la crois\u00e9e des chemins"},{"@type":"BreadcrumbList","@id":"https:\/\/www.africa-press.net\/cameroun\/dossiers\/le-mrc-a-la-croisee-des-chemins#breadcrumb","itemListElement":[{"@type":"ListItem","position":1,"name":"Accueil","item":"https:\/\/www.africa-press.net\/cameroun\/"},{"@type":"ListItem","position":2,"name":"le MRC \u00e0 la crois\u00e9e des chemins"}]},{"@type":"WebSite","@id":"https:\/\/www.africa-press.net\/cameroun\/#website","url":"https:\/\/www.africa-press.net\/cameroun\/","name":"Cameroun","description":"Just another Africa News Agency Sites site","potentialAction":[{"@type":"SearchAction","target":{"@type":"EntryPoint","urlTemplate":"https:\/\/www.africa-press.net\/cameroun\/?s={search_term_string}"},"query-input":{"@type":"PropertyValueSpecification","valueRequired":true,"valueName":"search_term_string"}}],"inLanguage":"fr-FR"},{"@type":"Person","@id":"https:\/\/www.africa-press.net\/cameroun\/#\/schema\/person\/2b1cf3cd81a31e3cd26889ca66d677f1","name":"cfeditorfr"}]}},"_links":{"self":[{"href":"https:\/\/www.africa-press.net\/cameroun\/wp-json\/wp\/v2\/posts\/810","targetHints":{"allow":["GET"]}}],"collection":[{"href":"https:\/\/www.africa-press.net\/cameroun\/wp-json\/wp\/v2\/posts"}],"about":[{"href":"https:\/\/www.africa-press.net\/cameroun\/wp-json\/wp\/v2\/types\/post"}],"author":[{"embeddable":true,"href":"https:\/\/www.africa-press.net\/cameroun\/wp-json\/wp\/v2\/users\/82"}],"replies":[{"embeddable":true,"href":"https:\/\/www.africa-press.net\/cameroun\/wp-json\/wp\/v2\/comments?post=810"}],"version-history":[{"count":0,"href":"https:\/\/www.africa-press.net\/cameroun\/wp-json\/wp\/v2\/posts\/810\/revisions"}],"wp:featuredmedia":[{"embeddable":true,"href":"https:\/\/www.africa-press.net\/cameroun\/wp-json\/wp\/v2\/media\/809"}],"wp:attachment":[{"href":"https:\/\/www.africa-press.net\/cameroun\/wp-json\/wp\/v2\/media?parent=810"}],"wp:term":[{"taxonomy":"category","embeddable":true,"href":"https:\/\/www.africa-press.net\/cameroun\/wp-json\/wp\/v2\/categories?post=810"},{"taxonomy":"post_tag","embeddable":true,"href":"https:\/\/www.africa-press.net\/cameroun\/wp-json\/wp\/v2\/tags?post=810"}],"curies":[{"name":"wp","href":"https:\/\/api.w.org\/{rel}","templated":true}]}}