{"id":816,"date":"2020-12-28T04:19:00","date_gmt":"2020-12-28T04:19:00","guid":{"rendered":"https:\/\/www.africa-press.com\/cameroun\/?p=816"},"modified":"2020-12-28T01:39:20","modified_gmt":"2020-12-28T01:39:20","slug":"presidents-de-region-au-cameroun-dheureux-elus-et-quelques-decus-au-rdpc","status":"publish","type":"post","link":"https:\/\/www.africa-press.net\/cameroun\/politique\/presidents-de-region-au-cameroun-dheureux-elus-et-quelques-decus-au-rdpc","title":{"rendered":"Pr\u00e9sidents de r\u00e9gion au Cameroun : d\u2019heureux \u00e9lus et quelques d\u00e9\u00e7us au RDPC"},"content":{"rendered":"<p><span style=\"color: #ff6600\"><strong><a href=\"https:\/\/www.africa-press.com\">Africa-Press<\/a> &#8211; <a href=\"https:\/\/www.africa-press.com\/cameroun\">Cameroun<\/a>. <\/strong><\/span>Les noms des tout premiers pr\u00e9sidents des conseils r\u00e9gionaux du Cameroun sont d\u00e9sormais connus. Et les choix du parti de Paul Biya ont, par endroits, r\u00e9serv\u00e9 quelques surprises.<\/p>\n<p>D\u00e9but 2019, l\u2019\u00e9crasante victoire du Rassemblement d\u00e9mocratique du peuple camerounais (RDPC) aux \u00e9lections l\u00e9gislatives et municipales du 9 f\u00e9vrier avait \u00e9t\u00e9 entach\u00e9e de nombreux cas d\u2019indiscipline : certains conseillers municipaux avaient refus\u00e9 de voter pour les maires ayant re\u00e7u l\u2019onction du parti. Le RDPC \u00e9tait donc bien d\u00e9cid\u00e9 \u00e0 tout faire pour que cela ne se reproduise pas : ce mardi, la d\u00e9signation des responsables des ex\u00e9cutifs r\u00e9gionaux a \u00e9t\u00e9 savamment balis\u00e9e en amont par le comit\u00e9 central, charg\u00e9 des investitures.<\/p>\n<p>Dans une note rappelant les exigences de discipline aux membres des diff\u00e9rents conseils r\u00e9gionaux appel\u00e9s \u00e0 \u00e9lire les pr\u00e9sidents des r\u00e9gions et leurs bureaux, le secr\u00e9taire g\u00e9n\u00e9ral du RDPC, Jean Nkuete, avait aussi pris le soin de mentionner que \u00ab tout membre qui d\u00e9rogerait aux consignes explicites transmises par le secr\u00e9taire g\u00e9n\u00e9ral du comit\u00e9 central remettrait en cause [\u2026] l\u2019autorit\u00e9 statutaire du pr\u00e9sident national, Paul Biya \u00bb. Une mise en garde tr\u00e8s claire qui n\u2019a cependant pas frein\u00e9 les tractations de derni\u00e8re minute.<\/p>\n","protected":false},"excerpt":{"rendered":"<p>Africa-Press &#8211; Cameroun. Les noms des tout premiers pr\u00e9sidents des conseils r\u00e9gionaux du Cameroun sont d\u00e9sormais connus. Et les choix du parti de Paul Biya ont, par endroits, r\u00e9serv\u00e9 quelques surprises. D\u00e9but 2019, l\u2019\u00e9crasante victoire du Rassemblement d\u00e9mocratique du peuple camerounais (RDPC) aux \u00e9lections l\u00e9gislatives et municipales du 9 f\u00e9vrier avait \u00e9t\u00e9 entach\u00e9e de nombreux [&hellip;]<\/p>\n","protected":false},"author":82,"featured_media":815,"comment_status":"open","ping_status":"closed","sticky":false,"template":"","format":"standard","meta":{"footnotes":""},"categories":[11,2,20,10],"tags":[36,50,49],"class_list":["post-816","post","type-post","status-publish","format-standard","has-post-thumbnail","hentry","category-homepage-french","category-politique","category-top-nouvelles","category-toutes-les-actualites","tag-africa-press","tag-africa-press-cameroun","tag-cameroun"],"yoast_head":"<!-- This site is optimized with the Yoast SEO Premium plugin v26.1 (Yoast SEO v27.0) - https:\/\/yoast.com\/product\/yoast-seo-premium-wordpress\/ -->\n<title>Pr\u00e9sidents de r\u00e9gion au Cameroun : d\u2019heureux \u00e9lus et quelques d\u00e9\u00e7us au RDPC - Cameroun<\/title>\n<meta name=\"description\" content=\"Les noms des tout premiers pr\u00e9sidents des conseils r\u00e9gionaux du Cameroun sont d\u00e9sormais connus. Et les choix du parti de ...\" \/>\n<meta name=\"robots\" content=\"index, follow, max-snippet:-1, max-image-preview:large, max-video-preview:-1\" \/>\n<link rel=\"canonical\" href=\"https:\/\/www.africa-press.net\/cameroun\/politique\/presidents-de-region-au-cameroun-dheureux-elus-et-quelques-decus-au-rdpc\" \/>\n<meta property=\"og:locale\" content=\"fr_FR\" \/>\n<meta property=\"og:type\" content=\"article\" \/>\n<meta property=\"og:title\" content=\"Pr\u00e9sidents de r\u00e9gion au Cameroun : d\u2019heureux \u00e9lus et quelques d\u00e9\u00e7us au RDPC\" \/>\n<meta property=\"og:description\" content=\"Les noms des tout premiers pr\u00e9sidents des conseils r\u00e9gionaux du Cameroun sont d\u00e9sormais connus. Et les choix du parti de ...\" \/>\n<meta property=\"og:url\" content=\"https:\/\/www.africa-press.net\/cameroun\/politique\/presidents-de-region-au-cameroun-dheureux-elus-et-quelques-decus-au-rdpc\" \/>\n<meta property=\"og:site_name\" content=\"Cameroun\" \/>\n<meta property=\"article:published_time\" content=\"2020-12-28T04:19:00+00:00\" \/>\n<meta property=\"og:image\" content=\"https:\/\/static.africa-press.net\/centrafricaine\/sites\/57\/2020\/12\/img-5fe9372b6c893.jpg\" \/>\n\t<meta property=\"og:image:width\" content=\"640\" \/>\n\t<meta property=\"og:image:height\" content=\"320\" \/>\n\t<meta property=\"og:image:type\" content=\"image\/jpeg\" \/>\n<meta name=\"author\" content=\"cfeditorfr\" \/>\n<meta name=\"twitter:card\" content=\"summary_large_image\" \/>\n<meta name=\"twitter:label1\" content=\"\u00c9crit par\" \/>\n\t<meta name=\"twitter:data1\" content=\"cfeditorfr\" \/>\n\t<meta name=\"twitter:label2\" content=\"Dur\u00e9e de lecture estim\u00e9e\" \/>\n\t<meta name=\"twitter:data2\" content=\"1 minute\" \/>\n<script type=\"application\/ld+json\" class=\"yoast-schema-graph\">{\"@context\":\"https:\/\/schema.org\",\"@graph\":[{\"@type\":\"Article\",\"@id\":\"https:\/\/www.africa-press.net\/cameroun\/politique\/presidents-de-region-au-cameroun-dheureux-elus-et-quelques-decus-au-rdpc#article\",\"isPartOf\":{\"@id\":\"https:\/\/www.africa-press.net\/cameroun\/politique\/presidents-de-region-au-cameroun-dheureux-elus-et-quelques-decus-au-rdpc\"},\"author\":{\"name\":\"cfeditorfr\",\"@id\":\"https:\/\/www.africa-press.net\/cameroun\/#\/schema\/person\/2b1cf3cd81a31e3cd26889ca66d677f1\"},\"headline\":\"Pr\u00e9sidents de r\u00e9gion au Cameroun : d\u2019heureux \u00e9lus et quelques d\u00e9\u00e7us au RDPC\",\"datePublished\":\"2020-12-28T04:19:00+00:00\",\"mainEntityOfPage\":{\"@id\":\"https:\/\/www.africa-press.net\/cameroun\/politique\/presidents-de-region-au-cameroun-dheureux-elus-et-quelques-decus-au-rdpc\"},\"wordCount\":237,\"commentCount\":0,\"image\":{\"@id\":\"https:\/\/www.africa-press.net\/cameroun\/politique\/presidents-de-region-au-cameroun-dheureux-elus-et-quelques-decus-au-rdpc#primaryimage\"},\"thumbnailUrl\":\"https:\/\/static.africa-press.net\/centrafricaine\/sites\/57\/2020\/12\/img-5fe9372b6c893.jpg\",\"keywords\":[\"Africa Press\",\"Africa Press-Cameroun\",\"Cameroun\"],\"articleSection\":[\"homepage-french\",\"Politique\",\"Top Nouvelles\",\"Toutes les actualit\u00e9s\"],\"inLanguage\":\"fr-FR\",\"potentialAction\":[{\"@type\":\"CommentAction\",\"name\":\"Comment\",\"target\":[\"https:\/\/www.africa-press.net\/cameroun\/politique\/presidents-de-region-au-cameroun-dheureux-elus-et-quelques-decus-au-rdpc#respond\"]}]},{\"@type\":\"WebPage\",\"@id\":\"https:\/\/www.africa-press.net\/cameroun\/politique\/presidents-de-region-au-cameroun-dheureux-elus-et-quelques-decus-au-rdpc\",\"url\":\"https:\/\/www.africa-press.net\/cameroun\/politique\/presidents-de-region-au-cameroun-dheureux-elus-et-quelques-decus-au-rdpc\",\"name\":\"Pr\u00e9sidents de r\u00e9gion au Cameroun : d\u2019heureux \u00e9lus et quelques d\u00e9\u00e7us au RDPC - Cameroun\",\"isPartOf\":{\"@id\":\"https:\/\/www.africa-press.net\/cameroun\/#website\"},\"primaryImageOfPage\":{\"@id\":\"https:\/\/www.africa-press.net\/cameroun\/politique\/presidents-de-region-au-cameroun-dheureux-elus-et-quelques-decus-au-rdpc#primaryimage\"},\"image\":{\"@id\":\"https:\/\/www.africa-press.net\/cameroun\/politique\/presidents-de-region-au-cameroun-dheureux-elus-et-quelques-decus-au-rdpc#primaryimage\"},\"thumbnailUrl\":\"https:\/\/static.africa-press.net\/centrafricaine\/sites\/57\/2020\/12\/img-5fe9372b6c893.jpg\",\"datePublished\":\"2020-12-28T04:19:00+00:00\",\"author\":{\"@id\":\"https:\/\/www.africa-press.net\/cameroun\/#\/schema\/person\/2b1cf3cd81a31e3cd26889ca66d677f1\"},\"description\":\"Les noms des tout premiers pr\u00e9sidents des conseils r\u00e9gionaux du Cameroun sont d\u00e9sormais connus. Et les choix du parti de ...\",\"breadcrumb\":{\"@id\":\"https:\/\/www.africa-press.net\/cameroun\/politique\/presidents-de-region-au-cameroun-dheureux-elus-et-quelques-decus-au-rdpc#breadcrumb\"},\"inLanguage\":\"fr-FR\",\"potentialAction\":[{\"@type\":\"ReadAction\",\"target\":[\"https:\/\/www.africa-press.net\/cameroun\/politique\/presidents-de-region-au-cameroun-dheureux-elus-et-quelques-decus-au-rdpc\"]}]},{\"@type\":\"ImageObject\",\"inLanguage\":\"fr-FR\",\"@id\":\"https:\/\/www.africa-press.net\/cameroun\/politique\/presidents-de-region-au-cameroun-dheureux-elus-et-quelques-decus-au-rdpc#primaryimage\",\"url\":\"https:\/\/static.africa-press.net\/centrafricaine\/sites\/57\/2020\/12\/img-5fe9372b6c893.jpg\",\"contentUrl\":\"https:\/\/static.africa-press.net\/centrafricaine\/sites\/57\/2020\/12\/img-5fe9372b6c893.jpg\",\"width\":640,\"height\":320,\"caption\":\"Pr\u00e9sidents de r\u00e9gion au Cameroun : d\u2019heureux \u00e9lus et quelques d\u00e9\u00e7us au RDPC\"},{\"@type\":\"BreadcrumbList\",\"@id\":\"https:\/\/www.africa-press.net\/cameroun\/politique\/presidents-de-region-au-cameroun-dheureux-elus-et-quelques-decus-au-rdpc#breadcrumb\",\"itemListElement\":[{\"@type\":\"ListItem\",\"position\":1,\"name\":\"Accueil\",\"item\":\"https:\/\/www.africa-press.net\/cameroun\/\"},{\"@type\":\"ListItem\",\"position\":2,\"name\":\"Pr\u00e9sidents de r\u00e9gion au Cameroun : d\u2019heureux \u00e9lus et quelques d\u00e9\u00e7us au RDPC\"}]},{\"@type\":\"WebSite\",\"@id\":\"https:\/\/www.africa-press.net\/cameroun\/#website\",\"url\":\"https:\/\/www.africa-press.net\/cameroun\/\",\"name\":\"Cameroun\",\"description\":\"Just another Africa News Agency Sites site\",\"potentialAction\":[{\"@type\":\"SearchAction\",\"target\":{\"@type\":\"EntryPoint\",\"urlTemplate\":\"https:\/\/www.africa-press.net\/cameroun\/?s={search_term_string}\"},\"query-input\":{\"@type\":\"PropertyValueSpecification\",\"valueRequired\":true,\"valueName\":\"search_term_string\"}}],\"inLanguage\":\"fr-FR\"},{\"@type\":\"Person\",\"@id\":\"https:\/\/www.africa-press.net\/cameroun\/#\/schema\/person\/2b1cf3cd81a31e3cd26889ca66d677f1\",\"name\":\"cfeditorfr\"}]}<\/script>\n<!-- \/ Yoast SEO Premium plugin. -->","yoast_head_json":{"title":"Pr\u00e9sidents de r\u00e9gion au Cameroun : d\u2019heureux \u00e9lus et quelques d\u00e9\u00e7us au RDPC - Cameroun","description":"Les noms des tout premiers pr\u00e9sidents des conseils r\u00e9gionaux du Cameroun sont d\u00e9sormais connus. Et les choix du parti de ...","robots":{"index":"index","follow":"follow","max-snippet":"max-snippet:-1","max-image-preview":"max-image-preview:large","max-video-preview":"max-video-preview:-1"},"canonical":"https:\/\/www.africa-press.net\/cameroun\/politique\/presidents-de-region-au-cameroun-dheureux-elus-et-quelques-decus-au-rdpc","og_locale":"fr_FR","og_type":"article","og_title":"Pr\u00e9sidents de r\u00e9gion au Cameroun : d\u2019heureux \u00e9lus et quelques d\u00e9\u00e7us au RDPC","og_description":"Les noms des tout premiers pr\u00e9sidents des conseils r\u00e9gionaux du Cameroun sont d\u00e9sormais connus. Et les choix du parti de ...","og_url":"https:\/\/www.africa-press.net\/cameroun\/politique\/presidents-de-region-au-cameroun-dheureux-elus-et-quelques-decus-au-rdpc","og_site_name":"Cameroun","article_published_time":"2020-12-28T04:19:00+00:00","og_image":[{"width":640,"height":320,"url":"https:\/\/static.africa-press.net\/centrafricaine\/sites\/57\/2020\/12\/img-5fe9372b6c893.jpg","type":"image\/jpeg"}],"author":"cfeditorfr","twitter_card":"summary_large_image","twitter_misc":{"\u00c9crit par":"cfeditorfr","Dur\u00e9e de lecture estim\u00e9e":"1 minute"},"schema":{"@context":"https:\/\/schema.org","@graph":[{"@type":"Article","@id":"https:\/\/www.africa-press.net\/cameroun\/politique\/presidents-de-region-au-cameroun-dheureux-elus-et-quelques-decus-au-rdpc#article","isPartOf":{"@id":"https:\/\/www.africa-press.net\/cameroun\/politique\/presidents-de-region-au-cameroun-dheureux-elus-et-quelques-decus-au-rdpc"},"author":{"name":"cfeditorfr","@id":"https:\/\/www.africa-press.net\/cameroun\/#\/schema\/person\/2b1cf3cd81a31e3cd26889ca66d677f1"},"headline":"Pr\u00e9sidents de r\u00e9gion au Cameroun : d\u2019heureux \u00e9lus et quelques d\u00e9\u00e7us au RDPC","datePublished":"2020-12-28T04:19:00+00:00","mainEntityOfPage":{"@id":"https:\/\/www.africa-press.net\/cameroun\/politique\/presidents-de-region-au-cameroun-dheureux-elus-et-quelques-decus-au-rdpc"},"wordCount":237,"commentCount":0,"image":{"@id":"https:\/\/www.africa-press.net\/cameroun\/politique\/presidents-de-region-au-cameroun-dheureux-elus-et-quelques-decus-au-rdpc#primaryimage"},"thumbnailUrl":"https:\/\/static.africa-press.net\/centrafricaine\/sites\/57\/2020\/12\/img-5fe9372b6c893.jpg","keywords":["Africa Press","Africa Press-Cameroun","Cameroun"],"articleSection":["homepage-french","Politique","Top Nouvelles","Toutes les actualit\u00e9s"],"inLanguage":"fr-FR","potentialAction":[{"@type":"CommentAction","name":"Comment","target":["https:\/\/www.africa-press.net\/cameroun\/politique\/presidents-de-region-au-cameroun-dheureux-elus-et-quelques-decus-au-rdpc#respond"]}]},{"@type":"WebPage","@id":"https:\/\/www.africa-press.net\/cameroun\/politique\/presidents-de-region-au-cameroun-dheureux-elus-et-quelques-decus-au-rdpc","url":"https:\/\/www.africa-press.net\/cameroun\/politique\/presidents-de-region-au-cameroun-dheureux-elus-et-quelques-decus-au-rdpc","name":"Pr\u00e9sidents de r\u00e9gion au Cameroun : d\u2019heureux \u00e9lus et quelques d\u00e9\u00e7us au RDPC - Cameroun","isPartOf":{"@id":"https:\/\/www.africa-press.net\/cameroun\/#website"},"primaryImageOfPage":{"@id":"https:\/\/www.africa-press.net\/cameroun\/politique\/presidents-de-region-au-cameroun-dheureux-elus-et-quelques-decus-au-rdpc#primaryimage"},"image":{"@id":"https:\/\/www.africa-press.net\/cameroun\/politique\/presidents-de-region-au-cameroun-dheureux-elus-et-quelques-decus-au-rdpc#primaryimage"},"thumbnailUrl":"https:\/\/static.africa-press.net\/centrafricaine\/sites\/57\/2020\/12\/img-5fe9372b6c893.jpg","datePublished":"2020-12-28T04:19:00+00:00","author":{"@id":"https:\/\/www.africa-press.net\/cameroun\/#\/schema\/person\/2b1cf3cd81a31e3cd26889ca66d677f1"},"description":"Les noms des tout premiers pr\u00e9sidents des conseils r\u00e9gionaux du Cameroun sont d\u00e9sormais connus. Et les choix du parti de ...","breadcrumb":{"@id":"https:\/\/www.africa-press.net\/cameroun\/politique\/presidents-de-region-au-cameroun-dheureux-elus-et-quelques-decus-au-rdpc#breadcrumb"},"inLanguage":"fr-FR","potentialAction":[{"@type":"ReadAction","target":["https:\/\/www.africa-press.net\/cameroun\/politique\/presidents-de-region-au-cameroun-dheureux-elus-et-quelques-decus-au-rdpc"]}]},{"@type":"ImageObject","inLanguage":"fr-FR","@id":"https:\/\/www.africa-press.net\/cameroun\/politique\/presidents-de-region-au-cameroun-dheureux-elus-et-quelques-decus-au-rdpc#primaryimage","url":"https:\/\/static.africa-press.net\/centrafricaine\/sites\/57\/2020\/12\/img-5fe9372b6c893.jpg","contentUrl":"https:\/\/static.africa-press.net\/centrafricaine\/sites\/57\/2020\/12\/img-5fe9372b6c893.jpg","width":640,"height":320,"caption":"Pr\u00e9sidents de r\u00e9gion au Cameroun : d\u2019heureux \u00e9lus et quelques d\u00e9\u00e7us au RDPC"},{"@type":"BreadcrumbList","@id":"https:\/\/www.africa-press.net\/cameroun\/politique\/presidents-de-region-au-cameroun-dheureux-elus-et-quelques-decus-au-rdpc#breadcrumb","itemListElement":[{"@type":"ListItem","position":1,"name":"Accueil","item":"https:\/\/www.africa-press.net\/cameroun\/"},{"@type":"ListItem","position":2,"name":"Pr\u00e9sidents de r\u00e9gion au Cameroun : d\u2019heureux \u00e9lus et quelques d\u00e9\u00e7us au RDPC"}]},{"@type":"WebSite","@id":"https:\/\/www.africa-press.net\/cameroun\/#website","url":"https:\/\/www.africa-press.net\/cameroun\/","name":"Cameroun","description":"Just another Africa News Agency Sites site","potentialAction":[{"@type":"SearchAction","target":{"@type":"EntryPoint","urlTemplate":"https:\/\/www.africa-press.net\/cameroun\/?s={search_term_string}"},"query-input":{"@type":"PropertyValueSpecification","valueRequired":true,"valueName":"search_term_string"}}],"inLanguage":"fr-FR"},{"@type":"Person","@id":"https:\/\/www.africa-press.net\/cameroun\/#\/schema\/person\/2b1cf3cd81a31e3cd26889ca66d677f1","name":"cfeditorfr"}]}},"_links":{"self":[{"href":"https:\/\/www.africa-press.net\/cameroun\/wp-json\/wp\/v2\/posts\/816","targetHints":{"allow":["GET"]}}],"collection":[{"href":"https:\/\/www.africa-press.net\/cameroun\/wp-json\/wp\/v2\/posts"}],"about":[{"href":"https:\/\/www.africa-press.net\/cameroun\/wp-json\/wp\/v2\/types\/post"}],"author":[{"embeddable":true,"href":"https:\/\/www.africa-press.net\/cameroun\/wp-json\/wp\/v2\/users\/82"}],"replies":[{"embeddable":true,"href":"https:\/\/www.africa-press.net\/cameroun\/wp-json\/wp\/v2\/comments?post=816"}],"version-history":[{"count":0,"href":"https:\/\/www.africa-press.net\/cameroun\/wp-json\/wp\/v2\/posts\/816\/revisions"}],"wp:featuredmedia":[{"embeddable":true,"href":"https:\/\/www.africa-press.net\/cameroun\/wp-json\/wp\/v2\/media\/815"}],"wp:attachment":[{"href":"https:\/\/www.africa-press.net\/cameroun\/wp-json\/wp\/v2\/media?parent=816"}],"wp:term":[{"taxonomy":"category","embeddable":true,"href":"https:\/\/www.africa-press.net\/cameroun\/wp-json\/wp\/v2\/categories?post=816"},{"taxonomy":"post_tag","embeddable":true,"href":"https:\/\/www.africa-press.net\/cameroun\/wp-json\/wp\/v2\/tags?post=816"}],"curies":[{"name":"wp","href":"https:\/\/api.w.org\/{rel}","templated":true}]}}