{"id":855,"date":"2020-12-28T07:05:44","date_gmt":"2020-12-28T07:05:44","guid":{"rendered":"https:\/\/www.africa-press.com\/cameroun\/?p=855"},"modified":"2020-12-28T03:34:34","modified_gmt":"2020-12-28T03:34:34","slug":"tara-la-mascotte-du-chan-2020-suscite-lire-des-internautes","status":"publish","type":"post","link":"https:\/\/www.africa-press.net\/cameroun\/divers\/tara-la-mascotte-du-chan-2020-suscite-lire-des-internautes","title":{"rendered":"\u00ab Tara \u00bb, la mascotte du CHAN 2020, suscite l\u2019ire des internautes"},"content":{"rendered":"<p><span style=\"color: #ff6600\"><strong><a href=\"https:\/\/www.africa-press.com\">Africa-Press<\/a> &#8211; <a href=\"https:\/\/www.africa-press.com\/cameroun\">Cameroun<\/a>. <\/strong><\/span>De nombreux acteurs de la sc\u00e8ne publique camerounaise ont exprim\u00e9 leur d\u00e9ception apr\u00e8s la pr\u00e9sentation, le 14 d\u00e9cembre, de \u00ab Tara \u00bb, la mascotte du prochain championnat d\u2019Afrique des nations (CHAN 2020). Le comit\u00e9 d\u2019organisation se d\u00e9fend mais ses arguments peinent \u00e0 convaincre au sein de l\u2019opinion.<\/p>\n<p>Quel animal repr\u00e9sente \u00ab Tara \u00bb, la mascotte choisie par le comit\u00e9 d\u2019organisation du championnat d\u2019Afrique des nations (CoChan) pour vendre l\u2019image de la comp\u00e9tition ? La question est \u00e0 l\u2019origine d\u2019une pol\u00e9mique qui divise actuellement les internautes camerounais et le comit\u00e9 d\u2019organisation de la comp\u00e9tition, qui vient d\u2019en faire la proposition \u00e0 la Conf\u00e9d\u00e9ration africaine de football (CAF).<\/p>\n<p>Car si pour les membres du CoChan, il ne fait pas l\u2019ombre d\u2019un doute que \u00ab Tara \u00bb, de son nom de bapt\u00eame, est un lion, les Camerounais y voient tout sauf ce f\u00e9lin \u00ab roi de la for\u00eat \u00bb que l\u2019on associe \u00e0 l\u2019image de l\u2019\u00e9quipe nationale de football de leur pays. Depuis sa pr\u00e9sentation, des railleries, objections et protestations fusent de toutes parts pour rejeter le choix fait par le jury du concours organis\u00e9 pour d\u00e9signer la mascotte du CHAN.<\/p>\n<p>\u00ab Un totem \u00bb, \u00ab une horreur \u00bb, \u00ab effrayante \u00bb\u2026 En mois de 24 heures, les r\u00e9actions autour de la mascotte \u00ab Tara \u00bb ont enflamm\u00e9 la toile, anim\u00e9e par des internautes qui rivalisent d\u2019humour pour exprimer leur m\u00e9contentement vis-\u00e0-vis de ce choix. \u00ab Une mascotte est par essence gaie, susceptible de s\u2019amuser et d\u2019amuser les enfants, pas d\u2019effrayer. Or c\u2019est la sensation que Tara donne. Mais qui peut nier qu\u2019il y a au moins une laide personne dans son entourage ? On finit par s\u2019y habituer non ? \u00bb, ironise ainsi le journaliste Martin Camus Mimb sur Facebook.<\/p>\n<p>Bonne semaine \u00e0 tous sauf \u00e0 ceux qui disent que ce machin dit mascotte n&rsquo;est qu&rsquo;une proposition. Lol. Qui a os\u00e9 proposer un truc comme \u00c7a? ?La CAF a donc notre honneur entre les mains. ?Que ce soit makala ou bobolo c&rsquo;est NON. Bref Tara tu es tr\u00e8s laid<br \/>\nC&rsquo;est pour #CHAN2020. https:\/\/t.co\/zwBYbM8kjn pic.twitter.com\/DchuMQTVAf<br \/>\n\u2014 Annie Payep (@AnniePayep) December 16, 2019<\/p>\n<p>Au sein du CoChan, cependant, l\u2019affaire amuse peu. Ici, on assure que tous les \u00ab crit\u00e8res \u00bb qui avaient \u00e9t\u00e9 fix\u00e9s ont \u00e9t\u00e9 respect\u00e9s. \u00ab Sur la cinquantaine de dossiers que nous avons re\u00e7us de la part du Minist\u00e8re des Sports, nous en avons s\u00e9lectionn\u00e9s onze, puis trois, explique Ondigui Th\u00e9odore, le pr\u00e9sident du jury du concours pour le choix de la Mascotte. Selon nous, ces derniers finalistes remplissaient un certain nombre de crit\u00e8res symboliques et stylistiques int\u00e9ressants pour une mascotte repr\u00e9sentative du Cameroun \u00bb, ajoute-t-il.<\/p>\n<p>Malgr\u00e9 ces explications, les internautes camerounais exigent le retrait de cette mascotte. \u00ab Inenvisageable \u00bb, r\u00e9pond-on au sein du CoChan. \u00ab Ce que nous avons pr\u00e9sent\u00e9 ne conna\u00eetra pas de r\u00e9volution. L\u2019ann\u00e9e du Chan 2020 s\u2019ouvre dans quelques semaines et il y a d\u2019autres manifestations avant cela. La mascotte est l\u00e0, l\u2019hymne est l\u00e0 \u00bb, affirme Abel Mbengue, le pr\u00e9sident de la commission communication du comit\u00e9 d\u2019organisation.<\/p>\n<p>Le Cameroun semble pourtant \u00eatre un habitu\u00e9 de ce type de d\u00e9bats \u00e0 l\u2019approche des comp\u00e9titions qu\u2019il abrite. En 2016 d\u00e9j\u00e0, l\u2019hymne de la Coupe d\u2019Afrique des nations (CAN) f\u00e9minine avait suscit\u00e9 une pol\u00e9mique similaire, le public estimant que la chanson choisie \u00e9tait trop m\u00e9lancolique et inappropri\u00e9e pour la comp\u00e9tition.<\/p>\n<p>\u00c0 Yaound\u00e9, la mascotte \u00ab Tara \u00bb a d\u2019ores et d\u00e9j\u00e0 \u00e9t\u00e9 transmise \u00e0 la CAF pour validation, tout comme les trois chansons retenues \u00e0 l\u2019issue du concours organis\u00e9 pour le choix de l\u2019hymne du CHAN. L\u2019instance du football africain devrait se prononcer en dernier ressort sur le choix final des embl\u00e8mes de cette comp\u00e9tition.<\/p>\n","protected":false},"excerpt":{"rendered":"<p>Africa-Press &#8211; Cameroun. De nombreux acteurs de la sc\u00e8ne publique camerounaise ont exprim\u00e9 leur d\u00e9ception apr\u00e8s la pr\u00e9sentation, le 14 d\u00e9cembre, de \u00ab Tara \u00bb, la mascotte du prochain championnat d\u2019Afrique des nations (CHAN 2020). Le comit\u00e9 d\u2019organisation se d\u00e9fend mais ses arguments peinent \u00e0 convaincre au sein de l\u2019opinion. Quel animal repr\u00e9sente \u00ab Tara [&hellip;]<\/p>\n","protected":false},"author":82,"featured_media":854,"comment_status":"open","ping_status":"closed","sticky":false,"template":"","format":"standard","meta":{"footnotes":""},"categories":[22,11,10],"tags":[36,50,49,51],"class_list":["post-855","post","type-post","status-publish","format-standard","has-post-thumbnail","hentry","category-divers","category-homepage-french","category-toutes-les-actualites","tag-africa-press","tag-africa-press-cameroun","tag-cameroun","tag-tara"],"yoast_head":"<!-- This site is optimized with the Yoast SEO Premium plugin v26.1 (Yoast SEO v27.0) - https:\/\/yoast.com\/product\/yoast-seo-premium-wordpress\/ -->\n<title>\u00ab Tara \u00bb, la mascotte du CHAN 2020, suscite l\u2019ire des internautes - Cameroun<\/title>\n<meta name=\"description\" content=\"De nombreux acteurs de la sc\u00e8ne publique camerounaise ont exprim\u00e9 leur d\u00e9ception apr\u00e8s la pr\u00e9sentation, le 14 d\u00e9cembre, ...\" \/>\n<meta name=\"robots\" content=\"index, follow, max-snippet:-1, max-image-preview:large, max-video-preview:-1\" \/>\n<link rel=\"canonical\" href=\"https:\/\/www.africa-press.net\/cameroun\/divers\/tara-la-mascotte-du-chan-2020-suscite-lire-des-internautes\" \/>\n<meta property=\"og:locale\" content=\"fr_FR\" \/>\n<meta property=\"og:type\" content=\"article\" \/>\n<meta property=\"og:title\" content=\"\u00ab Tara \u00bb, la mascotte du CHAN 2020, suscite l\u2019ire des internautes\" \/>\n<meta property=\"og:description\" content=\"De nombreux acteurs de la sc\u00e8ne publique camerounaise ont exprim\u00e9 leur d\u00e9ception apr\u00e8s la pr\u00e9sentation, le 14 d\u00e9cembre, ...\" \/>\n<meta property=\"og:url\" content=\"https:\/\/www.africa-press.net\/cameroun\/divers\/tara-la-mascotte-du-chan-2020-suscite-lire-des-internautes\" \/>\n<meta property=\"og:site_name\" content=\"Cameroun\" \/>\n<meta property=\"article:published_time\" content=\"2020-12-28T07:05:44+00:00\" \/>\n<meta property=\"og:image\" content=\"https:\/\/static.africa-press.net\/centrafricaine\/sites\/57\/2020\/12\/img-5fe93937eed5c.jpg\" \/>\n\t<meta property=\"og:image:width\" content=\"640\" \/>\n\t<meta property=\"og:image:height\" content=\"320\" \/>\n\t<meta property=\"og:image:type\" content=\"image\/jpeg\" \/>\n<meta name=\"author\" content=\"cfeditorfr\" \/>\n<meta name=\"twitter:card\" content=\"summary_large_image\" \/>\n<meta name=\"twitter:label1\" content=\"\u00c9crit par\" \/>\n\t<meta name=\"twitter:data1\" content=\"cfeditorfr\" \/>\n\t<meta name=\"twitter:label2\" content=\"Dur\u00e9e de lecture estim\u00e9e\" \/>\n\t<meta name=\"twitter:data2\" content=\"3 minutes\" \/>\n<script type=\"application\/ld+json\" class=\"yoast-schema-graph\">{\"@context\":\"https:\/\/schema.org\",\"@graph\":[{\"@type\":\"Article\",\"@id\":\"https:\/\/www.africa-press.net\/cameroun\/divers\/tara-la-mascotte-du-chan-2020-suscite-lire-des-internautes#article\",\"isPartOf\":{\"@id\":\"https:\/\/www.africa-press.net\/cameroun\/divers\/tara-la-mascotte-du-chan-2020-suscite-lire-des-internautes\"},\"author\":{\"name\":\"cfeditorfr\",\"@id\":\"https:\/\/www.africa-press.net\/cameroun\/#\/schema\/person\/2b1cf3cd81a31e3cd26889ca66d677f1\"},\"headline\":\"\u00ab Tara \u00bb, la mascotte du CHAN 2020, suscite l\u2019ire des internautes\",\"datePublished\":\"2020-12-28T07:05:44+00:00\",\"mainEntityOfPage\":{\"@id\":\"https:\/\/www.africa-press.net\/cameroun\/divers\/tara-la-mascotte-du-chan-2020-suscite-lire-des-internautes\"},\"wordCount\":669,\"commentCount\":0,\"image\":{\"@id\":\"https:\/\/www.africa-press.net\/cameroun\/divers\/tara-la-mascotte-du-chan-2020-suscite-lire-des-internautes#primaryimage\"},\"thumbnailUrl\":\"https:\/\/static.africa-press.net\/centrafricaine\/sites\/57\/2020\/12\/img-5fe93937eed5c.jpg\",\"keywords\":[\"Africa Press\",\"Africa Press-Cameroun\",\"Cameroun\",\"Tara\"],\"articleSection\":[\"Divers\",\"homepage-french\",\"Toutes les actualit\u00e9s\"],\"inLanguage\":\"fr-FR\",\"potentialAction\":[{\"@type\":\"CommentAction\",\"name\":\"Comment\",\"target\":[\"https:\/\/www.africa-press.net\/cameroun\/divers\/tara-la-mascotte-du-chan-2020-suscite-lire-des-internautes#respond\"]}]},{\"@type\":\"WebPage\",\"@id\":\"https:\/\/www.africa-press.net\/cameroun\/divers\/tara-la-mascotte-du-chan-2020-suscite-lire-des-internautes\",\"url\":\"https:\/\/www.africa-press.net\/cameroun\/divers\/tara-la-mascotte-du-chan-2020-suscite-lire-des-internautes\",\"name\":\"\u00ab Tara \u00bb, la mascotte du CHAN 2020, suscite l\u2019ire des internautes - Cameroun\",\"isPartOf\":{\"@id\":\"https:\/\/www.africa-press.net\/cameroun\/#website\"},\"primaryImageOfPage\":{\"@id\":\"https:\/\/www.africa-press.net\/cameroun\/divers\/tara-la-mascotte-du-chan-2020-suscite-lire-des-internautes#primaryimage\"},\"image\":{\"@id\":\"https:\/\/www.africa-press.net\/cameroun\/divers\/tara-la-mascotte-du-chan-2020-suscite-lire-des-internautes#primaryimage\"},\"thumbnailUrl\":\"https:\/\/static.africa-press.net\/centrafricaine\/sites\/57\/2020\/12\/img-5fe93937eed5c.jpg\",\"datePublished\":\"2020-12-28T07:05:44+00:00\",\"author\":{\"@id\":\"https:\/\/www.africa-press.net\/cameroun\/#\/schema\/person\/2b1cf3cd81a31e3cd26889ca66d677f1\"},\"description\":\"De nombreux acteurs de la sc\u00e8ne publique camerounaise ont exprim\u00e9 leur d\u00e9ception apr\u00e8s la pr\u00e9sentation, le 14 d\u00e9cembre, ...\",\"breadcrumb\":{\"@id\":\"https:\/\/www.africa-press.net\/cameroun\/divers\/tara-la-mascotte-du-chan-2020-suscite-lire-des-internautes#breadcrumb\"},\"inLanguage\":\"fr-FR\",\"potentialAction\":[{\"@type\":\"ReadAction\",\"target\":[\"https:\/\/www.africa-press.net\/cameroun\/divers\/tara-la-mascotte-du-chan-2020-suscite-lire-des-internautes\"]}]},{\"@type\":\"ImageObject\",\"inLanguage\":\"fr-FR\",\"@id\":\"https:\/\/www.africa-press.net\/cameroun\/divers\/tara-la-mascotte-du-chan-2020-suscite-lire-des-internautes#primaryimage\",\"url\":\"https:\/\/static.africa-press.net\/centrafricaine\/sites\/57\/2020\/12\/img-5fe93937eed5c.jpg\",\"contentUrl\":\"https:\/\/static.africa-press.net\/centrafricaine\/sites\/57\/2020\/12\/img-5fe93937eed5c.jpg\",\"width\":640,\"height\":320,\"caption\":\"Cameroun : \u00ab Tara \u00bb, la mascotte du CHAN 2020, suscite l\u2019ire des internautes\"},{\"@type\":\"BreadcrumbList\",\"@id\":\"https:\/\/www.africa-press.net\/cameroun\/divers\/tara-la-mascotte-du-chan-2020-suscite-lire-des-internautes#breadcrumb\",\"itemListElement\":[{\"@type\":\"ListItem\",\"position\":1,\"name\":\"Accueil\",\"item\":\"https:\/\/www.africa-press.net\/cameroun\/\"},{\"@type\":\"ListItem\",\"position\":2,\"name\":\"\u00ab Tara \u00bb, la mascotte du CHAN 2020, suscite l\u2019ire des internautes\"}]},{\"@type\":\"WebSite\",\"@id\":\"https:\/\/www.africa-press.net\/cameroun\/#website\",\"url\":\"https:\/\/www.africa-press.net\/cameroun\/\",\"name\":\"Cameroun\",\"description\":\"Just another Africa News Agency Sites site\",\"potentialAction\":[{\"@type\":\"SearchAction\",\"target\":{\"@type\":\"EntryPoint\",\"urlTemplate\":\"https:\/\/www.africa-press.net\/cameroun\/?s={search_term_string}\"},\"query-input\":{\"@type\":\"PropertyValueSpecification\",\"valueRequired\":true,\"valueName\":\"search_term_string\"}}],\"inLanguage\":\"fr-FR\"},{\"@type\":\"Person\",\"@id\":\"https:\/\/www.africa-press.net\/cameroun\/#\/schema\/person\/2b1cf3cd81a31e3cd26889ca66d677f1\",\"name\":\"cfeditorfr\"}]}<\/script>\n<!-- \/ Yoast SEO Premium plugin. -->","yoast_head_json":{"title":"\u00ab Tara \u00bb, la mascotte du CHAN 2020, suscite l\u2019ire des internautes - Cameroun","description":"De nombreux acteurs de la sc\u00e8ne publique camerounaise ont exprim\u00e9 leur d\u00e9ception apr\u00e8s la pr\u00e9sentation, le 14 d\u00e9cembre, ...","robots":{"index":"index","follow":"follow","max-snippet":"max-snippet:-1","max-image-preview":"max-image-preview:large","max-video-preview":"max-video-preview:-1"},"canonical":"https:\/\/www.africa-press.net\/cameroun\/divers\/tara-la-mascotte-du-chan-2020-suscite-lire-des-internautes","og_locale":"fr_FR","og_type":"article","og_title":"\u00ab Tara \u00bb, la mascotte du CHAN 2020, suscite l\u2019ire des internautes","og_description":"De nombreux acteurs de la sc\u00e8ne publique camerounaise ont exprim\u00e9 leur d\u00e9ception apr\u00e8s la pr\u00e9sentation, le 14 d\u00e9cembre, ...","og_url":"https:\/\/www.africa-press.net\/cameroun\/divers\/tara-la-mascotte-du-chan-2020-suscite-lire-des-internautes","og_site_name":"Cameroun","article_published_time":"2020-12-28T07:05:44+00:00","og_image":[{"width":640,"height":320,"url":"https:\/\/static.africa-press.net\/centrafricaine\/sites\/57\/2020\/12\/img-5fe93937eed5c.jpg","type":"image\/jpeg"}],"author":"cfeditorfr","twitter_card":"summary_large_image","twitter_misc":{"\u00c9crit par":"cfeditorfr","Dur\u00e9e de lecture estim\u00e9e":"3 minutes"},"schema":{"@context":"https:\/\/schema.org","@graph":[{"@type":"Article","@id":"https:\/\/www.africa-press.net\/cameroun\/divers\/tara-la-mascotte-du-chan-2020-suscite-lire-des-internautes#article","isPartOf":{"@id":"https:\/\/www.africa-press.net\/cameroun\/divers\/tara-la-mascotte-du-chan-2020-suscite-lire-des-internautes"},"author":{"name":"cfeditorfr","@id":"https:\/\/www.africa-press.net\/cameroun\/#\/schema\/person\/2b1cf3cd81a31e3cd26889ca66d677f1"},"headline":"\u00ab Tara \u00bb, la mascotte du CHAN 2020, suscite l\u2019ire des internautes","datePublished":"2020-12-28T07:05:44+00:00","mainEntityOfPage":{"@id":"https:\/\/www.africa-press.net\/cameroun\/divers\/tara-la-mascotte-du-chan-2020-suscite-lire-des-internautes"},"wordCount":669,"commentCount":0,"image":{"@id":"https:\/\/www.africa-press.net\/cameroun\/divers\/tara-la-mascotte-du-chan-2020-suscite-lire-des-internautes#primaryimage"},"thumbnailUrl":"https:\/\/static.africa-press.net\/centrafricaine\/sites\/57\/2020\/12\/img-5fe93937eed5c.jpg","keywords":["Africa Press","Africa Press-Cameroun","Cameroun","Tara"],"articleSection":["Divers","homepage-french","Toutes les actualit\u00e9s"],"inLanguage":"fr-FR","potentialAction":[{"@type":"CommentAction","name":"Comment","target":["https:\/\/www.africa-press.net\/cameroun\/divers\/tara-la-mascotte-du-chan-2020-suscite-lire-des-internautes#respond"]}]},{"@type":"WebPage","@id":"https:\/\/www.africa-press.net\/cameroun\/divers\/tara-la-mascotte-du-chan-2020-suscite-lire-des-internautes","url":"https:\/\/www.africa-press.net\/cameroun\/divers\/tara-la-mascotte-du-chan-2020-suscite-lire-des-internautes","name":"\u00ab Tara \u00bb, la mascotte du CHAN 2020, suscite l\u2019ire des internautes - Cameroun","isPartOf":{"@id":"https:\/\/www.africa-press.net\/cameroun\/#website"},"primaryImageOfPage":{"@id":"https:\/\/www.africa-press.net\/cameroun\/divers\/tara-la-mascotte-du-chan-2020-suscite-lire-des-internautes#primaryimage"},"image":{"@id":"https:\/\/www.africa-press.net\/cameroun\/divers\/tara-la-mascotte-du-chan-2020-suscite-lire-des-internautes#primaryimage"},"thumbnailUrl":"https:\/\/static.africa-press.net\/centrafricaine\/sites\/57\/2020\/12\/img-5fe93937eed5c.jpg","datePublished":"2020-12-28T07:05:44+00:00","author":{"@id":"https:\/\/www.africa-press.net\/cameroun\/#\/schema\/person\/2b1cf3cd81a31e3cd26889ca66d677f1"},"description":"De nombreux acteurs de la sc\u00e8ne publique camerounaise ont exprim\u00e9 leur d\u00e9ception apr\u00e8s la pr\u00e9sentation, le 14 d\u00e9cembre, ...","breadcrumb":{"@id":"https:\/\/www.africa-press.net\/cameroun\/divers\/tara-la-mascotte-du-chan-2020-suscite-lire-des-internautes#breadcrumb"},"inLanguage":"fr-FR","potentialAction":[{"@type":"ReadAction","target":["https:\/\/www.africa-press.net\/cameroun\/divers\/tara-la-mascotte-du-chan-2020-suscite-lire-des-internautes"]}]},{"@type":"ImageObject","inLanguage":"fr-FR","@id":"https:\/\/www.africa-press.net\/cameroun\/divers\/tara-la-mascotte-du-chan-2020-suscite-lire-des-internautes#primaryimage","url":"https:\/\/static.africa-press.net\/centrafricaine\/sites\/57\/2020\/12\/img-5fe93937eed5c.jpg","contentUrl":"https:\/\/static.africa-press.net\/centrafricaine\/sites\/57\/2020\/12\/img-5fe93937eed5c.jpg","width":640,"height":320,"caption":"Cameroun : \u00ab Tara \u00bb, la mascotte du CHAN 2020, suscite l\u2019ire des internautes"},{"@type":"BreadcrumbList","@id":"https:\/\/www.africa-press.net\/cameroun\/divers\/tara-la-mascotte-du-chan-2020-suscite-lire-des-internautes#breadcrumb","itemListElement":[{"@type":"ListItem","position":1,"name":"Accueil","item":"https:\/\/www.africa-press.net\/cameroun\/"},{"@type":"ListItem","position":2,"name":"\u00ab Tara \u00bb, la mascotte du CHAN 2020, suscite l\u2019ire des internautes"}]},{"@type":"WebSite","@id":"https:\/\/www.africa-press.net\/cameroun\/#website","url":"https:\/\/www.africa-press.net\/cameroun\/","name":"Cameroun","description":"Just another Africa News Agency Sites site","potentialAction":[{"@type":"SearchAction","target":{"@type":"EntryPoint","urlTemplate":"https:\/\/www.africa-press.net\/cameroun\/?s={search_term_string}"},"query-input":{"@type":"PropertyValueSpecification","valueRequired":true,"valueName":"search_term_string"}}],"inLanguage":"fr-FR"},{"@type":"Person","@id":"https:\/\/www.africa-press.net\/cameroun\/#\/schema\/person\/2b1cf3cd81a31e3cd26889ca66d677f1","name":"cfeditorfr"}]}},"_links":{"self":[{"href":"https:\/\/www.africa-press.net\/cameroun\/wp-json\/wp\/v2\/posts\/855","targetHints":{"allow":["GET"]}}],"collection":[{"href":"https:\/\/www.africa-press.net\/cameroun\/wp-json\/wp\/v2\/posts"}],"about":[{"href":"https:\/\/www.africa-press.net\/cameroun\/wp-json\/wp\/v2\/types\/post"}],"author":[{"embeddable":true,"href":"https:\/\/www.africa-press.net\/cameroun\/wp-json\/wp\/v2\/users\/82"}],"replies":[{"embeddable":true,"href":"https:\/\/www.africa-press.net\/cameroun\/wp-json\/wp\/v2\/comments?post=855"}],"version-history":[{"count":0,"href":"https:\/\/www.africa-press.net\/cameroun\/wp-json\/wp\/v2\/posts\/855\/revisions"}],"wp:featuredmedia":[{"embeddable":true,"href":"https:\/\/www.africa-press.net\/cameroun\/wp-json\/wp\/v2\/media\/854"}],"wp:attachment":[{"href":"https:\/\/www.africa-press.net\/cameroun\/wp-json\/wp\/v2\/media?parent=855"}],"wp:term":[{"taxonomy":"category","embeddable":true,"href":"https:\/\/www.africa-press.net\/cameroun\/wp-json\/wp\/v2\/categories?post=855"},{"taxonomy":"post_tag","embeddable":true,"href":"https:\/\/www.africa-press.net\/cameroun\/wp-json\/wp\/v2\/tags?post=855"}],"curies":[{"name":"wp","href":"https:\/\/api.w.org\/{rel}","templated":true}]}}