{"id":884,"date":"2020-12-28T03:48:53","date_gmt":"2020-12-28T03:48:53","guid":{"rendered":"https:\/\/www.africa-press.com\/cameroun\/?p=884"},"modified":"2020-12-28T04:00:49","modified_gmt":"2020-12-28T04:00:49","slug":"le-vivre-ensemble-mis-a-rude-epreuve","status":"publish","type":"post","link":"https:\/\/www.africa-press.net\/cameroun\/dossiers\/le-vivre-ensemble-mis-a-rude-epreuve","title":{"rendered":"le \u00ab\u00a0vivre-ensemble\u00a0\u00bb mis \u00e0 rude \u00e9preuve"},"content":{"rendered":"<p><span style=\"color: #ff6600\"><strong><a href=\"https:\/\/www.africa-press.com\">Africa-Press<\/a> &#8211; <a href=\"https:\/\/www.africa-press.com\/cameroun\">Cameroun<\/a>. <\/strong><\/span>Les tensions politico-ethniques, exacerb\u00e9es par la rivalit\u00e9 entre le camp de l\u2019opposant Maurice Kamto et celui du pr\u00e9sident Paul Biya, prennent une dangereuse tournure. Le \u00ab vivre-ensemble \u00bb camerounais n\u2019est toutefois pas condamn\u00e9 \u00e0 l\u2019oubli.<\/p>\n<p>L\u2019assignation \u00e0 r\u00e9sidence depuis septembre du principal leader de l\u2019opposition, Maurice Kamto, et l\u2019arrestation de plusieurs responsables de son parti ces derni\u00e8res semaines, ont rappel\u00e9 \u00e0 tous, si besoin en \u00e9tait, les tensions politiques qui \u00e9maillent la vie politique camerounaise. Or, ces derni\u00e8res ont pris une dangereuse tournure depuis l\u2019\u00e9lection pr\u00e9sidentielle contest\u00e9e de 2018 et se doublent d\u00e9sormais de plus en plus d\u2019invectives \u00e0 caract\u00e8re ethnique articul\u00e9es autour de la rivalit\u00e9 entre le camp Maurice Kamto, un Bamil\u00e9k\u00e9, et celui du chef de l\u2019\u00c9tat Paul Biya, un Bulu b\u00e9n\u00e9ficiant \u00e9galement du soutien de nombreux Beti.<\/p>\n<p>Dans un pays qui se targue de la relative harmonie dans laquelle cohabitent les quelque 250 groupes ethniques le composant, le ph\u00e9nom\u00e8ne est particuli\u00e8rement inqui\u00e9tant, alors que la stabilit\u00e9 du Cameroun est d\u00e9j\u00e0 mise \u00e0 mal par un conflit dans les r\u00e9gions anglophones et une insurrection islamique dans le nord du pays. Une intensification des ces tensions politico-ethniques pourrait par ailleurs s\u2019av\u00e9rer dangereuse du fait que pouvoir et opposition se positionnent progressivement dans l\u2019espoir d\u2019un retrait \u00e9ventuel de Paul Biya, \u00e2g\u00e9 de 87 ans et au pouvoir depuis 1982.<\/p>\n<p>Le \u00ab vivre-ensemble \u00bb camerounais qui structure les relations entre les communaut\u00e9s ethniques et culturelles du pays n\u2019est cependant pas condamn\u00e9 \u00e0 l\u2019oubli. L\u2019entame d\u2019un vrai dialogue entre pouvoir et opposition sur les r\u00e8gles du jeu \u00e9lectoral, l\u2019adoption de nouvelles lois sur la discrimination ethnique, l\u2019application des quotas r\u00e9gionaux au sein des institutions peuvent tous aider \u00e0 r\u00e9duire les risques de d\u00e9litement du tissu multi-ethnique camerounais. Les soci\u00e9t\u00e9s g\u00e9rant les r\u00e9seaux sociaux, o\u00f9 l\u2019essentiel de la haine ethnique est actuellement d\u00e9vers\u00e9e, devraient de leur c\u00f4t\u00e9 mettre en place de meilleurs garde-fous.<\/p>\n<p>Les tensions actuelles trouvent leur origine dans le conflit entre le parti au pouvoir, le Rassemblement d\u00e9mocratique du peuple camerounais (RDPC), qui cherche \u00e0 monopoliser le pouvoir afin de garder la main sur l\u2019\u00e9ventuelle transition post-Biya, et les autres pr\u00e9tendants au poste, dont Maurice Kamto.<\/p>\n<p>La controverse autour de l\u2019\u00e9lection de 2018, que beaucoup d\u2019observateurs estiment entach\u00e9e d\u2019irr\u00e9gularit\u00e9s et dont l\u2019opposition continue de contester le r\u00e9sultat, ont creus\u00e9 le foss\u00e9 grandissant entre pouvoir et opposition. Depuis, le Mouvement pour la renaissance du Cameroun (MRC) fustige l\u2019absence de r\u00e9formes \u00e9lectorales, a boycott\u00e9 les l\u00e9gislatives et municipales de f\u00e9vrier 2020 et annonc\u00e9 qu\u2019il boycottera les r\u00e9gionales du 6 d\u00e9cembre, conteste la gestion de la crise de Covid-19 et du conflit anglophone qui ne cesse d\u2019empirer, et r\u00e9clame le d\u00e9part du pr\u00e9sident Biya.<\/p>\n<p>En d\u00e9pit des avertissements avis\u00e9s d\u2019acteurs camerounais influents craignant que les diatribes politiques ne g\u00e9n\u00e8rent un conflit ethnique, ces tensions politiques ont de plus en plus \u00e9t\u00e9 assimil\u00e9es \u00e0 une course au pouvoir entre Bulu et Beti, per\u00e7us comme partisans du pr\u00e9sident, d\u2019une part, et Bamil\u00e9k\u00e9, le groupe ethnique auquel appartient Kamto, de l\u2019autre.<\/p>\n<p>Dans le sud du pays, ces tensions semblent avoir contribu\u00e9, en 2019, \u00e0 des \u00e9meutes orchestr\u00e9es par des Bulu, indig\u00e8nes, contre des Bamoun et Bamil\u00e9k\u00e9 originaires de l\u2019Ouest, sur fond de tensions sous-jacentes concernant les droits fonciers et l\u2019acc\u00e8s \u00e0 des emplacements commerciaux. Le 10 octobre 2019, des centaines d\u2019habitants de Sangmelima ont attaqu\u00e9 des Bamil\u00e9k\u00e9, Bamoun et des nordistes avec des b\u00e2tons et des pierres, d\u00e9truit leurs biens et pill\u00e9 leurs magasins apr\u00e8s qu\u2019un Bamoun avait \u00e9t\u00e9 accus\u00e9 de complicit\u00e9 dans le meurtre d\u2019un moto-taximan.<\/p>\n<p>Les noms d\u2019oiseaux, st\u00e9r\u00e9otypes ethniques n\u00e9gatifs, ainsi que les appels \u00e0 la violence volent d\u00e9sormais, particuli\u00e8rement sur les r\u00e9seaux sociaux \u2013 et principalement Facebook -, o\u00f9 la discorde a trouv\u00e9 une caisse de r\u00e9sonance particuli\u00e8rement puissante.<\/p>\n<p>Pouvoir et opposition n\u2019ont pour l\u2019heure rien fait pour endiguer cette spirale n\u00e9gative. Les mesures prises par le gouvernement au nom de la lutte contre les propos haineux ne sont g\u00e9n\u00e9ralement que des \u00e9crans de fum\u00e9e pour r\u00e9primer les opposants tandis que l\u2019opposition en a fait tout aussi peu pour mod\u00e9rer le ton de ses sympathisants, rejetant la responsabilit\u00e9 sur le gouvernement, accus\u00e9 d\u2019avoir tribalis\u00e9 la sc\u00e8ne politique pour diviser les Camerounais oppos\u00e9s \u00e0 Biya.<\/p>\n<p>Les tensions politico-ethniques actuelles pourraient avoir des cons\u00e9quences d\u00e9sastreuses si elles s\u2019intensifient, et potentiellement mener jusqu\u2019\u00e0 un cycle meurtrier de manifestation et r\u00e9pression si pouvoir et opposition ne trouvent pas les moyens de les apaiser. Le risque d\u2019exacerbation est bien r\u00e9el : les conjectures au sujet du successeur potentiel de Paul Biya se multiplient, et les deux camps risquent de se tourner vers leurs propres groupes ethniques pour mobiliser des soutiens.<\/p>\n<p>Les responsables du parti au pouvoir et de l\u2019opposition devraient trouver le moyen de discuter de leurs diff\u00e9rends au sujet des \u00e9lections r\u00e9centes, et le gouvernement tirer les conclusions de cette concertation pour engager des r\u00e9formes \u00e9lectorales rendant le processus plus transparent. Dans le m\u00eame temps, les autorit\u00e9s pourraient renforcer les lois sanctionnant la discrimination ethnique ainsi que donner une plus grande marge de man\u0153uvre \u00e0 la Commission nationale pour la promotion du bilinguisme et du multiculturalisme, charg\u00e9e de combattre cette discrimination.<\/p>\n<p>Enfin, les compagnies de r\u00e9seaux sociaux ont elles aussi un r\u00f4le \u00e0 jouer pour s\u2019assurer que leurs plateformes ne deviennent pas des catalyseurs de soul\u00e8vement social et d\u2019effusion de sang. Pour cela, elles devraient augmenter leurs capacit\u00e9s \u00e0 identifier et retirer les contenus haineux propres au Cameroun.<\/p>\n<p>Celui qui gouverne \u00e0 la destin\u00e9e du Cameroun depuis 1982 pourrait \u00eatre tent\u00e9 de r\u00e9sister \u00e0 des mesures per\u00e7ues comme mena\u00e7ant son pouvoir ou celui de son parti. Pourtant, Paul Biya ne devrait trouver aucun int\u00e9r\u00eat \u00e0 laisser derri\u00e8re lui un pays divis\u00e9 par les tensions ethniques s\u2019ajoutant \u00e0 des vell\u00e9it\u00e9s s\u00e9paratistes. Gageons qu\u2019il comprendra que c\u2019est son h\u00e9ritage qui est en jeu.<\/p>\n","protected":false},"excerpt":{"rendered":"<p>Africa-Press &#8211; Cameroun. Les tensions politico-ethniques, exacerb\u00e9es par la rivalit\u00e9 entre le camp de l\u2019opposant Maurice Kamto et celui du pr\u00e9sident Paul Biya, prennent une dangereuse tournure. Le \u00ab vivre-ensemble \u00bb camerounais n\u2019est toutefois pas condamn\u00e9 \u00e0 l\u2019oubli. L\u2019assignation \u00e0 r\u00e9sidence depuis septembre du principal leader de l\u2019opposition, Maurice Kamto, et l\u2019arrestation de plusieurs responsables [&hellip;]<\/p>\n","protected":false},"author":82,"featured_media":883,"comment_status":"open","ping_status":"closed","sticky":false,"template":"","format":"standard","meta":{"footnotes":""},"categories":[7,11,10],"tags":[36,50,49],"class_list":["post-884","post","type-post","status-publish","format-standard","has-post-thumbnail","hentry","category-dossiers","category-homepage-french","category-toutes-les-actualites","tag-africa-press","tag-africa-press-cameroun","tag-cameroun"],"yoast_head":"<!-- This site is optimized with the Yoast SEO Premium plugin v26.1 (Yoast SEO v27.0) - https:\/\/yoast.com\/product\/yoast-seo-premium-wordpress\/ -->\n<title>le \u00ab\u00a0vivre-ensemble\u00a0\u00bb mis \u00e0 rude \u00e9preuve - Cameroun<\/title>\n<meta name=\"description\" content=\"Les tensions politico-ethniques, exacerb\u00e9es par la rivalit\u00e9 entre le camp de l\u2019opposant Maurice Kamto et celui du pr\u00e9sid ...\" \/>\n<meta name=\"robots\" content=\"index, follow, max-snippet:-1, max-image-preview:large, max-video-preview:-1\" \/>\n<link rel=\"canonical\" href=\"https:\/\/www.africa-press.net\/cameroun\/dossiers\/le-vivre-ensemble-mis-a-rude-epreuve\" \/>\n<meta property=\"og:locale\" content=\"fr_FR\" \/>\n<meta property=\"og:type\" content=\"article\" \/>\n<meta property=\"og:title\" content=\"le \u00ab\u00a0vivre-ensemble\u00a0\u00bb mis \u00e0 rude \u00e9preuve\" \/>\n<meta property=\"og:description\" content=\"Les tensions politico-ethniques, exacerb\u00e9es par la rivalit\u00e9 entre le camp de l\u2019opposant Maurice Kamto et celui du pr\u00e9sid ...\" \/>\n<meta property=\"og:url\" content=\"https:\/\/www.africa-press.net\/cameroun\/dossiers\/le-vivre-ensemble-mis-a-rude-epreuve\" \/>\n<meta property=\"og:site_name\" content=\"Cameroun\" \/>\n<meta property=\"article:published_time\" content=\"2020-12-28T03:48:53+00:00\" \/>\n<meta property=\"article:modified_time\" content=\"2020-12-28T04:00:49+00:00\" \/>\n<meta property=\"og:image\" content=\"https:\/\/static.africa-press.net\/centrafricaine\/sites\/57\/2020\/12\/img-5fe94f8558a58.jpg\" \/>\n\t<meta property=\"og:image:width\" content=\"640\" \/>\n\t<meta property=\"og:image:height\" content=\"320\" \/>\n\t<meta property=\"og:image:type\" content=\"image\/jpeg\" \/>\n<meta name=\"author\" content=\"cfeditorfr\" \/>\n<meta name=\"twitter:card\" content=\"summary_large_image\" \/>\n<meta name=\"twitter:label1\" content=\"\u00c9crit par\" \/>\n\t<meta name=\"twitter:data1\" content=\"cfeditorfr\" \/>\n\t<meta name=\"twitter:label2\" content=\"Dur\u00e9e de lecture estim\u00e9e\" \/>\n\t<meta name=\"twitter:data2\" content=\"5 minutes\" \/>\n<script type=\"application\/ld+json\" class=\"yoast-schema-graph\">{\"@context\":\"https:\/\/schema.org\",\"@graph\":[{\"@type\":\"Article\",\"@id\":\"https:\/\/www.africa-press.net\/cameroun\/dossiers\/le-vivre-ensemble-mis-a-rude-epreuve#article\",\"isPartOf\":{\"@id\":\"https:\/\/www.africa-press.net\/cameroun\/dossiers\/le-vivre-ensemble-mis-a-rude-epreuve\"},\"author\":{\"name\":\"cfeditorfr\",\"@id\":\"https:\/\/www.africa-press.net\/cameroun\/#\/schema\/person\/2b1cf3cd81a31e3cd26889ca66d677f1\"},\"headline\":\"le \u00ab\u00a0vivre-ensemble\u00a0\u00bb mis \u00e0 rude \u00e9preuve\",\"datePublished\":\"2020-12-28T03:48:53+00:00\",\"dateModified\":\"2020-12-28T04:00:49+00:00\",\"mainEntityOfPage\":{\"@id\":\"https:\/\/www.africa-press.net\/cameroun\/dossiers\/le-vivre-ensemble-mis-a-rude-epreuve\"},\"wordCount\":1077,\"commentCount\":0,\"image\":{\"@id\":\"https:\/\/www.africa-press.net\/cameroun\/dossiers\/le-vivre-ensemble-mis-a-rude-epreuve#primaryimage\"},\"thumbnailUrl\":\"https:\/\/static.africa-press.net\/centrafricaine\/sites\/57\/2020\/12\/img-5fe94f8558a58.jpg\",\"keywords\":[\"Africa Press\",\"Africa Press-Cameroun\",\"Cameroun\"],\"articleSection\":[\"Dossiers\",\"homepage-french\",\"Toutes les actualit\u00e9s\"],\"inLanguage\":\"fr-FR\",\"potentialAction\":[{\"@type\":\"CommentAction\",\"name\":\"Comment\",\"target\":[\"https:\/\/www.africa-press.net\/cameroun\/dossiers\/le-vivre-ensemble-mis-a-rude-epreuve#respond\"]}]},{\"@type\":\"WebPage\",\"@id\":\"https:\/\/www.africa-press.net\/cameroun\/dossiers\/le-vivre-ensemble-mis-a-rude-epreuve\",\"url\":\"https:\/\/www.africa-press.net\/cameroun\/dossiers\/le-vivre-ensemble-mis-a-rude-epreuve\",\"name\":\"le \u00ab\u00a0vivre-ensemble\u00a0\u00bb mis \u00e0 rude \u00e9preuve - Cameroun\",\"isPartOf\":{\"@id\":\"https:\/\/www.africa-press.net\/cameroun\/#website\"},\"primaryImageOfPage\":{\"@id\":\"https:\/\/www.africa-press.net\/cameroun\/dossiers\/le-vivre-ensemble-mis-a-rude-epreuve#primaryimage\"},\"image\":{\"@id\":\"https:\/\/www.africa-press.net\/cameroun\/dossiers\/le-vivre-ensemble-mis-a-rude-epreuve#primaryimage\"},\"thumbnailUrl\":\"https:\/\/static.africa-press.net\/centrafricaine\/sites\/57\/2020\/12\/img-5fe94f8558a58.jpg\",\"datePublished\":\"2020-12-28T03:48:53+00:00\",\"dateModified\":\"2020-12-28T04:00:49+00:00\",\"author\":{\"@id\":\"https:\/\/www.africa-press.net\/cameroun\/#\/schema\/person\/2b1cf3cd81a31e3cd26889ca66d677f1\"},\"description\":\"Les tensions politico-ethniques, exacerb\u00e9es par la rivalit\u00e9 entre le camp de l\u2019opposant Maurice Kamto et celui du pr\u00e9sid ...\",\"breadcrumb\":{\"@id\":\"https:\/\/www.africa-press.net\/cameroun\/dossiers\/le-vivre-ensemble-mis-a-rude-epreuve#breadcrumb\"},\"inLanguage\":\"fr-FR\",\"potentialAction\":[{\"@type\":\"ReadAction\",\"target\":[\"https:\/\/www.africa-press.net\/cameroun\/dossiers\/le-vivre-ensemble-mis-a-rude-epreuve\"]}]},{\"@type\":\"ImageObject\",\"inLanguage\":\"fr-FR\",\"@id\":\"https:\/\/www.africa-press.net\/cameroun\/dossiers\/le-vivre-ensemble-mis-a-rude-epreuve#primaryimage\",\"url\":\"https:\/\/static.africa-press.net\/centrafricaine\/sites\/57\/2020\/12\/img-5fe94f8558a58.jpg\",\"contentUrl\":\"https:\/\/static.africa-press.net\/centrafricaine\/sites\/57\/2020\/12\/img-5fe94f8558a58.jpg\",\"width\":640,\"height\":320,\"caption\":\"[Tribune] Cameroun : le \u00ab\u00a0vivre-ensemble\u00a0\u00bb mis \u00e0 rude \u00e9preuve\"},{\"@type\":\"BreadcrumbList\",\"@id\":\"https:\/\/www.africa-press.net\/cameroun\/dossiers\/le-vivre-ensemble-mis-a-rude-epreuve#breadcrumb\",\"itemListElement\":[{\"@type\":\"ListItem\",\"position\":1,\"name\":\"Accueil\",\"item\":\"https:\/\/www.africa-press.net\/cameroun\/\"},{\"@type\":\"ListItem\",\"position\":2,\"name\":\"le \u00ab\u00a0vivre-ensemble\u00a0\u00bb mis \u00e0 rude \u00e9preuve\"}]},{\"@type\":\"WebSite\",\"@id\":\"https:\/\/www.africa-press.net\/cameroun\/#website\",\"url\":\"https:\/\/www.africa-press.net\/cameroun\/\",\"name\":\"Cameroun\",\"description\":\"Just another Africa News Agency Sites site\",\"potentialAction\":[{\"@type\":\"SearchAction\",\"target\":{\"@type\":\"EntryPoint\",\"urlTemplate\":\"https:\/\/www.africa-press.net\/cameroun\/?s={search_term_string}\"},\"query-input\":{\"@type\":\"PropertyValueSpecification\",\"valueRequired\":true,\"valueName\":\"search_term_string\"}}],\"inLanguage\":\"fr-FR\"},{\"@type\":\"Person\",\"@id\":\"https:\/\/www.africa-press.net\/cameroun\/#\/schema\/person\/2b1cf3cd81a31e3cd26889ca66d677f1\",\"name\":\"cfeditorfr\"}]}<\/script>\n<!-- \/ Yoast SEO Premium plugin. -->","yoast_head_json":{"title":"le \u00ab\u00a0vivre-ensemble\u00a0\u00bb mis \u00e0 rude \u00e9preuve - Cameroun","description":"Les tensions politico-ethniques, exacerb\u00e9es par la rivalit\u00e9 entre le camp de l\u2019opposant Maurice Kamto et celui du pr\u00e9sid ...","robots":{"index":"index","follow":"follow","max-snippet":"max-snippet:-1","max-image-preview":"max-image-preview:large","max-video-preview":"max-video-preview:-1"},"canonical":"https:\/\/www.africa-press.net\/cameroun\/dossiers\/le-vivre-ensemble-mis-a-rude-epreuve","og_locale":"fr_FR","og_type":"article","og_title":"le \u00ab\u00a0vivre-ensemble\u00a0\u00bb mis \u00e0 rude \u00e9preuve","og_description":"Les tensions politico-ethniques, exacerb\u00e9es par la rivalit\u00e9 entre le camp de l\u2019opposant Maurice Kamto et celui du pr\u00e9sid ...","og_url":"https:\/\/www.africa-press.net\/cameroun\/dossiers\/le-vivre-ensemble-mis-a-rude-epreuve","og_site_name":"Cameroun","article_published_time":"2020-12-28T03:48:53+00:00","article_modified_time":"2020-12-28T04:00:49+00:00","og_image":[{"width":640,"height":320,"url":"https:\/\/static.africa-press.net\/centrafricaine\/sites\/57\/2020\/12\/img-5fe94f8558a58.jpg","type":"image\/jpeg"}],"author":"cfeditorfr","twitter_card":"summary_large_image","twitter_misc":{"\u00c9crit par":"cfeditorfr","Dur\u00e9e de lecture estim\u00e9e":"5 minutes"},"schema":{"@context":"https:\/\/schema.org","@graph":[{"@type":"Article","@id":"https:\/\/www.africa-press.net\/cameroun\/dossiers\/le-vivre-ensemble-mis-a-rude-epreuve#article","isPartOf":{"@id":"https:\/\/www.africa-press.net\/cameroun\/dossiers\/le-vivre-ensemble-mis-a-rude-epreuve"},"author":{"name":"cfeditorfr","@id":"https:\/\/www.africa-press.net\/cameroun\/#\/schema\/person\/2b1cf3cd81a31e3cd26889ca66d677f1"},"headline":"le \u00ab\u00a0vivre-ensemble\u00a0\u00bb mis \u00e0 rude \u00e9preuve","datePublished":"2020-12-28T03:48:53+00:00","dateModified":"2020-12-28T04:00:49+00:00","mainEntityOfPage":{"@id":"https:\/\/www.africa-press.net\/cameroun\/dossiers\/le-vivre-ensemble-mis-a-rude-epreuve"},"wordCount":1077,"commentCount":0,"image":{"@id":"https:\/\/www.africa-press.net\/cameroun\/dossiers\/le-vivre-ensemble-mis-a-rude-epreuve#primaryimage"},"thumbnailUrl":"https:\/\/static.africa-press.net\/centrafricaine\/sites\/57\/2020\/12\/img-5fe94f8558a58.jpg","keywords":["Africa Press","Africa Press-Cameroun","Cameroun"],"articleSection":["Dossiers","homepage-french","Toutes les actualit\u00e9s"],"inLanguage":"fr-FR","potentialAction":[{"@type":"CommentAction","name":"Comment","target":["https:\/\/www.africa-press.net\/cameroun\/dossiers\/le-vivre-ensemble-mis-a-rude-epreuve#respond"]}]},{"@type":"WebPage","@id":"https:\/\/www.africa-press.net\/cameroun\/dossiers\/le-vivre-ensemble-mis-a-rude-epreuve","url":"https:\/\/www.africa-press.net\/cameroun\/dossiers\/le-vivre-ensemble-mis-a-rude-epreuve","name":"le \u00ab\u00a0vivre-ensemble\u00a0\u00bb mis \u00e0 rude \u00e9preuve - Cameroun","isPartOf":{"@id":"https:\/\/www.africa-press.net\/cameroun\/#website"},"primaryImageOfPage":{"@id":"https:\/\/www.africa-press.net\/cameroun\/dossiers\/le-vivre-ensemble-mis-a-rude-epreuve#primaryimage"},"image":{"@id":"https:\/\/www.africa-press.net\/cameroun\/dossiers\/le-vivre-ensemble-mis-a-rude-epreuve#primaryimage"},"thumbnailUrl":"https:\/\/static.africa-press.net\/centrafricaine\/sites\/57\/2020\/12\/img-5fe94f8558a58.jpg","datePublished":"2020-12-28T03:48:53+00:00","dateModified":"2020-12-28T04:00:49+00:00","author":{"@id":"https:\/\/www.africa-press.net\/cameroun\/#\/schema\/person\/2b1cf3cd81a31e3cd26889ca66d677f1"},"description":"Les tensions politico-ethniques, exacerb\u00e9es par la rivalit\u00e9 entre le camp de l\u2019opposant Maurice Kamto et celui du pr\u00e9sid ...","breadcrumb":{"@id":"https:\/\/www.africa-press.net\/cameroun\/dossiers\/le-vivre-ensemble-mis-a-rude-epreuve#breadcrumb"},"inLanguage":"fr-FR","potentialAction":[{"@type":"ReadAction","target":["https:\/\/www.africa-press.net\/cameroun\/dossiers\/le-vivre-ensemble-mis-a-rude-epreuve"]}]},{"@type":"ImageObject","inLanguage":"fr-FR","@id":"https:\/\/www.africa-press.net\/cameroun\/dossiers\/le-vivre-ensemble-mis-a-rude-epreuve#primaryimage","url":"https:\/\/static.africa-press.net\/centrafricaine\/sites\/57\/2020\/12\/img-5fe94f8558a58.jpg","contentUrl":"https:\/\/static.africa-press.net\/centrafricaine\/sites\/57\/2020\/12\/img-5fe94f8558a58.jpg","width":640,"height":320,"caption":"[Tribune] Cameroun : le \u00ab\u00a0vivre-ensemble\u00a0\u00bb mis \u00e0 rude \u00e9preuve"},{"@type":"BreadcrumbList","@id":"https:\/\/www.africa-press.net\/cameroun\/dossiers\/le-vivre-ensemble-mis-a-rude-epreuve#breadcrumb","itemListElement":[{"@type":"ListItem","position":1,"name":"Accueil","item":"https:\/\/www.africa-press.net\/cameroun\/"},{"@type":"ListItem","position":2,"name":"le \u00ab\u00a0vivre-ensemble\u00a0\u00bb mis \u00e0 rude \u00e9preuve"}]},{"@type":"WebSite","@id":"https:\/\/www.africa-press.net\/cameroun\/#website","url":"https:\/\/www.africa-press.net\/cameroun\/","name":"Cameroun","description":"Just another Africa News Agency Sites site","potentialAction":[{"@type":"SearchAction","target":{"@type":"EntryPoint","urlTemplate":"https:\/\/www.africa-press.net\/cameroun\/?s={search_term_string}"},"query-input":{"@type":"PropertyValueSpecification","valueRequired":true,"valueName":"search_term_string"}}],"inLanguage":"fr-FR"},{"@type":"Person","@id":"https:\/\/www.africa-press.net\/cameroun\/#\/schema\/person\/2b1cf3cd81a31e3cd26889ca66d677f1","name":"cfeditorfr"}]}},"_links":{"self":[{"href":"https:\/\/www.africa-press.net\/cameroun\/wp-json\/wp\/v2\/posts\/884","targetHints":{"allow":["GET"]}}],"collection":[{"href":"https:\/\/www.africa-press.net\/cameroun\/wp-json\/wp\/v2\/posts"}],"about":[{"href":"https:\/\/www.africa-press.net\/cameroun\/wp-json\/wp\/v2\/types\/post"}],"author":[{"embeddable":true,"href":"https:\/\/www.africa-press.net\/cameroun\/wp-json\/wp\/v2\/users\/82"}],"replies":[{"embeddable":true,"href":"https:\/\/www.africa-press.net\/cameroun\/wp-json\/wp\/v2\/comments?post=884"}],"version-history":[{"count":0,"href":"https:\/\/www.africa-press.net\/cameroun\/wp-json\/wp\/v2\/posts\/884\/revisions"}],"wp:featuredmedia":[{"embeddable":true,"href":"https:\/\/www.africa-press.net\/cameroun\/wp-json\/wp\/v2\/media\/883"}],"wp:attachment":[{"href":"https:\/\/www.africa-press.net\/cameroun\/wp-json\/wp\/v2\/media?parent=884"}],"wp:term":[{"taxonomy":"category","embeddable":true,"href":"https:\/\/www.africa-press.net\/cameroun\/wp-json\/wp\/v2\/categories?post=884"},{"taxonomy":"post_tag","embeddable":true,"href":"https:\/\/www.africa-press.net\/cameroun\/wp-json\/wp\/v2\/tags?post=884"}],"curies":[{"name":"wp","href":"https:\/\/api.w.org\/{rel}","templated":true}]}}