{"id":90371,"date":"2025-07-20T02:11:50","date_gmt":"2025-07-20T02:11:50","guid":{"rendered":"https:\/\/www.africa-press.net\/cameroun\/politique\/biya-cible-un-8e-mandat-avant-son-centenaire"},"modified":"2025-08-03T01:46:54","modified_gmt":"2025-08-03T01:46:54","slug":"biya-cible-un-8e-mandat-avant-son-centenaire","status":"publish","type":"post","link":"https:\/\/www.africa-press.net\/cameroun\/dossiers\/biya-cible-un-8e-mandat-avant-son-centenaire","title":{"rendered":"Biya Cible un 8E Mandat Avant Son Centenaire"},"content":{"rendered":"<p><b>Anouar CHENNOUFI <\/b><\/p>\n<p><span style=\"color: #ff6600\"><strong>Africa-Press &#8211; Cameroun. <\/strong><\/span>Nous avons appris ces derniers jours que le pre\u0301sident du Cameroun, Paul Biya, 92 ans, conside\u0301re\u0301 comme le doyen de tous les E\u0301tats du monde, a annonce\u0301 sa candidature a\u0300 la pre\u0301sidence du pays, pour un huitie\u0300me mandat, malgre\u0301 que ses proble\u0300mes de sante\u0301 ne sont pas passe\u0301s inaperc\u0327us.<\/p>\n<p>En effet, Paul Biya a de\u0301clare\u0301 sur son compte \u00ab X \u00bb (ex-Twitter) qu&rsquo;il briguerait un nouveau mandat lors de l&rsquo;e\u0301lection pre\u0301sidentielle pre\u0301vue le 12 octobre de l\u2019anne\u0301e en cours. Il a ainsi justifie\u0301 sa de\u0301cision: \u00ab Je suis candidat a\u0300 l&rsquo;e\u0301lection pre\u0301sidentielle. Soyez assure\u0301s que ma de\u0301termination a\u0300 vous servir est a\u0300 la hauteur des de\u0301fis auxquels nous sommes confronte\u0301s \u00bb.<\/p>\n<p>L\u2019actuel pre\u0301sident, certes, ne cache pas son envie de briguer un nouveau mandat qui pourrait le maintenir au pouvoir jusqu&rsquo;a\u0300 l&rsquo;approche de son \u00ab 100e anniversaire \u00bb, apre\u0300s avoir passe\u0301 pre\u0300s d&rsquo;un demi-sie\u0300cle au pouvoir, il y a plus de quarante ans, lorsque son pre\u0301de\u0301cesseur, Ahmadou Ahidjo, avait de\u0301missionne\u0301 en 1982 pour des raisons de \u00ab conditions de sante\u0301 \u00bb.<\/p>\n<p>Ne\u0301anmoins, son e\u0301tat de sante\u0301 a fait l&rsquo;objet de nombreuses spe\u0301culations, particulie\u0300rement au cours de l&rsquo;anne\u0301e dernie\u0300re, lorsqu&rsquo;il avait disparu de la sce\u0300ne publique pendant 42 jours, et quand des rumeurs de sa mort avaient circule\u0301 en novembre 2024, a\u0300 Gene\u0300ve.<\/p>\n<p>Cependant, le gouvernement avait de\u0301menti ces rumeurs, environ deux semaines plus tard, en interdisant toute discussion sur la sante\u0301 du pre\u0301sident, estimant qu&rsquo;il s&rsquo;agissait d&rsquo;une question de se\u0301curite\u0301 nationale.<\/p>\n<p>Biya apparait rarement, de\u0301le\u0301guant souvent ses responsabilite\u0301s a\u0300 son puissant Directeur du Cabinet Civil de la pre\u0301sidence de la Re\u0301publique, Samuel Mvondo Ayolo, quant a\u0300 sa candidature a\u0300 sa re\u0301e\u0301lection en tant que pre\u0301sident, qui e\u0301tait largement attendue, n&rsquo;a e\u0301te\u0301 officiellement confirme\u0301e que par sa publication sur le re\u0301seau social \u00ab X \u00bb, le dimanche 13 juillet.<\/p>\n<p>Cependant, les partis d&rsquo;opposition et certaines organisations de la socie\u0301te\u0301 civile ont critique\u0301 cette de\u0301cision, affirmant que son re\u0300gne prolonge\u0301 avait freine\u0301 le de\u0301veloppement e\u0301conomique ainsi que la de\u0301mocratisation dans le pays, alors que depuis l&rsquo;anne\u0301e dernie\u0300re, des membres du Rassemblement de\u0301mocratique du peuple camerounais (MPD), le parti au pouvoir, et d&rsquo;autres partisans e\u0301galement, ont publiquement appele\u0301 Biya a\u0300 briguer un nouveau mandat.<\/p>\n<p>Dans ce contexte, il importe de rappeler que Biya avait de\u0301ja\u0300 modifie\u0301 la Constitution en 2008, et aboli entre-autres la limitation du nombre de mandats pre\u0301sidentiels, lui permettant ainsi de se pre\u0301senter inde\u0301finiment.<\/p>\n<p><b>Qui soutient Paul Biya et tente de le maintenir en poste le plus longtemps possible?<\/b><\/p>\n<p>-\/- Ro\u0302le de la France dans le soutien de Paul Biya au Cameroun<\/p>\n<p>La France a historiquement joue\u0301 un ro\u0302le important dans le soutien accorde\u0301 au re\u0301gime de Paul Biya au Cameroun, notamment a\u0300 travers des relations politiques, e\u0301conomiques et militaires e\u0301troites.<\/p>\n<p>Ci-apre\u0300s quelques aspects cle\u0301s de ce soutien:<\/p>\n<p><b>1. Soutien politique et diplomatique<\/b><\/p>\n<p>Apre\u0300s l&rsquo;inde\u0301pendance du Cameroun en 1960, la France avait maintenu une forte influence a\u0300 travers une panoplie d\u2019accords de coope\u0301ration. Paul Biya, au pouvoir depuis 1982, a be\u0301ne\u0301ficie\u0301 de ce re\u0301seau diplomatique franc\u0327ais, notamment au sein de l&rsquo;ONU et dans d&rsquo;autres instances internationales, ou\u0300 la France a souvent e\u0301vite\u0301 de critiquer ouvertement son re\u0301gime.<\/p>\n<p>Idem pour le silence affiche\u0301 de la France sur les de\u0301rives autoritaires du pre\u0301sident camerounais. Malgre\u0301 les accusations de fraudes e\u0301lectorales, re\u0301pression politique et violations des droits de l&rsquo;homme, la France a longtemps adopte\u0301 une position prudente, privile\u0301giant la \u00ab stabilite\u0301 \u00bb pluto\u0302t que la de\u0301mocratisation.<\/p>\n<p><b>2. Soutien e\u0301conomique et financier<\/b><\/p>\n<p>Au niveau de l\u2019aide publique au de\u0301veloppement, la France a e\u0301te\u0301 un bailleur de fonds important pour le Cameroun, bien que certains fonds aient e\u0301te\u0301 critique\u0301s pour avoir renforce\u0301 un syste\u0300me cliente\u0301liste.<\/p>\n<p>Du point de vue \u00ab Investissements strate\u0301giques \u00bb, des entreprises franc\u0327aises telles que \u00ab Total, Bollore\u0301, Orange, etc. \u00bb, sont tre\u0300s pre\u0301sentes dans les secteurs cle\u0301s (e\u0301nergie, transports, te\u0301le\u0301coms), ce qui a parfois consolide\u0301 l&rsquo;e\u0301lite au pouvoir.<\/p>\n<p><b>3. Coope\u0301ration militaire et se\u0301curitaire<\/b><\/p>\n<p>La France a fourni un appui logistique et des formations aux forces de se\u0301curite\u0301 camerounaises, y compris celles accuse\u0301es d&rsquo;exactions dans la lutte contre \u00ab Boko Haram \u00bb et dans les re\u0301gions anglophones en crise.<\/p>\n<p>C\u2019est ainsi que, jusqu&rsquo;en 2020, la France maintenait une base militaire a\u0300 Douala dans le cadre d&rsquo;accords de de\u0301fense, renforc\u0327ant ainsi la coope\u0301ration se\u0301curitaire.<\/p>\n<p><b>4. Pressions accrues sur les droits de l&rsquo;homme<\/b><\/p>\n<p>Il faut dire que sous Macron, la France a le\u0301ge\u0300rement durci son discours, e\u0301voquant des pre\u0301occupations sur la gouvernance, mais sans rupture nette.<\/p>\n<p>Toutefois, une re\u0301duction progressive de l&rsquo;influence franc\u0327aise au Cameroun a e\u0301te\u0301 constate\u0301e, du fait que la Chine, la Russie et d&rsquo;autres acteurs ont gagne\u0301 du terrain, re\u0301duisant le monopole franc\u0327ais. Cependant, les liens e\u0301conomiques et se\u0301curitaires sont reste\u0301s forts.<\/p>\n<p><b>5. Accusations de complicite\u0301<\/b><\/p>\n<p>Des ONG n\u2019ont pas cache\u0301 leur cole\u0300re en de\u0301nonc\u0327ant le ro\u0302le de la France dans la perpe\u0301tuation d&rsquo;un re\u0301gime autoritaire, via son soutien indirect, faisant apparai\u0302tre un me\u0301contentement populaire. Effectivement, une partie de la jeunesse camerounaise rejette l&rsquo;he\u0301ritage \u00ab franc\u0327africain \u00bb, perc\u0327u comme un obstacle a\u0300 la de\u0301mocratie.<\/p>\n<p>Ces jeunes accusent la France de soutenir depuis longtemps Paul Biya pour des raisons ge\u0301opolitiques et e\u0301conomiques, malgre\u0301 les de\u0301rives autoritaires de son re\u0301gime. Bien que son influence relative diminue, elle reste un partenaire cle\u0301 du Cameroun, entre pragmatisme et critiques mode\u0301re\u0301es.<\/p>\n<p>-\/- Ro\u0302le de l\u2019occident dans le soutien du pre\u0301sident camerounais et d\u2019autres dirigeants africains<\/p>\n<p>La question du soutien occidental aux dirigeants africains, comme Paul Biya au Cameroun, est souvent complexe et lie\u0301e a\u0300 des inte\u0301re\u0302ts ge\u0301opolitiques, e\u0301conomiques et se\u0301curitaires.<\/p>\n<p>Voici donc quelques e\u0301le\u0301ments pour comprendre cette dynamique:<\/p>\n<p><b>a) Contexte politique au Cameroun<\/b><\/p>\n<p>Paul Biya, assis aux commandes pre\u0301sidentielles au Cameroun, depuis 1982, fu\u0302t re\u0301e\u0301lu plusieurs fois dans des scrutins conteste\u0301s par l&rsquo;opposition et par les observateurs internationaux. Son long re\u0300gne de 43 ans exactement, est marque\u0301 par une stabilite\u0301 relative, mais aussi par des accusations de corruption, de re\u0301pression politique et de tensions, notamment dans les re\u0301gions anglophones (crise du Nord-ouest et du Sud-ouest).<\/p>\n<p><b>b) Position des pays occidentaux<\/b><\/p>\n<p>Les pays occidentaux (E\u0301tats-Unis, France, Union europe\u0301enne, etc.) soutiennent parfois des dirigeants controverse\u0301s pour des raisons strate\u0301giques<\/p>\n<p>De facto, le soutien occidental dont Paul Biya est \u00ab nanti \u00bb, n&rsquo;est pas unanime ni inconditionnel, mais il refle\u0300te une \u00ab realpolitik \u00bb ou\u0300 les principes de\u0301mocratiques passent parfois apre\u0300s les inte\u0301re\u0302ts strate\u0301giques. Cette situation alimente le cynisme envers la politique e\u0301trange\u0300re des pays occidentaux en Afrique.<\/p>\n<p>Comprendre ces facteurs:<\/p>\n<p>Stabilite\u0301 re\u0301gionale:<\/p>\n<p>Le Cameroun e\u0301tant un acteur cle\u0301 dans la lutte contre l\u2019organisation terroriste de Boko Haram et l&rsquo;extre\u0301misme en Afrique centrale.<\/p>\n<p>Inte\u0301re\u0302ts e\u0301conomiques:<\/p>\n<p>Le Cameroun posse\u0300de des ressources naturelles riches et varie\u0301es, dont on peut citer le pe\u0301trole, le bois, et l\u2019agriculture, ainsi que des partenariats avec des entreprises occidentales.<\/p>\n<p>Influence ge\u0301opolitique:<\/p>\n<p>Il faut se mettre a\u0300 l\u2019e\u0301vidence que, la France, notamment, entretient des relations historiques avec ses anciennes colonies, bien que cette influence soit de plus en plus critique\u0301e.<\/p>\n<p>En plus, officiellement, l&rsquo;Occident pro\u0302ne la de\u0301mocratie et les droits de l&rsquo;homme, mais dans les faits, il peut fermer les yeux sur les de\u0301rives autoritaires pour pre\u0301server ses inte\u0301re\u0302ts.<\/p>\n<p>A ce propos, on doit noter que la France a souvent e\u0301te\u0301 accuse\u0301e de soutenir Biya malgre\u0301 les irre\u0301gularite\u0301s e\u0301lectorales, tandis que les E\u0301tats-Unis adoptent parfois un discours plus critique.<\/p>\n<p><b>c) Critiques et contradictions<\/b><\/p>\n<p>Les ONG et les me\u0301dias internationaux de\u0301noncent re\u0301gulie\u0300rement ce double discours, qui affaiblit la cre\u0301dibilite\u0301 des de\u0301mocraties occidentales en Afrique, sachant que la jeunesse camerounaise et la diaspora sont de plus en plus mobilise\u0301es contre ce qu&rsquo;elles perc\u0327oivent comme une inge\u0301rence ou une complicite\u0301 e\u0301trange\u0300re.<\/p>\n<p><b>d) Alternatives et pressions<\/b><\/p>\n<p>Toujours dans le me\u0302me contexte, certains pays occidentaux conditionnent leur aide a\u0300 des re\u0301formes de\u0301mocratiques, mais sans rupture radicale, alors que la Chine et la Russie, concurrentes des puissances occidentales en Afrique, proposent quant a\u0300 elles des partenariats sans exigences politiques, ce qui complique la position de l&rsquo;Occident.<\/p>\n<p><b>L\u2019Opposition camerounaise et son ro\u0302le a\u0300 ce sujet<\/b><\/p>\n<p>Apre\u0300s la de\u0301mission de l&rsquo;ancien pre\u0301sident Ahmadou Ahidjo en 1982, et s&rsquo;appuyant sur une disposition constitutionnelle accordant au Premier ministre le droit d&rsquo;assumer la pre\u0301sidence en cas de vacance, Paul Biya avait continue\u0301 a\u0300 diriger le pays a\u0300 travers diffe\u0301rentes phases politiques, gra\u0302ce a\u0300 ses victoires conse\u0301cutives a\u0300 chaque e\u0301lection pre\u0301sidentielle depuis son accession au pouvoir.<\/p>\n<p>Le 26 avril 1991, Biya re\u0301tablit son poste de Premier ministre et de\u0301cre\u0301ta une amnistie ge\u0301ne\u0301rale le 30 avril de la me\u0302me anne\u0301e, notamment en faveur de nombreux opposants politiques et prisonniers d&rsquo;opinion. Cette amnistie visait a\u0300 apaiser la population et a\u0300 \u00ab cre\u0301er un climat propice au dialogue national et a\u0300 une transition pacifique vers un syste\u0300me multipartite \u00bb.<\/p>\n<p>Cette amnistie s&rsquo;inscrivait dans un contexte de pressions internes et externes, notamment une vague de protestations re\u0301clamant des re\u0301formes politiques et le multipartisme au de\u0301but des anne\u0301es 1990, en pleine pe\u0301riode de mouvement de libe\u0301ration politique qui balayait alors l&rsquo;Afrique. Elle e\u0301tait e\u0301galement impose\u0301e par la pression de la France, dont Biya tenait a\u0300 obtenir l&rsquo;approbation et recherchait le soutien inde\u0301fectible.<\/p>\n<p>Cependant, au cours de son mandat, il a du\u0302 faire face a\u0300 des de\u0301fis internes complexes, notamment le conflit qui a e\u0301clate\u0301 dans les re\u0301gions du nord, majoritairement musulmanes et anglophones, lorsque les manifestations appelant a\u0300 des re\u0301formes politiques en 2016 ont de\u0301ge\u0301ne\u0301re\u0301 en un conflit arme\u0301 qui a fait des milliers de morts.<\/p>\n<p><img loading=\"lazy\" decoding=\"async\" width=\"1260\" height=\"708\" class=\"alignnone wp-image-90368 size-full\" src=\"https:\/\/static.africa-press.net\/cameroun\/sites\/57\/2025\/08\/sm_1754172792.789569.jpg\" srcset=\"https:\/\/static.africa-press.net\/cameroun\/sites\/57\/2025\/08\/sm_1754172792.789569.jpg 1260w, https:\/\/static.africa-press.net\/cameroun\/sites\/57\/2025\/08\/sm_1754172792.789569-300x169.jpg 300w, https:\/\/static.africa-press.net\/cameroun\/sites\/57\/2025\/08\/sm_1754172792.789569-1024x575.jpg 1024w, https:\/\/static.africa-press.net\/cameroun\/sites\/57\/2025\/08\/sm_1754172792.789569-768x432.jpg 768w\" sizes=\"auto, (max-width: 1260px) 100vw, 1260px\" \/><\/p>\n<p>Dans cette nouvelle course a\u0300 la pre\u0301sidentielle d\u2019octobre 2025, Biya doit affronter plusieurs figures de l&rsquo;opposition, dont son dauphin de 2018, Maurice Kamto, du Mouvement pour la Renaissance du Cameroun, un avocat, universitaire et homme politique camerounais qui fu\u0302t l&rsquo;ancien ministre de\u0301le\u0301gue\u0301 a\u0300 la Justice, Joshua Osse\u0301, du Front Social De\u0301mocratique, et l&rsquo;avocat Akere Muna, du Parti de la Re\u0301conciliation Nationale du Cameroun, e\u0301galement candidat a\u0300 l&rsquo;e\u0301lection pre\u0301sidentielle camerounaise de 2018.<\/p>\n<p><b>Paul Biya et les candidatures de personnalite\u0301s de son entourage<\/b><\/p>\n<p>Il convient de noter que plusieurs allie\u0301s de longue date de Paul Biya ont re\u0301cemment fait de\u0301fection pour annoncer leur candidature a\u0300 la pre\u0301sidence, argumentant ainsi leur geste:<\/p>\n<p>\u00ab Apre\u0300s plus de 40 ans au pouvoir, le pays a besoin d&rsquo;un renouveau, et non d&rsquo;une re\u0301pe\u0301tition. Le peuple camerounais me\u0301rite un changement de\u0301mocratique et un leadership responsable \u00bb.<\/p>\n<p>Paralle\u0300lement, la sce\u0300ne politique a connu une activite\u0301 sans pre\u0301ce\u0301dent fin juin 2025, suite a\u0300 l&rsquo;annonce de deux autres personnalite\u0301s, affilie\u0301es au mouvement du pre\u0301sident Biya, de leur candidature a\u0300 la prochaine e\u0301lection pre\u0301sidentielle.<\/p>\n<p>a) L&rsquo;ancien ministre de l&rsquo;Emploi et de la Formation professionnelle et porte-parole du gouvernement, Issa Tchiroma Bakary, qui a annonce\u0301 sa candidature a\u0300 l&rsquo;e\u0301lection pre\u0301sidentielle le 26 juin 2025, au nom du Front national pour le salut du Cameroun.<\/p>\n<p>Cette annonce est intervenue seulement 24 heures apre\u0300s sa de\u0301mission de ses fonctions gouvernementales, de\u0301clarant que \u00ab le peuple camerounais est confronte\u0301 a\u0300 une opportunite\u0301 historique qu&rsquo;il doit saisir pour le changement et pour surmonter les difficulte\u0301s auxquelles les citoyens sont confronte\u0301s \u00bb.<\/p>\n<p>b) Le ministre du Tourisme et des loisirs, Bello Bouba Maigari, a annonce\u0301 le 30 juin dernier avoir accepte\u0301 d\u2019e\u0302tre le candidat du parti de \u00ab l&rsquo;Union nationale pour la de\u0301mocratie et le progre\u0300s \u00bb pour se pre\u0301sentera a\u0300 l&rsquo;e\u0301lection pre\u0301sidentielle de 2025.<\/p>\n<p><b>Re\u0301actions du clan des opposants et des jeunes<\/b><br \/>\n<img loading=\"lazy\" decoding=\"async\" width=\"854\" height=\"480\" class=\"alignnone wp-image-90369 size-full\" src=\"https:\/\/static.africa-press.net\/cameroun\/sites\/57\/2025\/08\/sm_1754172796.410558.jpg\" srcset=\"https:\/\/static.africa-press.net\/cameroun\/sites\/57\/2025\/08\/sm_1754172796.410558.jpg 854w, https:\/\/static.africa-press.net\/cameroun\/sites\/57\/2025\/08\/sm_1754172796.410558-300x169.jpg 300w, https:\/\/static.africa-press.net\/cameroun\/sites\/57\/2025\/08\/sm_1754172796.410558-768x432.jpg 768w\" sizes=\"auto, (max-width: 854px) 100vw, 854px\" \/><\/p>\n<p>Des spe\u0301cialiste des affaires africaines ont laisse\u0301 entendre qu\u2019: \u00ab Il n&rsquo;y a pas d&rsquo;opposition au Cameroun, seulement une opposition symbolique, formelle et timide. Dans ce pays, de ve\u0301ritables opposants politiques ont e\u0301te\u0301 e\u0301limine\u0301s, exclus, emprisonne\u0301s ou ont fui a\u0300 l&rsquo;e\u0301tranger. C&rsquo;est le cas dans la plupart des pays d&rsquo;Afrique subsaharienne, comme le Tchad, la Re\u0301publique de\u0301mocratique du Congo, entre autres \u00bb.<\/p>\n<p>\u00ab Bien qu\u2019il existe une opposition significative au maintien au pouvoir de Paul Biya au Cameroun, me\u0302me de la part du peuple lui-me\u0302me, il n\u2019existe pas de ve\u0301ritable opposition capable d\u2019y mettre fin par des e\u0301lections pre\u0301sidentielles ou par tout autre moyen \u00bb, ont-ils explique\u0301.<\/p>\n<p>En annonc\u0327ant sa candidature a\u0300 l\u2019e\u0301lection pre\u0301sidentielle camerounaise de 2025 a\u0300 l\u2019a\u0302ge de 92 ans, Paul Biya ne pose pas seulement un acte politique local. Il inflige au continent africain une blessure morale, philosophique et historique.<\/p>\n<p>Il s\u2019agit la\u0300 d\u2019un geste qui n\u2019est pas seulement inacceptable politiquement, il est destructeur symboliquement: il enterre un sie\u0300cle d\u2019efforts pour penser une Afrique digne, autonome, responsable et souveraine.<\/p>\n<p>\u00ab C\u2019est normal. Nous lui avons donne\u0301 tous les pouvoirs. Pour moi, il est un roi, et un roi ne de\u0301missionne pas, il ne quitte jamais le tro\u0302ne \u00bb, a confie\u0301 l\u2019un des habitants de la capitale, Yaounde\u0301.<\/p>\n<p>Ce n\u2019est pas seulement le Cameroun qui est concerne\u0301: c\u2019est toute l\u2019Afrique qui est trahie.<\/p>\n<p><strong>Pour plus d&rsquo;informations et d&rsquo;analyses sur la <span style=\"color: #ff6600\">Cameroun<\/span>, suivez <span style=\"color: #ff6600\">Africa-Press<\/span><\/strong><\/p>\n","protected":false},"excerpt":{"rendered":"<p>Anouar CHENNOUFI Africa-Press &#8211; Cameroun. Nous avons appris ces derniers jours que le pre\u0301sident du Cameroun, Paul Biya, 92 ans, conside\u0301re\u0301 comme le doyen de tous les E\u0301tats du monde, a annonce\u0301 sa candidature a\u0300 la pre\u0301sidence du pays, pour un huitie\u0300me mandat, malgre\u0301 que ses proble\u0300mes de sante\u0301 ne sont pas passe\u0301s inaperc\u0327us. En [&hellip;]<\/p>\n","protected":false},"author":82,"featured_media":90370,"comment_status":"open","ping_status":"closed","sticky":false,"template":"","format":"standard","meta":{"footnotes":""},"categories":[7,56,10],"tags":[850,49,612,550],"class_list":["post-90371","post","type-post","status-publish","format-standard","has-post-thumbnail","hentry","category-dossiers","category-to-homepage","category-toutes-les-actualites","tag-ahmadou-ahidjo","tag-cameroun","tag-elections","tag-paul-biya"],"yoast_head":"<!-- This site is optimized with the Yoast SEO Premium plugin v26.1 (Yoast SEO v27.0) - https:\/\/yoast.com\/product\/yoast-seo-premium-wordpress\/ -->\n<title>Biya Cible un 8E Mandat Avant Son Centenaire - Cameroun<\/title>\n<meta name=\"description\" content=\"Nous avons appris ces derniers jours que le pre\u0301sident du Cameroun, Paul Biya, 92 ans, conside\u0301re\u0301 comme le doyen de tou ...\" \/>\n<meta name=\"robots\" content=\"index, follow, max-snippet:-1, max-image-preview:large, max-video-preview:-1\" \/>\n<link rel=\"canonical\" href=\"https:\/\/www.africa-press.net\/cameroun\/dossiers\/biya-cible-un-8e-mandat-avant-son-centenaire\" \/>\n<meta property=\"og:locale\" content=\"fr_FR\" \/>\n<meta property=\"og:type\" content=\"article\" \/>\n<meta property=\"og:title\" content=\"Biya Cible un 8E Mandat Avant Son Centenaire\" \/>\n<meta property=\"og:description\" content=\"Nous avons appris ces derniers jours que le pre\u0301sident du Cameroun, Paul Biya, 92 ans, conside\u0301re\u0301 comme le doyen de tou ...\" \/>\n<meta property=\"og:url\" content=\"https:\/\/www.africa-press.net\/cameroun\/dossiers\/biya-cible-un-8e-mandat-avant-son-centenaire\" \/>\n<meta property=\"og:site_name\" content=\"Cameroun\" \/>\n<meta property=\"article:published_time\" content=\"2025-07-20T02:11:50+00:00\" \/>\n<meta property=\"article:modified_time\" content=\"2025-08-03T01:46:54+00:00\" \/>\n<meta property=\"og:image\" content=\"https:\/\/static.africa-press.net\/cameroun\/sites\/57\/2025\/08\/sm_1754172799.551261.jpg\" \/>\n\t<meta property=\"og:image:width\" content=\"1280\" \/>\n\t<meta property=\"og:image:height\" content=\"665\" \/>\n\t<meta property=\"og:image:type\" content=\"image\/jpeg\" \/>\n<meta name=\"author\" content=\"cfeditorfr\" \/>\n<meta name=\"twitter:card\" content=\"summary_large_image\" \/>\n<meta name=\"twitter:label1\" content=\"\u00c9crit par\" \/>\n\t<meta name=\"twitter:data1\" content=\"cfeditorfr\" \/>\n\t<meta name=\"twitter:label2\" content=\"Dur\u00e9e de lecture estim\u00e9e\" \/>\n\t<meta name=\"twitter:data2\" content=\"12 minutes\" \/>\n<script type=\"application\/ld+json\" class=\"yoast-schema-graph\">{\"@context\":\"https:\/\/schema.org\",\"@graph\":[{\"@type\":\"Article\",\"@id\":\"https:\/\/www.africa-press.net\/cameroun\/dossiers\/biya-cible-un-8e-mandat-avant-son-centenaire#article\",\"isPartOf\":{\"@id\":\"https:\/\/www.africa-press.net\/cameroun\/dossiers\/biya-cible-un-8e-mandat-avant-son-centenaire\"},\"author\":{\"name\":\"cfeditorfr\",\"@id\":\"https:\/\/www.africa-press.net\/cameroun\/#\/schema\/person\/2b1cf3cd81a31e3cd26889ca66d677f1\"},\"headline\":\"Biya Cible un 8E Mandat Avant Son Centenaire\",\"datePublished\":\"2025-07-20T02:11:50+00:00\",\"dateModified\":\"2025-08-03T01:46:54+00:00\",\"mainEntityOfPage\":{\"@id\":\"https:\/\/www.africa-press.net\/cameroun\/dossiers\/biya-cible-un-8e-mandat-avant-son-centenaire\"},\"wordCount\":2416,\"commentCount\":0,\"image\":{\"@id\":\"https:\/\/www.africa-press.net\/cameroun\/dossiers\/biya-cible-un-8e-mandat-avant-son-centenaire#primaryimage\"},\"thumbnailUrl\":\"https:\/\/static.africa-press.net\/cameroun\/sites\/57\/2025\/08\/sm_1754172799.551261.jpg\",\"keywords\":[\"Ahmadou Ahidjo\",\"Cameroun\",\"Elections\",\"Paul Biya\"],\"articleSection\":[\"Dossiers\",\"to-homepage\",\"Toutes les actualit\u00e9s\"],\"inLanguage\":\"fr-FR\",\"potentialAction\":[{\"@type\":\"CommentAction\",\"name\":\"Comment\",\"target\":[\"https:\/\/www.africa-press.net\/cameroun\/dossiers\/biya-cible-un-8e-mandat-avant-son-centenaire#respond\"]}]},{\"@type\":\"WebPage\",\"@id\":\"https:\/\/www.africa-press.net\/cameroun\/dossiers\/biya-cible-un-8e-mandat-avant-son-centenaire\",\"url\":\"https:\/\/www.africa-press.net\/cameroun\/dossiers\/biya-cible-un-8e-mandat-avant-son-centenaire\",\"name\":\"Biya Cible un 8E Mandat Avant Son Centenaire - Cameroun\",\"isPartOf\":{\"@id\":\"https:\/\/www.africa-press.net\/cameroun\/#website\"},\"primaryImageOfPage\":{\"@id\":\"https:\/\/www.africa-press.net\/cameroun\/dossiers\/biya-cible-un-8e-mandat-avant-son-centenaire#primaryimage\"},\"image\":{\"@id\":\"https:\/\/www.africa-press.net\/cameroun\/dossiers\/biya-cible-un-8e-mandat-avant-son-centenaire#primaryimage\"},\"thumbnailUrl\":\"https:\/\/static.africa-press.net\/cameroun\/sites\/57\/2025\/08\/sm_1754172799.551261.jpg\",\"datePublished\":\"2025-07-20T02:11:50+00:00\",\"dateModified\":\"2025-08-03T01:46:54+00:00\",\"author\":{\"@id\":\"https:\/\/www.africa-press.net\/cameroun\/#\/schema\/person\/2b1cf3cd81a31e3cd26889ca66d677f1\"},\"description\":\"Nous avons appris ces derniers jours que le pre\u0301sident du Cameroun, Paul Biya, 92 ans, conside\u0301re\u0301 comme le doyen de tou ...\",\"breadcrumb\":{\"@id\":\"https:\/\/www.africa-press.net\/cameroun\/dossiers\/biya-cible-un-8e-mandat-avant-son-centenaire#breadcrumb\"},\"inLanguage\":\"fr-FR\",\"potentialAction\":[{\"@type\":\"ReadAction\",\"target\":[\"https:\/\/www.africa-press.net\/cameroun\/dossiers\/biya-cible-un-8e-mandat-avant-son-centenaire\"]}]},{\"@type\":\"ImageObject\",\"inLanguage\":\"fr-FR\",\"@id\":\"https:\/\/www.africa-press.net\/cameroun\/dossiers\/biya-cible-un-8e-mandat-avant-son-centenaire#primaryimage\",\"url\":\"https:\/\/static.africa-press.net\/cameroun\/sites\/57\/2025\/08\/sm_1754172799.551261.jpg\",\"contentUrl\":\"https:\/\/static.africa-press.net\/cameroun\/sites\/57\/2025\/08\/sm_1754172799.551261.jpg\",\"width\":1280,\"height\":665,\"caption\":\"Biya Cible un 8E Mandat Avant Son Centenaire\"},{\"@type\":\"BreadcrumbList\",\"@id\":\"https:\/\/www.africa-press.net\/cameroun\/dossiers\/biya-cible-un-8e-mandat-avant-son-centenaire#breadcrumb\",\"itemListElement\":[{\"@type\":\"ListItem\",\"position\":1,\"name\":\"Accueil\",\"item\":\"https:\/\/www.africa-press.net\/cameroun\/\"},{\"@type\":\"ListItem\",\"position\":2,\"name\":\"Biya Cible un 8E Mandat Avant Son Centenaire\"}]},{\"@type\":\"WebSite\",\"@id\":\"https:\/\/www.africa-press.net\/cameroun\/#website\",\"url\":\"https:\/\/www.africa-press.net\/cameroun\/\",\"name\":\"Cameroun\",\"description\":\"Just another Africa News Agency Sites site\",\"potentialAction\":[{\"@type\":\"SearchAction\",\"target\":{\"@type\":\"EntryPoint\",\"urlTemplate\":\"https:\/\/www.africa-press.net\/cameroun\/?s={search_term_string}\"},\"query-input\":{\"@type\":\"PropertyValueSpecification\",\"valueRequired\":true,\"valueName\":\"search_term_string\"}}],\"inLanguage\":\"fr-FR\"},{\"@type\":\"Person\",\"@id\":\"https:\/\/www.africa-press.net\/cameroun\/#\/schema\/person\/2b1cf3cd81a31e3cd26889ca66d677f1\",\"name\":\"cfeditorfr\"}]}<\/script>\n<!-- \/ Yoast SEO Premium plugin. -->","yoast_head_json":{"title":"Biya Cible un 8E Mandat Avant Son Centenaire - Cameroun","description":"Nous avons appris ces derniers jours que le pre\u0301sident du Cameroun, Paul Biya, 92 ans, conside\u0301re\u0301 comme le doyen de tou ...","robots":{"index":"index","follow":"follow","max-snippet":"max-snippet:-1","max-image-preview":"max-image-preview:large","max-video-preview":"max-video-preview:-1"},"canonical":"https:\/\/www.africa-press.net\/cameroun\/dossiers\/biya-cible-un-8e-mandat-avant-son-centenaire","og_locale":"fr_FR","og_type":"article","og_title":"Biya Cible un 8E Mandat Avant Son Centenaire","og_description":"Nous avons appris ces derniers jours que le pre\u0301sident du Cameroun, Paul Biya, 92 ans, conside\u0301re\u0301 comme le doyen de tou ...","og_url":"https:\/\/www.africa-press.net\/cameroun\/dossiers\/biya-cible-un-8e-mandat-avant-son-centenaire","og_site_name":"Cameroun","article_published_time":"2025-07-20T02:11:50+00:00","article_modified_time":"2025-08-03T01:46:54+00:00","og_image":[{"width":1280,"height":665,"url":"https:\/\/static.africa-press.net\/cameroun\/sites\/57\/2025\/08\/sm_1754172799.551261.jpg","type":"image\/jpeg"}],"author":"cfeditorfr","twitter_card":"summary_large_image","twitter_misc":{"\u00c9crit par":"cfeditorfr","Dur\u00e9e de lecture estim\u00e9e":"12 minutes"},"schema":{"@context":"https:\/\/schema.org","@graph":[{"@type":"Article","@id":"https:\/\/www.africa-press.net\/cameroun\/dossiers\/biya-cible-un-8e-mandat-avant-son-centenaire#article","isPartOf":{"@id":"https:\/\/www.africa-press.net\/cameroun\/dossiers\/biya-cible-un-8e-mandat-avant-son-centenaire"},"author":{"name":"cfeditorfr","@id":"https:\/\/www.africa-press.net\/cameroun\/#\/schema\/person\/2b1cf3cd81a31e3cd26889ca66d677f1"},"headline":"Biya Cible un 8E Mandat Avant Son Centenaire","datePublished":"2025-07-20T02:11:50+00:00","dateModified":"2025-08-03T01:46:54+00:00","mainEntityOfPage":{"@id":"https:\/\/www.africa-press.net\/cameroun\/dossiers\/biya-cible-un-8e-mandat-avant-son-centenaire"},"wordCount":2416,"commentCount":0,"image":{"@id":"https:\/\/www.africa-press.net\/cameroun\/dossiers\/biya-cible-un-8e-mandat-avant-son-centenaire#primaryimage"},"thumbnailUrl":"https:\/\/static.africa-press.net\/cameroun\/sites\/57\/2025\/08\/sm_1754172799.551261.jpg","keywords":["Ahmadou Ahidjo","Cameroun","Elections","Paul Biya"],"articleSection":["Dossiers","to-homepage","Toutes les actualit\u00e9s"],"inLanguage":"fr-FR","potentialAction":[{"@type":"CommentAction","name":"Comment","target":["https:\/\/www.africa-press.net\/cameroun\/dossiers\/biya-cible-un-8e-mandat-avant-son-centenaire#respond"]}]},{"@type":"WebPage","@id":"https:\/\/www.africa-press.net\/cameroun\/dossiers\/biya-cible-un-8e-mandat-avant-son-centenaire","url":"https:\/\/www.africa-press.net\/cameroun\/dossiers\/biya-cible-un-8e-mandat-avant-son-centenaire","name":"Biya Cible un 8E Mandat Avant Son Centenaire - Cameroun","isPartOf":{"@id":"https:\/\/www.africa-press.net\/cameroun\/#website"},"primaryImageOfPage":{"@id":"https:\/\/www.africa-press.net\/cameroun\/dossiers\/biya-cible-un-8e-mandat-avant-son-centenaire#primaryimage"},"image":{"@id":"https:\/\/www.africa-press.net\/cameroun\/dossiers\/biya-cible-un-8e-mandat-avant-son-centenaire#primaryimage"},"thumbnailUrl":"https:\/\/static.africa-press.net\/cameroun\/sites\/57\/2025\/08\/sm_1754172799.551261.jpg","datePublished":"2025-07-20T02:11:50+00:00","dateModified":"2025-08-03T01:46:54+00:00","author":{"@id":"https:\/\/www.africa-press.net\/cameroun\/#\/schema\/person\/2b1cf3cd81a31e3cd26889ca66d677f1"},"description":"Nous avons appris ces derniers jours que le pre\u0301sident du Cameroun, Paul Biya, 92 ans, conside\u0301re\u0301 comme le doyen de tou ...","breadcrumb":{"@id":"https:\/\/www.africa-press.net\/cameroun\/dossiers\/biya-cible-un-8e-mandat-avant-son-centenaire#breadcrumb"},"inLanguage":"fr-FR","potentialAction":[{"@type":"ReadAction","target":["https:\/\/www.africa-press.net\/cameroun\/dossiers\/biya-cible-un-8e-mandat-avant-son-centenaire"]}]},{"@type":"ImageObject","inLanguage":"fr-FR","@id":"https:\/\/www.africa-press.net\/cameroun\/dossiers\/biya-cible-un-8e-mandat-avant-son-centenaire#primaryimage","url":"https:\/\/static.africa-press.net\/cameroun\/sites\/57\/2025\/08\/sm_1754172799.551261.jpg","contentUrl":"https:\/\/static.africa-press.net\/cameroun\/sites\/57\/2025\/08\/sm_1754172799.551261.jpg","width":1280,"height":665,"caption":"Biya Cible un 8E Mandat Avant Son Centenaire"},{"@type":"BreadcrumbList","@id":"https:\/\/www.africa-press.net\/cameroun\/dossiers\/biya-cible-un-8e-mandat-avant-son-centenaire#breadcrumb","itemListElement":[{"@type":"ListItem","position":1,"name":"Accueil","item":"https:\/\/www.africa-press.net\/cameroun\/"},{"@type":"ListItem","position":2,"name":"Biya Cible un 8E Mandat Avant Son Centenaire"}]},{"@type":"WebSite","@id":"https:\/\/www.africa-press.net\/cameroun\/#website","url":"https:\/\/www.africa-press.net\/cameroun\/","name":"Cameroun","description":"Just another Africa News Agency Sites site","potentialAction":[{"@type":"SearchAction","target":{"@type":"EntryPoint","urlTemplate":"https:\/\/www.africa-press.net\/cameroun\/?s={search_term_string}"},"query-input":{"@type":"PropertyValueSpecification","valueRequired":true,"valueName":"search_term_string"}}],"inLanguage":"fr-FR"},{"@type":"Person","@id":"https:\/\/www.africa-press.net\/cameroun\/#\/schema\/person\/2b1cf3cd81a31e3cd26889ca66d677f1","name":"cfeditorfr"}]}},"_links":{"self":[{"href":"https:\/\/www.africa-press.net\/cameroun\/wp-json\/wp\/v2\/posts\/90371","targetHints":{"allow":["GET"]}}],"collection":[{"href":"https:\/\/www.africa-press.net\/cameroun\/wp-json\/wp\/v2\/posts"}],"about":[{"href":"https:\/\/www.africa-press.net\/cameroun\/wp-json\/wp\/v2\/types\/post"}],"author":[{"embeddable":true,"href":"https:\/\/www.africa-press.net\/cameroun\/wp-json\/wp\/v2\/users\/82"}],"replies":[{"embeddable":true,"href":"https:\/\/www.africa-press.net\/cameroun\/wp-json\/wp\/v2\/comments?post=90371"}],"version-history":[{"count":0,"href":"https:\/\/www.africa-press.net\/cameroun\/wp-json\/wp\/v2\/posts\/90371\/revisions"}],"wp:featuredmedia":[{"embeddable":true,"href":"https:\/\/www.africa-press.net\/cameroun\/wp-json\/wp\/v2\/media\/90370"}],"wp:attachment":[{"href":"https:\/\/www.africa-press.net\/cameroun\/wp-json\/wp\/v2\/media?parent=90371"}],"wp:term":[{"taxonomy":"category","embeddable":true,"href":"https:\/\/www.africa-press.net\/cameroun\/wp-json\/wp\/v2\/categories?post=90371"},{"taxonomy":"post_tag","embeddable":true,"href":"https:\/\/www.africa-press.net\/cameroun\/wp-json\/wp\/v2\/tags?post=90371"}],"curies":[{"name":"wp","href":"https:\/\/api.w.org\/{rel}","templated":true}]}}