{"id":90735,"date":"2025-08-07T19:22:25","date_gmt":"2025-08-07T19:22:25","guid":{"rendered":"https:\/\/www.africa-press.net\/cameroun\/politique\/bello-bouba-demissionne-gabriel-mbairobe-interimaire"},"modified":"2025-08-07T19:52:47","modified_gmt":"2025-08-07T19:52:47","slug":"bello-bouba-demissionne-gabriel-mbairobe-interimaire","status":"publish","type":"post","link":"https:\/\/www.africa-press.net\/cameroun\/politique\/bello-bouba-demissionne-gabriel-mbairobe-interimaire","title":{"rendered":"Bello Bouba D\u00e9missionne, Gabriel Mba\u00efrobe Int\u00e9rimaire"},"content":{"rendered":"<p><span style=\"color: #ff6600\"><strong>Africa-Press &#8211; Cameroun. <\/strong><\/span><b>Le chef de l\u2019Etat Paul Biya a instruit la de\u0301signation du ministre de l\u2019Agriculture et du De\u0301veloppement rural pour assurer l\u2019inte\u0301rim au ministe\u0300re du Tourisme et des Loisirs.<\/b><br \/>\n<b>Bello Bouba Mai\u0308gari<\/b> n\u2019est plus ministre d\u2019Etat, ministre du Tourisme et des Loisirs. L\u2019ancien membre du gouvernement a remis sa lettre de de\u0301mission au chef de l\u2019Etat comme annonce\u0301 peu avant son investiture comme candidat de l\u2019Union nationale pour la de\u0301mocratie et le progre\u0300s (<b>UNDP<\/b>) a\u0300 l\u2019e\u0301lection du 12 octobre. L\u2019information est porte\u0301e au public apre\u0300s que le Conseil e\u0301lectoral a valide\u0301 la candidature du pre\u0301sident national de l\u2019UNDP, la deuxie\u0300me force politique du pays apre\u0300s le RDPC parti au pouvoir.<\/p>\n<p>Bello Bouba a servi le Cameroun aux co\u0302te\u0301s du premier pre\u0301sident du pays, Ahmadou Ahidjo. Il a e\u0301te\u0301 secre\u0301taire ge\u0301ne\u0301ral du ministe\u0300re des Forces arme\u0301es, secre\u0301taire ge\u0301ne\u0301ral adjoint de la pre\u0301sidence de la re\u0301publique. Tout premier Premier ministre du <b>pre\u0301sident Paul Biya<\/b> entre le 06 novembre 1982 et le 22 aou\u0302t 1983, Il quitte le ministe\u0300re du Tourisme apre\u0300s y avoir tro\u0302ne\u0301 depuis le 09 de\u0301cembre 2011, soit 13 ans et sept mois. A\u0300 78 ans, il laisse le poste ministe\u0301riel pour aller conque\u0301rir le sie\u0300ge pre\u0301sidentiel. Il est a\u0300 la seconde tentative apre\u0300s l\u2019e\u0301chec de 1992.<\/p>\n<p>LA SUITE APRE\u0300S LA PUBLICITE\u0301<\/p>\n<p>Son poste e\u0301tant d\u2019office vacant au sein du gouvernement dans lequel il a travaille\u0301 pendant ces longues anne\u0301es, l\u2019urgence a interpelle\u0301 le pre\u0301sident de la Re\u0301publique. Le chef de l\u2019Etat Paul Biya a donne\u0301 des instructions au chef du gouvernement Joseph Dion Ngute de de\u0301signer un inte\u0301rimaire. Le sort est tombe\u0301 sur <b>Gabriel Mbai\u0308robe<\/b>, ministre de l\u2019Agriculture et du De\u0301veloppement rural depuis le 04 janvier 2019. A\u0300 67 ans, il va assurer la continuite\u0301 du service au ministe\u0300re du Tourisme cumulativement avec ses fonctions de ministre de l\u2019Agriculture.<\/p>\n<p>Gabriel Mbairobe, ministre de l\u2019Agriculture, ministre par inte\u0301rim du Tourisme&#8230;<\/p>\n<p>Il en est ainsi depuis quelques semaines, de Mounouna Foutsou, ministre de la Jeunesse et de l\u2019Education civique. Le chef de l\u2019Etat l\u2019a de\u0301signe\u0301 pour assurer la continuite\u0301 du service au ministe\u0300re de l\u2019Emploi et de la Formation professionnelle. Il remplace de manie\u0300re provisoire le ministre de\u0301missionnaire Issa Tchiroma Bakary, pre\u0301sident du Front pour le salut national du Cameroun, candidat a\u0300 l\u2019e\u0301lection pre\u0301sidentielle du 12 octobre 2025.<\/p>\n<p><strong>Pour plus d&rsquo;informations et d&rsquo;analyses sur la <span style=\"color: #ff6600\">Cameroun<\/span>, suivez <span style=\"color: #ff6600\">Africa-Press<\/span><\/strong><\/p>\n","protected":false},"excerpt":{"rendered":"<p>Africa-Press &#8211; Cameroun. Le chef de l\u2019Etat Paul Biya a instruit la de\u0301signation du ministre de l\u2019Agriculture et du De\u0301veloppement rural pour assurer l\u2019inte\u0301rim au ministe\u0300re du Tourisme et des Loisirs. Bello Bouba Mai\u0308gari n\u2019est plus ministre d\u2019Etat, ministre du Tourisme et des Loisirs. L\u2019ancien membre du gouvernement a remis sa lettre de de\u0301mission au [&hellip;]<\/p>\n","protected":false},"author":82,"featured_media":90734,"comment_status":"open","ping_status":"closed","sticky":false,"template":"","format":"standard","meta":{"footnotes":""},"categories":[2,56,20,10],"tags":[49],"class_list":["post-90735","post","type-post","status-publish","format-standard","has-post-thumbnail","hentry","category-politique","category-to-homepage","category-top-nouvelles","category-toutes-les-actualites","tag-cameroun"],"yoast_head":"<!-- This site is optimized with the Yoast SEO Premium plugin v26.1 (Yoast SEO v27.0) - https:\/\/yoast.com\/product\/yoast-seo-premium-wordpress\/ -->\n<title>Bello Bouba D\u00e9missionne, Gabriel Mba\u00efrobe Int\u00e9rimaire - Cameroun<\/title>\n<meta name=\"description\" content=\"Le chef de l\u2019Etat Paul Biya a instruit la de\u0301signation du ministre de l\u2019Agriculture et du De\u0301veloppement rural pour a ...\" \/>\n<meta name=\"robots\" content=\"index, follow, max-snippet:-1, max-image-preview:large, max-video-preview:-1\" \/>\n<link rel=\"canonical\" href=\"https:\/\/www.africa-press.net\/cameroun\/politique\/bello-bouba-demissionne-gabriel-mbairobe-interimaire\" \/>\n<meta property=\"og:locale\" content=\"fr_FR\" \/>\n<meta property=\"og:type\" content=\"article\" \/>\n<meta property=\"og:title\" content=\"Bello Bouba D\u00e9missionne, Gabriel Mba\u00efrobe Int\u00e9rimaire\" \/>\n<meta property=\"og:description\" content=\"Le chef de l\u2019Etat Paul Biya a instruit la de\u0301signation du ministre de l\u2019Agriculture et du De\u0301veloppement rural pour a ...\" \/>\n<meta property=\"og:url\" content=\"https:\/\/www.africa-press.net\/cameroun\/politique\/bello-bouba-demissionne-gabriel-mbairobe-interimaire\" \/>\n<meta property=\"og:site_name\" content=\"Cameroun\" \/>\n<meta property=\"article:published_time\" content=\"2025-08-07T19:22:25+00:00\" \/>\n<meta property=\"article:modified_time\" content=\"2025-08-07T19:52:47+00:00\" \/>\n<meta property=\"og:image\" content=\"https:\/\/static.africa-press.net\/cameroun\/sites\/57\/2025\/08\/sm_1754583329.224392.jpg\" \/>\n\t<meta property=\"og:image:width\" content=\"1048\" \/>\n\t<meta property=\"og:image:height\" content=\"497\" \/>\n\t<meta property=\"og:image:type\" content=\"image\/jpeg\" \/>\n<meta name=\"author\" content=\"cfeditorfr\" \/>\n<meta name=\"twitter:card\" content=\"summary_large_image\" \/>\n<meta name=\"twitter:label1\" content=\"\u00c9crit par\" \/>\n\t<meta name=\"twitter:data1\" content=\"cfeditorfr\" \/>\n\t<meta name=\"twitter:label2\" content=\"Dur\u00e9e de lecture estim\u00e9e\" \/>\n\t<meta name=\"twitter:data2\" content=\"3 minutes\" \/>\n<script type=\"application\/ld+json\" class=\"yoast-schema-graph\">{\"@context\":\"https:\/\/schema.org\",\"@graph\":[{\"@type\":\"Article\",\"@id\":\"https:\/\/www.africa-press.net\/cameroun\/politique\/bello-bouba-demissionne-gabriel-mbairobe-interimaire#article\",\"isPartOf\":{\"@id\":\"https:\/\/www.africa-press.net\/cameroun\/politique\/bello-bouba-demissionne-gabriel-mbairobe-interimaire\"},\"author\":{\"name\":\"cfeditorfr\",\"@id\":\"https:\/\/www.africa-press.net\/cameroun\/#\/schema\/person\/2b1cf3cd81a31e3cd26889ca66d677f1\"},\"headline\":\"Bello Bouba D\u00e9missionne, Gabriel Mba\u00efrobe Int\u00e9rimaire\",\"datePublished\":\"2025-08-07T19:22:25+00:00\",\"dateModified\":\"2025-08-07T19:52:47+00:00\",\"mainEntityOfPage\":{\"@id\":\"https:\/\/www.africa-press.net\/cameroun\/politique\/bello-bouba-demissionne-gabriel-mbairobe-interimaire\"},\"wordCount\":467,\"commentCount\":0,\"image\":{\"@id\":\"https:\/\/www.africa-press.net\/cameroun\/politique\/bello-bouba-demissionne-gabriel-mbairobe-interimaire#primaryimage\"},\"thumbnailUrl\":\"https:\/\/static.africa-press.net\/cameroun\/sites\/57\/2025\/08\/sm_1754583329.224392.jpg\",\"keywords\":[\"Cameroun\"],\"articleSection\":[\"Politique\",\"to-homepage\",\"Top Nouvelles\",\"Toutes les actualit\u00e9s\"],\"inLanguage\":\"fr-FR\",\"potentialAction\":[{\"@type\":\"CommentAction\",\"name\":\"Comment\",\"target\":[\"https:\/\/www.africa-press.net\/cameroun\/politique\/bello-bouba-demissionne-gabriel-mbairobe-interimaire#respond\"]}]},{\"@type\":\"WebPage\",\"@id\":\"https:\/\/www.africa-press.net\/cameroun\/politique\/bello-bouba-demissionne-gabriel-mbairobe-interimaire\",\"url\":\"https:\/\/www.africa-press.net\/cameroun\/politique\/bello-bouba-demissionne-gabriel-mbairobe-interimaire\",\"name\":\"Bello Bouba D\u00e9missionne, Gabriel Mba\u00efrobe Int\u00e9rimaire - Cameroun\",\"isPartOf\":{\"@id\":\"https:\/\/www.africa-press.net\/cameroun\/#website\"},\"primaryImageOfPage\":{\"@id\":\"https:\/\/www.africa-press.net\/cameroun\/politique\/bello-bouba-demissionne-gabriel-mbairobe-interimaire#primaryimage\"},\"image\":{\"@id\":\"https:\/\/www.africa-press.net\/cameroun\/politique\/bello-bouba-demissionne-gabriel-mbairobe-interimaire#primaryimage\"},\"thumbnailUrl\":\"https:\/\/static.africa-press.net\/cameroun\/sites\/57\/2025\/08\/sm_1754583329.224392.jpg\",\"datePublished\":\"2025-08-07T19:22:25+00:00\",\"dateModified\":\"2025-08-07T19:52:47+00:00\",\"author\":{\"@id\":\"https:\/\/www.africa-press.net\/cameroun\/#\/schema\/person\/2b1cf3cd81a31e3cd26889ca66d677f1\"},\"description\":\"Le chef de l\u2019Etat Paul Biya a instruit la de\u0301signation du ministre de l\u2019Agriculture et du De\u0301veloppement rural pour a ...\",\"breadcrumb\":{\"@id\":\"https:\/\/www.africa-press.net\/cameroun\/politique\/bello-bouba-demissionne-gabriel-mbairobe-interimaire#breadcrumb\"},\"inLanguage\":\"fr-FR\",\"potentialAction\":[{\"@type\":\"ReadAction\",\"target\":[\"https:\/\/www.africa-press.net\/cameroun\/politique\/bello-bouba-demissionne-gabriel-mbairobe-interimaire\"]}]},{\"@type\":\"ImageObject\",\"inLanguage\":\"fr-FR\",\"@id\":\"https:\/\/www.africa-press.net\/cameroun\/politique\/bello-bouba-demissionne-gabriel-mbairobe-interimaire#primaryimage\",\"url\":\"https:\/\/static.africa-press.net\/cameroun\/sites\/57\/2025\/08\/sm_1754583329.224392.jpg\",\"contentUrl\":\"https:\/\/static.africa-press.net\/cameroun\/sites\/57\/2025\/08\/sm_1754583329.224392.jpg\",\"width\":1048,\"height\":497,\"caption\":\"Bello Bouba D\u00e9missionne, Gabriel Mba\u00efrobe Int\u00e9rimaire\"},{\"@type\":\"BreadcrumbList\",\"@id\":\"https:\/\/www.africa-press.net\/cameroun\/politique\/bello-bouba-demissionne-gabriel-mbairobe-interimaire#breadcrumb\",\"itemListElement\":[{\"@type\":\"ListItem\",\"position\":1,\"name\":\"Accueil\",\"item\":\"https:\/\/www.africa-press.net\/cameroun\/\"},{\"@type\":\"ListItem\",\"position\":2,\"name\":\"Bello Bouba D\u00e9missionne, Gabriel Mba\u00efrobe Int\u00e9rimaire\"}]},{\"@type\":\"WebSite\",\"@id\":\"https:\/\/www.africa-press.net\/cameroun\/#website\",\"url\":\"https:\/\/www.africa-press.net\/cameroun\/\",\"name\":\"Cameroun\",\"description\":\"Just another Africa News Agency Sites site\",\"potentialAction\":[{\"@type\":\"SearchAction\",\"target\":{\"@type\":\"EntryPoint\",\"urlTemplate\":\"https:\/\/www.africa-press.net\/cameroun\/?s={search_term_string}\"},\"query-input\":{\"@type\":\"PropertyValueSpecification\",\"valueRequired\":true,\"valueName\":\"search_term_string\"}}],\"inLanguage\":\"fr-FR\"},{\"@type\":\"Person\",\"@id\":\"https:\/\/www.africa-press.net\/cameroun\/#\/schema\/person\/2b1cf3cd81a31e3cd26889ca66d677f1\",\"name\":\"cfeditorfr\"}]}<\/script>\n<!-- \/ Yoast SEO Premium plugin. -->","yoast_head_json":{"title":"Bello Bouba D\u00e9missionne, Gabriel Mba\u00efrobe Int\u00e9rimaire - Cameroun","description":"Le chef de l\u2019Etat Paul Biya a instruit la de\u0301signation du ministre de l\u2019Agriculture et du De\u0301veloppement rural pour a ...","robots":{"index":"index","follow":"follow","max-snippet":"max-snippet:-1","max-image-preview":"max-image-preview:large","max-video-preview":"max-video-preview:-1"},"canonical":"https:\/\/www.africa-press.net\/cameroun\/politique\/bello-bouba-demissionne-gabriel-mbairobe-interimaire","og_locale":"fr_FR","og_type":"article","og_title":"Bello Bouba D\u00e9missionne, Gabriel Mba\u00efrobe Int\u00e9rimaire","og_description":"Le chef de l\u2019Etat Paul Biya a instruit la de\u0301signation du ministre de l\u2019Agriculture et du De\u0301veloppement rural pour a ...","og_url":"https:\/\/www.africa-press.net\/cameroun\/politique\/bello-bouba-demissionne-gabriel-mbairobe-interimaire","og_site_name":"Cameroun","article_published_time":"2025-08-07T19:22:25+00:00","article_modified_time":"2025-08-07T19:52:47+00:00","og_image":[{"width":1048,"height":497,"url":"https:\/\/static.africa-press.net\/cameroun\/sites\/57\/2025\/08\/sm_1754583329.224392.jpg","type":"image\/jpeg"}],"author":"cfeditorfr","twitter_card":"summary_large_image","twitter_misc":{"\u00c9crit par":"cfeditorfr","Dur\u00e9e de lecture estim\u00e9e":"3 minutes"},"schema":{"@context":"https:\/\/schema.org","@graph":[{"@type":"Article","@id":"https:\/\/www.africa-press.net\/cameroun\/politique\/bello-bouba-demissionne-gabriel-mbairobe-interimaire#article","isPartOf":{"@id":"https:\/\/www.africa-press.net\/cameroun\/politique\/bello-bouba-demissionne-gabriel-mbairobe-interimaire"},"author":{"name":"cfeditorfr","@id":"https:\/\/www.africa-press.net\/cameroun\/#\/schema\/person\/2b1cf3cd81a31e3cd26889ca66d677f1"},"headline":"Bello Bouba D\u00e9missionne, Gabriel Mba\u00efrobe Int\u00e9rimaire","datePublished":"2025-08-07T19:22:25+00:00","dateModified":"2025-08-07T19:52:47+00:00","mainEntityOfPage":{"@id":"https:\/\/www.africa-press.net\/cameroun\/politique\/bello-bouba-demissionne-gabriel-mbairobe-interimaire"},"wordCount":467,"commentCount":0,"image":{"@id":"https:\/\/www.africa-press.net\/cameroun\/politique\/bello-bouba-demissionne-gabriel-mbairobe-interimaire#primaryimage"},"thumbnailUrl":"https:\/\/static.africa-press.net\/cameroun\/sites\/57\/2025\/08\/sm_1754583329.224392.jpg","keywords":["Cameroun"],"articleSection":["Politique","to-homepage","Top Nouvelles","Toutes les actualit\u00e9s"],"inLanguage":"fr-FR","potentialAction":[{"@type":"CommentAction","name":"Comment","target":["https:\/\/www.africa-press.net\/cameroun\/politique\/bello-bouba-demissionne-gabriel-mbairobe-interimaire#respond"]}]},{"@type":"WebPage","@id":"https:\/\/www.africa-press.net\/cameroun\/politique\/bello-bouba-demissionne-gabriel-mbairobe-interimaire","url":"https:\/\/www.africa-press.net\/cameroun\/politique\/bello-bouba-demissionne-gabriel-mbairobe-interimaire","name":"Bello Bouba D\u00e9missionne, Gabriel Mba\u00efrobe Int\u00e9rimaire - Cameroun","isPartOf":{"@id":"https:\/\/www.africa-press.net\/cameroun\/#website"},"primaryImageOfPage":{"@id":"https:\/\/www.africa-press.net\/cameroun\/politique\/bello-bouba-demissionne-gabriel-mbairobe-interimaire#primaryimage"},"image":{"@id":"https:\/\/www.africa-press.net\/cameroun\/politique\/bello-bouba-demissionne-gabriel-mbairobe-interimaire#primaryimage"},"thumbnailUrl":"https:\/\/static.africa-press.net\/cameroun\/sites\/57\/2025\/08\/sm_1754583329.224392.jpg","datePublished":"2025-08-07T19:22:25+00:00","dateModified":"2025-08-07T19:52:47+00:00","author":{"@id":"https:\/\/www.africa-press.net\/cameroun\/#\/schema\/person\/2b1cf3cd81a31e3cd26889ca66d677f1"},"description":"Le chef de l\u2019Etat Paul Biya a instruit la de\u0301signation du ministre de l\u2019Agriculture et du De\u0301veloppement rural pour a ...","breadcrumb":{"@id":"https:\/\/www.africa-press.net\/cameroun\/politique\/bello-bouba-demissionne-gabriel-mbairobe-interimaire#breadcrumb"},"inLanguage":"fr-FR","potentialAction":[{"@type":"ReadAction","target":["https:\/\/www.africa-press.net\/cameroun\/politique\/bello-bouba-demissionne-gabriel-mbairobe-interimaire"]}]},{"@type":"ImageObject","inLanguage":"fr-FR","@id":"https:\/\/www.africa-press.net\/cameroun\/politique\/bello-bouba-demissionne-gabriel-mbairobe-interimaire#primaryimage","url":"https:\/\/static.africa-press.net\/cameroun\/sites\/57\/2025\/08\/sm_1754583329.224392.jpg","contentUrl":"https:\/\/static.africa-press.net\/cameroun\/sites\/57\/2025\/08\/sm_1754583329.224392.jpg","width":1048,"height":497,"caption":"Bello Bouba D\u00e9missionne, Gabriel Mba\u00efrobe Int\u00e9rimaire"},{"@type":"BreadcrumbList","@id":"https:\/\/www.africa-press.net\/cameroun\/politique\/bello-bouba-demissionne-gabriel-mbairobe-interimaire#breadcrumb","itemListElement":[{"@type":"ListItem","position":1,"name":"Accueil","item":"https:\/\/www.africa-press.net\/cameroun\/"},{"@type":"ListItem","position":2,"name":"Bello Bouba D\u00e9missionne, Gabriel Mba\u00efrobe Int\u00e9rimaire"}]},{"@type":"WebSite","@id":"https:\/\/www.africa-press.net\/cameroun\/#website","url":"https:\/\/www.africa-press.net\/cameroun\/","name":"Cameroun","description":"Just another Africa News Agency Sites site","potentialAction":[{"@type":"SearchAction","target":{"@type":"EntryPoint","urlTemplate":"https:\/\/www.africa-press.net\/cameroun\/?s={search_term_string}"},"query-input":{"@type":"PropertyValueSpecification","valueRequired":true,"valueName":"search_term_string"}}],"inLanguage":"fr-FR"},{"@type":"Person","@id":"https:\/\/www.africa-press.net\/cameroun\/#\/schema\/person\/2b1cf3cd81a31e3cd26889ca66d677f1","name":"cfeditorfr"}]}},"_links":{"self":[{"href":"https:\/\/www.africa-press.net\/cameroun\/wp-json\/wp\/v2\/posts\/90735","targetHints":{"allow":["GET"]}}],"collection":[{"href":"https:\/\/www.africa-press.net\/cameroun\/wp-json\/wp\/v2\/posts"}],"about":[{"href":"https:\/\/www.africa-press.net\/cameroun\/wp-json\/wp\/v2\/types\/post"}],"author":[{"embeddable":true,"href":"https:\/\/www.africa-press.net\/cameroun\/wp-json\/wp\/v2\/users\/82"}],"replies":[{"embeddable":true,"href":"https:\/\/www.africa-press.net\/cameroun\/wp-json\/wp\/v2\/comments?post=90735"}],"version-history":[{"count":0,"href":"https:\/\/www.africa-press.net\/cameroun\/wp-json\/wp\/v2\/posts\/90735\/revisions"}],"wp:featuredmedia":[{"embeddable":true,"href":"https:\/\/www.africa-press.net\/cameroun\/wp-json\/wp\/v2\/media\/90734"}],"wp:attachment":[{"href":"https:\/\/www.africa-press.net\/cameroun\/wp-json\/wp\/v2\/media?parent=90735"}],"wp:term":[{"taxonomy":"category","embeddable":true,"href":"https:\/\/www.africa-press.net\/cameroun\/wp-json\/wp\/v2\/categories?post=90735"},{"taxonomy":"post_tag","embeddable":true,"href":"https:\/\/www.africa-press.net\/cameroun\/wp-json\/wp\/v2\/tags?post=90735"}],"curies":[{"name":"wp","href":"https:\/\/api.w.org\/{rel}","templated":true}]}}