{"id":94894,"date":"2025-10-14T19:14:28","date_gmt":"2025-10-14T19:14:28","guid":{"rendered":"https:\/\/www.africa-press.net\/cameroun\/politique\/issa-tchiroma-bakary-se-revendique-vainqueur-election"},"modified":"2025-10-16T03:20:53","modified_gmt":"2025-10-16T03:20:53","slug":"issa-tchiroma-bakary-se-revendique-vainqueur-election","status":"publish","type":"post","link":"https:\/\/www.africa-press.net\/cameroun\/politique\/issa-tchiroma-bakary-se-revendique-vainqueur-election","title":{"rendered":"Issa Tchiroma Bakary Se Revendique Vainqueur \u00c9lection"},"content":{"rendered":"<p><span style=\"color: #ff6600\"><strong>Africa-Press &#8211; Cameroun. <\/strong><\/span><b>Le candidat du Front pour le salut national du Cameroun a fait une de\u0301claration cette nuit. Issa Tchiroma Bakary appelle le re\u0301gime a\u0300 honorer la ve\u0301rite\u0301 des urnes et le fe\u0301liciter.<\/b><\/p>\n<p>\u00ab Je vais le dire avec gravite\u0301 et simplicite\u0301. Le peuple a choisi et ce choix doit e\u0302tre respecte\u0301 \u00bb. Deux jours apre\u0300s la clo\u0302ture du scrutin pre\u0301sidentiel du 12 octobre 2025, le candidat Issa Tchiroma Bakary s\u2019autoproclame vainqueur. Le candidat du Fsnc revendique la victoire sur la base des re\u0301sultats rendus publics lors du de\u0301pouillement au sein des bureaux de vote ouverts dimanche dernier. Au Cameroun et dans la diaspora, 31 653 bureaux de vote e\u0301taient ouverts pour accueillir les e\u0301lecteurs.<\/p>\n<p>Le candidat promet de partager a\u0300 ses compatriotes dans les prochains jours \u00ab un rapport de\u0301taille\u0301 \u00bb de leurs votes par re\u0301gion \u00ab tel que compile\u0301 a\u0300 partir des re\u0301sultats affiche\u0301s publiquement conforme\u0301ment a\u0300 l\u2019article 113 du Code e\u0301lectoral \u00bb. Lui qui se dit e\u0302tre \u00ab profonde\u0301ment e\u0301mu \u00bb par cette victoire prend cette dernie\u0300re comme \u00ab une sanction claire du re\u0301gime en place, un ple\u0301biscite en faveur d\u2019un changement imme\u0301diat car la victoire est e\u0301crasante \u00bb, peut-on suivre dans la vide\u0301o publie\u0301e cette nuit.<\/p>\n<p>LA SUITE APRE\u0300S LA PUBLICITE\u0301<\/p>\n<p>Fier de ses performances, le candidat dit merci aux Camerounaises, aux Camerounais, pour leurs votes, la surveillance de ces votes et la bravoure de\u0301montre\u0301e face aux intimidations et menaces. Issa Tchiroma Bakary remercie aussi les autres candidats qui l\u2019ont fe\u0301licite\u0301 ainsi que des acteurs qui l\u2019ont pre\u0301ce\u0301de\u0301 sur le chemin du changement. Le pre\u0301sident national du Fsnc demande au re\u0301gime en place de faire preuve de grandeur et d\u2019honorer la ve\u0301rite\u0301 des urnes par un geste attendu: \u00ab ce coup de fil de fe\u0301licitation qui de\u0301montrera la maturite\u0301 politique de notre Nation et la force future de notre de\u0301mocratie \u00bb, de\u0301clare-t-il en appelant les Forces de maintien de l\u2019ordre a\u0300 rester du co\u0302te\u0301 de la Re\u0301publique, de prote\u0301ger le peuple et non un pouvoir.<\/p>\n<p>Avant cette de\u0301claration de, Issa Tchiroma Bakary, d\u2019autres candidats a\u0300 l\u2019e\u0301lection ont reconnu sa victoire. Le Candidat Akere Tabeng Muna, candidat investi par Univers a appele\u0301 les institutions a\u0300 se conformer a\u0300 la volonte\u0301 du peuple et de rendre le pouvoir dans la paix. Le candidat Ateki Seta Caxton du PAL a aussi fe\u0301licite\u0301 le candidat Issa Tchiroma Bakary quelques heures apre\u0300s la clo\u0302ture du scrutin. Cependant, du co\u0302te\u0301 des institutions, les appels au calme se multiplient, les autorite\u0301s demandent d\u2019attendre la proclamation des re\u0301sultats au plus tard le 27 octobre prochain par le Conseil constitutionnel.<\/p>\n<p>Dans le camp du re\u0301gime, le silence pre\u0301vaut. Mais, dans une publication le 13 octobre, le secre\u0301taire ge\u0301ne\u0301ral adjoint du Rassemblement de\u0301mocratique du peuple camerounais, parti au pouvoir, conteste la victoire de Issa Tchiroma Bakary. Pour le ministre Gre\u0301goire Owona, le candidat n\u2019e\u0301tait pas repre\u0301sente\u0301 dans les plus de 31 000 bureaux de vote comme le Rdpc. Il n\u2019aurait pas l\u2019ensemble des re\u0301sultats et par conse\u0301quent, \u00ab Tchiroma n\u2019a pas gagne\u0301 et il n\u2019a pas les PV (proce\u0300s-verbaux) \u00bb, conclut-il.<\/p>\n<p><strong>Pour plus d&rsquo;informations et d&rsquo;analyses sur la <span style=\"color: #ff6600\">Cameroun<\/span>, suivez <span style=\"color: #ff6600\">Africa-Press<\/span><\/strong><\/p>\n","protected":false},"excerpt":{"rendered":"<p>Africa-Press &#8211; Cameroun. Le candidat du Front pour le salut national du Cameroun a fait une de\u0301claration cette nuit. Issa Tchiroma Bakary appelle le re\u0301gime a\u0300 honorer la ve\u0301rite\u0301 des urnes et le fe\u0301liciter. \u00ab Je vais le dire avec gravite\u0301 et simplicite\u0301. Le peuple a choisi et ce choix doit e\u0302tre respecte\u0301 \u00bb. Deux [&hellip;]<\/p>\n","protected":false},"author":82,"featured_media":94893,"comment_status":"open","ping_status":"closed","sticky":false,"template":"","format":"standard","meta":{"footnotes":""},"categories":[2,56,20,10],"tags":[49],"class_list":["post-94894","post","type-post","status-publish","format-standard","has-post-thumbnail","hentry","category-politique","category-to-homepage","category-top-nouvelles","category-toutes-les-actualites","tag-cameroun"],"yoast_head":"<!-- This site is optimized with the Yoast SEO Premium plugin v26.1 (Yoast SEO v27.0) - https:\/\/yoast.com\/product\/yoast-seo-premium-wordpress\/ -->\n<title>Issa Tchiroma Bakary Se Revendique Vainqueur \u00c9lection - Cameroun<\/title>\n<meta name=\"description\" content=\"Le candidat du Front pour le salut national du Cameroun a fait une de\u0301claration cette nuit. Issa Tchiroma Bakary appe ...\" \/>\n<meta name=\"robots\" content=\"index, follow, max-snippet:-1, max-image-preview:large, max-video-preview:-1\" \/>\n<link rel=\"canonical\" href=\"https:\/\/www.africa-press.net\/cameroun\/politique\/issa-tchiroma-bakary-se-revendique-vainqueur-election\" \/>\n<meta property=\"og:locale\" content=\"fr_FR\" \/>\n<meta property=\"og:type\" content=\"article\" \/>\n<meta property=\"og:title\" content=\"Issa Tchiroma Bakary Se Revendique Vainqueur \u00c9lection\" \/>\n<meta property=\"og:description\" content=\"Le candidat du Front pour le salut national du Cameroun a fait une de\u0301claration cette nuit. Issa Tchiroma Bakary appe ...\" \/>\n<meta property=\"og:url\" content=\"https:\/\/www.africa-press.net\/cameroun\/politique\/issa-tchiroma-bakary-se-revendique-vainqueur-election\" \/>\n<meta property=\"og:site_name\" content=\"Cameroun\" \/>\n<meta property=\"article:published_time\" content=\"2025-10-14T19:14:28+00:00\" \/>\n<meta property=\"article:modified_time\" content=\"2025-10-16T03:20:53+00:00\" \/>\n<meta property=\"og:image\" content=\"https:\/\/static.africa-press.net\/cameroun\/sites\/57\/2025\/10\/sm_1760572093.061678.jpg\" \/>\n\t<meta property=\"og:image:width\" content=\"720\" \/>\n\t<meta property=\"og:image:height\" content=\"364\" \/>\n\t<meta property=\"og:image:type\" content=\"image\/jpeg\" \/>\n<meta name=\"author\" content=\"cfeditorfr\" \/>\n<meta name=\"twitter:card\" content=\"summary_large_image\" \/>\n<meta name=\"twitter:label1\" content=\"\u00c9crit par\" \/>\n\t<meta name=\"twitter:data1\" content=\"cfeditorfr\" \/>\n\t<meta name=\"twitter:label2\" content=\"Dur\u00e9e de lecture estim\u00e9e\" \/>\n\t<meta name=\"twitter:data2\" content=\"3 minutes\" \/>\n<script type=\"application\/ld+json\" class=\"yoast-schema-graph\">{\"@context\":\"https:\/\/schema.org\",\"@graph\":[{\"@type\":\"Article\",\"@id\":\"https:\/\/www.africa-press.net\/cameroun\/politique\/issa-tchiroma-bakary-se-revendique-vainqueur-election#article\",\"isPartOf\":{\"@id\":\"https:\/\/www.africa-press.net\/cameroun\/politique\/issa-tchiroma-bakary-se-revendique-vainqueur-election\"},\"author\":{\"name\":\"cfeditorfr\",\"@id\":\"https:\/\/www.africa-press.net\/cameroun\/#\/schema\/person\/2b1cf3cd81a31e3cd26889ca66d677f1\"},\"headline\":\"Issa Tchiroma Bakary Se Revendique Vainqueur \u00c9lection\",\"datePublished\":\"2025-10-14T19:14:28+00:00\",\"dateModified\":\"2025-10-16T03:20:53+00:00\",\"mainEntityOfPage\":{\"@id\":\"https:\/\/www.africa-press.net\/cameroun\/politique\/issa-tchiroma-bakary-se-revendique-vainqueur-election\"},\"wordCount\":581,\"commentCount\":0,\"image\":{\"@id\":\"https:\/\/www.africa-press.net\/cameroun\/politique\/issa-tchiroma-bakary-se-revendique-vainqueur-election#primaryimage\"},\"thumbnailUrl\":\"https:\/\/static.africa-press.net\/cameroun\/sites\/57\/2025\/10\/sm_1760572093.061678.jpg\",\"keywords\":[\"Cameroun\"],\"articleSection\":[\"Politique\",\"to-homepage\",\"Top Nouvelles\",\"Toutes les actualit\u00e9s\"],\"inLanguage\":\"fr-FR\",\"potentialAction\":[{\"@type\":\"CommentAction\",\"name\":\"Comment\",\"target\":[\"https:\/\/www.africa-press.net\/cameroun\/politique\/issa-tchiroma-bakary-se-revendique-vainqueur-election#respond\"]}]},{\"@type\":\"WebPage\",\"@id\":\"https:\/\/www.africa-press.net\/cameroun\/politique\/issa-tchiroma-bakary-se-revendique-vainqueur-election\",\"url\":\"https:\/\/www.africa-press.net\/cameroun\/politique\/issa-tchiroma-bakary-se-revendique-vainqueur-election\",\"name\":\"Issa Tchiroma Bakary Se Revendique Vainqueur \u00c9lection - Cameroun\",\"isPartOf\":{\"@id\":\"https:\/\/www.africa-press.net\/cameroun\/#website\"},\"primaryImageOfPage\":{\"@id\":\"https:\/\/www.africa-press.net\/cameroun\/politique\/issa-tchiroma-bakary-se-revendique-vainqueur-election#primaryimage\"},\"image\":{\"@id\":\"https:\/\/www.africa-press.net\/cameroun\/politique\/issa-tchiroma-bakary-se-revendique-vainqueur-election#primaryimage\"},\"thumbnailUrl\":\"https:\/\/static.africa-press.net\/cameroun\/sites\/57\/2025\/10\/sm_1760572093.061678.jpg\",\"datePublished\":\"2025-10-14T19:14:28+00:00\",\"dateModified\":\"2025-10-16T03:20:53+00:00\",\"author\":{\"@id\":\"https:\/\/www.africa-press.net\/cameroun\/#\/schema\/person\/2b1cf3cd81a31e3cd26889ca66d677f1\"},\"description\":\"Le candidat du Front pour le salut national du Cameroun a fait une de\u0301claration cette nuit. Issa Tchiroma Bakary appe ...\",\"breadcrumb\":{\"@id\":\"https:\/\/www.africa-press.net\/cameroun\/politique\/issa-tchiroma-bakary-se-revendique-vainqueur-election#breadcrumb\"},\"inLanguage\":\"fr-FR\",\"potentialAction\":[{\"@type\":\"ReadAction\",\"target\":[\"https:\/\/www.africa-press.net\/cameroun\/politique\/issa-tchiroma-bakary-se-revendique-vainqueur-election\"]}]},{\"@type\":\"ImageObject\",\"inLanguage\":\"fr-FR\",\"@id\":\"https:\/\/www.africa-press.net\/cameroun\/politique\/issa-tchiroma-bakary-se-revendique-vainqueur-election#primaryimage\",\"url\":\"https:\/\/static.africa-press.net\/cameroun\/sites\/57\/2025\/10\/sm_1760572093.061678.jpg\",\"contentUrl\":\"https:\/\/static.africa-press.net\/cameroun\/sites\/57\/2025\/10\/sm_1760572093.061678.jpg\",\"width\":720,\"height\":364,\"caption\":\"Issa Tchiroma Bakary Se Revendique Vainqueur \u00c9lection\"},{\"@type\":\"BreadcrumbList\",\"@id\":\"https:\/\/www.africa-press.net\/cameroun\/politique\/issa-tchiroma-bakary-se-revendique-vainqueur-election#breadcrumb\",\"itemListElement\":[{\"@type\":\"ListItem\",\"position\":1,\"name\":\"Accueil\",\"item\":\"https:\/\/www.africa-press.net\/cameroun\/\"},{\"@type\":\"ListItem\",\"position\":2,\"name\":\"Issa Tchiroma Bakary Se Revendique Vainqueur \u00c9lection\"}]},{\"@type\":\"WebSite\",\"@id\":\"https:\/\/www.africa-press.net\/cameroun\/#website\",\"url\":\"https:\/\/www.africa-press.net\/cameroun\/\",\"name\":\"Cameroun\",\"description\":\"Just another Africa News Agency Sites site\",\"potentialAction\":[{\"@type\":\"SearchAction\",\"target\":{\"@type\":\"EntryPoint\",\"urlTemplate\":\"https:\/\/www.africa-press.net\/cameroun\/?s={search_term_string}\"},\"query-input\":{\"@type\":\"PropertyValueSpecification\",\"valueRequired\":true,\"valueName\":\"search_term_string\"}}],\"inLanguage\":\"fr-FR\"},{\"@type\":\"Person\",\"@id\":\"https:\/\/www.africa-press.net\/cameroun\/#\/schema\/person\/2b1cf3cd81a31e3cd26889ca66d677f1\",\"name\":\"cfeditorfr\"}]}<\/script>\n<!-- \/ Yoast SEO Premium plugin. -->","yoast_head_json":{"title":"Issa Tchiroma Bakary Se Revendique Vainqueur \u00c9lection - Cameroun","description":"Le candidat du Front pour le salut national du Cameroun a fait une de\u0301claration cette nuit. Issa Tchiroma Bakary appe ...","robots":{"index":"index","follow":"follow","max-snippet":"max-snippet:-1","max-image-preview":"max-image-preview:large","max-video-preview":"max-video-preview:-1"},"canonical":"https:\/\/www.africa-press.net\/cameroun\/politique\/issa-tchiroma-bakary-se-revendique-vainqueur-election","og_locale":"fr_FR","og_type":"article","og_title":"Issa Tchiroma Bakary Se Revendique Vainqueur \u00c9lection","og_description":"Le candidat du Front pour le salut national du Cameroun a fait une de\u0301claration cette nuit. Issa Tchiroma Bakary appe ...","og_url":"https:\/\/www.africa-press.net\/cameroun\/politique\/issa-tchiroma-bakary-se-revendique-vainqueur-election","og_site_name":"Cameroun","article_published_time":"2025-10-14T19:14:28+00:00","article_modified_time":"2025-10-16T03:20:53+00:00","og_image":[{"width":720,"height":364,"url":"https:\/\/static.africa-press.net\/cameroun\/sites\/57\/2025\/10\/sm_1760572093.061678.jpg","type":"image\/jpeg"}],"author":"cfeditorfr","twitter_card":"summary_large_image","twitter_misc":{"\u00c9crit par":"cfeditorfr","Dur\u00e9e de lecture estim\u00e9e":"3 minutes"},"schema":{"@context":"https:\/\/schema.org","@graph":[{"@type":"Article","@id":"https:\/\/www.africa-press.net\/cameroun\/politique\/issa-tchiroma-bakary-se-revendique-vainqueur-election#article","isPartOf":{"@id":"https:\/\/www.africa-press.net\/cameroun\/politique\/issa-tchiroma-bakary-se-revendique-vainqueur-election"},"author":{"name":"cfeditorfr","@id":"https:\/\/www.africa-press.net\/cameroun\/#\/schema\/person\/2b1cf3cd81a31e3cd26889ca66d677f1"},"headline":"Issa Tchiroma Bakary Se Revendique Vainqueur \u00c9lection","datePublished":"2025-10-14T19:14:28+00:00","dateModified":"2025-10-16T03:20:53+00:00","mainEntityOfPage":{"@id":"https:\/\/www.africa-press.net\/cameroun\/politique\/issa-tchiroma-bakary-se-revendique-vainqueur-election"},"wordCount":581,"commentCount":0,"image":{"@id":"https:\/\/www.africa-press.net\/cameroun\/politique\/issa-tchiroma-bakary-se-revendique-vainqueur-election#primaryimage"},"thumbnailUrl":"https:\/\/static.africa-press.net\/cameroun\/sites\/57\/2025\/10\/sm_1760572093.061678.jpg","keywords":["Cameroun"],"articleSection":["Politique","to-homepage","Top Nouvelles","Toutes les actualit\u00e9s"],"inLanguage":"fr-FR","potentialAction":[{"@type":"CommentAction","name":"Comment","target":["https:\/\/www.africa-press.net\/cameroun\/politique\/issa-tchiroma-bakary-se-revendique-vainqueur-election#respond"]}]},{"@type":"WebPage","@id":"https:\/\/www.africa-press.net\/cameroun\/politique\/issa-tchiroma-bakary-se-revendique-vainqueur-election","url":"https:\/\/www.africa-press.net\/cameroun\/politique\/issa-tchiroma-bakary-se-revendique-vainqueur-election","name":"Issa Tchiroma Bakary Se Revendique Vainqueur \u00c9lection - Cameroun","isPartOf":{"@id":"https:\/\/www.africa-press.net\/cameroun\/#website"},"primaryImageOfPage":{"@id":"https:\/\/www.africa-press.net\/cameroun\/politique\/issa-tchiroma-bakary-se-revendique-vainqueur-election#primaryimage"},"image":{"@id":"https:\/\/www.africa-press.net\/cameroun\/politique\/issa-tchiroma-bakary-se-revendique-vainqueur-election#primaryimage"},"thumbnailUrl":"https:\/\/static.africa-press.net\/cameroun\/sites\/57\/2025\/10\/sm_1760572093.061678.jpg","datePublished":"2025-10-14T19:14:28+00:00","dateModified":"2025-10-16T03:20:53+00:00","author":{"@id":"https:\/\/www.africa-press.net\/cameroun\/#\/schema\/person\/2b1cf3cd81a31e3cd26889ca66d677f1"},"description":"Le candidat du Front pour le salut national du Cameroun a fait une de\u0301claration cette nuit. Issa Tchiroma Bakary appe ...","breadcrumb":{"@id":"https:\/\/www.africa-press.net\/cameroun\/politique\/issa-tchiroma-bakary-se-revendique-vainqueur-election#breadcrumb"},"inLanguage":"fr-FR","potentialAction":[{"@type":"ReadAction","target":["https:\/\/www.africa-press.net\/cameroun\/politique\/issa-tchiroma-bakary-se-revendique-vainqueur-election"]}]},{"@type":"ImageObject","inLanguage":"fr-FR","@id":"https:\/\/www.africa-press.net\/cameroun\/politique\/issa-tchiroma-bakary-se-revendique-vainqueur-election#primaryimage","url":"https:\/\/static.africa-press.net\/cameroun\/sites\/57\/2025\/10\/sm_1760572093.061678.jpg","contentUrl":"https:\/\/static.africa-press.net\/cameroun\/sites\/57\/2025\/10\/sm_1760572093.061678.jpg","width":720,"height":364,"caption":"Issa Tchiroma Bakary Se Revendique Vainqueur \u00c9lection"},{"@type":"BreadcrumbList","@id":"https:\/\/www.africa-press.net\/cameroun\/politique\/issa-tchiroma-bakary-se-revendique-vainqueur-election#breadcrumb","itemListElement":[{"@type":"ListItem","position":1,"name":"Accueil","item":"https:\/\/www.africa-press.net\/cameroun\/"},{"@type":"ListItem","position":2,"name":"Issa Tchiroma Bakary Se Revendique Vainqueur \u00c9lection"}]},{"@type":"WebSite","@id":"https:\/\/www.africa-press.net\/cameroun\/#website","url":"https:\/\/www.africa-press.net\/cameroun\/","name":"Cameroun","description":"Just another Africa News Agency Sites site","potentialAction":[{"@type":"SearchAction","target":{"@type":"EntryPoint","urlTemplate":"https:\/\/www.africa-press.net\/cameroun\/?s={search_term_string}"},"query-input":{"@type":"PropertyValueSpecification","valueRequired":true,"valueName":"search_term_string"}}],"inLanguage":"fr-FR"},{"@type":"Person","@id":"https:\/\/www.africa-press.net\/cameroun\/#\/schema\/person\/2b1cf3cd81a31e3cd26889ca66d677f1","name":"cfeditorfr"}]}},"_links":{"self":[{"href":"https:\/\/www.africa-press.net\/cameroun\/wp-json\/wp\/v2\/posts\/94894","targetHints":{"allow":["GET"]}}],"collection":[{"href":"https:\/\/www.africa-press.net\/cameroun\/wp-json\/wp\/v2\/posts"}],"about":[{"href":"https:\/\/www.africa-press.net\/cameroun\/wp-json\/wp\/v2\/types\/post"}],"author":[{"embeddable":true,"href":"https:\/\/www.africa-press.net\/cameroun\/wp-json\/wp\/v2\/users\/82"}],"replies":[{"embeddable":true,"href":"https:\/\/www.africa-press.net\/cameroun\/wp-json\/wp\/v2\/comments?post=94894"}],"version-history":[{"count":0,"href":"https:\/\/www.africa-press.net\/cameroun\/wp-json\/wp\/v2\/posts\/94894\/revisions"}],"wp:featuredmedia":[{"embeddable":true,"href":"https:\/\/www.africa-press.net\/cameroun\/wp-json\/wp\/v2\/media\/94893"}],"wp:attachment":[{"href":"https:\/\/www.africa-press.net\/cameroun\/wp-json\/wp\/v2\/media?parent=94894"}],"wp:term":[{"taxonomy":"category","embeddable":true,"href":"https:\/\/www.africa-press.net\/cameroun\/wp-json\/wp\/v2\/categories?post=94894"},{"taxonomy":"post_tag","embeddable":true,"href":"https:\/\/www.africa-press.net\/cameroun\/wp-json\/wp\/v2\/tags?post=94894"}],"curies":[{"name":"wp","href":"https:\/\/api.w.org\/{rel}","templated":true}]}}