{"id":95703,"date":"2025-10-27T16:59:20","date_gmt":"2025-10-27T16:59:20","guid":{"rendered":"https:\/\/www.africa-press.net\/cameroun\/politique\/paul-biya-92-ans-reelu-president-avec-5366"},"modified":"2025-10-27T17:30:24","modified_gmt":"2025-10-27T17:30:24","slug":"paul-biya-92-ans-reelu-president-avec-5366","status":"publish","type":"post","link":"https:\/\/www.africa-press.net\/cameroun\/politique\/paul-biya-92-ans-reelu-president-avec-5366","title":{"rendered":"Paul Biya, 92 Ans, R\u00e9\u00e9lu Pr\u00e9sident avec 53,66%"},"content":{"rendered":"<p><span style=\"color: #ff6600\"><strong>Africa-Press &#8211; Cameroun. <\/strong><\/span><b>Le Conseil constitutionnel vient de de\u0301clarer le candidat du Rdpc, Paul Biya, pre\u0301sident e\u0301lu a\u0300 l\u2019issue du scrutin du 12 octobre 2025. Il est suivi de Issa Tchiroma Bakary. Voici le classement officiel.<\/b><\/p>\n<p>\u00ab Est ainsi proclame\u0301 e\u0301lu, comme ayant obtenu la majorite\u0301 des suffrages exprime\u0301s, le candidat Biya Paul \u00bb, a de\u0301clare\u0301 le pre\u0301sident du Conseil constitutionnel, Cle\u0301ment Atangana, au terme de la proclamation des re\u0301sultats. Sans grande surprise, le pre\u0301sident de la Re\u0301publique Paul Biya est vainqueur de l\u2019e\u0301lection pre\u0301sidentielle du 12 octobre 2025. L\u2019homme politique qui cumule de\u0301ja\u0300 plus de 42 ans a\u0300 la te\u0302te de l\u2019Etat remporte le scrutin devant 11 candidats de l\u2019opposition avec 2474179 voix, soit 53,66% des suffrages exprime\u0301s.<\/p>\n<p>Il est suivi du candidat du FSNC, Issa Tchiroma Bakary qui s\u2019est autoproclame\u0301 vainqueur deux jours apre\u0300s l\u2019e\u0301lection. Les re\u0301sultats officiels lui donnent 1 622 334 voix, soit 35,19%. Le candidat Cabral Libii du Pcrn arrive en 3e\u0300 position avec 157 568 voix, soit 3,41%. Bello Bouba Mai\u0308gari de l\u2019Undp arrive quatrie\u0300me avec 112 758 voix repre\u0301sentant un taux de 2,45%. L\u2019unique candidate fe\u0301minine, Hermine Patricia Tomai\u0308no Ndam Njoya du l\u2019Udc, occupe le 5e\u0300 rang avec 76 721 voix, soit 1,66%. Joshua Osih Nambangui du Sdf vient en 6e\u0300 position avec 55 841 voix repre\u0301sentant 1,21%.<\/p>\n<p>LA SUITE APRE\u0300S LA PUBLICITE\u0301<\/p>\n<p>Les autres six candidats sont tous en dessous de 1%. Ateki Seta Caxton du PAL en l\u2019occurrence arrive en 7e\u0300 position avec 39 935 voix dont 0,87% des suffrages. En 8e\u0300 position se trouve le plus jeune candidat a\u0300 l\u2019e\u0301lection, Samuel Iyodi Hiram du Fdc qui totalise 18 825 voix soit 0,40%. Serge Espoir Matomba du Purs arrive 9e\u0300 avec 15 925 voix, soit 0,35%, tandis que Jacques Bougha Hagbe du Mcnc vient en 10e\u0300 position avec 13 612 voix repre\u0301sentant 0,30%. Pierre Kwemo de l\u2019Ums est avant-dernier avec 12 873 voix, soit 0,28%. Il est suivi de Akere Tabeng Muna du parti Univers avec 10 252 voix, repre\u0301sentant 0,22% des suffrages.<\/p>\n<p><strong>Pour plus d&rsquo;informations et d&rsquo;analyses sur la <span style=\"color: #ff6600\">Cameroun<\/span>, suivez <span style=\"color: #ff6600\">Africa-Press<\/span><\/strong><\/p>\n","protected":false},"excerpt":{"rendered":"<p>Africa-Press &#8211; Cameroun. Le Conseil constitutionnel vient de de\u0301clarer le candidat du Rdpc, Paul Biya, pre\u0301sident e\u0301lu a\u0300 l\u2019issue du scrutin du 12 octobre 2025. Il est suivi de Issa Tchiroma Bakary. Voici le classement officiel. \u00ab Est ainsi proclame\u0301 e\u0301lu, comme ayant obtenu la majorite\u0301 des suffrages exprime\u0301s, le candidat Biya Paul \u00bb, a [&hellip;]<\/p>\n","protected":false},"author":82,"featured_media":95702,"comment_status":"open","ping_status":"closed","sticky":false,"template":"","format":"standard","meta":{"footnotes":""},"categories":[2,56,20,10],"tags":[49],"class_list":["post-95703","post","type-post","status-publish","format-standard","has-post-thumbnail","hentry","category-politique","category-to-homepage","category-top-nouvelles","category-toutes-les-actualites","tag-cameroun"],"yoast_head":"<!-- This site is optimized with the Yoast SEO Premium plugin v26.1 (Yoast SEO v27.0) - https:\/\/yoast.com\/product\/yoast-seo-premium-wordpress\/ -->\n<title>Paul Biya, 92 Ans, R\u00e9\u00e9lu Pr\u00e9sident avec 53,66% - Cameroun<\/title>\n<meta name=\"description\" content=\"Le Conseil constitutionnel vient de de\u0301clarer le candidat du Rdpc, Paul Biya, pre\u0301sident e\u0301lu a\u0300 l\u2019issue du scrutin d ...\" \/>\n<meta name=\"robots\" content=\"index, follow, max-snippet:-1, max-image-preview:large, max-video-preview:-1\" \/>\n<link rel=\"canonical\" href=\"https:\/\/www.africa-press.net\/cameroun\/politique\/paul-biya-92-ans-reelu-president-avec-5366\" \/>\n<meta property=\"og:locale\" content=\"fr_FR\" \/>\n<meta property=\"og:type\" content=\"article\" \/>\n<meta property=\"og:title\" content=\"Paul Biya, 92 Ans, R\u00e9\u00e9lu Pr\u00e9sident avec 53,66%\" \/>\n<meta property=\"og:description\" content=\"Le Conseil constitutionnel vient de de\u0301clarer le candidat du Rdpc, Paul Biya, pre\u0301sident e\u0301lu a\u0300 l\u2019issue du scrutin d ...\" \/>\n<meta property=\"og:url\" content=\"https:\/\/www.africa-press.net\/cameroun\/politique\/paul-biya-92-ans-reelu-president-avec-5366\" \/>\n<meta property=\"og:site_name\" content=\"Cameroun\" \/>\n<meta property=\"article:published_time\" content=\"2025-10-27T16:59:20+00:00\" \/>\n<meta property=\"article:modified_time\" content=\"2025-10-27T17:30:24+00:00\" \/>\n<meta property=\"og:image\" content=\"https:\/\/static.africa-press.net\/cameroun\/sites\/57\/2025\/10\/sm_1761573190.402361.jpg\" \/>\n\t<meta property=\"og:image:width\" content=\"720\" \/>\n\t<meta property=\"og:image:height\" content=\"405\" \/>\n\t<meta property=\"og:image:type\" content=\"image\/jpeg\" \/>\n<meta name=\"author\" content=\"cfeditorfr\" \/>\n<meta name=\"twitter:card\" content=\"summary_large_image\" \/>\n<meta name=\"twitter:label1\" content=\"\u00c9crit par\" \/>\n\t<meta name=\"twitter:data1\" content=\"cfeditorfr\" \/>\n\t<meta name=\"twitter:label2\" content=\"Dur\u00e9e de lecture estim\u00e9e\" \/>\n\t<meta name=\"twitter:data2\" content=\"2 minutes\" \/>\n<script type=\"application\/ld+json\" class=\"yoast-schema-graph\">{\"@context\":\"https:\/\/schema.org\",\"@graph\":[{\"@type\":\"Article\",\"@id\":\"https:\/\/www.africa-press.net\/cameroun\/politique\/paul-biya-92-ans-reelu-president-avec-5366#article\",\"isPartOf\":{\"@id\":\"https:\/\/www.africa-press.net\/cameroun\/politique\/paul-biya-92-ans-reelu-president-avec-5366\"},\"author\":{\"name\":\"cfeditorfr\",\"@id\":\"https:\/\/www.africa-press.net\/cameroun\/#\/schema\/person\/2b1cf3cd81a31e3cd26889ca66d677f1\"},\"headline\":\"Paul Biya, 92 Ans, R\u00e9\u00e9lu Pr\u00e9sident avec 53,66%\",\"datePublished\":\"2025-10-27T16:59:20+00:00\",\"dateModified\":\"2025-10-27T17:30:24+00:00\",\"mainEntityOfPage\":{\"@id\":\"https:\/\/www.africa-press.net\/cameroun\/politique\/paul-biya-92-ans-reelu-president-avec-5366\"},\"wordCount\":349,\"commentCount\":0,\"image\":{\"@id\":\"https:\/\/www.africa-press.net\/cameroun\/politique\/paul-biya-92-ans-reelu-president-avec-5366#primaryimage\"},\"thumbnailUrl\":\"https:\/\/static.africa-press.net\/cameroun\/sites\/57\/2025\/10\/sm_1761573190.402361.jpg\",\"keywords\":[\"Cameroun\"],\"articleSection\":[\"Politique\",\"to-homepage\",\"Top Nouvelles\",\"Toutes les actualit\u00e9s\"],\"inLanguage\":\"fr-FR\",\"potentialAction\":[{\"@type\":\"CommentAction\",\"name\":\"Comment\",\"target\":[\"https:\/\/www.africa-press.net\/cameroun\/politique\/paul-biya-92-ans-reelu-president-avec-5366#respond\"]}]},{\"@type\":\"WebPage\",\"@id\":\"https:\/\/www.africa-press.net\/cameroun\/politique\/paul-biya-92-ans-reelu-president-avec-5366\",\"url\":\"https:\/\/www.africa-press.net\/cameroun\/politique\/paul-biya-92-ans-reelu-president-avec-5366\",\"name\":\"Paul Biya, 92 Ans, R\u00e9\u00e9lu Pr\u00e9sident avec 53,66% - Cameroun\",\"isPartOf\":{\"@id\":\"https:\/\/www.africa-press.net\/cameroun\/#website\"},\"primaryImageOfPage\":{\"@id\":\"https:\/\/www.africa-press.net\/cameroun\/politique\/paul-biya-92-ans-reelu-president-avec-5366#primaryimage\"},\"image\":{\"@id\":\"https:\/\/www.africa-press.net\/cameroun\/politique\/paul-biya-92-ans-reelu-president-avec-5366#primaryimage\"},\"thumbnailUrl\":\"https:\/\/static.africa-press.net\/cameroun\/sites\/57\/2025\/10\/sm_1761573190.402361.jpg\",\"datePublished\":\"2025-10-27T16:59:20+00:00\",\"dateModified\":\"2025-10-27T17:30:24+00:00\",\"author\":{\"@id\":\"https:\/\/www.africa-press.net\/cameroun\/#\/schema\/person\/2b1cf3cd81a31e3cd26889ca66d677f1\"},\"description\":\"Le Conseil constitutionnel vient de de\u0301clarer le candidat du Rdpc, Paul Biya, pre\u0301sident e\u0301lu a\u0300 l\u2019issue du scrutin d ...\",\"breadcrumb\":{\"@id\":\"https:\/\/www.africa-press.net\/cameroun\/politique\/paul-biya-92-ans-reelu-president-avec-5366#breadcrumb\"},\"inLanguage\":\"fr-FR\",\"potentialAction\":[{\"@type\":\"ReadAction\",\"target\":[\"https:\/\/www.africa-press.net\/cameroun\/politique\/paul-biya-92-ans-reelu-president-avec-5366\"]}]},{\"@type\":\"ImageObject\",\"inLanguage\":\"fr-FR\",\"@id\":\"https:\/\/www.africa-press.net\/cameroun\/politique\/paul-biya-92-ans-reelu-president-avec-5366#primaryimage\",\"url\":\"https:\/\/static.africa-press.net\/cameroun\/sites\/57\/2025\/10\/sm_1761573190.402361.jpg\",\"contentUrl\":\"https:\/\/static.africa-press.net\/cameroun\/sites\/57\/2025\/10\/sm_1761573190.402361.jpg\",\"width\":720,\"height\":405,\"caption\":\"Paul Biya, 92 Ans, R\u00e9\u00e9lu Pr\u00e9sident avec 53,66%\"},{\"@type\":\"BreadcrumbList\",\"@id\":\"https:\/\/www.africa-press.net\/cameroun\/politique\/paul-biya-92-ans-reelu-president-avec-5366#breadcrumb\",\"itemListElement\":[{\"@type\":\"ListItem\",\"position\":1,\"name\":\"Accueil\",\"item\":\"https:\/\/www.africa-press.net\/cameroun\/\"},{\"@type\":\"ListItem\",\"position\":2,\"name\":\"Paul Biya, 92 Ans, R\u00e9\u00e9lu Pr\u00e9sident avec 53,66%\"}]},{\"@type\":\"WebSite\",\"@id\":\"https:\/\/www.africa-press.net\/cameroun\/#website\",\"url\":\"https:\/\/www.africa-press.net\/cameroun\/\",\"name\":\"Cameroun\",\"description\":\"Just another Africa News Agency Sites site\",\"potentialAction\":[{\"@type\":\"SearchAction\",\"target\":{\"@type\":\"EntryPoint\",\"urlTemplate\":\"https:\/\/www.africa-press.net\/cameroun\/?s={search_term_string}\"},\"query-input\":{\"@type\":\"PropertyValueSpecification\",\"valueRequired\":true,\"valueName\":\"search_term_string\"}}],\"inLanguage\":\"fr-FR\"},{\"@type\":\"Person\",\"@id\":\"https:\/\/www.africa-press.net\/cameroun\/#\/schema\/person\/2b1cf3cd81a31e3cd26889ca66d677f1\",\"name\":\"cfeditorfr\"}]}<\/script>\n<!-- \/ Yoast SEO Premium plugin. -->","yoast_head_json":{"title":"Paul Biya, 92 Ans, R\u00e9\u00e9lu Pr\u00e9sident avec 53,66% - Cameroun","description":"Le Conseil constitutionnel vient de de\u0301clarer le candidat du Rdpc, Paul Biya, pre\u0301sident e\u0301lu a\u0300 l\u2019issue du scrutin d ...","robots":{"index":"index","follow":"follow","max-snippet":"max-snippet:-1","max-image-preview":"max-image-preview:large","max-video-preview":"max-video-preview:-1"},"canonical":"https:\/\/www.africa-press.net\/cameroun\/politique\/paul-biya-92-ans-reelu-president-avec-5366","og_locale":"fr_FR","og_type":"article","og_title":"Paul Biya, 92 Ans, R\u00e9\u00e9lu Pr\u00e9sident avec 53,66%","og_description":"Le Conseil constitutionnel vient de de\u0301clarer le candidat du Rdpc, Paul Biya, pre\u0301sident e\u0301lu a\u0300 l\u2019issue du scrutin d ...","og_url":"https:\/\/www.africa-press.net\/cameroun\/politique\/paul-biya-92-ans-reelu-president-avec-5366","og_site_name":"Cameroun","article_published_time":"2025-10-27T16:59:20+00:00","article_modified_time":"2025-10-27T17:30:24+00:00","og_image":[{"width":720,"height":405,"url":"https:\/\/static.africa-press.net\/cameroun\/sites\/57\/2025\/10\/sm_1761573190.402361.jpg","type":"image\/jpeg"}],"author":"cfeditorfr","twitter_card":"summary_large_image","twitter_misc":{"\u00c9crit par":"cfeditorfr","Dur\u00e9e de lecture estim\u00e9e":"2 minutes"},"schema":{"@context":"https:\/\/schema.org","@graph":[{"@type":"Article","@id":"https:\/\/www.africa-press.net\/cameroun\/politique\/paul-biya-92-ans-reelu-president-avec-5366#article","isPartOf":{"@id":"https:\/\/www.africa-press.net\/cameroun\/politique\/paul-biya-92-ans-reelu-president-avec-5366"},"author":{"name":"cfeditorfr","@id":"https:\/\/www.africa-press.net\/cameroun\/#\/schema\/person\/2b1cf3cd81a31e3cd26889ca66d677f1"},"headline":"Paul Biya, 92 Ans, R\u00e9\u00e9lu Pr\u00e9sident avec 53,66%","datePublished":"2025-10-27T16:59:20+00:00","dateModified":"2025-10-27T17:30:24+00:00","mainEntityOfPage":{"@id":"https:\/\/www.africa-press.net\/cameroun\/politique\/paul-biya-92-ans-reelu-president-avec-5366"},"wordCount":349,"commentCount":0,"image":{"@id":"https:\/\/www.africa-press.net\/cameroun\/politique\/paul-biya-92-ans-reelu-president-avec-5366#primaryimage"},"thumbnailUrl":"https:\/\/static.africa-press.net\/cameroun\/sites\/57\/2025\/10\/sm_1761573190.402361.jpg","keywords":["Cameroun"],"articleSection":["Politique","to-homepage","Top Nouvelles","Toutes les actualit\u00e9s"],"inLanguage":"fr-FR","potentialAction":[{"@type":"CommentAction","name":"Comment","target":["https:\/\/www.africa-press.net\/cameroun\/politique\/paul-biya-92-ans-reelu-president-avec-5366#respond"]}]},{"@type":"WebPage","@id":"https:\/\/www.africa-press.net\/cameroun\/politique\/paul-biya-92-ans-reelu-president-avec-5366","url":"https:\/\/www.africa-press.net\/cameroun\/politique\/paul-biya-92-ans-reelu-president-avec-5366","name":"Paul Biya, 92 Ans, R\u00e9\u00e9lu Pr\u00e9sident avec 53,66% - Cameroun","isPartOf":{"@id":"https:\/\/www.africa-press.net\/cameroun\/#website"},"primaryImageOfPage":{"@id":"https:\/\/www.africa-press.net\/cameroun\/politique\/paul-biya-92-ans-reelu-president-avec-5366#primaryimage"},"image":{"@id":"https:\/\/www.africa-press.net\/cameroun\/politique\/paul-biya-92-ans-reelu-president-avec-5366#primaryimage"},"thumbnailUrl":"https:\/\/static.africa-press.net\/cameroun\/sites\/57\/2025\/10\/sm_1761573190.402361.jpg","datePublished":"2025-10-27T16:59:20+00:00","dateModified":"2025-10-27T17:30:24+00:00","author":{"@id":"https:\/\/www.africa-press.net\/cameroun\/#\/schema\/person\/2b1cf3cd81a31e3cd26889ca66d677f1"},"description":"Le Conseil constitutionnel vient de de\u0301clarer le candidat du Rdpc, Paul Biya, pre\u0301sident e\u0301lu a\u0300 l\u2019issue du scrutin d ...","breadcrumb":{"@id":"https:\/\/www.africa-press.net\/cameroun\/politique\/paul-biya-92-ans-reelu-president-avec-5366#breadcrumb"},"inLanguage":"fr-FR","potentialAction":[{"@type":"ReadAction","target":["https:\/\/www.africa-press.net\/cameroun\/politique\/paul-biya-92-ans-reelu-president-avec-5366"]}]},{"@type":"ImageObject","inLanguage":"fr-FR","@id":"https:\/\/www.africa-press.net\/cameroun\/politique\/paul-biya-92-ans-reelu-president-avec-5366#primaryimage","url":"https:\/\/static.africa-press.net\/cameroun\/sites\/57\/2025\/10\/sm_1761573190.402361.jpg","contentUrl":"https:\/\/static.africa-press.net\/cameroun\/sites\/57\/2025\/10\/sm_1761573190.402361.jpg","width":720,"height":405,"caption":"Paul Biya, 92 Ans, R\u00e9\u00e9lu Pr\u00e9sident avec 53,66%"},{"@type":"BreadcrumbList","@id":"https:\/\/www.africa-press.net\/cameroun\/politique\/paul-biya-92-ans-reelu-president-avec-5366#breadcrumb","itemListElement":[{"@type":"ListItem","position":1,"name":"Accueil","item":"https:\/\/www.africa-press.net\/cameroun\/"},{"@type":"ListItem","position":2,"name":"Paul Biya, 92 Ans, R\u00e9\u00e9lu Pr\u00e9sident avec 53,66%"}]},{"@type":"WebSite","@id":"https:\/\/www.africa-press.net\/cameroun\/#website","url":"https:\/\/www.africa-press.net\/cameroun\/","name":"Cameroun","description":"Just another Africa News Agency Sites site","potentialAction":[{"@type":"SearchAction","target":{"@type":"EntryPoint","urlTemplate":"https:\/\/www.africa-press.net\/cameroun\/?s={search_term_string}"},"query-input":{"@type":"PropertyValueSpecification","valueRequired":true,"valueName":"search_term_string"}}],"inLanguage":"fr-FR"},{"@type":"Person","@id":"https:\/\/www.africa-press.net\/cameroun\/#\/schema\/person\/2b1cf3cd81a31e3cd26889ca66d677f1","name":"cfeditorfr"}]}},"_links":{"self":[{"href":"https:\/\/www.africa-press.net\/cameroun\/wp-json\/wp\/v2\/posts\/95703","targetHints":{"allow":["GET"]}}],"collection":[{"href":"https:\/\/www.africa-press.net\/cameroun\/wp-json\/wp\/v2\/posts"}],"about":[{"href":"https:\/\/www.africa-press.net\/cameroun\/wp-json\/wp\/v2\/types\/post"}],"author":[{"embeddable":true,"href":"https:\/\/www.africa-press.net\/cameroun\/wp-json\/wp\/v2\/users\/82"}],"replies":[{"embeddable":true,"href":"https:\/\/www.africa-press.net\/cameroun\/wp-json\/wp\/v2\/comments?post=95703"}],"version-history":[{"count":0,"href":"https:\/\/www.africa-press.net\/cameroun\/wp-json\/wp\/v2\/posts\/95703\/revisions"}],"wp:featuredmedia":[{"embeddable":true,"href":"https:\/\/www.africa-press.net\/cameroun\/wp-json\/wp\/v2\/media\/95702"}],"wp:attachment":[{"href":"https:\/\/www.africa-press.net\/cameroun\/wp-json\/wp\/v2\/media?parent=95703"}],"wp:term":[{"taxonomy":"category","embeddable":true,"href":"https:\/\/www.africa-press.net\/cameroun\/wp-json\/wp\/v2\/categories?post=95703"},{"taxonomy":"post_tag","embeddable":true,"href":"https:\/\/www.africa-press.net\/cameroun\/wp-json\/wp\/v2\/tags?post=95703"}],"curies":[{"name":"wp","href":"https:\/\/api.w.org\/{rel}","templated":true}]}}