{"id":95729,"date":"2025-10-27T17:02:26","date_gmt":"2025-10-27T17:02:26","guid":{"rendered":"https:\/\/www.africa-press.net\/cameroun\/politique\/probleme-grave-au-palais-presidentiel"},"modified":"2025-10-27T17:33:36","modified_gmt":"2025-10-27T17:33:36","slug":"probleme-grave-au-palais-presidentiel","status":"publish","type":"post","link":"https:\/\/www.africa-press.net\/cameroun\/politique\/probleme-grave-au-palais-presidentiel","title":{"rendered":"Probl\u00e8me Grave Au Palais Pr\u00e9sidentiel"},"content":{"rendered":"<p><span style=\"color: #ff6600\"><strong>Africa-Press &#8211; Cameroun. <\/strong><\/span>La de\u0301termination de la population actuellement constatable, le re\u0301gime ne l&rsquo;a certainement pas vu venir. Les citoyens sont de\u0301termine\u0301s a\u0300 faire partir Paul Biya et ses hommes et a\u0300 installer Issa Tchiroma Bakary, l&rsquo;homme qui a anciennement travaille\u0301 dans le gouvernement. Le re\u0301gime croyait que ce serait Maurice Kamto le proble\u0300me et il l&rsquo;a e\u0301limine\u0301. A\u0300 sa place, Tchiroma a e\u0301merge\u0301 et l&rsquo;activiste Zang appuie la\u0300 ou\u0300 c\u0327a fait mal.<\/p>\n<p>Vous avez commis une premie\u0300re erreur: celle d&rsquo;e\u0301liminer Maurice Kamto de la course. En le faisant, vous vous e\u0302tes su\u0302rement dit que votre proble\u0300me e\u0301tait de\u0301finitivement re\u0301solu. Sauf que vous n&rsquo;aviez pas pense\u0301 un seul instant que plus coriace que Kamto allait se pre\u0301senter a\u0300 cette e\u0301lection et aujourd&rsquo;hui me\u0302me si vous essayez de relativiser les choses, il est e\u0301vident que la situation vous e\u0301chappe.<\/p>\n<p>Vous voulez commettre une deuxie\u0300me erreur en pensant qu&rsquo;en interpellant le pre\u0301sident Tchiroma, vous aurez re\u0301solu le proble\u0300me, mais encore une fois vous n&rsquo;avez absolument rien compris a\u0300 ce qui se passe re\u0301ellement sur vos yeux.<\/p>\n<p>Les Camerounais pro-changement ne marchent pas pour un homme politique ou providentiel comme Maurice Kamto ou Issa Tchiroma. Penser ainsi c&rsquo;est re\u0301fle\u0301chir superficiellement. Les Camerounais ont marche\u0301 parce qu&rsquo;ils veulent le changement, car en toute re\u0301alite\u0301, ils ne veulent pas pour leurs proge\u0301nitures la souffrance qui a e\u0301te\u0301 la leur.<\/p>\n<p>Une souffrance due a\u0300 la tre\u0300s mauvaise gouvernance du re\u0301gime actuel. Les Camerounais ont donc marche\u0301 pour des emplois de\u0301cents, la stabilite\u0301 e\u0301nerge\u0301tique car marres des coupures intempestives, la fin des pe\u0301nuries d&rsquo;eau. Les Camerounais ont marche\u0301 parce qu&rsquo;ils en ont marre des nids de poules qui rendent le de\u0301placement impossible ; de l&rsquo;insolence des fonctionnaires dans les bureaux ministe\u0301riels ; marre qu&rsquo;un ministre vienne leur dire qu&rsquo;ils peuvent vivre avec 40 000 francs en poche alors que lui-me\u0302me vit avec des milliards dans les poches (fonds publics) ; marre d&rsquo;entrer dans un service public ou\u0300 une seule langue du village est parle\u0301e et quand vous ne comprenez pas cette langue, on vous me\u0301prise ou on vous toise ; marre de cette discrimination villageoise de certains camerounais qui pensent que le pouvoir c&rsquo;est pour eux seuls et qu&rsquo;ils sont ne\u0301s pour gouverner et les autres sont ne\u0301s pour les subir ; marre du ne\u0301potisme ; marre de ne pouvoir manger a\u0300 sa fin ; marre de mourir dans les ho\u0302pitaux par manque de moyens, etc.<\/p>\n<p>Autant de choses et de faits qui n&rsquo;ont rien a\u0300 voir avec un leader quelconque, mais qui sont lie\u0301s totalement a\u0300 la seule responsabilite\u0301 du re\u0301gime actuel. Ce qui veut dire que si les Camerounais veulent davantage le changement au point de plus en plus manifester leur courroux sur la place publique, c&rsquo;est d&rsquo;abord parce que vous du re\u0301gime, vous du RDPC, n&rsquo;avez pas su diriger ce pays comme il se devait, car si vous aviez aime\u0301 ce peuple en le mettant a\u0300 l&rsquo;aise, on ne serait pas a\u0300 ce que nous voyons aujourd&rsquo;hui se passer (&#8230;) Vous avez toujours eu la faiblesse de croire que les Camerounais vous sont acquis.<\/p>\n<p>Donc oui allez arre\u0302ter le pre\u0301sident Tchiroma, ne vous ge\u0302nez surtout pas a\u0300 ce niveau, mais les vide\u0301os que j&rsquo;ai vues aujourd&rsquo;hui me font de\u0301finitivement croire que vous ne pourrez plus stopper l&rsquo;he\u0301morragie que vous-me\u0302mes avez provoque\u0301e.<\/p>\n<p><strong>Pour plus d&rsquo;informations et d&rsquo;analyses sur la <span style=\"color: #ff6600\">Cameroun<\/span>, suivez <span style=\"color: #ff6600\">Africa-Press<\/span><\/strong><\/p>\n","protected":false},"excerpt":{"rendered":"<p>Africa-Press &#8211; Cameroun. La de\u0301termination de la population actuellement constatable, le re\u0301gime ne l&rsquo;a certainement pas vu venir. Les citoyens sont de\u0301termine\u0301s a\u0300 faire partir Paul Biya et ses hommes et a\u0300 installer Issa Tchiroma Bakary, l&rsquo;homme qui a anciennement travaille\u0301 dans le gouvernement. Le re\u0301gime croyait que ce serait Maurice Kamto le proble\u0300me et [&hellip;]<\/p>\n","protected":false},"author":82,"featured_media":95728,"comment_status":"open","ping_status":"closed","sticky":false,"template":"","format":"standard","meta":{"footnotes":""},"categories":[2,10],"tags":[49],"class_list":["post-95729","post","type-post","status-publish","format-standard","has-post-thumbnail","hentry","category-politique","category-toutes-les-actualites","tag-cameroun"],"yoast_head":"<!-- This site is optimized with the Yoast SEO Premium plugin v26.1 (Yoast SEO v27.0) - https:\/\/yoast.com\/product\/yoast-seo-premium-wordpress\/ -->\n<title>Probl\u00e8me Grave Au Palais Pr\u00e9sidentiel - Cameroun<\/title>\n<meta name=\"description\" content=\"La de\u0301termination de la population actuellement constatable, le re\u0301gime ne l&#039;a certainement pas vu venir. Les citoyens s ...\" \/>\n<meta name=\"robots\" content=\"index, follow, max-snippet:-1, max-image-preview:large, max-video-preview:-1\" \/>\n<link rel=\"canonical\" href=\"https:\/\/www.africa-press.net\/cameroun\/politique\/probleme-grave-au-palais-presidentiel\" \/>\n<meta property=\"og:locale\" content=\"fr_FR\" \/>\n<meta property=\"og:type\" content=\"article\" \/>\n<meta property=\"og:title\" content=\"Probl\u00e8me Grave Au Palais Pr\u00e9sidentiel\" \/>\n<meta property=\"og:description\" content=\"La de\u0301termination de la population actuellement constatable, le re\u0301gime ne l&#039;a certainement pas vu venir. Les citoyens s ...\" \/>\n<meta property=\"og:url\" content=\"https:\/\/www.africa-press.net\/cameroun\/politique\/probleme-grave-au-palais-presidentiel\" \/>\n<meta property=\"og:site_name\" content=\"Cameroun\" \/>\n<meta property=\"article:published_time\" content=\"2025-10-27T17:02:26+00:00\" \/>\n<meta property=\"article:modified_time\" content=\"2025-10-27T17:33:36+00:00\" \/>\n<meta property=\"og:image\" content=\"https:\/\/static.africa-press.net\/cameroun\/sites\/57\/2025\/10\/sm_1761573355.907881.jpg\" \/>\n\t<meta property=\"og:image:width\" content=\"720\" \/>\n\t<meta property=\"og:image:height\" content=\"447\" \/>\n\t<meta property=\"og:image:type\" content=\"image\/jpeg\" \/>\n<meta name=\"author\" content=\"cfeditorfr\" \/>\n<meta name=\"twitter:card\" content=\"summary_large_image\" \/>\n<meta name=\"twitter:label1\" content=\"\u00c9crit par\" \/>\n\t<meta name=\"twitter:data1\" content=\"cfeditorfr\" \/>\n\t<meta name=\"twitter:label2\" content=\"Dur\u00e9e de lecture estim\u00e9e\" \/>\n\t<meta name=\"twitter:data2\" content=\"4 minutes\" \/>\n<script type=\"application\/ld+json\" class=\"yoast-schema-graph\">{\"@context\":\"https:\/\/schema.org\",\"@graph\":[{\"@type\":\"Article\",\"@id\":\"https:\/\/www.africa-press.net\/cameroun\/politique\/probleme-grave-au-palais-presidentiel#article\",\"isPartOf\":{\"@id\":\"https:\/\/www.africa-press.net\/cameroun\/politique\/probleme-grave-au-palais-presidentiel\"},\"author\":{\"name\":\"cfeditorfr\",\"@id\":\"https:\/\/www.africa-press.net\/cameroun\/#\/schema\/person\/2b1cf3cd81a31e3cd26889ca66d677f1\"},\"headline\":\"Probl\u00e8me Grave Au Palais Pr\u00e9sidentiel\",\"datePublished\":\"2025-10-27T17:02:26+00:00\",\"dateModified\":\"2025-10-27T17:33:36+00:00\",\"mainEntityOfPage\":{\"@id\":\"https:\/\/www.africa-press.net\/cameroun\/politique\/probleme-grave-au-palais-presidentiel\"},\"wordCount\":642,\"commentCount\":0,\"image\":{\"@id\":\"https:\/\/www.africa-press.net\/cameroun\/politique\/probleme-grave-au-palais-presidentiel#primaryimage\"},\"thumbnailUrl\":\"https:\/\/static.africa-press.net\/cameroun\/sites\/57\/2025\/10\/sm_1761573355.907881.jpg\",\"keywords\":[\"Cameroun\"],\"articleSection\":[\"Politique\",\"Toutes les actualit\u00e9s\"],\"inLanguage\":\"fr-FR\",\"potentialAction\":[{\"@type\":\"CommentAction\",\"name\":\"Comment\",\"target\":[\"https:\/\/www.africa-press.net\/cameroun\/politique\/probleme-grave-au-palais-presidentiel#respond\"]}]},{\"@type\":\"WebPage\",\"@id\":\"https:\/\/www.africa-press.net\/cameroun\/politique\/probleme-grave-au-palais-presidentiel\",\"url\":\"https:\/\/www.africa-press.net\/cameroun\/politique\/probleme-grave-au-palais-presidentiel\",\"name\":\"Probl\u00e8me Grave Au Palais Pr\u00e9sidentiel - Cameroun\",\"isPartOf\":{\"@id\":\"https:\/\/www.africa-press.net\/cameroun\/#website\"},\"primaryImageOfPage\":{\"@id\":\"https:\/\/www.africa-press.net\/cameroun\/politique\/probleme-grave-au-palais-presidentiel#primaryimage\"},\"image\":{\"@id\":\"https:\/\/www.africa-press.net\/cameroun\/politique\/probleme-grave-au-palais-presidentiel#primaryimage\"},\"thumbnailUrl\":\"https:\/\/static.africa-press.net\/cameroun\/sites\/57\/2025\/10\/sm_1761573355.907881.jpg\",\"datePublished\":\"2025-10-27T17:02:26+00:00\",\"dateModified\":\"2025-10-27T17:33:36+00:00\",\"author\":{\"@id\":\"https:\/\/www.africa-press.net\/cameroun\/#\/schema\/person\/2b1cf3cd81a31e3cd26889ca66d677f1\"},\"description\":\"La de\u0301termination de la population actuellement constatable, le re\u0301gime ne l'a certainement pas vu venir. Les citoyens s ...\",\"breadcrumb\":{\"@id\":\"https:\/\/www.africa-press.net\/cameroun\/politique\/probleme-grave-au-palais-presidentiel#breadcrumb\"},\"inLanguage\":\"fr-FR\",\"potentialAction\":[{\"@type\":\"ReadAction\",\"target\":[\"https:\/\/www.africa-press.net\/cameroun\/politique\/probleme-grave-au-palais-presidentiel\"]}]},{\"@type\":\"ImageObject\",\"inLanguage\":\"fr-FR\",\"@id\":\"https:\/\/www.africa-press.net\/cameroun\/politique\/probleme-grave-au-palais-presidentiel#primaryimage\",\"url\":\"https:\/\/static.africa-press.net\/cameroun\/sites\/57\/2025\/10\/sm_1761573355.907881.jpg\",\"contentUrl\":\"https:\/\/static.africa-press.net\/cameroun\/sites\/57\/2025\/10\/sm_1761573355.907881.jpg\",\"width\":720,\"height\":447,\"caption\":\"Probl\u00e8me Grave Au Palais Pr\u00e9sidentiel\"},{\"@type\":\"BreadcrumbList\",\"@id\":\"https:\/\/www.africa-press.net\/cameroun\/politique\/probleme-grave-au-palais-presidentiel#breadcrumb\",\"itemListElement\":[{\"@type\":\"ListItem\",\"position\":1,\"name\":\"Accueil\",\"item\":\"https:\/\/www.africa-press.net\/cameroun\/\"},{\"@type\":\"ListItem\",\"position\":2,\"name\":\"Probl\u00e8me Grave Au Palais Pr\u00e9sidentiel\"}]},{\"@type\":\"WebSite\",\"@id\":\"https:\/\/www.africa-press.net\/cameroun\/#website\",\"url\":\"https:\/\/www.africa-press.net\/cameroun\/\",\"name\":\"Cameroun\",\"description\":\"Just another Africa News Agency Sites site\",\"potentialAction\":[{\"@type\":\"SearchAction\",\"target\":{\"@type\":\"EntryPoint\",\"urlTemplate\":\"https:\/\/www.africa-press.net\/cameroun\/?s={search_term_string}\"},\"query-input\":{\"@type\":\"PropertyValueSpecification\",\"valueRequired\":true,\"valueName\":\"search_term_string\"}}],\"inLanguage\":\"fr-FR\"},{\"@type\":\"Person\",\"@id\":\"https:\/\/www.africa-press.net\/cameroun\/#\/schema\/person\/2b1cf3cd81a31e3cd26889ca66d677f1\",\"name\":\"cfeditorfr\"}]}<\/script>\n<!-- \/ Yoast SEO Premium plugin. -->","yoast_head_json":{"title":"Probl\u00e8me Grave Au Palais Pr\u00e9sidentiel - Cameroun","description":"La de\u0301termination de la population actuellement constatable, le re\u0301gime ne l'a certainement pas vu venir. Les citoyens s ...","robots":{"index":"index","follow":"follow","max-snippet":"max-snippet:-1","max-image-preview":"max-image-preview:large","max-video-preview":"max-video-preview:-1"},"canonical":"https:\/\/www.africa-press.net\/cameroun\/politique\/probleme-grave-au-palais-presidentiel","og_locale":"fr_FR","og_type":"article","og_title":"Probl\u00e8me Grave Au Palais Pr\u00e9sidentiel","og_description":"La de\u0301termination de la population actuellement constatable, le re\u0301gime ne l'a certainement pas vu venir. Les citoyens s ...","og_url":"https:\/\/www.africa-press.net\/cameroun\/politique\/probleme-grave-au-palais-presidentiel","og_site_name":"Cameroun","article_published_time":"2025-10-27T17:02:26+00:00","article_modified_time":"2025-10-27T17:33:36+00:00","og_image":[{"width":720,"height":447,"url":"https:\/\/static.africa-press.net\/cameroun\/sites\/57\/2025\/10\/sm_1761573355.907881.jpg","type":"image\/jpeg"}],"author":"cfeditorfr","twitter_card":"summary_large_image","twitter_misc":{"\u00c9crit par":"cfeditorfr","Dur\u00e9e de lecture estim\u00e9e":"4 minutes"},"schema":{"@context":"https:\/\/schema.org","@graph":[{"@type":"Article","@id":"https:\/\/www.africa-press.net\/cameroun\/politique\/probleme-grave-au-palais-presidentiel#article","isPartOf":{"@id":"https:\/\/www.africa-press.net\/cameroun\/politique\/probleme-grave-au-palais-presidentiel"},"author":{"name":"cfeditorfr","@id":"https:\/\/www.africa-press.net\/cameroun\/#\/schema\/person\/2b1cf3cd81a31e3cd26889ca66d677f1"},"headline":"Probl\u00e8me Grave Au Palais Pr\u00e9sidentiel","datePublished":"2025-10-27T17:02:26+00:00","dateModified":"2025-10-27T17:33:36+00:00","mainEntityOfPage":{"@id":"https:\/\/www.africa-press.net\/cameroun\/politique\/probleme-grave-au-palais-presidentiel"},"wordCount":642,"commentCount":0,"image":{"@id":"https:\/\/www.africa-press.net\/cameroun\/politique\/probleme-grave-au-palais-presidentiel#primaryimage"},"thumbnailUrl":"https:\/\/static.africa-press.net\/cameroun\/sites\/57\/2025\/10\/sm_1761573355.907881.jpg","keywords":["Cameroun"],"articleSection":["Politique","Toutes les actualit\u00e9s"],"inLanguage":"fr-FR","potentialAction":[{"@type":"CommentAction","name":"Comment","target":["https:\/\/www.africa-press.net\/cameroun\/politique\/probleme-grave-au-palais-presidentiel#respond"]}]},{"@type":"WebPage","@id":"https:\/\/www.africa-press.net\/cameroun\/politique\/probleme-grave-au-palais-presidentiel","url":"https:\/\/www.africa-press.net\/cameroun\/politique\/probleme-grave-au-palais-presidentiel","name":"Probl\u00e8me Grave Au Palais Pr\u00e9sidentiel - Cameroun","isPartOf":{"@id":"https:\/\/www.africa-press.net\/cameroun\/#website"},"primaryImageOfPage":{"@id":"https:\/\/www.africa-press.net\/cameroun\/politique\/probleme-grave-au-palais-presidentiel#primaryimage"},"image":{"@id":"https:\/\/www.africa-press.net\/cameroun\/politique\/probleme-grave-au-palais-presidentiel#primaryimage"},"thumbnailUrl":"https:\/\/static.africa-press.net\/cameroun\/sites\/57\/2025\/10\/sm_1761573355.907881.jpg","datePublished":"2025-10-27T17:02:26+00:00","dateModified":"2025-10-27T17:33:36+00:00","author":{"@id":"https:\/\/www.africa-press.net\/cameroun\/#\/schema\/person\/2b1cf3cd81a31e3cd26889ca66d677f1"},"description":"La de\u0301termination de la population actuellement constatable, le re\u0301gime ne l'a certainement pas vu venir. Les citoyens s ...","breadcrumb":{"@id":"https:\/\/www.africa-press.net\/cameroun\/politique\/probleme-grave-au-palais-presidentiel#breadcrumb"},"inLanguage":"fr-FR","potentialAction":[{"@type":"ReadAction","target":["https:\/\/www.africa-press.net\/cameroun\/politique\/probleme-grave-au-palais-presidentiel"]}]},{"@type":"ImageObject","inLanguage":"fr-FR","@id":"https:\/\/www.africa-press.net\/cameroun\/politique\/probleme-grave-au-palais-presidentiel#primaryimage","url":"https:\/\/static.africa-press.net\/cameroun\/sites\/57\/2025\/10\/sm_1761573355.907881.jpg","contentUrl":"https:\/\/static.africa-press.net\/cameroun\/sites\/57\/2025\/10\/sm_1761573355.907881.jpg","width":720,"height":447,"caption":"Probl\u00e8me Grave Au Palais Pr\u00e9sidentiel"},{"@type":"BreadcrumbList","@id":"https:\/\/www.africa-press.net\/cameroun\/politique\/probleme-grave-au-palais-presidentiel#breadcrumb","itemListElement":[{"@type":"ListItem","position":1,"name":"Accueil","item":"https:\/\/www.africa-press.net\/cameroun\/"},{"@type":"ListItem","position":2,"name":"Probl\u00e8me Grave Au Palais Pr\u00e9sidentiel"}]},{"@type":"WebSite","@id":"https:\/\/www.africa-press.net\/cameroun\/#website","url":"https:\/\/www.africa-press.net\/cameroun\/","name":"Cameroun","description":"Just another Africa News Agency Sites site","potentialAction":[{"@type":"SearchAction","target":{"@type":"EntryPoint","urlTemplate":"https:\/\/www.africa-press.net\/cameroun\/?s={search_term_string}"},"query-input":{"@type":"PropertyValueSpecification","valueRequired":true,"valueName":"search_term_string"}}],"inLanguage":"fr-FR"},{"@type":"Person","@id":"https:\/\/www.africa-press.net\/cameroun\/#\/schema\/person\/2b1cf3cd81a31e3cd26889ca66d677f1","name":"cfeditorfr"}]}},"_links":{"self":[{"href":"https:\/\/www.africa-press.net\/cameroun\/wp-json\/wp\/v2\/posts\/95729","targetHints":{"allow":["GET"]}}],"collection":[{"href":"https:\/\/www.africa-press.net\/cameroun\/wp-json\/wp\/v2\/posts"}],"about":[{"href":"https:\/\/www.africa-press.net\/cameroun\/wp-json\/wp\/v2\/types\/post"}],"author":[{"embeddable":true,"href":"https:\/\/www.africa-press.net\/cameroun\/wp-json\/wp\/v2\/users\/82"}],"replies":[{"embeddable":true,"href":"https:\/\/www.africa-press.net\/cameroun\/wp-json\/wp\/v2\/comments?post=95729"}],"version-history":[{"count":0,"href":"https:\/\/www.africa-press.net\/cameroun\/wp-json\/wp\/v2\/posts\/95729\/revisions"}],"wp:featuredmedia":[{"embeddable":true,"href":"https:\/\/www.africa-press.net\/cameroun\/wp-json\/wp\/v2\/media\/95728"}],"wp:attachment":[{"href":"https:\/\/www.africa-press.net\/cameroun\/wp-json\/wp\/v2\/media?parent=95729"}],"wp:term":[{"taxonomy":"category","embeddable":true,"href":"https:\/\/www.africa-press.net\/cameroun\/wp-json\/wp\/v2\/categories?post=95729"},{"taxonomy":"post_tag","embeddable":true,"href":"https:\/\/www.africa-press.net\/cameroun\/wp-json\/wp\/v2\/tags?post=95729"}],"curies":[{"name":"wp","href":"https:\/\/api.w.org\/{rel}","templated":true}]}}