{"id":96941,"date":"2025-11-17T18:24:27","date_gmt":"2025-11-17T18:24:27","guid":{"rendered":"https:\/\/www.africa-press.net\/cameroun\/politique\/le-cameroun-dit-adieu-a-la-coupe-du-monde-2026"},"modified":"2025-11-17T18:47:02","modified_gmt":"2025-11-17T18:47:02","slug":"le-cameroun-dit-adieu-a-la-coupe-du-monde-2026","status":"publish","type":"post","link":"https:\/\/www.africa-press.net\/cameroun\/sports\/le-cameroun-dit-adieu-a-la-coupe-du-monde-2026","title":{"rendered":"Le Cameroun dit adieu \u00e0 la Coupe du Monde 2026"},"content":{"rendered":"<p><span style=\"color: #ff6600\"><strong>Africa-Press &#8211; Cameroun. <\/strong><\/span>Les Lions Indomptables ont bousille\u0301 leurs derniers espoirs de jouer la Coupe du Monde 2026. Oblige\u0301 de passer par le barrages apre\u0300s l\u2019e\u0301chec en phase des groupes, le Cameroun n\u2019a pas non plus re\u0301ussi a\u0300 tenir longtemps. Battus 1-0 par la RDC en demi-finale, les coe\u0301quipiers de Bryan Mbeumo ne verront pas la finale et ne se rendront pas au Mondial ame\u0301ricain. Ce but encaisse\u0301 en toute fin de rencontre a e\u0301te\u0301 un coup de massue. De\u0301ception et de\u0301sillusion pour le peuple camerounais.<\/p>\n<p>LA SUITE APRE\u0300S LA PUBLICITE\u0301<\/p>\n<p>Le Cameroun impuissant face au Congo<\/p>\n<p>Durant ce match, le Cameroun e\u0301tait largement donne\u0301 favori a\u0300 cause de son avantage historique sur les Congolais. Car, il faut le dire, c\u0327a faisait 27 ans que la RDC n\u2019avait plus battu le Cameroun en match officiel. Les Congolais auraient pre\u0301fe\u0301re\u0301 jouer un autre adversaire que le Cameroun. Sur 1xbet cameroun apk et chez bien de bookmakers, les coe\u0301quipiers de Vincent Aboubakar e\u0301taient les grands favoris. Par contre, sur le terrain, les Lions Indomptables ont e\u0301te\u0301 me\u0301connaissables. Malgre\u0301 l\u2019impact physique et un bon pressing mis en premie\u0300re mi-temps. Ils ont finalement e\u0301te\u0301 balaye\u0301s en seconde mi-temps et devance\u0301s par des Congolais bien discipline\u0301s.<\/p>\n<p>Les hommes de Marc Brys se sont fait dominer par ceux de Se\u0301bastien Desabre dans quasiment tous les aspects de jeu.<\/p>\n<p>Possession 45% pour les Lions et 55 pour les Le\u0301opards<\/p>\n<p>\u2060tirs: 12 tirs camerounais et 8 congolais<\/p>\n<p>5 tirs cadre\u0301s pour chaque e\u0301quipe<\/p>\n<p>1 corner pour le Cameroun et 3 pour la RDC<\/p>\n<p>\u20603 cartons jaunes contre 1 pour les Le\u0301opards<\/p>\n<p>\u206018 fautes camerounaises contre 11 congolaises<\/p>\n<p>Zambo Anguissa, une absence qui a cou\u0302te\u0301 cher<\/p>\n<p>Blesse\u0301 a\u0300 48 heures du match, le milieu de terrain de Napoli a terriblement manque\u0301 aux Lions. Par sa palette technique et son leadership affirme\u0301, Zambo Anguissa aurait joue\u0301 un grand ro\u0302le dans ce match. En son absence, le milieu camerounais e\u0301tait en manque de solutions face a\u0300 des braves Congolais bien aligne\u0301s.<\/p>\n<p>Affaibli par les tensions persistantes entre la FECAFOOT et le se\u0301lectionneur?<\/p>\n<p>La de\u0301faite du Cameroun contre un rival qu\u2019il a toujours battu serait-elle le fruit de la tension qui a pre\u0301ce\u0301de\u0301 le rassemblement des Lions au Maroc? Pour rappel la Fe\u0301de\u0301ration Camerounaise de Football e\u0301tait dans un nouveau bras de fer avec le se\u0301lectionneur Marc Brys avant l\u2019annonce de la liste. Brys avait envoye\u0301 sa liste par courriel afin que la Fe\u0301de\u0301 la publie, mais l\u2019instance dirige\u0301e par Samuel Eto\u2019o avait pose\u0301 son ve\u0301to.<\/p>\n<p>Pas de publication de liste si le se\u0301lectionneur ne vient pas physiquement a\u0300 Yaounde\u0301 pour annoncer ses convoque\u0301s dans une confe\u0301rence de presse au sie\u0300ge me\u0302me de la fe\u0301de\u0301ration. Injonction que le Belge avait rejete\u0301e. Conse\u0301quence, la liste du Cameroun a e\u0301te\u0301 rendue publique, finalement par la FECAFOOT, a\u0300 4 jours du match. Pas si su\u0302r que cette situation ait e\u0301te\u0301 sans incidence sur le moral des joueurs et la pre\u0301paration du match. Il faudra su\u0302rement e\u0301viter ce genre de sce\u0300ne a\u0300 l\u2019avenir pour le bien de la se\u0301lection.<\/p>\n<p><strong>Pour plus d&rsquo;informations et d&rsquo;analyses sur la <span style=\"color: #ff6600\">Cameroun<\/span>, suivez <span style=\"color: #ff6600\">Africa-Press<\/span><\/strong><\/p>\n","protected":false},"excerpt":{"rendered":"<p>Africa-Press &#8211; Cameroun. Les Lions Indomptables ont bousille\u0301 leurs derniers espoirs de jouer la Coupe du Monde 2026. Oblige\u0301 de passer par le barrages apre\u0300s l\u2019e\u0301chec en phase des groupes, le Cameroun n\u2019a pas non plus re\u0301ussi a\u0300 tenir longtemps. Battus 1-0 par la RDC en demi-finale, les coe\u0301quipiers de Bryan Mbeumo ne verront pas [&hellip;]<\/p>\n","protected":false},"author":82,"featured_media":96940,"comment_status":"open","ping_status":"closed","sticky":false,"template":"","format":"standard","meta":{"footnotes":""},"categories":[6,56,10],"tags":[49],"class_list":["post-96941","post","type-post","status-publish","format-standard","has-post-thumbnail","hentry","category-sports","category-to-homepage","category-toutes-les-actualites","tag-cameroun"],"yoast_head":"<!-- This site is optimized with the Yoast SEO Premium plugin v26.1 (Yoast SEO v27.0) - https:\/\/yoast.com\/product\/yoast-seo-premium-wordpress\/ -->\n<title>Le Cameroun dit adieu \u00e0 la Coupe du Monde 2026 - Cameroun<\/title>\n<meta name=\"description\" content=\"Les Lions Indomptables ont bousille\u0301 leurs derniers espoirs de jouer la Coupe du Monde 2026. Oblige\u0301 de passer par le ba ...\" \/>\n<meta name=\"robots\" content=\"index, follow, max-snippet:-1, max-image-preview:large, max-video-preview:-1\" \/>\n<link rel=\"canonical\" href=\"https:\/\/www.africa-press.net\/cameroun\/sports\/le-cameroun-dit-adieu-a-la-coupe-du-monde-2026\" \/>\n<meta property=\"og:locale\" content=\"fr_FR\" \/>\n<meta property=\"og:type\" content=\"article\" \/>\n<meta property=\"og:title\" content=\"Le Cameroun dit adieu \u00e0 la Coupe du Monde 2026\" \/>\n<meta property=\"og:description\" content=\"Les Lions Indomptables ont bousille\u0301 leurs derniers espoirs de jouer la Coupe du Monde 2026. Oblige\u0301 de passer par le ba ...\" \/>\n<meta property=\"og:url\" content=\"https:\/\/www.africa-press.net\/cameroun\/sports\/le-cameroun-dit-adieu-a-la-coupe-du-monde-2026\" \/>\n<meta property=\"og:site_name\" content=\"Cameroun\" \/>\n<meta property=\"article:published_time\" content=\"2025-11-17T18:24:27+00:00\" \/>\n<meta property=\"article:modified_time\" content=\"2025-11-17T18:47:02+00:00\" \/>\n<meta property=\"og:image\" content=\"https:\/\/static.africa-press.net\/cameroun\/sites\/57\/2025\/11\/sm_1763404772.836324.jpg\" \/>\n\t<meta property=\"og:image:width\" content=\"952\" \/>\n\t<meta property=\"og:image:height\" content=\"572\" \/>\n\t<meta property=\"og:image:type\" content=\"image\/jpeg\" \/>\n<meta name=\"author\" content=\"cfeditorfr\" \/>\n<meta name=\"twitter:card\" content=\"summary_large_image\" \/>\n<meta name=\"twitter:label1\" content=\"\u00c9crit par\" \/>\n\t<meta name=\"twitter:data1\" content=\"cfeditorfr\" \/>\n\t<meta name=\"twitter:label2\" content=\"Dur\u00e9e de lecture estim\u00e9e\" \/>\n\t<meta name=\"twitter:data2\" content=\"3 minutes\" \/>\n<script type=\"application\/ld+json\" class=\"yoast-schema-graph\">{\"@context\":\"https:\/\/schema.org\",\"@graph\":[{\"@type\":\"Article\",\"@id\":\"https:\/\/www.africa-press.net\/cameroun\/sports\/le-cameroun-dit-adieu-a-la-coupe-du-monde-2026#article\",\"isPartOf\":{\"@id\":\"https:\/\/www.africa-press.net\/cameroun\/sports\/le-cameroun-dit-adieu-a-la-coupe-du-monde-2026\"},\"author\":{\"name\":\"cfeditorfr\",\"@id\":\"https:\/\/www.africa-press.net\/cameroun\/#\/schema\/person\/2b1cf3cd81a31e3cd26889ca66d677f1\"},\"headline\":\"Le Cameroun dit adieu \u00e0 la Coupe du Monde 2026\",\"datePublished\":\"2025-11-17T18:24:27+00:00\",\"dateModified\":\"2025-11-17T18:47:02+00:00\",\"mainEntityOfPage\":{\"@id\":\"https:\/\/www.africa-press.net\/cameroun\/sports\/le-cameroun-dit-adieu-a-la-coupe-du-monde-2026\"},\"wordCount\":576,\"commentCount\":0,\"image\":{\"@id\":\"https:\/\/www.africa-press.net\/cameroun\/sports\/le-cameroun-dit-adieu-a-la-coupe-du-monde-2026#primaryimage\"},\"thumbnailUrl\":\"https:\/\/static.africa-press.net\/cameroun\/sites\/57\/2025\/11\/sm_1763404772.836324.jpg\",\"keywords\":[\"Cameroun\"],\"articleSection\":[\"Sports\",\"to-homepage\",\"Toutes les actualit\u00e9s\"],\"inLanguage\":\"fr-FR\",\"potentialAction\":[{\"@type\":\"CommentAction\",\"name\":\"Comment\",\"target\":[\"https:\/\/www.africa-press.net\/cameroun\/sports\/le-cameroun-dit-adieu-a-la-coupe-du-monde-2026#respond\"]}]},{\"@type\":\"WebPage\",\"@id\":\"https:\/\/www.africa-press.net\/cameroun\/sports\/le-cameroun-dit-adieu-a-la-coupe-du-monde-2026\",\"url\":\"https:\/\/www.africa-press.net\/cameroun\/sports\/le-cameroun-dit-adieu-a-la-coupe-du-monde-2026\",\"name\":\"Le Cameroun dit adieu \u00e0 la Coupe du Monde 2026 - Cameroun\",\"isPartOf\":{\"@id\":\"https:\/\/www.africa-press.net\/cameroun\/#website\"},\"primaryImageOfPage\":{\"@id\":\"https:\/\/www.africa-press.net\/cameroun\/sports\/le-cameroun-dit-adieu-a-la-coupe-du-monde-2026#primaryimage\"},\"image\":{\"@id\":\"https:\/\/www.africa-press.net\/cameroun\/sports\/le-cameroun-dit-adieu-a-la-coupe-du-monde-2026#primaryimage\"},\"thumbnailUrl\":\"https:\/\/static.africa-press.net\/cameroun\/sites\/57\/2025\/11\/sm_1763404772.836324.jpg\",\"datePublished\":\"2025-11-17T18:24:27+00:00\",\"dateModified\":\"2025-11-17T18:47:02+00:00\",\"author\":{\"@id\":\"https:\/\/www.africa-press.net\/cameroun\/#\/schema\/person\/2b1cf3cd81a31e3cd26889ca66d677f1\"},\"description\":\"Les Lions Indomptables ont bousille\u0301 leurs derniers espoirs de jouer la Coupe du Monde 2026. Oblige\u0301 de passer par le ba ...\",\"breadcrumb\":{\"@id\":\"https:\/\/www.africa-press.net\/cameroun\/sports\/le-cameroun-dit-adieu-a-la-coupe-du-monde-2026#breadcrumb\"},\"inLanguage\":\"fr-FR\",\"potentialAction\":[{\"@type\":\"ReadAction\",\"target\":[\"https:\/\/www.africa-press.net\/cameroun\/sports\/le-cameroun-dit-adieu-a-la-coupe-du-monde-2026\"]}]},{\"@type\":\"ImageObject\",\"inLanguage\":\"fr-FR\",\"@id\":\"https:\/\/www.africa-press.net\/cameroun\/sports\/le-cameroun-dit-adieu-a-la-coupe-du-monde-2026#primaryimage\",\"url\":\"https:\/\/static.africa-press.net\/cameroun\/sites\/57\/2025\/11\/sm_1763404772.836324.jpg\",\"contentUrl\":\"https:\/\/static.africa-press.net\/cameroun\/sites\/57\/2025\/11\/sm_1763404772.836324.jpg\",\"width\":952,\"height\":572,\"caption\":\"Le Cameroun dit adieu \u00e0 la Coupe du Monde 2026\"},{\"@type\":\"BreadcrumbList\",\"@id\":\"https:\/\/www.africa-press.net\/cameroun\/sports\/le-cameroun-dit-adieu-a-la-coupe-du-monde-2026#breadcrumb\",\"itemListElement\":[{\"@type\":\"ListItem\",\"position\":1,\"name\":\"Accueil\",\"item\":\"https:\/\/www.africa-press.net\/cameroun\/\"},{\"@type\":\"ListItem\",\"position\":2,\"name\":\"Le Cameroun dit adieu \u00e0 la Coupe du Monde 2026\"}]},{\"@type\":\"WebSite\",\"@id\":\"https:\/\/www.africa-press.net\/cameroun\/#website\",\"url\":\"https:\/\/www.africa-press.net\/cameroun\/\",\"name\":\"Cameroun\",\"description\":\"Just another Africa News Agency Sites site\",\"potentialAction\":[{\"@type\":\"SearchAction\",\"target\":{\"@type\":\"EntryPoint\",\"urlTemplate\":\"https:\/\/www.africa-press.net\/cameroun\/?s={search_term_string}\"},\"query-input\":{\"@type\":\"PropertyValueSpecification\",\"valueRequired\":true,\"valueName\":\"search_term_string\"}}],\"inLanguage\":\"fr-FR\"},{\"@type\":\"Person\",\"@id\":\"https:\/\/www.africa-press.net\/cameroun\/#\/schema\/person\/2b1cf3cd81a31e3cd26889ca66d677f1\",\"name\":\"cfeditorfr\"}]}<\/script>\n<!-- \/ Yoast SEO Premium plugin. -->","yoast_head_json":{"title":"Le Cameroun dit adieu \u00e0 la Coupe du Monde 2026 - Cameroun","description":"Les Lions Indomptables ont bousille\u0301 leurs derniers espoirs de jouer la Coupe du Monde 2026. Oblige\u0301 de passer par le ba ...","robots":{"index":"index","follow":"follow","max-snippet":"max-snippet:-1","max-image-preview":"max-image-preview:large","max-video-preview":"max-video-preview:-1"},"canonical":"https:\/\/www.africa-press.net\/cameroun\/sports\/le-cameroun-dit-adieu-a-la-coupe-du-monde-2026","og_locale":"fr_FR","og_type":"article","og_title":"Le Cameroun dit adieu \u00e0 la Coupe du Monde 2026","og_description":"Les Lions Indomptables ont bousille\u0301 leurs derniers espoirs de jouer la Coupe du Monde 2026. Oblige\u0301 de passer par le ba ...","og_url":"https:\/\/www.africa-press.net\/cameroun\/sports\/le-cameroun-dit-adieu-a-la-coupe-du-monde-2026","og_site_name":"Cameroun","article_published_time":"2025-11-17T18:24:27+00:00","article_modified_time":"2025-11-17T18:47:02+00:00","og_image":[{"width":952,"height":572,"url":"https:\/\/static.africa-press.net\/cameroun\/sites\/57\/2025\/11\/sm_1763404772.836324.jpg","type":"image\/jpeg"}],"author":"cfeditorfr","twitter_card":"summary_large_image","twitter_misc":{"\u00c9crit par":"cfeditorfr","Dur\u00e9e de lecture estim\u00e9e":"3 minutes"},"schema":{"@context":"https:\/\/schema.org","@graph":[{"@type":"Article","@id":"https:\/\/www.africa-press.net\/cameroun\/sports\/le-cameroun-dit-adieu-a-la-coupe-du-monde-2026#article","isPartOf":{"@id":"https:\/\/www.africa-press.net\/cameroun\/sports\/le-cameroun-dit-adieu-a-la-coupe-du-monde-2026"},"author":{"name":"cfeditorfr","@id":"https:\/\/www.africa-press.net\/cameroun\/#\/schema\/person\/2b1cf3cd81a31e3cd26889ca66d677f1"},"headline":"Le Cameroun dit adieu \u00e0 la Coupe du Monde 2026","datePublished":"2025-11-17T18:24:27+00:00","dateModified":"2025-11-17T18:47:02+00:00","mainEntityOfPage":{"@id":"https:\/\/www.africa-press.net\/cameroun\/sports\/le-cameroun-dit-adieu-a-la-coupe-du-monde-2026"},"wordCount":576,"commentCount":0,"image":{"@id":"https:\/\/www.africa-press.net\/cameroun\/sports\/le-cameroun-dit-adieu-a-la-coupe-du-monde-2026#primaryimage"},"thumbnailUrl":"https:\/\/static.africa-press.net\/cameroun\/sites\/57\/2025\/11\/sm_1763404772.836324.jpg","keywords":["Cameroun"],"articleSection":["Sports","to-homepage","Toutes les actualit\u00e9s"],"inLanguage":"fr-FR","potentialAction":[{"@type":"CommentAction","name":"Comment","target":["https:\/\/www.africa-press.net\/cameroun\/sports\/le-cameroun-dit-adieu-a-la-coupe-du-monde-2026#respond"]}]},{"@type":"WebPage","@id":"https:\/\/www.africa-press.net\/cameroun\/sports\/le-cameroun-dit-adieu-a-la-coupe-du-monde-2026","url":"https:\/\/www.africa-press.net\/cameroun\/sports\/le-cameroun-dit-adieu-a-la-coupe-du-monde-2026","name":"Le Cameroun dit adieu \u00e0 la Coupe du Monde 2026 - Cameroun","isPartOf":{"@id":"https:\/\/www.africa-press.net\/cameroun\/#website"},"primaryImageOfPage":{"@id":"https:\/\/www.africa-press.net\/cameroun\/sports\/le-cameroun-dit-adieu-a-la-coupe-du-monde-2026#primaryimage"},"image":{"@id":"https:\/\/www.africa-press.net\/cameroun\/sports\/le-cameroun-dit-adieu-a-la-coupe-du-monde-2026#primaryimage"},"thumbnailUrl":"https:\/\/static.africa-press.net\/cameroun\/sites\/57\/2025\/11\/sm_1763404772.836324.jpg","datePublished":"2025-11-17T18:24:27+00:00","dateModified":"2025-11-17T18:47:02+00:00","author":{"@id":"https:\/\/www.africa-press.net\/cameroun\/#\/schema\/person\/2b1cf3cd81a31e3cd26889ca66d677f1"},"description":"Les Lions Indomptables ont bousille\u0301 leurs derniers espoirs de jouer la Coupe du Monde 2026. Oblige\u0301 de passer par le ba ...","breadcrumb":{"@id":"https:\/\/www.africa-press.net\/cameroun\/sports\/le-cameroun-dit-adieu-a-la-coupe-du-monde-2026#breadcrumb"},"inLanguage":"fr-FR","potentialAction":[{"@type":"ReadAction","target":["https:\/\/www.africa-press.net\/cameroun\/sports\/le-cameroun-dit-adieu-a-la-coupe-du-monde-2026"]}]},{"@type":"ImageObject","inLanguage":"fr-FR","@id":"https:\/\/www.africa-press.net\/cameroun\/sports\/le-cameroun-dit-adieu-a-la-coupe-du-monde-2026#primaryimage","url":"https:\/\/static.africa-press.net\/cameroun\/sites\/57\/2025\/11\/sm_1763404772.836324.jpg","contentUrl":"https:\/\/static.africa-press.net\/cameroun\/sites\/57\/2025\/11\/sm_1763404772.836324.jpg","width":952,"height":572,"caption":"Le Cameroun dit adieu \u00e0 la Coupe du Monde 2026"},{"@type":"BreadcrumbList","@id":"https:\/\/www.africa-press.net\/cameroun\/sports\/le-cameroun-dit-adieu-a-la-coupe-du-monde-2026#breadcrumb","itemListElement":[{"@type":"ListItem","position":1,"name":"Accueil","item":"https:\/\/www.africa-press.net\/cameroun\/"},{"@type":"ListItem","position":2,"name":"Le Cameroun dit adieu \u00e0 la Coupe du Monde 2026"}]},{"@type":"WebSite","@id":"https:\/\/www.africa-press.net\/cameroun\/#website","url":"https:\/\/www.africa-press.net\/cameroun\/","name":"Cameroun","description":"Just another Africa News Agency Sites site","potentialAction":[{"@type":"SearchAction","target":{"@type":"EntryPoint","urlTemplate":"https:\/\/www.africa-press.net\/cameroun\/?s={search_term_string}"},"query-input":{"@type":"PropertyValueSpecification","valueRequired":true,"valueName":"search_term_string"}}],"inLanguage":"fr-FR"},{"@type":"Person","@id":"https:\/\/www.africa-press.net\/cameroun\/#\/schema\/person\/2b1cf3cd81a31e3cd26889ca66d677f1","name":"cfeditorfr"}]}},"_links":{"self":[{"href":"https:\/\/www.africa-press.net\/cameroun\/wp-json\/wp\/v2\/posts\/96941","targetHints":{"allow":["GET"]}}],"collection":[{"href":"https:\/\/www.africa-press.net\/cameroun\/wp-json\/wp\/v2\/posts"}],"about":[{"href":"https:\/\/www.africa-press.net\/cameroun\/wp-json\/wp\/v2\/types\/post"}],"author":[{"embeddable":true,"href":"https:\/\/www.africa-press.net\/cameroun\/wp-json\/wp\/v2\/users\/82"}],"replies":[{"embeddable":true,"href":"https:\/\/www.africa-press.net\/cameroun\/wp-json\/wp\/v2\/comments?post=96941"}],"version-history":[{"count":0,"href":"https:\/\/www.africa-press.net\/cameroun\/wp-json\/wp\/v2\/posts\/96941\/revisions"}],"wp:featuredmedia":[{"embeddable":true,"href":"https:\/\/www.africa-press.net\/cameroun\/wp-json\/wp\/v2\/media\/96940"}],"wp:attachment":[{"href":"https:\/\/www.africa-press.net\/cameroun\/wp-json\/wp\/v2\/media?parent=96941"}],"wp:term":[{"taxonomy":"category","embeddable":true,"href":"https:\/\/www.africa-press.net\/cameroun\/wp-json\/wp\/v2\/categories?post=96941"},{"taxonomy":"post_tag","embeddable":true,"href":"https:\/\/www.africa-press.net\/cameroun\/wp-json\/wp\/v2\/tags?post=96941"}],"curies":[{"name":"wp","href":"https:\/\/api.w.org\/{rel}","templated":true}]}}