{"id":9738,"date":"2021-09-07T15:13:16","date_gmt":"2021-09-07T15:13:16","guid":{"rendered":"https:\/\/www.africa-press.net\/cameroun\/politique\/distinctions-la-crtv-fm-94-remporte-le-prix-du-meilleur-media-culturel-de-lannee-2021"},"modified":"2021-09-07T18:03:33","modified_gmt":"2021-09-07T18:03:33","slug":"distinctions-la-crtv-fm-94-remporte-le-prix-du-meilleur-media-culturel-de-lannee-2021","status":"publish","type":"post","link":"https:\/\/www.africa-press.net\/cameroun\/culture-et-art\/distinctions-la-crtv-fm-94-remporte-le-prix-du-meilleur-media-culturel-de-lannee-2021","title":{"rendered":"Distinctions: La CRTV (FM 94) remporte le prix du meilleur m\u00e9dia culturel de l\u2019ann\u00e9e 2021"},"content":{"rendered":"<p><span style=\"color: #ff6600\"><strong><a href=\"https:\/\/www.africa-press.net\/\">Africa-Press<\/a> &#8211; <a href=\"https:\/\/www.africa-press.net\/cameroun\">Cameroun<\/a>. <\/strong><\/span>Le 4 septembre 2021, le Palais des Congr\u00e8s de Yaound\u00e9 a abrit\u00e9 la deuxi\u00e8me \u00e9dition de la c\u00e9r\u00e9monie du Grand Prix Francophile des m\u00e9dias. C\u2019est une c\u00e9r\u00e9monie qui r\u00e9compense les meilleurs m\u00e9dias culturels et les meilleurs journalistes culturels de l\u2019ann\u00e9e. Au terme de cette c\u00e9r\u00e9monie, la Cameroon Radiot\u00e9l\u00e9vision (CRTV) par le biais de sa chaine urbaine de proximit\u00e9, la FM 94, a \u00e9t\u00e9 \u00e9lue, meilleur m\u00e9dia culturel de l\u2019ann\u00e9e 2021.<\/p>\n<p>Outre la FM 94, d\u2019autres m\u00e9dias ont aussi \u00e9t\u00e9 r\u00e9compens\u00e9s. Du c\u00f4t\u00e9 de la presse \u00e9crite, la Soci\u00e9t\u00e9 de Presse et d\u2019Editions du Cameroun (SOPECAM) a eu le 1er prix m\u00e9dia. Culture Eb\u00e8ne est quant \u00e0 elle, la meilleure presse en ligne de l\u2019ann\u00e9e en cours, parlant de la Culture. Alors que Radio Balafon de Cyrille Bojiko remporte le 1er prix m\u00e9dia radio. Pour le 1er prix m\u00e9dia TV, c\u2019est la chaine de t\u00e9l\u00e9vision priv\u00e9e, Canal 2 International qui rentre avec la r\u00e9compense.<\/p>\n<p>Quant au concours du Grand Prix Francophilie des m\u00e9dias pour lequel les candidats \u00e9taient en comp\u00e9tition en presse \u00e9crite, presse cybern\u00e9tique, radio et t\u00e9l\u00e9vision; le jury qu\u2019a pr\u00e9sid\u00e9 Aim\u00e9 Robert Bihina, le r\u00e9dacteur en chef d\u00e9l\u00e9gu\u00e9 de la CRTV t\u00e9l\u00e9 et pr\u00e9sident de la section camerounaise de l\u2019Union internationale de la presse Francophone (UPF) a jug\u00e9 les candidats sur le respect de la langue, la qualit\u00e9 de la r\u00e9daction et le respect des consignes donn\u00e9es.<\/p>\n<p>Cette deuxi\u00e8me \u00e9dition avait pour th\u00e8me: \u00abJe m\u2019int\u00e8gre\u00bb. Dewa Aboubakar, un journaliste freelance de Amchide a gagn\u00e9 le grand prix du jury, gr\u00e2ce \u00e0 un reportage de presse \u00e9crite qui lui a valu une moyenne de 16,5\/20. En recevant son prix ce jour-l\u00e0, il l\u2019a d\u00e9di\u00e9 aux enfants de l\u2019Extr\u00eame-Nord qui ne vont pas \u00e0 l\u2019\u00e9cole \u00e0 cause des affres de la secte terroriste Boko Haram. Irene Fernande Ekouta, une autre freelance a \u00e9t\u00e9 laur\u00e9ate de la presse \u00e9crite gr\u00e2ce \u00e0 une chronique. Charles Abossolo de CRTV Sud a re\u00e7u le 1er prix radio, Alain Talla de Camerooun et Culture.Info est le laur\u00e9at de la presse digitale alors que Murielle Amie Nanga, une autre freelance, a re\u00e7u le prix d\u2019encouragement du jury.<\/p>\n<p><b>Wilfried ONDOA<\/b><\/p>\n","protected":false},"excerpt":{"rendered":"<p>Africa-Press &#8211; Cameroun. Le 4 septembre 2021, le Palais des Congr\u00e8s de Yaound\u00e9 a abrit\u00e9 la deuxi\u00e8me \u00e9dition de la c\u00e9r\u00e9monie du Grand Prix Francophile des m\u00e9dias. C\u2019est une c\u00e9r\u00e9monie qui r\u00e9compense les meilleurs m\u00e9dias culturels et les meilleurs journalistes culturels de l\u2019ann\u00e9e. Au terme de cette c\u00e9r\u00e9monie, la Cameroon Radiot\u00e9l\u00e9vision (CRTV) par le biais [&hellip;]<\/p>\n","protected":false},"author":82,"featured_media":9737,"comment_status":"open","ping_status":"closed","sticky":false,"template":"","format":"standard","meta":{"footnotes":""},"categories":[5,11,10],"tags":[36,50,49],"class_list":["post-9738","post","type-post","status-publish","format-standard","has-post-thumbnail","hentry","category-culture-et-art","category-homepage-french","category-toutes-les-actualites","tag-africa-press","tag-africa-press-cameroun","tag-cameroun"],"yoast_head":"<!-- This site is optimized with the Yoast SEO Premium plugin v26.1 (Yoast SEO v27.0) - https:\/\/yoast.com\/product\/yoast-seo-premium-wordpress\/ -->\n<title>Distinctions: La CRTV (FM 94) remporte le prix du meilleur m\u00e9dia culturel de l\u2019ann\u00e9e 2021 - Cameroun<\/title>\n<meta name=\"description\" content=\"Le 4 septembre 2021, le Palais des Congr\u00e8s de Yaound\u00e9 a abrit\u00e9 la deuxi\u00e8me \u00e9dition de la c\u00e9r\u00e9monie du Grand Prix Francop ...\" \/>\n<meta name=\"robots\" content=\"index, follow, max-snippet:-1, max-image-preview:large, max-video-preview:-1\" \/>\n<link rel=\"canonical\" href=\"https:\/\/www.africa-press.net\/cameroun\/culture-et-art\/distinctions-la-crtv-fm-94-remporte-le-prix-du-meilleur-media-culturel-de-lannee-2021\" \/>\n<meta property=\"og:locale\" content=\"fr_FR\" \/>\n<meta property=\"og:type\" content=\"article\" \/>\n<meta property=\"og:title\" content=\"Distinctions: La CRTV (FM 94) remporte le prix du meilleur m\u00e9dia culturel de l\u2019ann\u00e9e 2021\" \/>\n<meta property=\"og:description\" content=\"Le 4 septembre 2021, le Palais des Congr\u00e8s de Yaound\u00e9 a abrit\u00e9 la deuxi\u00e8me \u00e9dition de la c\u00e9r\u00e9monie du Grand Prix Francop ...\" \/>\n<meta property=\"og:url\" content=\"https:\/\/www.africa-press.net\/cameroun\/culture-et-art\/distinctions-la-crtv-fm-94-remporte-le-prix-du-meilleur-media-culturel-de-lannee-2021\" \/>\n<meta property=\"og:site_name\" content=\"Cameroun\" \/>\n<meta property=\"article:published_time\" content=\"2021-09-07T15:13:16+00:00\" \/>\n<meta property=\"article:modified_time\" content=\"2021-09-07T18:03:33+00:00\" \/>\n<meta property=\"og:image\" content=\"https:\/\/static.africa-press.net\/cameroun\/sites\/57\/2021\/09\/img-6137a95505e70.jpg\" \/>\n\t<meta property=\"og:image:width\" content=\"800\" \/>\n\t<meta property=\"og:image:height\" content=\"789\" \/>\n\t<meta property=\"og:image:type\" content=\"image\/jpeg\" \/>\n<meta name=\"author\" content=\"cfeditorfr\" \/>\n<meta name=\"twitter:card\" content=\"summary_large_image\" \/>\n<meta name=\"twitter:label1\" content=\"\u00c9crit par\" \/>\n\t<meta name=\"twitter:data1\" content=\"cfeditorfr\" \/>\n\t<meta name=\"twitter:label2\" content=\"Dur\u00e9e de lecture estim\u00e9e\" \/>\n\t<meta name=\"twitter:data2\" content=\"2 minutes\" \/>\n<script type=\"application\/ld+json\" class=\"yoast-schema-graph\">{\"@context\":\"https:\/\/schema.org\",\"@graph\":[{\"@type\":\"Article\",\"@id\":\"https:\/\/www.africa-press.net\/cameroun\/culture-et-art\/distinctions-la-crtv-fm-94-remporte-le-prix-du-meilleur-media-culturel-de-lannee-2021#article\",\"isPartOf\":{\"@id\":\"https:\/\/www.africa-press.net\/cameroun\/culture-et-art\/distinctions-la-crtv-fm-94-remporte-le-prix-du-meilleur-media-culturel-de-lannee-2021\"},\"author\":{\"name\":\"cfeditorfr\",\"@id\":\"https:\/\/www.africa-press.net\/cameroun\/#\/schema\/person\/2b1cf3cd81a31e3cd26889ca66d677f1\"},\"headline\":\"Distinctions: La CRTV (FM 94) remporte le prix du meilleur m\u00e9dia culturel de l\u2019ann\u00e9e 2021\",\"datePublished\":\"2021-09-07T15:13:16+00:00\",\"dateModified\":\"2021-09-07T18:03:33+00:00\",\"mainEntityOfPage\":{\"@id\":\"https:\/\/www.africa-press.net\/cameroun\/culture-et-art\/distinctions-la-crtv-fm-94-remporte-le-prix-du-meilleur-media-culturel-de-lannee-2021\"},\"wordCount\":428,\"commentCount\":0,\"image\":{\"@id\":\"https:\/\/www.africa-press.net\/cameroun\/culture-et-art\/distinctions-la-crtv-fm-94-remporte-le-prix-du-meilleur-media-culturel-de-lannee-2021#primaryimage\"},\"thumbnailUrl\":\"https:\/\/static.africa-press.net\/cameroun\/sites\/57\/2021\/09\/img-6137a95505e70.jpg\",\"keywords\":[\"Africa Press\",\"Africa Press-Cameroun\",\"Cameroun\"],\"articleSection\":[\"Culture et Art\",\"homepage-french\",\"Toutes les actualit\u00e9s\"],\"inLanguage\":\"fr-FR\",\"potentialAction\":[{\"@type\":\"CommentAction\",\"name\":\"Comment\",\"target\":[\"https:\/\/www.africa-press.net\/cameroun\/culture-et-art\/distinctions-la-crtv-fm-94-remporte-le-prix-du-meilleur-media-culturel-de-lannee-2021#respond\"]}]},{\"@type\":\"WebPage\",\"@id\":\"https:\/\/www.africa-press.net\/cameroun\/culture-et-art\/distinctions-la-crtv-fm-94-remporte-le-prix-du-meilleur-media-culturel-de-lannee-2021\",\"url\":\"https:\/\/www.africa-press.net\/cameroun\/culture-et-art\/distinctions-la-crtv-fm-94-remporte-le-prix-du-meilleur-media-culturel-de-lannee-2021\",\"name\":\"Distinctions: La CRTV (FM 94) remporte le prix du meilleur m\u00e9dia culturel de l\u2019ann\u00e9e 2021 - Cameroun\",\"isPartOf\":{\"@id\":\"https:\/\/www.africa-press.net\/cameroun\/#website\"},\"primaryImageOfPage\":{\"@id\":\"https:\/\/www.africa-press.net\/cameroun\/culture-et-art\/distinctions-la-crtv-fm-94-remporte-le-prix-du-meilleur-media-culturel-de-lannee-2021#primaryimage\"},\"image\":{\"@id\":\"https:\/\/www.africa-press.net\/cameroun\/culture-et-art\/distinctions-la-crtv-fm-94-remporte-le-prix-du-meilleur-media-culturel-de-lannee-2021#primaryimage\"},\"thumbnailUrl\":\"https:\/\/static.africa-press.net\/cameroun\/sites\/57\/2021\/09\/img-6137a95505e70.jpg\",\"datePublished\":\"2021-09-07T15:13:16+00:00\",\"dateModified\":\"2021-09-07T18:03:33+00:00\",\"author\":{\"@id\":\"https:\/\/www.africa-press.net\/cameroun\/#\/schema\/person\/2b1cf3cd81a31e3cd26889ca66d677f1\"},\"description\":\"Le 4 septembre 2021, le Palais des Congr\u00e8s de Yaound\u00e9 a abrit\u00e9 la deuxi\u00e8me \u00e9dition de la c\u00e9r\u00e9monie du Grand Prix Francop ...\",\"breadcrumb\":{\"@id\":\"https:\/\/www.africa-press.net\/cameroun\/culture-et-art\/distinctions-la-crtv-fm-94-remporte-le-prix-du-meilleur-media-culturel-de-lannee-2021#breadcrumb\"},\"inLanguage\":\"fr-FR\",\"potentialAction\":[{\"@type\":\"ReadAction\",\"target\":[\"https:\/\/www.africa-press.net\/cameroun\/culture-et-art\/distinctions-la-crtv-fm-94-remporte-le-prix-du-meilleur-media-culturel-de-lannee-2021\"]}]},{\"@type\":\"ImageObject\",\"inLanguage\":\"fr-FR\",\"@id\":\"https:\/\/www.africa-press.net\/cameroun\/culture-et-art\/distinctions-la-crtv-fm-94-remporte-le-prix-du-meilleur-media-culturel-de-lannee-2021#primaryimage\",\"url\":\"https:\/\/static.africa-press.net\/cameroun\/sites\/57\/2021\/09\/img-6137a95505e70.jpg\",\"contentUrl\":\"https:\/\/static.africa-press.net\/cameroun\/sites\/57\/2021\/09\/img-6137a95505e70.jpg\",\"width\":800,\"height\":789,\"caption\":\"Distinctions: La CRTV (FM 94) remporte le prix du meilleur m\u00e9dia culturel de l\u2019ann\u00e9e 2021\"},{\"@type\":\"BreadcrumbList\",\"@id\":\"https:\/\/www.africa-press.net\/cameroun\/culture-et-art\/distinctions-la-crtv-fm-94-remporte-le-prix-du-meilleur-media-culturel-de-lannee-2021#breadcrumb\",\"itemListElement\":[{\"@type\":\"ListItem\",\"position\":1,\"name\":\"Accueil\",\"item\":\"https:\/\/www.africa-press.net\/cameroun\/\"},{\"@type\":\"ListItem\",\"position\":2,\"name\":\"Distinctions: La CRTV (FM 94) remporte le prix du meilleur m\u00e9dia culturel de l\u2019ann\u00e9e 2021\"}]},{\"@type\":\"WebSite\",\"@id\":\"https:\/\/www.africa-press.net\/cameroun\/#website\",\"url\":\"https:\/\/www.africa-press.net\/cameroun\/\",\"name\":\"Cameroun\",\"description\":\"Just another Africa News Agency Sites site\",\"potentialAction\":[{\"@type\":\"SearchAction\",\"target\":{\"@type\":\"EntryPoint\",\"urlTemplate\":\"https:\/\/www.africa-press.net\/cameroun\/?s={search_term_string}\"},\"query-input\":{\"@type\":\"PropertyValueSpecification\",\"valueRequired\":true,\"valueName\":\"search_term_string\"}}],\"inLanguage\":\"fr-FR\"},{\"@type\":\"Person\",\"@id\":\"https:\/\/www.africa-press.net\/cameroun\/#\/schema\/person\/2b1cf3cd81a31e3cd26889ca66d677f1\",\"name\":\"cfeditorfr\"}]}<\/script>\n<!-- \/ Yoast SEO Premium plugin. -->","yoast_head_json":{"title":"Distinctions: La CRTV (FM 94) remporte le prix du meilleur m\u00e9dia culturel de l\u2019ann\u00e9e 2021 - Cameroun","description":"Le 4 septembre 2021, le Palais des Congr\u00e8s de Yaound\u00e9 a abrit\u00e9 la deuxi\u00e8me \u00e9dition de la c\u00e9r\u00e9monie du Grand Prix Francop ...","robots":{"index":"index","follow":"follow","max-snippet":"max-snippet:-1","max-image-preview":"max-image-preview:large","max-video-preview":"max-video-preview:-1"},"canonical":"https:\/\/www.africa-press.net\/cameroun\/culture-et-art\/distinctions-la-crtv-fm-94-remporte-le-prix-du-meilleur-media-culturel-de-lannee-2021","og_locale":"fr_FR","og_type":"article","og_title":"Distinctions: La CRTV (FM 94) remporte le prix du meilleur m\u00e9dia culturel de l\u2019ann\u00e9e 2021","og_description":"Le 4 septembre 2021, le Palais des Congr\u00e8s de Yaound\u00e9 a abrit\u00e9 la deuxi\u00e8me \u00e9dition de la c\u00e9r\u00e9monie du Grand Prix Francop ...","og_url":"https:\/\/www.africa-press.net\/cameroun\/culture-et-art\/distinctions-la-crtv-fm-94-remporte-le-prix-du-meilleur-media-culturel-de-lannee-2021","og_site_name":"Cameroun","article_published_time":"2021-09-07T15:13:16+00:00","article_modified_time":"2021-09-07T18:03:33+00:00","og_image":[{"width":800,"height":789,"url":"https:\/\/static.africa-press.net\/cameroun\/sites\/57\/2021\/09\/img-6137a95505e70.jpg","type":"image\/jpeg"}],"author":"cfeditorfr","twitter_card":"summary_large_image","twitter_misc":{"\u00c9crit par":"cfeditorfr","Dur\u00e9e de lecture estim\u00e9e":"2 minutes"},"schema":{"@context":"https:\/\/schema.org","@graph":[{"@type":"Article","@id":"https:\/\/www.africa-press.net\/cameroun\/culture-et-art\/distinctions-la-crtv-fm-94-remporte-le-prix-du-meilleur-media-culturel-de-lannee-2021#article","isPartOf":{"@id":"https:\/\/www.africa-press.net\/cameroun\/culture-et-art\/distinctions-la-crtv-fm-94-remporte-le-prix-du-meilleur-media-culturel-de-lannee-2021"},"author":{"name":"cfeditorfr","@id":"https:\/\/www.africa-press.net\/cameroun\/#\/schema\/person\/2b1cf3cd81a31e3cd26889ca66d677f1"},"headline":"Distinctions: La CRTV (FM 94) remporte le prix du meilleur m\u00e9dia culturel de l\u2019ann\u00e9e 2021","datePublished":"2021-09-07T15:13:16+00:00","dateModified":"2021-09-07T18:03:33+00:00","mainEntityOfPage":{"@id":"https:\/\/www.africa-press.net\/cameroun\/culture-et-art\/distinctions-la-crtv-fm-94-remporte-le-prix-du-meilleur-media-culturel-de-lannee-2021"},"wordCount":428,"commentCount":0,"image":{"@id":"https:\/\/www.africa-press.net\/cameroun\/culture-et-art\/distinctions-la-crtv-fm-94-remporte-le-prix-du-meilleur-media-culturel-de-lannee-2021#primaryimage"},"thumbnailUrl":"https:\/\/static.africa-press.net\/cameroun\/sites\/57\/2021\/09\/img-6137a95505e70.jpg","keywords":["Africa Press","Africa Press-Cameroun","Cameroun"],"articleSection":["Culture et Art","homepage-french","Toutes les actualit\u00e9s"],"inLanguage":"fr-FR","potentialAction":[{"@type":"CommentAction","name":"Comment","target":["https:\/\/www.africa-press.net\/cameroun\/culture-et-art\/distinctions-la-crtv-fm-94-remporte-le-prix-du-meilleur-media-culturel-de-lannee-2021#respond"]}]},{"@type":"WebPage","@id":"https:\/\/www.africa-press.net\/cameroun\/culture-et-art\/distinctions-la-crtv-fm-94-remporte-le-prix-du-meilleur-media-culturel-de-lannee-2021","url":"https:\/\/www.africa-press.net\/cameroun\/culture-et-art\/distinctions-la-crtv-fm-94-remporte-le-prix-du-meilleur-media-culturel-de-lannee-2021","name":"Distinctions: La CRTV (FM 94) remporte le prix du meilleur m\u00e9dia culturel de l\u2019ann\u00e9e 2021 - Cameroun","isPartOf":{"@id":"https:\/\/www.africa-press.net\/cameroun\/#website"},"primaryImageOfPage":{"@id":"https:\/\/www.africa-press.net\/cameroun\/culture-et-art\/distinctions-la-crtv-fm-94-remporte-le-prix-du-meilleur-media-culturel-de-lannee-2021#primaryimage"},"image":{"@id":"https:\/\/www.africa-press.net\/cameroun\/culture-et-art\/distinctions-la-crtv-fm-94-remporte-le-prix-du-meilleur-media-culturel-de-lannee-2021#primaryimage"},"thumbnailUrl":"https:\/\/static.africa-press.net\/cameroun\/sites\/57\/2021\/09\/img-6137a95505e70.jpg","datePublished":"2021-09-07T15:13:16+00:00","dateModified":"2021-09-07T18:03:33+00:00","author":{"@id":"https:\/\/www.africa-press.net\/cameroun\/#\/schema\/person\/2b1cf3cd81a31e3cd26889ca66d677f1"},"description":"Le 4 septembre 2021, le Palais des Congr\u00e8s de Yaound\u00e9 a abrit\u00e9 la deuxi\u00e8me \u00e9dition de la c\u00e9r\u00e9monie du Grand Prix Francop ...","breadcrumb":{"@id":"https:\/\/www.africa-press.net\/cameroun\/culture-et-art\/distinctions-la-crtv-fm-94-remporte-le-prix-du-meilleur-media-culturel-de-lannee-2021#breadcrumb"},"inLanguage":"fr-FR","potentialAction":[{"@type":"ReadAction","target":["https:\/\/www.africa-press.net\/cameroun\/culture-et-art\/distinctions-la-crtv-fm-94-remporte-le-prix-du-meilleur-media-culturel-de-lannee-2021"]}]},{"@type":"ImageObject","inLanguage":"fr-FR","@id":"https:\/\/www.africa-press.net\/cameroun\/culture-et-art\/distinctions-la-crtv-fm-94-remporte-le-prix-du-meilleur-media-culturel-de-lannee-2021#primaryimage","url":"https:\/\/static.africa-press.net\/cameroun\/sites\/57\/2021\/09\/img-6137a95505e70.jpg","contentUrl":"https:\/\/static.africa-press.net\/cameroun\/sites\/57\/2021\/09\/img-6137a95505e70.jpg","width":800,"height":789,"caption":"Distinctions: La CRTV (FM 94) remporte le prix du meilleur m\u00e9dia culturel de l\u2019ann\u00e9e 2021"},{"@type":"BreadcrumbList","@id":"https:\/\/www.africa-press.net\/cameroun\/culture-et-art\/distinctions-la-crtv-fm-94-remporte-le-prix-du-meilleur-media-culturel-de-lannee-2021#breadcrumb","itemListElement":[{"@type":"ListItem","position":1,"name":"Accueil","item":"https:\/\/www.africa-press.net\/cameroun\/"},{"@type":"ListItem","position":2,"name":"Distinctions: La CRTV (FM 94) remporte le prix du meilleur m\u00e9dia culturel de l\u2019ann\u00e9e 2021"}]},{"@type":"WebSite","@id":"https:\/\/www.africa-press.net\/cameroun\/#website","url":"https:\/\/www.africa-press.net\/cameroun\/","name":"Cameroun","description":"Just another Africa News Agency Sites site","potentialAction":[{"@type":"SearchAction","target":{"@type":"EntryPoint","urlTemplate":"https:\/\/www.africa-press.net\/cameroun\/?s={search_term_string}"},"query-input":{"@type":"PropertyValueSpecification","valueRequired":true,"valueName":"search_term_string"}}],"inLanguage":"fr-FR"},{"@type":"Person","@id":"https:\/\/www.africa-press.net\/cameroun\/#\/schema\/person\/2b1cf3cd81a31e3cd26889ca66d677f1","name":"cfeditorfr"}]}},"_links":{"self":[{"href":"https:\/\/www.africa-press.net\/cameroun\/wp-json\/wp\/v2\/posts\/9738","targetHints":{"allow":["GET"]}}],"collection":[{"href":"https:\/\/www.africa-press.net\/cameroun\/wp-json\/wp\/v2\/posts"}],"about":[{"href":"https:\/\/www.africa-press.net\/cameroun\/wp-json\/wp\/v2\/types\/post"}],"author":[{"embeddable":true,"href":"https:\/\/www.africa-press.net\/cameroun\/wp-json\/wp\/v2\/users\/82"}],"replies":[{"embeddable":true,"href":"https:\/\/www.africa-press.net\/cameroun\/wp-json\/wp\/v2\/comments?post=9738"}],"version-history":[{"count":0,"href":"https:\/\/www.africa-press.net\/cameroun\/wp-json\/wp\/v2\/posts\/9738\/revisions"}],"wp:featuredmedia":[{"embeddable":true,"href":"https:\/\/www.africa-press.net\/cameroun\/wp-json\/wp\/v2\/media\/9737"}],"wp:attachment":[{"href":"https:\/\/www.africa-press.net\/cameroun\/wp-json\/wp\/v2\/media?parent=9738"}],"wp:term":[{"taxonomy":"category","embeddable":true,"href":"https:\/\/www.africa-press.net\/cameroun\/wp-json\/wp\/v2\/categories?post=9738"},{"taxonomy":"post_tag","embeddable":true,"href":"https:\/\/www.africa-press.net\/cameroun\/wp-json\/wp\/v2\/tags?post=9738"}],"curies":[{"name":"wp","href":"https:\/\/api.w.org\/{rel}","templated":true}]}}