{"id":99089,"date":"2025-12-19T18:38:03","date_gmt":"2025-12-19T18:38:03","guid":{"rendered":"https:\/\/www.africa-press.net\/cameroun\/politique\/guerre-de-succession-alain-mebe-ngoo-en-prison"},"modified":"2025-12-20T00:24:31","modified_gmt":"2025-12-20T00:24:31","slug":"guerre-de-succession-alain-mebe-ngoo-en-prison","status":"publish","type":"post","link":"https:\/\/www.africa-press.net\/cameroun\/politique\/guerre-de-succession-alain-mebe-ngoo-en-prison","title":{"rendered":"Guerre De Succession: Alain Me\u0301be\u0301 Ngo\u2019o En Prison"},"content":{"rendered":"<p><span class=\"ap-article-header-tag\"> <strong>Africa-Press &#8211; Cameroun. <\/strong> <\/span>Edgar Alain Me\u0301be\u0301 Ngo\u2019o, ne\u0301 le 22 janvier 1957 a\u0300 Sangme\u0301lima, dans le de\u0301partement du Dja-et-Lobo (re\u0301gion du Sud), est un homme politique et haut fonctionnaire camerounais. Longtemps conside\u0301re\u0301 comme l\u2019un des proches collaborateurs du pre\u0301sident Paul Biya, il a occupe\u0301 de nombreuses fonctions strate\u0301giques au sein de l\u2019administration territoriale, se\u0301curitaire et gouvernementale du Cameroun.<\/p>\n<p>FORMATION<\/p>\n<p>Apre\u0300s l\u2019obtention d\u2019une licence en sciences e\u0301conomiques a\u0300 l\u2019Universite\u0301 de Yaounde\u0301 en 1982, Edgar Alain Me\u0301be\u0301 Ngo\u2019o inte\u0300gre l\u2019E\u0301cole nationale d\u2019administration et de magistrature (ENAM). Il en sort en 1985 avec le grade d\u2019administrateur civil, marquant ainsi son entre\u0301e dans la haute administration camerounaise.<\/p>\n<p>DE\u0301BUTS ET CARRIE\u0300RE ADMINISTRATIVE<\/p>\n<p>A\u0300 sa sortie de l\u2019ENAM, il entame imme\u0301diatement une carrie\u0300re administrative dense et ascendante.<\/p>\n<p>De 1985 a\u0300 1988, il exerce comme conseiller aux affaires e\u0301conomiques aupre\u0300s du gouverneur de la province de l\u2019Est. En 1988, il est nomme\u0301 secre\u0301taire ge\u0301ne\u0301ral de la province du Nord.<\/p>\n<p>Il poursuit ensuite comme pre\u0301fet de l\u2019Oce\u0301an a\u0300 Kribi de 1991 a\u0300 1995, puis pre\u0301fet de la Mefou-et-Afamba a\u0300 Mfou (1995\u20131996), avant d\u2019e\u0302tre nomme\u0301 pre\u0301fet du Mfoundi a\u0300 Yaounde\u0301 de 1996 a\u0300 1997.<\/p>\n<p>FONCTIONS A\u0300 LA PRE\u0301SIDENCE ET DANS LA SE\u0301CURITE<\/p>\n<p>En 1997, Edgar Alain Me\u0301be\u0301 Ngo\u2019o est nomme\u0301 directeur du cabinet civil de la Pre\u0301sidence de la Re\u0301publique, poste qu\u2019il occupe pendant sept anne\u0301es.<\/p>\n<p>En 2004, il devient de\u0301le\u0301gue\u0301 ge\u0301ne\u0301ral a\u0300 la Su\u0302rete\u0301 nationale, une fonction cle\u0301 dans l\u2019appareil se\u0301curitaire de l\u2019E\u0301tat camerounais.<\/p>\n<p>RESPONSABILITE\u0301S GOUVERNEMENTALES<\/p>\n<p>En juin 2009, il est nomme\u0301 ministre de\u0301le\u0301gue\u0301 a\u0300 la Pre\u0301sidence de la Re\u0301publique, charge\u0301 de la De\u0301fense, fonction qu\u2019il exerce jusqu\u2019en 2015.<\/p>\n<p>Il est ensuite nomme\u0301 ministre des Transports en octobre 2015, poste qu\u2019il occupe jusqu\u2019en mars 2018.<\/p>\n<p>AFFAIRES JUDICIAIRES<\/p>\n<p>Le 12 mars 2019, son domicile est perquisitionne\u0301 par les forces de police. Il est arre\u0302te\u0301 puis incarce\u0301re\u0301 a\u0300 la prison centrale de Kondengui, dans l\u2019attente de son jugement par le Tribunal criminel spe\u0301cial.<\/p>\n<p>En janvier 2023, il est condamne\u0301 a\u0300 trente ans de de\u0301tention pour de\u0301tournement de deniers publics, corruption, prise d\u2019inte\u0301re\u0302ts et blanchiment de capitaux. Les montants en cause sont estime\u0301s a\u0300 environ 23 milliards de francs CFA. Son e\u0301pouse, Bernadette Me\u0301be\u0301 Ngo\u2019o, est e\u0301galement condamne\u0301e a\u0300 une peine de dix ans d\u2019emprisonnement.<\/p>\n<p><a href=\"https:\/\/web.facebook.com\/Mediatudecmr\/videos\/672385704630548\/\">vide\u0301o<\/a><\/p>\n<p class=\"ap-article-footer-note\">Retrouvez plus d\u2019actualit\u00e9s et d\u2019analyses sur <span class=\"ap-highlight-country\">Cameroun<\/span> sur le site <span class=\"ap-highlight-brand\">Africa Press<\/span><\/p>\n","protected":false},"excerpt":{"rendered":"<p>Africa-Press &#8211; Cameroun. Edgar Alain Me\u0301be\u0301 Ngo\u2019o, ne\u0301 le 22 janvier 1957 a\u0300 Sangme\u0301lima, dans le de\u0301partement du Dja-et-Lobo (re\u0301gion du Sud), est un homme politique et haut fonctionnaire camerounais. Longtemps conside\u0301re\u0301 comme l\u2019un des proches collaborateurs du pre\u0301sident Paul Biya, il a occupe\u0301 de nombreuses fonctions strate\u0301giques au sein de l\u2019administration territoriale, se\u0301curitaire et [&hellip;]<\/p>\n","protected":false},"author":82,"featured_media":99088,"comment_status":"open","ping_status":"closed","sticky":false,"template":"","format":"standard","meta":{"footnotes":""},"categories":[2,10,9],"tags":[49],"class_list":["post-99089","post","type-post","status-publish","format-standard","has-post-thumbnail","hentry","category-politique","category-toutes-les-actualites","category-video","tag-cameroun"],"yoast_head":"<!-- This site is optimized with the Yoast SEO Premium plugin v26.1 (Yoast SEO v27.0) - https:\/\/yoast.com\/product\/yoast-seo-premium-wordpress\/ -->\n<title>Guerre De Succession: Alain Me\u0301be\u0301 Ngo\u2019o En Prison - Cameroun<\/title>\n<meta name=\"description\" content=\"-article-header-tag&quot;&gt; Africa-Press - Cameroun. Edgar Alain Me\u0301be\u0301 Ngo\u2019o, ne\u0301 ...\" \/>\n<meta name=\"robots\" content=\"index, follow, max-snippet:-1, max-image-preview:large, max-video-preview:-1\" \/>\n<link rel=\"canonical\" href=\"https:\/\/www.africa-press.net\/cameroun\/politique\/guerre-de-succession-alain-mebe-ngoo-en-prison\" \/>\n<meta property=\"og:locale\" content=\"fr_FR\" \/>\n<meta property=\"og:type\" content=\"article\" \/>\n<meta property=\"og:title\" content=\"Guerre De Succession: Alain Me\u0301be\u0301 Ngo\u2019o En Prison\" \/>\n<meta property=\"og:description\" content=\"-article-header-tag&quot;&gt; Africa-Press - Cameroun. Edgar Alain Me\u0301be\u0301 Ngo\u2019o, ne\u0301 ...\" \/>\n<meta property=\"og:url\" content=\"https:\/\/www.africa-press.net\/cameroun\/politique\/guerre-de-succession-alain-mebe-ngoo-en-prison\" \/>\n<meta property=\"og:site_name\" content=\"Cameroun\" \/>\n<meta property=\"article:published_time\" content=\"2025-12-19T18:38:03+00:00\" \/>\n<meta property=\"article:modified_time\" content=\"2025-12-20T00:24:31+00:00\" \/>\n<meta property=\"og:image\" content=\"https:\/\/static.africa-press.net\/cameroun\/sites\/57\/2025\/12\/sm_1766189745.753109.jpg\" \/>\n\t<meta property=\"og:image:width\" content=\"720\" \/>\n\t<meta property=\"og:image:height\" content=\"465\" \/>\n\t<meta property=\"og:image:type\" content=\"image\/jpeg\" \/>\n<meta name=\"author\" content=\"cfeditorfr\" \/>\n<meta name=\"twitter:card\" content=\"summary_large_image\" \/>\n<meta name=\"twitter:label1\" content=\"\u00c9crit par\" \/>\n\t<meta name=\"twitter:data1\" content=\"cfeditorfr\" \/>\n\t<meta name=\"twitter:label2\" content=\"Dur\u00e9e de lecture estim\u00e9e\" \/>\n\t<meta name=\"twitter:data2\" content=\"2 minutes\" \/>\n<script type=\"application\/ld+json\" class=\"yoast-schema-graph\">{\"@context\":\"https:\/\/schema.org\",\"@graph\":[{\"@type\":\"Article\",\"@id\":\"https:\/\/www.africa-press.net\/cameroun\/politique\/guerre-de-succession-alain-mebe-ngoo-en-prison#article\",\"isPartOf\":{\"@id\":\"https:\/\/www.africa-press.net\/cameroun\/politique\/guerre-de-succession-alain-mebe-ngoo-en-prison\"},\"author\":{\"name\":\"cfeditorfr\",\"@id\":\"https:\/\/www.africa-press.net\/cameroun\/#\/schema\/person\/2b1cf3cd81a31e3cd26889ca66d677f1\"},\"headline\":\"Guerre De Succession: Alain Me\u0301be\u0301 Ngo\u2019o En Prison\",\"datePublished\":\"2025-12-19T18:38:03+00:00\",\"dateModified\":\"2025-12-20T00:24:31+00:00\",\"mainEntityOfPage\":{\"@id\":\"https:\/\/www.africa-press.net\/cameroun\/politique\/guerre-de-succession-alain-mebe-ngoo-en-prison\"},\"wordCount\":454,\"commentCount\":0,\"image\":{\"@id\":\"https:\/\/www.africa-press.net\/cameroun\/politique\/guerre-de-succession-alain-mebe-ngoo-en-prison#primaryimage\"},\"thumbnailUrl\":\"https:\/\/static.africa-press.net\/cameroun\/sites\/57\/2025\/12\/sm_1766189745.753109.jpg\",\"keywords\":[\"Cameroun\"],\"articleSection\":[\"Politique\",\"Toutes les actualit\u00e9s\",\"vid\u00e9o\"],\"inLanguage\":\"fr-FR\",\"potentialAction\":[{\"@type\":\"CommentAction\",\"name\":\"Comment\",\"target\":[\"https:\/\/www.africa-press.net\/cameroun\/politique\/guerre-de-succession-alain-mebe-ngoo-en-prison#respond\"]}]},{\"@type\":\"WebPage\",\"@id\":\"https:\/\/www.africa-press.net\/cameroun\/politique\/guerre-de-succession-alain-mebe-ngoo-en-prison\",\"url\":\"https:\/\/www.africa-press.net\/cameroun\/politique\/guerre-de-succession-alain-mebe-ngoo-en-prison\",\"name\":\"Guerre De Succession: Alain Me\u0301be\u0301 Ngo\u2019o En Prison - Cameroun\",\"isPartOf\":{\"@id\":\"https:\/\/www.africa-press.net\/cameroun\/#website\"},\"primaryImageOfPage\":{\"@id\":\"https:\/\/www.africa-press.net\/cameroun\/politique\/guerre-de-succession-alain-mebe-ngoo-en-prison#primaryimage\"},\"image\":{\"@id\":\"https:\/\/www.africa-press.net\/cameroun\/politique\/guerre-de-succession-alain-mebe-ngoo-en-prison#primaryimage\"},\"thumbnailUrl\":\"https:\/\/static.africa-press.net\/cameroun\/sites\/57\/2025\/12\/sm_1766189745.753109.jpg\",\"datePublished\":\"2025-12-19T18:38:03+00:00\",\"dateModified\":\"2025-12-20T00:24:31+00:00\",\"author\":{\"@id\":\"https:\/\/www.africa-press.net\/cameroun\/#\/schema\/person\/2b1cf3cd81a31e3cd26889ca66d677f1\"},\"description\":\"-article-header-tag\\\"> Africa-Press - Cameroun. Edgar Alain Me\u0301be\u0301 Ngo\u2019o, ne\u0301 ...\",\"breadcrumb\":{\"@id\":\"https:\/\/www.africa-press.net\/cameroun\/politique\/guerre-de-succession-alain-mebe-ngoo-en-prison#breadcrumb\"},\"inLanguage\":\"fr-FR\",\"potentialAction\":[{\"@type\":\"ReadAction\",\"target\":[\"https:\/\/www.africa-press.net\/cameroun\/politique\/guerre-de-succession-alain-mebe-ngoo-en-prison\"]}]},{\"@type\":\"ImageObject\",\"inLanguage\":\"fr-FR\",\"@id\":\"https:\/\/www.africa-press.net\/cameroun\/politique\/guerre-de-succession-alain-mebe-ngoo-en-prison#primaryimage\",\"url\":\"https:\/\/static.africa-press.net\/cameroun\/sites\/57\/2025\/12\/sm_1766189745.753109.jpg\",\"contentUrl\":\"https:\/\/static.africa-press.net\/cameroun\/sites\/57\/2025\/12\/sm_1766189745.753109.jpg\",\"width\":720,\"height\":465,\"caption\":\"Guerre De Succession: Alain Me\u0301be\u0301 Ngo\u2019o En Prison\"},{\"@type\":\"BreadcrumbList\",\"@id\":\"https:\/\/www.africa-press.net\/cameroun\/politique\/guerre-de-succession-alain-mebe-ngoo-en-prison#breadcrumb\",\"itemListElement\":[{\"@type\":\"ListItem\",\"position\":1,\"name\":\"Accueil\",\"item\":\"https:\/\/www.africa-press.net\/cameroun\/\"},{\"@type\":\"ListItem\",\"position\":2,\"name\":\"Guerre De Succession: Alain Me\u0301be\u0301 Ngo\u2019o En Prison\"}]},{\"@type\":\"WebSite\",\"@id\":\"https:\/\/www.africa-press.net\/cameroun\/#website\",\"url\":\"https:\/\/www.africa-press.net\/cameroun\/\",\"name\":\"Cameroun\",\"description\":\"Just another Africa News Agency Sites site\",\"potentialAction\":[{\"@type\":\"SearchAction\",\"target\":{\"@type\":\"EntryPoint\",\"urlTemplate\":\"https:\/\/www.africa-press.net\/cameroun\/?s={search_term_string}\"},\"query-input\":{\"@type\":\"PropertyValueSpecification\",\"valueRequired\":true,\"valueName\":\"search_term_string\"}}],\"inLanguage\":\"fr-FR\"},{\"@type\":\"Person\",\"@id\":\"https:\/\/www.africa-press.net\/cameroun\/#\/schema\/person\/2b1cf3cd81a31e3cd26889ca66d677f1\",\"name\":\"cfeditorfr\"}]}<\/script>\n<!-- \/ Yoast SEO Premium plugin. -->","yoast_head_json":{"title":"Guerre De Succession: Alain Me\u0301be\u0301 Ngo\u2019o En Prison - Cameroun","description":"-article-header-tag\"> Africa-Press - Cameroun. Edgar Alain Me\u0301be\u0301 Ngo\u2019o, ne\u0301 ...","robots":{"index":"index","follow":"follow","max-snippet":"max-snippet:-1","max-image-preview":"max-image-preview:large","max-video-preview":"max-video-preview:-1"},"canonical":"https:\/\/www.africa-press.net\/cameroun\/politique\/guerre-de-succession-alain-mebe-ngoo-en-prison","og_locale":"fr_FR","og_type":"article","og_title":"Guerre De Succession: Alain Me\u0301be\u0301 Ngo\u2019o En Prison","og_description":"-article-header-tag\"> Africa-Press - Cameroun. Edgar Alain Me\u0301be\u0301 Ngo\u2019o, ne\u0301 ...","og_url":"https:\/\/www.africa-press.net\/cameroun\/politique\/guerre-de-succession-alain-mebe-ngoo-en-prison","og_site_name":"Cameroun","article_published_time":"2025-12-19T18:38:03+00:00","article_modified_time":"2025-12-20T00:24:31+00:00","og_image":[{"width":720,"height":465,"url":"https:\/\/static.africa-press.net\/cameroun\/sites\/57\/2025\/12\/sm_1766189745.753109.jpg","type":"image\/jpeg"}],"author":"cfeditorfr","twitter_card":"summary_large_image","twitter_misc":{"\u00c9crit par":"cfeditorfr","Dur\u00e9e de lecture estim\u00e9e":"2 minutes"},"schema":{"@context":"https:\/\/schema.org","@graph":[{"@type":"Article","@id":"https:\/\/www.africa-press.net\/cameroun\/politique\/guerre-de-succession-alain-mebe-ngoo-en-prison#article","isPartOf":{"@id":"https:\/\/www.africa-press.net\/cameroun\/politique\/guerre-de-succession-alain-mebe-ngoo-en-prison"},"author":{"name":"cfeditorfr","@id":"https:\/\/www.africa-press.net\/cameroun\/#\/schema\/person\/2b1cf3cd81a31e3cd26889ca66d677f1"},"headline":"Guerre De Succession: Alain Me\u0301be\u0301 Ngo\u2019o En Prison","datePublished":"2025-12-19T18:38:03+00:00","dateModified":"2025-12-20T00:24:31+00:00","mainEntityOfPage":{"@id":"https:\/\/www.africa-press.net\/cameroun\/politique\/guerre-de-succession-alain-mebe-ngoo-en-prison"},"wordCount":454,"commentCount":0,"image":{"@id":"https:\/\/www.africa-press.net\/cameroun\/politique\/guerre-de-succession-alain-mebe-ngoo-en-prison#primaryimage"},"thumbnailUrl":"https:\/\/static.africa-press.net\/cameroun\/sites\/57\/2025\/12\/sm_1766189745.753109.jpg","keywords":["Cameroun"],"articleSection":["Politique","Toutes les actualit\u00e9s","vid\u00e9o"],"inLanguage":"fr-FR","potentialAction":[{"@type":"CommentAction","name":"Comment","target":["https:\/\/www.africa-press.net\/cameroun\/politique\/guerre-de-succession-alain-mebe-ngoo-en-prison#respond"]}]},{"@type":"WebPage","@id":"https:\/\/www.africa-press.net\/cameroun\/politique\/guerre-de-succession-alain-mebe-ngoo-en-prison","url":"https:\/\/www.africa-press.net\/cameroun\/politique\/guerre-de-succession-alain-mebe-ngoo-en-prison","name":"Guerre De Succession: Alain Me\u0301be\u0301 Ngo\u2019o En Prison - Cameroun","isPartOf":{"@id":"https:\/\/www.africa-press.net\/cameroun\/#website"},"primaryImageOfPage":{"@id":"https:\/\/www.africa-press.net\/cameroun\/politique\/guerre-de-succession-alain-mebe-ngoo-en-prison#primaryimage"},"image":{"@id":"https:\/\/www.africa-press.net\/cameroun\/politique\/guerre-de-succession-alain-mebe-ngoo-en-prison#primaryimage"},"thumbnailUrl":"https:\/\/static.africa-press.net\/cameroun\/sites\/57\/2025\/12\/sm_1766189745.753109.jpg","datePublished":"2025-12-19T18:38:03+00:00","dateModified":"2025-12-20T00:24:31+00:00","author":{"@id":"https:\/\/www.africa-press.net\/cameroun\/#\/schema\/person\/2b1cf3cd81a31e3cd26889ca66d677f1"},"description":"-article-header-tag\"> Africa-Press - Cameroun. Edgar Alain Me\u0301be\u0301 Ngo\u2019o, ne\u0301 ...","breadcrumb":{"@id":"https:\/\/www.africa-press.net\/cameroun\/politique\/guerre-de-succession-alain-mebe-ngoo-en-prison#breadcrumb"},"inLanguage":"fr-FR","potentialAction":[{"@type":"ReadAction","target":["https:\/\/www.africa-press.net\/cameroun\/politique\/guerre-de-succession-alain-mebe-ngoo-en-prison"]}]},{"@type":"ImageObject","inLanguage":"fr-FR","@id":"https:\/\/www.africa-press.net\/cameroun\/politique\/guerre-de-succession-alain-mebe-ngoo-en-prison#primaryimage","url":"https:\/\/static.africa-press.net\/cameroun\/sites\/57\/2025\/12\/sm_1766189745.753109.jpg","contentUrl":"https:\/\/static.africa-press.net\/cameroun\/sites\/57\/2025\/12\/sm_1766189745.753109.jpg","width":720,"height":465,"caption":"Guerre De Succession: Alain Me\u0301be\u0301 Ngo\u2019o En Prison"},{"@type":"BreadcrumbList","@id":"https:\/\/www.africa-press.net\/cameroun\/politique\/guerre-de-succession-alain-mebe-ngoo-en-prison#breadcrumb","itemListElement":[{"@type":"ListItem","position":1,"name":"Accueil","item":"https:\/\/www.africa-press.net\/cameroun\/"},{"@type":"ListItem","position":2,"name":"Guerre De Succession: Alain Me\u0301be\u0301 Ngo\u2019o En Prison"}]},{"@type":"WebSite","@id":"https:\/\/www.africa-press.net\/cameroun\/#website","url":"https:\/\/www.africa-press.net\/cameroun\/","name":"Cameroun","description":"Just another Africa News Agency Sites site","potentialAction":[{"@type":"SearchAction","target":{"@type":"EntryPoint","urlTemplate":"https:\/\/www.africa-press.net\/cameroun\/?s={search_term_string}"},"query-input":{"@type":"PropertyValueSpecification","valueRequired":true,"valueName":"search_term_string"}}],"inLanguage":"fr-FR"},{"@type":"Person","@id":"https:\/\/www.africa-press.net\/cameroun\/#\/schema\/person\/2b1cf3cd81a31e3cd26889ca66d677f1","name":"cfeditorfr"}]}},"_links":{"self":[{"href":"https:\/\/www.africa-press.net\/cameroun\/wp-json\/wp\/v2\/posts\/99089","targetHints":{"allow":["GET"]}}],"collection":[{"href":"https:\/\/www.africa-press.net\/cameroun\/wp-json\/wp\/v2\/posts"}],"about":[{"href":"https:\/\/www.africa-press.net\/cameroun\/wp-json\/wp\/v2\/types\/post"}],"author":[{"embeddable":true,"href":"https:\/\/www.africa-press.net\/cameroun\/wp-json\/wp\/v2\/users\/82"}],"replies":[{"embeddable":true,"href":"https:\/\/www.africa-press.net\/cameroun\/wp-json\/wp\/v2\/comments?post=99089"}],"version-history":[{"count":0,"href":"https:\/\/www.africa-press.net\/cameroun\/wp-json\/wp\/v2\/posts\/99089\/revisions"}],"wp:featuredmedia":[{"embeddable":true,"href":"https:\/\/www.africa-press.net\/cameroun\/wp-json\/wp\/v2\/media\/99088"}],"wp:attachment":[{"href":"https:\/\/www.africa-press.net\/cameroun\/wp-json\/wp\/v2\/media?parent=99089"}],"wp:term":[{"taxonomy":"category","embeddable":true,"href":"https:\/\/www.africa-press.net\/cameroun\/wp-json\/wp\/v2\/categories?post=99089"},{"taxonomy":"post_tag","embeddable":true,"href":"https:\/\/www.africa-press.net\/cameroun\/wp-json\/wp\/v2\/tags?post=99089"}],"curies":[{"name":"wp","href":"https:\/\/api.w.org\/{rel}","templated":true}]}}