{"id":9909,"date":"2021-09-10T17:03:15","date_gmt":"2021-09-10T17:03:15","guid":{"rendered":"https:\/\/www.africa-press.net\/cameroun\/politique\/guerre-de-clans-a-etoudi-mvondo-ayolo-livre-a-paul-biya"},"modified":"2021-09-10T17:54:28","modified_gmt":"2021-09-10T17:54:28","slug":"guerre-de-clans-a-etoudi-mvondo-ayolo-livre-a-paul-biya","status":"publish","type":"post","link":"https:\/\/www.africa-press.net\/cameroun\/politique\/guerre-de-clans-a-etoudi-mvondo-ayolo-livre-a-paul-biya","title":{"rendered":"Guerre de clans \u00e0 Etoudi: Mvondo Ayolo livr\u00e9 \u00e0 Paul Biya"},"content":{"rendered":"<p><span style=\"color: #ff6600\"><strong><a href=\"https:\/\/www.africa-press.net\/\">Africa-Press<\/a> &#8211; <a href=\"https:\/\/www.africa-press.net\/cameroun\">Cameroun<\/a>. <\/strong><\/span>Le crime du ministre, directeur du Cabinet civil, c\u2019est sa loyaut\u00e9 ind\u00e9fectible au chef de l\u2019\u00c9tat. Au moment o\u00f9 plusieurs collaborateurs de Paul Biya semblent, de plus en plus, avoir la t\u00eate dans sa succession<\/p>\n<p>Encore une cabale haineuse et honteuse contre Samuel Mvondo Ayolo ! Le fid\u00e8le parmi les fid\u00e8les du pr\u00e9sident de la R\u00e9publique est, depuis quelques jours, la cible d\u2019attaques sordides ourdies par des individus retors.<\/p>\n<p>Ces bonimenteurs lui pr\u00eatent une fortune qui n\u2019existe que dans leur esprit d\u00e9rang\u00e9. A travers une lettre aussi imaginaire que son auteur, ils tentent de manipuler l\u2019opinion en publiant les pr\u00e9tendus \u201cbiens\u201d du ministre-directeur du cabinet civil. A en croire certaines sources, Samuel Mvondo Ayolo est n\u00e9 avec une cuill\u00e8re en or dans la bouche.<\/p>\n<p>Son p\u00e8re, Mo\u00efse Ayolo, fut \u00e0 l\u2019\u00e9poque un puissant op\u00e9rateur \u00e9conomique prosp\u00e8re, qui a fait plus que Ndongo Essomba et T.Bella. Car il achetait le cacao dans le Centre-Sud pour ensuite l\u2019exporter. Bien qu\u2019ayant grandi dans un environnement marqu\u00e9 par l\u2019aisance financi\u00e8re et mat\u00e9rielle, l\u2019ancien ambassadeur du Cameroun au Gabon m\u00e8ne une vie discr\u00e8te sans bling bling.<\/p>\n<p>On ne lui connait aucun scandale financier encore moins d\u2019acquisition tapageuse. Visiblement, ses adversaires politiques s\u2019obstinent \u00e0 ternir son image d\u2019homme int\u00e8gre, dernier rempart du chef de l\u2019Etat, via des lettres cousues de fil blanc.<\/p>\n<p>Apr\u00e8s enqu\u00eate, cette boule puante s\u2019av\u00e8re \u00eatre l\u2019\u0153uvre du fameux cabinet noir. Cette n\u00e9buleuse brille par des intrigues de bas \u00e9tage. Aussi la loyaut\u00e9 de Samuel Mvondo Ayolo \u00e0 Paul Biya fait-il de lui un homme \u00e0 abattre. Des langues vip\u00e9rines vont jusqu\u2019\u00e0 lui pr\u00eater des ambitions pr\u00e9sidentielles. Une h\u00e9r\u00e9sie quand on sait le d\u00e9vouement de ce diplomate de haut vol \u00e0 l\u2019homme du 06 novembre 1982.<\/p>\n<p>Loyal \u00e0 Paul Biya<\/p>\n<p>En effet, \u00e0 l\u2019inverse de certains pontes du r\u00e9gime, qui pensent \u00e0 l\u2019apr\u00e8s Biya, tous les matins en se rasant, le successeur de Martin Belinga Eboutou, de regrett\u00e9 m\u00e9moire, n\u2019a qu\u2019une seule ambition, servir loyalement le chef de l\u2019\u00c9tat. A cette fin, il ne m\u00e9nage gu\u00e8re sa peine pour mener \u00e0 bien la mission \u00e0 lui confi\u00e9e par le chantre du Renouveau.<\/p>\n<p>A ce sujet, des exemples abondent. L\u2019on a encore frais dans les m\u00e9moires, la maestria avec laquelle il a obtenu l\u2019annulation, par les autorit\u00e9s suisses, de la marche des activistes de la diaspora. Ceux-ci voulaient perturber le s\u00e9jour pr\u00e9sidentiel d\u2019ao\u00fbt dernier \u00e0 Gen\u00e8ve. Malheureusement pour eux, ils ont crois\u00e9 sur leur chemin un diplomate chevronn\u00e9 doubl\u00e9 d\u2019un fin strat\u00e8ge.<\/p>\n<p>Si l\u2019objectif de la lettre imaginaire est de ternir la r\u00e9putation du digne fils du Dja et Lobo, apr\u00e8s son brillant succ\u00e8s genevois, tout indique que c\u2019est rat\u00e9. La cabale ayant fait pschitt.<\/p>\n<p>Toutefois, le cabinet noir, qui d\u00e9cid\u00e9ment d\u00e9borde d\u2019imagination, planifierait d\u00e9j\u00e0, selon nos sources, une \u00e9ni\u00e8me campagne de d\u00e9nigrement. Comme quoi l\u2019ennemi ne dort jamais. Vigilance donc !<\/p>\n","protected":false},"excerpt":{"rendered":"<p>Africa-Press &#8211; Cameroun. Le crime du ministre, directeur du Cabinet civil, c\u2019est sa loyaut\u00e9 ind\u00e9fectible au chef de l\u2019\u00c9tat. Au moment o\u00f9 plusieurs collaborateurs de Paul Biya semblent, de plus en plus, avoir la t\u00eate dans sa succession Encore une cabale haineuse et honteuse contre Samuel Mvondo Ayolo ! Le fid\u00e8le parmi les fid\u00e8les du [&hellip;]<\/p>\n","protected":false},"author":82,"featured_media":9908,"comment_status":"open","ping_status":"closed","sticky":false,"template":"","format":"standard","meta":{"footnotes":""},"categories":[11,2,10],"tags":[36,50,49],"class_list":["post-9909","post","type-post","status-publish","format-standard","has-post-thumbnail","hentry","category-homepage-french","category-politique","category-toutes-les-actualites","tag-africa-press","tag-africa-press-cameroun","tag-cameroun"],"yoast_head":"<!-- This site is optimized with the Yoast SEO Premium plugin v26.1 (Yoast SEO v27.0) - https:\/\/yoast.com\/product\/yoast-seo-premium-wordpress\/ -->\n<title>Guerre de clans \u00e0 Etoudi: Mvondo Ayolo livr\u00e9 \u00e0 Paul Biya - Cameroun<\/title>\n<meta name=\"description\" content=\"Le crime du ministre, directeur du Cabinet civil, c\u2019est sa loyaut\u00e9 ind\u00e9fectible au chef de l\u2019\u00c9tat. Au moment o\u00f9 plusieur ...\" \/>\n<meta name=\"robots\" content=\"index, follow, max-snippet:-1, max-image-preview:large, max-video-preview:-1\" \/>\n<link rel=\"canonical\" href=\"https:\/\/www.africa-press.net\/cameroun\/politique\/guerre-de-clans-a-etoudi-mvondo-ayolo-livre-a-paul-biya\" \/>\n<meta property=\"og:locale\" content=\"fr_FR\" \/>\n<meta property=\"og:type\" content=\"article\" \/>\n<meta property=\"og:title\" content=\"Guerre de clans \u00e0 Etoudi: Mvondo Ayolo livr\u00e9 \u00e0 Paul Biya\" \/>\n<meta property=\"og:description\" content=\"Le crime du ministre, directeur du Cabinet civil, c\u2019est sa loyaut\u00e9 ind\u00e9fectible au chef de l\u2019\u00c9tat. Au moment o\u00f9 plusieur ...\" \/>\n<meta property=\"og:url\" content=\"https:\/\/www.africa-press.net\/cameroun\/politique\/guerre-de-clans-a-etoudi-mvondo-ayolo-livre-a-paul-biya\" \/>\n<meta property=\"og:site_name\" content=\"Cameroun\" \/>\n<meta property=\"article:published_time\" content=\"2021-09-10T17:03:15+00:00\" \/>\n<meta property=\"article:modified_time\" content=\"2021-09-10T17:54:28+00:00\" \/>\n<meta property=\"og:image\" content=\"https:\/\/static.africa-press.net\/cameroun\/sites\/57\/2021\/09\/img-613b9bbbbd8ce.jpg\" \/>\n\t<meta property=\"og:image:width\" content=\"720\" \/>\n\t<meta property=\"og:image:height\" content=\"356\" \/>\n\t<meta property=\"og:image:type\" content=\"image\/jpeg\" \/>\n<meta name=\"author\" content=\"cfeditorfr\" \/>\n<meta name=\"twitter:card\" content=\"summary_large_image\" \/>\n<meta name=\"twitter:label1\" content=\"\u00c9crit par\" \/>\n\t<meta name=\"twitter:data1\" content=\"cfeditorfr\" \/>\n\t<meta name=\"twitter:label2\" content=\"Dur\u00e9e de lecture estim\u00e9e\" \/>\n\t<meta name=\"twitter:data2\" content=\"3 minutes\" \/>\n<script type=\"application\/ld+json\" class=\"yoast-schema-graph\">{\"@context\":\"https:\/\/schema.org\",\"@graph\":[{\"@type\":\"Article\",\"@id\":\"https:\/\/www.africa-press.net\/cameroun\/politique\/guerre-de-clans-a-etoudi-mvondo-ayolo-livre-a-paul-biya#article\",\"isPartOf\":{\"@id\":\"https:\/\/www.africa-press.net\/cameroun\/politique\/guerre-de-clans-a-etoudi-mvondo-ayolo-livre-a-paul-biya\"},\"author\":{\"name\":\"cfeditorfr\",\"@id\":\"https:\/\/www.africa-press.net\/cameroun\/#\/schema\/person\/2b1cf3cd81a31e3cd26889ca66d677f1\"},\"headline\":\"Guerre de clans \u00e0 Etoudi: Mvondo Ayolo livr\u00e9 \u00e0 Paul Biya\",\"datePublished\":\"2021-09-10T17:03:15+00:00\",\"dateModified\":\"2021-09-10T17:54:28+00:00\",\"mainEntityOfPage\":{\"@id\":\"https:\/\/www.africa-press.net\/cameroun\/politique\/guerre-de-clans-a-etoudi-mvondo-ayolo-livre-a-paul-biya\"},\"wordCount\":547,\"commentCount\":0,\"image\":{\"@id\":\"https:\/\/www.africa-press.net\/cameroun\/politique\/guerre-de-clans-a-etoudi-mvondo-ayolo-livre-a-paul-biya#primaryimage\"},\"thumbnailUrl\":\"https:\/\/static.africa-press.net\/cameroun\/sites\/57\/2021\/09\/img-613b9bbbbd8ce.jpg\",\"keywords\":[\"Africa Press\",\"Africa Press-Cameroun\",\"Cameroun\"],\"articleSection\":[\"homepage-french\",\"Politique\",\"Toutes les actualit\u00e9s\"],\"inLanguage\":\"fr-FR\",\"potentialAction\":[{\"@type\":\"CommentAction\",\"name\":\"Comment\",\"target\":[\"https:\/\/www.africa-press.net\/cameroun\/politique\/guerre-de-clans-a-etoudi-mvondo-ayolo-livre-a-paul-biya#respond\"]}]},{\"@type\":\"WebPage\",\"@id\":\"https:\/\/www.africa-press.net\/cameroun\/politique\/guerre-de-clans-a-etoudi-mvondo-ayolo-livre-a-paul-biya\",\"url\":\"https:\/\/www.africa-press.net\/cameroun\/politique\/guerre-de-clans-a-etoudi-mvondo-ayolo-livre-a-paul-biya\",\"name\":\"Guerre de clans \u00e0 Etoudi: Mvondo Ayolo livr\u00e9 \u00e0 Paul Biya - Cameroun\",\"isPartOf\":{\"@id\":\"https:\/\/www.africa-press.net\/cameroun\/#website\"},\"primaryImageOfPage\":{\"@id\":\"https:\/\/www.africa-press.net\/cameroun\/politique\/guerre-de-clans-a-etoudi-mvondo-ayolo-livre-a-paul-biya#primaryimage\"},\"image\":{\"@id\":\"https:\/\/www.africa-press.net\/cameroun\/politique\/guerre-de-clans-a-etoudi-mvondo-ayolo-livre-a-paul-biya#primaryimage\"},\"thumbnailUrl\":\"https:\/\/static.africa-press.net\/cameroun\/sites\/57\/2021\/09\/img-613b9bbbbd8ce.jpg\",\"datePublished\":\"2021-09-10T17:03:15+00:00\",\"dateModified\":\"2021-09-10T17:54:28+00:00\",\"author\":{\"@id\":\"https:\/\/www.africa-press.net\/cameroun\/#\/schema\/person\/2b1cf3cd81a31e3cd26889ca66d677f1\"},\"description\":\"Le crime du ministre, directeur du Cabinet civil, c\u2019est sa loyaut\u00e9 ind\u00e9fectible au chef de l\u2019\u00c9tat. Au moment o\u00f9 plusieur ...\",\"breadcrumb\":{\"@id\":\"https:\/\/www.africa-press.net\/cameroun\/politique\/guerre-de-clans-a-etoudi-mvondo-ayolo-livre-a-paul-biya#breadcrumb\"},\"inLanguage\":\"fr-FR\",\"potentialAction\":[{\"@type\":\"ReadAction\",\"target\":[\"https:\/\/www.africa-press.net\/cameroun\/politique\/guerre-de-clans-a-etoudi-mvondo-ayolo-livre-a-paul-biya\"]}]},{\"@type\":\"ImageObject\",\"inLanguage\":\"fr-FR\",\"@id\":\"https:\/\/www.africa-press.net\/cameroun\/politique\/guerre-de-clans-a-etoudi-mvondo-ayolo-livre-a-paul-biya#primaryimage\",\"url\":\"https:\/\/static.africa-press.net\/cameroun\/sites\/57\/2021\/09\/img-613b9bbbbd8ce.jpg\",\"contentUrl\":\"https:\/\/static.africa-press.net\/cameroun\/sites\/57\/2021\/09\/img-613b9bbbbd8ce.jpg\",\"width\":720,\"height\":356,\"caption\":\"Guerre de clans \u00e0 Etoudi: Mvondo Ayolo livr\u00e9 \u00e0 Paul Biya\"},{\"@type\":\"BreadcrumbList\",\"@id\":\"https:\/\/www.africa-press.net\/cameroun\/politique\/guerre-de-clans-a-etoudi-mvondo-ayolo-livre-a-paul-biya#breadcrumb\",\"itemListElement\":[{\"@type\":\"ListItem\",\"position\":1,\"name\":\"Accueil\",\"item\":\"https:\/\/www.africa-press.net\/cameroun\/\"},{\"@type\":\"ListItem\",\"position\":2,\"name\":\"Guerre de clans \u00e0 Etoudi: Mvondo Ayolo livr\u00e9 \u00e0 Paul Biya\"}]},{\"@type\":\"WebSite\",\"@id\":\"https:\/\/www.africa-press.net\/cameroun\/#website\",\"url\":\"https:\/\/www.africa-press.net\/cameroun\/\",\"name\":\"Cameroun\",\"description\":\"Just another Africa News Agency Sites site\",\"potentialAction\":[{\"@type\":\"SearchAction\",\"target\":{\"@type\":\"EntryPoint\",\"urlTemplate\":\"https:\/\/www.africa-press.net\/cameroun\/?s={search_term_string}\"},\"query-input\":{\"@type\":\"PropertyValueSpecification\",\"valueRequired\":true,\"valueName\":\"search_term_string\"}}],\"inLanguage\":\"fr-FR\"},{\"@type\":\"Person\",\"@id\":\"https:\/\/www.africa-press.net\/cameroun\/#\/schema\/person\/2b1cf3cd81a31e3cd26889ca66d677f1\",\"name\":\"cfeditorfr\"}]}<\/script>\n<!-- \/ Yoast SEO Premium plugin. -->","yoast_head_json":{"title":"Guerre de clans \u00e0 Etoudi: Mvondo Ayolo livr\u00e9 \u00e0 Paul Biya - Cameroun","description":"Le crime du ministre, directeur du Cabinet civil, c\u2019est sa loyaut\u00e9 ind\u00e9fectible au chef de l\u2019\u00c9tat. Au moment o\u00f9 plusieur ...","robots":{"index":"index","follow":"follow","max-snippet":"max-snippet:-1","max-image-preview":"max-image-preview:large","max-video-preview":"max-video-preview:-1"},"canonical":"https:\/\/www.africa-press.net\/cameroun\/politique\/guerre-de-clans-a-etoudi-mvondo-ayolo-livre-a-paul-biya","og_locale":"fr_FR","og_type":"article","og_title":"Guerre de clans \u00e0 Etoudi: Mvondo Ayolo livr\u00e9 \u00e0 Paul Biya","og_description":"Le crime du ministre, directeur du Cabinet civil, c\u2019est sa loyaut\u00e9 ind\u00e9fectible au chef de l\u2019\u00c9tat. Au moment o\u00f9 plusieur ...","og_url":"https:\/\/www.africa-press.net\/cameroun\/politique\/guerre-de-clans-a-etoudi-mvondo-ayolo-livre-a-paul-biya","og_site_name":"Cameroun","article_published_time":"2021-09-10T17:03:15+00:00","article_modified_time":"2021-09-10T17:54:28+00:00","og_image":[{"width":720,"height":356,"url":"https:\/\/static.africa-press.net\/cameroun\/sites\/57\/2021\/09\/img-613b9bbbbd8ce.jpg","type":"image\/jpeg"}],"author":"cfeditorfr","twitter_card":"summary_large_image","twitter_misc":{"\u00c9crit par":"cfeditorfr","Dur\u00e9e de lecture estim\u00e9e":"3 minutes"},"schema":{"@context":"https:\/\/schema.org","@graph":[{"@type":"Article","@id":"https:\/\/www.africa-press.net\/cameroun\/politique\/guerre-de-clans-a-etoudi-mvondo-ayolo-livre-a-paul-biya#article","isPartOf":{"@id":"https:\/\/www.africa-press.net\/cameroun\/politique\/guerre-de-clans-a-etoudi-mvondo-ayolo-livre-a-paul-biya"},"author":{"name":"cfeditorfr","@id":"https:\/\/www.africa-press.net\/cameroun\/#\/schema\/person\/2b1cf3cd81a31e3cd26889ca66d677f1"},"headline":"Guerre de clans \u00e0 Etoudi: Mvondo Ayolo livr\u00e9 \u00e0 Paul Biya","datePublished":"2021-09-10T17:03:15+00:00","dateModified":"2021-09-10T17:54:28+00:00","mainEntityOfPage":{"@id":"https:\/\/www.africa-press.net\/cameroun\/politique\/guerre-de-clans-a-etoudi-mvondo-ayolo-livre-a-paul-biya"},"wordCount":547,"commentCount":0,"image":{"@id":"https:\/\/www.africa-press.net\/cameroun\/politique\/guerre-de-clans-a-etoudi-mvondo-ayolo-livre-a-paul-biya#primaryimage"},"thumbnailUrl":"https:\/\/static.africa-press.net\/cameroun\/sites\/57\/2021\/09\/img-613b9bbbbd8ce.jpg","keywords":["Africa Press","Africa Press-Cameroun","Cameroun"],"articleSection":["homepage-french","Politique","Toutes les actualit\u00e9s"],"inLanguage":"fr-FR","potentialAction":[{"@type":"CommentAction","name":"Comment","target":["https:\/\/www.africa-press.net\/cameroun\/politique\/guerre-de-clans-a-etoudi-mvondo-ayolo-livre-a-paul-biya#respond"]}]},{"@type":"WebPage","@id":"https:\/\/www.africa-press.net\/cameroun\/politique\/guerre-de-clans-a-etoudi-mvondo-ayolo-livre-a-paul-biya","url":"https:\/\/www.africa-press.net\/cameroun\/politique\/guerre-de-clans-a-etoudi-mvondo-ayolo-livre-a-paul-biya","name":"Guerre de clans \u00e0 Etoudi: Mvondo Ayolo livr\u00e9 \u00e0 Paul Biya - Cameroun","isPartOf":{"@id":"https:\/\/www.africa-press.net\/cameroun\/#website"},"primaryImageOfPage":{"@id":"https:\/\/www.africa-press.net\/cameroun\/politique\/guerre-de-clans-a-etoudi-mvondo-ayolo-livre-a-paul-biya#primaryimage"},"image":{"@id":"https:\/\/www.africa-press.net\/cameroun\/politique\/guerre-de-clans-a-etoudi-mvondo-ayolo-livre-a-paul-biya#primaryimage"},"thumbnailUrl":"https:\/\/static.africa-press.net\/cameroun\/sites\/57\/2021\/09\/img-613b9bbbbd8ce.jpg","datePublished":"2021-09-10T17:03:15+00:00","dateModified":"2021-09-10T17:54:28+00:00","author":{"@id":"https:\/\/www.africa-press.net\/cameroun\/#\/schema\/person\/2b1cf3cd81a31e3cd26889ca66d677f1"},"description":"Le crime du ministre, directeur du Cabinet civil, c\u2019est sa loyaut\u00e9 ind\u00e9fectible au chef de l\u2019\u00c9tat. Au moment o\u00f9 plusieur ...","breadcrumb":{"@id":"https:\/\/www.africa-press.net\/cameroun\/politique\/guerre-de-clans-a-etoudi-mvondo-ayolo-livre-a-paul-biya#breadcrumb"},"inLanguage":"fr-FR","potentialAction":[{"@type":"ReadAction","target":["https:\/\/www.africa-press.net\/cameroun\/politique\/guerre-de-clans-a-etoudi-mvondo-ayolo-livre-a-paul-biya"]}]},{"@type":"ImageObject","inLanguage":"fr-FR","@id":"https:\/\/www.africa-press.net\/cameroun\/politique\/guerre-de-clans-a-etoudi-mvondo-ayolo-livre-a-paul-biya#primaryimage","url":"https:\/\/static.africa-press.net\/cameroun\/sites\/57\/2021\/09\/img-613b9bbbbd8ce.jpg","contentUrl":"https:\/\/static.africa-press.net\/cameroun\/sites\/57\/2021\/09\/img-613b9bbbbd8ce.jpg","width":720,"height":356,"caption":"Guerre de clans \u00e0 Etoudi: Mvondo Ayolo livr\u00e9 \u00e0 Paul Biya"},{"@type":"BreadcrumbList","@id":"https:\/\/www.africa-press.net\/cameroun\/politique\/guerre-de-clans-a-etoudi-mvondo-ayolo-livre-a-paul-biya#breadcrumb","itemListElement":[{"@type":"ListItem","position":1,"name":"Accueil","item":"https:\/\/www.africa-press.net\/cameroun\/"},{"@type":"ListItem","position":2,"name":"Guerre de clans \u00e0 Etoudi: Mvondo Ayolo livr\u00e9 \u00e0 Paul Biya"}]},{"@type":"WebSite","@id":"https:\/\/www.africa-press.net\/cameroun\/#website","url":"https:\/\/www.africa-press.net\/cameroun\/","name":"Cameroun","description":"Just another Africa News Agency Sites site","potentialAction":[{"@type":"SearchAction","target":{"@type":"EntryPoint","urlTemplate":"https:\/\/www.africa-press.net\/cameroun\/?s={search_term_string}"},"query-input":{"@type":"PropertyValueSpecification","valueRequired":true,"valueName":"search_term_string"}}],"inLanguage":"fr-FR"},{"@type":"Person","@id":"https:\/\/www.africa-press.net\/cameroun\/#\/schema\/person\/2b1cf3cd81a31e3cd26889ca66d677f1","name":"cfeditorfr"}]}},"_links":{"self":[{"href":"https:\/\/www.africa-press.net\/cameroun\/wp-json\/wp\/v2\/posts\/9909","targetHints":{"allow":["GET"]}}],"collection":[{"href":"https:\/\/www.africa-press.net\/cameroun\/wp-json\/wp\/v2\/posts"}],"about":[{"href":"https:\/\/www.africa-press.net\/cameroun\/wp-json\/wp\/v2\/types\/post"}],"author":[{"embeddable":true,"href":"https:\/\/www.africa-press.net\/cameroun\/wp-json\/wp\/v2\/users\/82"}],"replies":[{"embeddable":true,"href":"https:\/\/www.africa-press.net\/cameroun\/wp-json\/wp\/v2\/comments?post=9909"}],"version-history":[{"count":0,"href":"https:\/\/www.africa-press.net\/cameroun\/wp-json\/wp\/v2\/posts\/9909\/revisions"}],"wp:featuredmedia":[{"embeddable":true,"href":"https:\/\/www.africa-press.net\/cameroun\/wp-json\/wp\/v2\/media\/9908"}],"wp:attachment":[{"href":"https:\/\/www.africa-press.net\/cameroun\/wp-json\/wp\/v2\/media?parent=9909"}],"wp:term":[{"taxonomy":"category","embeddable":true,"href":"https:\/\/www.africa-press.net\/cameroun\/wp-json\/wp\/v2\/categories?post=9909"},{"taxonomy":"post_tag","embeddable":true,"href":"https:\/\/www.africa-press.net\/cameroun\/wp-json\/wp\/v2\/tags?post=9909"}],"curies":[{"name":"wp","href":"https:\/\/api.w.org\/{rel}","templated":true}]}}