{"id":14489,"date":"2023-04-14T17:31:07","date_gmt":"2023-04-14T17:31:07","guid":{"rendered":"https:\/\/www.africa-press.net\/cape-verde\/all-news\/santiago-norte-secondary-schools-in-santa-catarina-and-sao-salvador-do-mundo-organize-joint-careers-fair"},"modified":"2023-04-14T18:13:22","modified_gmt":"2023-04-14T18:13:22","slug":"santiago-norte-secondary-schools-in-santa-catarina-and-sao-salvador-do-mundo-organize-joint-careers-fair","status":"publish","type":"post","link":"https:\/\/www.africa-press.net\/cape-verde\/all-news\/santiago-norte-secondary-schools-in-santa-catarina-and-sao-salvador-do-mundo-organize-joint-careers-fair","title":{"rendered":"Santiago Norte: Secondary schools in Santa Catarina and S\u00e3o Salvador do Mundo organize joint careers fair"},"content":{"rendered":"<p><span style=\"color: #ff6600\"><strong>Africa-Press &#8211; Cape verde. <\/strong><\/span>Three secondary schools in Santa Catarina and one in Picos organized a joint careers fair today to inform their students about technical vocational and higher education courses.<br \/>\nThis second edition, which returns four years later, will take place throughout the day in the Assomada multipurpose hall in the municipality of Santa Catarina and will involve the participation of the Gr\u00e3o-Duque Henri Technical School (ETGDH), the Am\u00edlcar Cabral High School and the Armando Napole\u00e3o Fernandes Secondary School in Santa Catarina and the Carlos Alberto Gon\u00e7alves Secondary School in S\u00e3o Salvador do Mundo (Picos).<br \/>\nArlindo Mendes, the director of ETGDH, said that they aim to guide, support, and inform students in the 9th and 12th grades about the curricular areas, career paths, or university courses they wish to pursue.<br \/>\nHe added that this event will complement the work that all these schools have done in terms of vocational guidance and awareness-raising directed at students, especially those in the 12th grade, who still lack information.<\/p>\n<p><strong>For More News And Analysis About <a href=\"https:\/\/www.africa-press.net\/cape-verde\">Cape verde<\/a> Follow <a href=\"https:\/\/www.africa-press.net\/\">Africa-Press<\/a><\/strong><\/p>\n","protected":false},"excerpt":{"rendered":"<p>Africa-Press &#8211; Cape verde. Three secondary schools in Santa Catarina and one in Picos organized a joint careers fair today to inform their students about technical vocational and higher education courses. This second edition, which returns four years later, will take place throughout the day in the Assomada multipurpose hall in the municipality of Santa [&hellip;]<\/p>\n","protected":false},"author":84,"featured_media":14487,"comment_status":"open","ping_status":"open","sticky":false,"template":"","format":"standard","meta":{"footnotes":""},"categories":[2,3],"tags":[233,331,328],"class_list":["post-14489","post","type-post","status-publish","format-standard","has-post-thumbnail","hentry","category-all-news","category-community","tag-africa-press","tag-africa-press-cape-verde","tag-cape-verde"],"yoast_head":"<!-- This site is optimized with the Yoast SEO Premium plugin v26.1 (Yoast SEO v27.0) - https:\/\/yoast.com\/product\/yoast-seo-premium-wordpress\/ -->\n<title>Santiago Norte: Secondary schools in Santa Catarina and S\u00e3o Salvador do Mundo organize joint careers fair - Cape Verde<\/title>\n<meta name=\"description\" content=\"Three secondary schools in Santa Catarina and one in Picos organized a joint careers fair today to inform their students ...\" \/>\n<meta name=\"robots\" content=\"index, follow, max-snippet:-1, max-image-preview:large, max-video-preview:-1\" \/>\n<link rel=\"canonical\" href=\"https:\/\/www.africa-press.net\/cape-verde\/all-news\/santiago-norte-secondary-schools-in-santa-catarina-and-sao-salvador-do-mundo-organize-joint-careers-fair\" \/>\n<meta property=\"og:locale\" content=\"en_US\" \/>\n<meta property=\"og:type\" content=\"article\" \/>\n<meta property=\"og:title\" content=\"Santiago Norte: Secondary schools in Santa Catarina and S\u00e3o Salvador do Mundo organize joint careers fair - Cape Verde\" \/>\n<meta property=\"og:description\" content=\"Three secondary schools in Santa Catarina and one in Picos organized a joint careers fair today to inform their students ...\" \/>\n<meta property=\"og:url\" content=\"https:\/\/www.africa-press.net\/cape-verde\/all-news\/santiago-norte-secondary-schools-in-santa-catarina-and-sao-salvador-do-mundo-organize-joint-careers-fair\" \/>\n<meta property=\"og:site_name\" content=\"Cape Verde\" \/>\n<meta property=\"article:publisher\" content=\"https:\/\/www.facebook.com\/AfricaPressTunisiaa\" \/>\n<meta property=\"article:published_time\" content=\"2023-04-14T17:31:07+00:00\" \/>\n<meta property=\"article:modified_time\" content=\"2023-04-14T18:13:22+00:00\" \/>\n<meta property=\"og:image\" content=\"https:\/\/static.africa-press.net\/cape-verde\/sites\/66\/2023\/04\/postQueueImg_1681477292.87.jpg\" \/>\n\t<meta property=\"og:image:width\" content=\"800\" \/>\n\t<meta property=\"og:image:height\" content=\"444\" \/>\n\t<meta property=\"og:image:type\" content=\"image\/jpeg\" \/>\n<meta name=\"author\" content=\"cfeditoren\" \/>\n<meta name=\"twitter:card\" content=\"summary_large_image\" \/>\n<meta name=\"twitter:label1\" content=\"Written by\" \/>\n\t<meta name=\"twitter:data1\" content=\"cfeditoren\" \/>\n\t<meta name=\"twitter:label2\" content=\"Est. reading time\" \/>\n\t<meta name=\"twitter:data2\" content=\"1 minute\" \/>\n<script type=\"application\/ld+json\" class=\"yoast-schema-graph\">{\"@context\":\"https:\/\/schema.org\",\"@graph\":[{\"@type\":\"Article\",\"@id\":\"https:\/\/www.africa-press.net\/cape-verde\/all-news\/santiago-norte-secondary-schools-in-santa-catarina-and-sao-salvador-do-mundo-organize-joint-careers-fair#article\",\"isPartOf\":{\"@id\":\"https:\/\/www.africa-press.net\/cape-verde\/all-news\/santiago-norte-secondary-schools-in-santa-catarina-and-sao-salvador-do-mundo-organize-joint-careers-fair\"},\"author\":{\"name\":\"cfeditoren\",\"@id\":\"https:\/\/www.africa-press.net\/cape-verde\/#\/schema\/person\/068c7ab4e9634ae78ec5d54ec46598bb\"},\"headline\":\"Santiago Norte: Secondary schools in Santa Catarina and S\u00e3o Salvador do Mundo organize joint careers fair\",\"datePublished\":\"2023-04-14T17:31:07+00:00\",\"dateModified\":\"2023-04-14T18:13:22+00:00\",\"mainEntityOfPage\":{\"@id\":\"https:\/\/www.africa-press.net\/cape-verde\/all-news\/santiago-norte-secondary-schools-in-santa-catarina-and-sao-salvador-do-mundo-organize-joint-careers-fair\"},\"wordCount\":198,\"commentCount\":0,\"image\":{\"@id\":\"https:\/\/www.africa-press.net\/cape-verde\/all-news\/santiago-norte-secondary-schools-in-santa-catarina-and-sao-salvador-do-mundo-organize-joint-careers-fair#primaryimage\"},\"thumbnailUrl\":\"https:\/\/static.africa-press.net\/cape-verde\/sites\/66\/2023\/04\/postQueueImg_1681477292.87.jpg\",\"keywords\":[\"Africa Press\",\"Africa Press-Cape verde\",\"Cape verde\"],\"articleSection\":[\"all news\",\"community\"],\"inLanguage\":\"en-US\",\"potentialAction\":[{\"@type\":\"CommentAction\",\"name\":\"Comment\",\"target\":[\"https:\/\/www.africa-press.net\/cape-verde\/all-news\/santiago-norte-secondary-schools-in-santa-catarina-and-sao-salvador-do-mundo-organize-joint-careers-fair#respond\"]}]},{\"@type\":\"WebPage\",\"@id\":\"https:\/\/www.africa-press.net\/cape-verde\/all-news\/santiago-norte-secondary-schools-in-santa-catarina-and-sao-salvador-do-mundo-organize-joint-careers-fair\",\"url\":\"https:\/\/www.africa-press.net\/cape-verde\/all-news\/santiago-norte-secondary-schools-in-santa-catarina-and-sao-salvador-do-mundo-organize-joint-careers-fair\",\"name\":\"Santiago Norte: Secondary schools in Santa Catarina and S\u00e3o Salvador do Mundo organize joint careers fair - Cape Verde\",\"isPartOf\":{\"@id\":\"https:\/\/www.africa-press.net\/cape-verde\/#website\"},\"primaryImageOfPage\":{\"@id\":\"https:\/\/www.africa-press.net\/cape-verde\/all-news\/santiago-norte-secondary-schools-in-santa-catarina-and-sao-salvador-do-mundo-organize-joint-careers-fair#primaryimage\"},\"image\":{\"@id\":\"https:\/\/www.africa-press.net\/cape-verde\/all-news\/santiago-norte-secondary-schools-in-santa-catarina-and-sao-salvador-do-mundo-organize-joint-careers-fair#primaryimage\"},\"thumbnailUrl\":\"https:\/\/static.africa-press.net\/cape-verde\/sites\/66\/2023\/04\/postQueueImg_1681477292.87.jpg\",\"datePublished\":\"2023-04-14T17:31:07+00:00\",\"dateModified\":\"2023-04-14T18:13:22+00:00\",\"author\":{\"@id\":\"https:\/\/www.africa-press.net\/cape-verde\/#\/schema\/person\/068c7ab4e9634ae78ec5d54ec46598bb\"},\"description\":\"Three secondary schools in Santa Catarina and one in Picos organized a joint careers fair today to inform their students ...\",\"breadcrumb\":{\"@id\":\"https:\/\/www.africa-press.net\/cape-verde\/all-news\/santiago-norte-secondary-schools-in-santa-catarina-and-sao-salvador-do-mundo-organize-joint-careers-fair#breadcrumb\"},\"inLanguage\":\"en-US\",\"potentialAction\":[{\"@type\":\"ReadAction\",\"target\":[\"https:\/\/www.africa-press.net\/cape-verde\/all-news\/santiago-norte-secondary-schools-in-santa-catarina-and-sao-salvador-do-mundo-organize-joint-careers-fair\"]}]},{\"@type\":\"ImageObject\",\"inLanguage\":\"en-US\",\"@id\":\"https:\/\/www.africa-press.net\/cape-verde\/all-news\/santiago-norte-secondary-schools-in-santa-catarina-and-sao-salvador-do-mundo-organize-joint-careers-fair#primaryimage\",\"url\":\"https:\/\/static.africa-press.net\/cape-verde\/sites\/66\/2023\/04\/postQueueImg_1681477292.87.jpg\",\"contentUrl\":\"https:\/\/static.africa-press.net\/cape-verde\/sites\/66\/2023\/04\/postQueueImg_1681477292.87.jpg\",\"width\":800,\"height\":444,\"caption\":\"Santiago Norte: Secondary schools in Santa Catarina and S\u00e3o Salvador do Mundo organize joint careers fair\"},{\"@type\":\"BreadcrumbList\",\"@id\":\"https:\/\/www.africa-press.net\/cape-verde\/all-news\/santiago-norte-secondary-schools-in-santa-catarina-and-sao-salvador-do-mundo-organize-joint-careers-fair#breadcrumb\",\"itemListElement\":[{\"@type\":\"ListItem\",\"position\":1,\"name\":\"Home\",\"item\":\"https:\/\/www.africa-press.net\/cape-verde\/\"},{\"@type\":\"ListItem\",\"position\":2,\"name\":\"Santiago Norte: Secondary schools in Santa Catarina and S\u00e3o Salvador do Mundo organize joint careers fair\"}]},{\"@type\":\"WebSite\",\"@id\":\"https:\/\/www.africa-press.net\/cape-verde\/#website\",\"url\":\"https:\/\/www.africa-press.net\/cape-verde\/\",\"name\":\"Cape Verde\",\"description\":\"Just another Africa News Agency Sites site\",\"potentialAction\":[{\"@type\":\"SearchAction\",\"target\":{\"@type\":\"EntryPoint\",\"urlTemplate\":\"https:\/\/www.africa-press.net\/cape-verde\/?s={search_term_string}\"},\"query-input\":{\"@type\":\"PropertyValueSpecification\",\"valueRequired\":true,\"valueName\":\"search_term_string\"}}],\"inLanguage\":\"en-US\"},{\"@type\":\"Person\",\"@id\":\"https:\/\/www.africa-press.net\/cape-verde\/#\/schema\/person\/068c7ab4e9634ae78ec5d54ec46598bb\",\"name\":\"cfeditoren\",\"image\":{\"@type\":\"ImageObject\",\"inLanguage\":\"en-US\",\"@id\":\"https:\/\/www.africa-press.net\/cape-verde\/#\/schema\/person\/image\/\",\"url\":\"https:\/\/secure.gravatar.com\/avatar\/7417380fa9e23b5c57fdbfdaf3fdf92ee478f759a084addda5faa3732853e74a?s=96&d=mm&r=g\",\"contentUrl\":\"https:\/\/secure.gravatar.com\/avatar\/7417380fa9e23b5c57fdbfdaf3fdf92ee478f759a084addda5faa3732853e74a?s=96&d=mm&r=g\",\"caption\":\"cfeditoren\"}}]}<\/script>\n<!-- \/ Yoast SEO Premium plugin. -->","yoast_head_json":{"title":"Santiago Norte: Secondary schools in Santa Catarina and S\u00e3o Salvador do Mundo organize joint careers fair - Cape Verde","description":"Three secondary schools in Santa Catarina and one in Picos organized a joint careers fair today to inform their students ...","robots":{"index":"index","follow":"follow","max-snippet":"max-snippet:-1","max-image-preview":"max-image-preview:large","max-video-preview":"max-video-preview:-1"},"canonical":"https:\/\/www.africa-press.net\/cape-verde\/all-news\/santiago-norte-secondary-schools-in-santa-catarina-and-sao-salvador-do-mundo-organize-joint-careers-fair","og_locale":"en_US","og_type":"article","og_title":"Santiago Norte: Secondary schools in Santa Catarina and S\u00e3o Salvador do Mundo organize joint careers fair - Cape Verde","og_description":"Three secondary schools in Santa Catarina and one in Picos organized a joint careers fair today to inform their students ...","og_url":"https:\/\/www.africa-press.net\/cape-verde\/all-news\/santiago-norte-secondary-schools-in-santa-catarina-and-sao-salvador-do-mundo-organize-joint-careers-fair","og_site_name":"Cape Verde","article_publisher":"https:\/\/www.facebook.com\/AfricaPressTunisiaa","article_published_time":"2023-04-14T17:31:07+00:00","article_modified_time":"2023-04-14T18:13:22+00:00","og_image":[{"width":800,"height":444,"url":"https:\/\/static.africa-press.net\/cape-verde\/sites\/66\/2023\/04\/postQueueImg_1681477292.87.jpg","type":"image\/jpeg"}],"author":"cfeditoren","twitter_card":"summary_large_image","twitter_misc":{"Written by":"cfeditoren","Est. reading time":"1 minute"},"schema":{"@context":"https:\/\/schema.org","@graph":[{"@type":"Article","@id":"https:\/\/www.africa-press.net\/cape-verde\/all-news\/santiago-norte-secondary-schools-in-santa-catarina-and-sao-salvador-do-mundo-organize-joint-careers-fair#article","isPartOf":{"@id":"https:\/\/www.africa-press.net\/cape-verde\/all-news\/santiago-norte-secondary-schools-in-santa-catarina-and-sao-salvador-do-mundo-organize-joint-careers-fair"},"author":{"name":"cfeditoren","@id":"https:\/\/www.africa-press.net\/cape-verde\/#\/schema\/person\/068c7ab4e9634ae78ec5d54ec46598bb"},"headline":"Santiago Norte: Secondary schools in Santa Catarina and S\u00e3o Salvador do Mundo organize joint careers fair","datePublished":"2023-04-14T17:31:07+00:00","dateModified":"2023-04-14T18:13:22+00:00","mainEntityOfPage":{"@id":"https:\/\/www.africa-press.net\/cape-verde\/all-news\/santiago-norte-secondary-schools-in-santa-catarina-and-sao-salvador-do-mundo-organize-joint-careers-fair"},"wordCount":198,"commentCount":0,"image":{"@id":"https:\/\/www.africa-press.net\/cape-verde\/all-news\/santiago-norte-secondary-schools-in-santa-catarina-and-sao-salvador-do-mundo-organize-joint-careers-fair#primaryimage"},"thumbnailUrl":"https:\/\/static.africa-press.net\/cape-verde\/sites\/66\/2023\/04\/postQueueImg_1681477292.87.jpg","keywords":["Africa Press","Africa Press-Cape verde","Cape verde"],"articleSection":["all news","community"],"inLanguage":"en-US","potentialAction":[{"@type":"CommentAction","name":"Comment","target":["https:\/\/www.africa-press.net\/cape-verde\/all-news\/santiago-norte-secondary-schools-in-santa-catarina-and-sao-salvador-do-mundo-organize-joint-careers-fair#respond"]}]},{"@type":"WebPage","@id":"https:\/\/www.africa-press.net\/cape-verde\/all-news\/santiago-norte-secondary-schools-in-santa-catarina-and-sao-salvador-do-mundo-organize-joint-careers-fair","url":"https:\/\/www.africa-press.net\/cape-verde\/all-news\/santiago-norte-secondary-schools-in-santa-catarina-and-sao-salvador-do-mundo-organize-joint-careers-fair","name":"Santiago Norte: Secondary schools in Santa Catarina and S\u00e3o Salvador do Mundo organize joint careers fair - Cape Verde","isPartOf":{"@id":"https:\/\/www.africa-press.net\/cape-verde\/#website"},"primaryImageOfPage":{"@id":"https:\/\/www.africa-press.net\/cape-verde\/all-news\/santiago-norte-secondary-schools-in-santa-catarina-and-sao-salvador-do-mundo-organize-joint-careers-fair#primaryimage"},"image":{"@id":"https:\/\/www.africa-press.net\/cape-verde\/all-news\/santiago-norte-secondary-schools-in-santa-catarina-and-sao-salvador-do-mundo-organize-joint-careers-fair#primaryimage"},"thumbnailUrl":"https:\/\/static.africa-press.net\/cape-verde\/sites\/66\/2023\/04\/postQueueImg_1681477292.87.jpg","datePublished":"2023-04-14T17:31:07+00:00","dateModified":"2023-04-14T18:13:22+00:00","author":{"@id":"https:\/\/www.africa-press.net\/cape-verde\/#\/schema\/person\/068c7ab4e9634ae78ec5d54ec46598bb"},"description":"Three secondary schools in Santa Catarina and one in Picos organized a joint careers fair today to inform their students ...","breadcrumb":{"@id":"https:\/\/www.africa-press.net\/cape-verde\/all-news\/santiago-norte-secondary-schools-in-santa-catarina-and-sao-salvador-do-mundo-organize-joint-careers-fair#breadcrumb"},"inLanguage":"en-US","potentialAction":[{"@type":"ReadAction","target":["https:\/\/www.africa-press.net\/cape-verde\/all-news\/santiago-norte-secondary-schools-in-santa-catarina-and-sao-salvador-do-mundo-organize-joint-careers-fair"]}]},{"@type":"ImageObject","inLanguage":"en-US","@id":"https:\/\/www.africa-press.net\/cape-verde\/all-news\/santiago-norte-secondary-schools-in-santa-catarina-and-sao-salvador-do-mundo-organize-joint-careers-fair#primaryimage","url":"https:\/\/static.africa-press.net\/cape-verde\/sites\/66\/2023\/04\/postQueueImg_1681477292.87.jpg","contentUrl":"https:\/\/static.africa-press.net\/cape-verde\/sites\/66\/2023\/04\/postQueueImg_1681477292.87.jpg","width":800,"height":444,"caption":"Santiago Norte: Secondary schools in Santa Catarina and S\u00e3o Salvador do Mundo organize joint careers fair"},{"@type":"BreadcrumbList","@id":"https:\/\/www.africa-press.net\/cape-verde\/all-news\/santiago-norte-secondary-schools-in-santa-catarina-and-sao-salvador-do-mundo-organize-joint-careers-fair#breadcrumb","itemListElement":[{"@type":"ListItem","position":1,"name":"Home","item":"https:\/\/www.africa-press.net\/cape-verde\/"},{"@type":"ListItem","position":2,"name":"Santiago Norte: Secondary schools in Santa Catarina and S\u00e3o Salvador do Mundo organize joint careers fair"}]},{"@type":"WebSite","@id":"https:\/\/www.africa-press.net\/cape-verde\/#website","url":"https:\/\/www.africa-press.net\/cape-verde\/","name":"Cape Verde","description":"Just another Africa News Agency Sites site","potentialAction":[{"@type":"SearchAction","target":{"@type":"EntryPoint","urlTemplate":"https:\/\/www.africa-press.net\/cape-verde\/?s={search_term_string}"},"query-input":{"@type":"PropertyValueSpecification","valueRequired":true,"valueName":"search_term_string"}}],"inLanguage":"en-US"},{"@type":"Person","@id":"https:\/\/www.africa-press.net\/cape-verde\/#\/schema\/person\/068c7ab4e9634ae78ec5d54ec46598bb","name":"cfeditoren","image":{"@type":"ImageObject","inLanguage":"en-US","@id":"https:\/\/www.africa-press.net\/cape-verde\/#\/schema\/person\/image\/","url":"https:\/\/secure.gravatar.com\/avatar\/7417380fa9e23b5c57fdbfdaf3fdf92ee478f759a084addda5faa3732853e74a?s=96&d=mm&r=g","contentUrl":"https:\/\/secure.gravatar.com\/avatar\/7417380fa9e23b5c57fdbfdaf3fdf92ee478f759a084addda5faa3732853e74a?s=96&d=mm&r=g","caption":"cfeditoren"}}]}},"_links":{"self":[{"href":"https:\/\/www.africa-press.net\/cape-verde\/wp-json\/wp\/v2\/posts\/14489","targetHints":{"allow":["GET"]}}],"collection":[{"href":"https:\/\/www.africa-press.net\/cape-verde\/wp-json\/wp\/v2\/posts"}],"about":[{"href":"https:\/\/www.africa-press.net\/cape-verde\/wp-json\/wp\/v2\/types\/post"}],"author":[{"embeddable":true,"href":"https:\/\/www.africa-press.net\/cape-verde\/wp-json\/wp\/v2\/users\/84"}],"replies":[{"embeddable":true,"href":"https:\/\/www.africa-press.net\/cape-verde\/wp-json\/wp\/v2\/comments?post=14489"}],"version-history":[{"count":0,"href":"https:\/\/www.africa-press.net\/cape-verde\/wp-json\/wp\/v2\/posts\/14489\/revisions"}],"wp:featuredmedia":[{"embeddable":true,"href":"https:\/\/www.africa-press.net\/cape-verde\/wp-json\/wp\/v2\/media\/14487"}],"wp:attachment":[{"href":"https:\/\/www.africa-press.net\/cape-verde\/wp-json\/wp\/v2\/media?parent=14489"}],"wp:term":[{"taxonomy":"category","embeddable":true,"href":"https:\/\/www.africa-press.net\/cape-verde\/wp-json\/wp\/v2\/categories?post=14489"},{"taxonomy":"post_tag","embeddable":true,"href":"https:\/\/www.africa-press.net\/cape-verde\/wp-json\/wp\/v2\/tags?post=14489"}],"curies":[{"name":"wp","href":"https:\/\/api.w.org\/{rel}","templated":true}]}}