{"id":15039,"date":"2023-05-03T19:03:20","date_gmt":"2023-05-03T19:03:20","guid":{"rendered":"https:\/\/www.africa-press.net\/cape-verde\/all-news\/jose-maria-neves-travels-to-the-island-of-sao-vicente-for-another-work-schedule"},"modified":"2023-05-03T20:14:23","modified_gmt":"2023-05-03T20:14:23","slug":"jose-maria-neves-travels-to-the-island-of-sao-vicente-for-another-work-schedule","status":"publish","type":"post","link":"https:\/\/www.africa-press.net\/cape-verde\/all-news\/jose-maria-neves-travels-to-the-island-of-sao-vicente-for-another-work-schedule","title":{"rendered":"Jos\u00e9 Maria Neves travels to the island of S\u00e3o Vicente for another work schedule"},"content":{"rendered":"<p><span style=\"color: #ff6600\"><strong>Africa-Press &#8211; Cape verde. <\/strong><\/span>The President of the Republic travels to S\u00e3o Vicente today, Wednesday, the 3rd, and should stay there until Saturday, the 6th. Jos\u00e9 Maria Neves makes several visits to institutions, dialogue with the population and decorations. This visit falls within the scope of the decentralization of the acts of the Head of State and the exercise of the Judiciary of Influence and proximity with sectoral institutions and organized civil society.<\/p>\n<p>According to a press release, on the first day of work, the President of the Republic will travel to UniMindelo, at 4 pm, for the solemn opening of the V International Congress of the Academic Network of Health Sciences of the CPLP, to promote exchange and the development of cooperation between Portuguese-speaking countries and communities.<\/p>\n<p>Gr\u00e9mio Sportivo Castilho decorated<\/p>\n<p>On Thursday, the 4th, at 11:00 am, at the People&#8217;s Palace, the Highest Magistrate of the Nation awards, with the Medal of Merit, First Class, the Gr\u00e9mio Sportivo Castilho, an &#8220;inescapable association&#8221; in the history of the promotion of sport and culture, particularly music and theatre, in Cape Verde \u201cdue to its pioneering spirit and the quality and constancy of its contribution\u201d, with an impact on the day-to-day life of San Vicente and on the quality of life of its people.<\/p>\n<p>President of the Republic in dialogue with the people<\/p>\n<p>During the morning of Friday, May 5, the President of the Republic grants audiences at the People&#8217;s Palace, in Mindelo.<\/p>\n<p>At 10:00 am, the Governor of District 9101 of Rotary International, Eng. Sunny Akuopha, who will be in the country to visit the three Rotary clubs and make contact with their members, to find out about their activities and provide guidance for the future.<\/p>\n<p>At 10.30 am, the Regional Association of Adapted Sports welcomes you.<\/p>\n<p>Also on Friday, at 5:00 pm, at the People&#8217;s Palace, the Head of State will be in dialogue with Sanvicentinos in a decentralized edition of the Cycle of Tert\u00falia which, in this third edition, has as its theme \u201cWhat do we talk about when we talk about Heritage Preservation cultural and natural\u201d.<\/p>\n<p>Jos\u00e9 Maria Neves closes the agenda in S\u00e3o Vicente at the Pal\u00e1cio do Povo, Saturday, 6th, at 5 pm, with the presentation of his book \u201cNo Of\u00edcio do Bem Comum\u201d, a work that compiles the main communications of the Head of State throughout the first year of mandate.<\/p>\n<p><strong>For More News And Analysis About <a href=\"https:\/\/www.africa-press.net\/cape-verde\">Cape verde<\/a> Follow <a href=\"https:\/\/www.africa-press.net\/\">Africa-Press<\/a><\/strong><\/p>\n","protected":false},"excerpt":{"rendered":"<p>Africa-Press &#8211; Cape verde. The President of the Republic travels to S\u00e3o Vicente today, Wednesday, the 3rd, and should stay there until Saturday, the 6th. Jos\u00e9 Maria Neves makes several visits to institutions, dialogue with the population and decorations. This visit falls within the scope of the decentralization of the acts of the Head of [&hellip;]<\/p>\n","protected":false},"author":84,"featured_media":15037,"comment_status":"open","ping_status":"open","sticky":false,"template":"","format":"standard","meta":{"footnotes":""},"categories":[2,7,12],"tags":[233,331,328],"class_list":["post-15039","post","type-post","status-publish","format-standard","has-post-thumbnail","hentry","category-all-news","category-head-lines","category-policy","tag-africa-press","tag-africa-press-cape-verde","tag-cape-verde"],"yoast_head":"<!-- This site is optimized with the Yoast SEO Premium plugin v26.1 (Yoast SEO v27.0) - https:\/\/yoast.com\/product\/yoast-seo-premium-wordpress\/ -->\n<title>Jos\u00e9 Maria Neves travels to the island of S\u00e3o Vicente for another work schedule - Cape Verde<\/title>\n<meta name=\"description\" content=\"The President of the Republic travels to Sa\u0303o Vicente today, Wednesday, the 3rd, and should stay there until Saturday, th ...\" \/>\n<meta name=\"robots\" content=\"index, follow, max-snippet:-1, max-image-preview:large, max-video-preview:-1\" \/>\n<link rel=\"canonical\" href=\"https:\/\/www.africa-press.net\/cape-verde\/all-news\/jose-maria-neves-travels-to-the-island-of-sao-vicente-for-another-work-schedule\" \/>\n<meta property=\"og:locale\" content=\"en_US\" \/>\n<meta property=\"og:type\" content=\"article\" \/>\n<meta property=\"og:title\" content=\"Jos\u00e9 Maria Neves travels to the island of S\u00e3o Vicente for another work schedule - Cape Verde\" \/>\n<meta property=\"og:description\" content=\"The President of the Republic travels to Sa\u0303o Vicente today, Wednesday, the 3rd, and should stay there until Saturday, th ...\" \/>\n<meta property=\"og:url\" content=\"https:\/\/www.africa-press.net\/cape-verde\/all-news\/jose-maria-neves-travels-to-the-island-of-sao-vicente-for-another-work-schedule\" \/>\n<meta property=\"og:site_name\" content=\"Cape Verde\" \/>\n<meta property=\"article:publisher\" content=\"https:\/\/www.facebook.com\/AfricaPressTunisiaa\" \/>\n<meta property=\"article:published_time\" content=\"2023-05-03T19:03:20+00:00\" \/>\n<meta property=\"article:modified_time\" content=\"2023-05-03T20:14:23+00:00\" \/>\n<meta property=\"og:image\" content=\"https:\/\/static.africa-press.net\/cape-verde\/sites\/66\/2023\/05\/postQueueImg_1683124497.92.jpg\" \/>\n\t<meta property=\"og:image:width\" content=\"792\" \/>\n\t<meta property=\"og:image:height\" content=\"452\" \/>\n\t<meta property=\"og:image:type\" content=\"image\/jpeg\" \/>\n<meta name=\"author\" content=\"cfeditoren\" \/>\n<meta name=\"twitter:card\" content=\"summary_large_image\" \/>\n<meta name=\"twitter:label1\" content=\"Written by\" \/>\n\t<meta name=\"twitter:data1\" content=\"cfeditoren\" \/>\n\t<meta name=\"twitter:label2\" content=\"Est. reading time\" \/>\n\t<meta name=\"twitter:data2\" content=\"2 minutes\" \/>\n<script type=\"application\/ld+json\" class=\"yoast-schema-graph\">{\"@context\":\"https:\/\/schema.org\",\"@graph\":[{\"@type\":\"Article\",\"@id\":\"https:\/\/www.africa-press.net\/cape-verde\/all-news\/jose-maria-neves-travels-to-the-island-of-sao-vicente-for-another-work-schedule#article\",\"isPartOf\":{\"@id\":\"https:\/\/www.africa-press.net\/cape-verde\/all-news\/jose-maria-neves-travels-to-the-island-of-sao-vicente-for-another-work-schedule\"},\"author\":{\"name\":\"cfeditoren\",\"@id\":\"https:\/\/www.africa-press.net\/cape-verde\/#\/schema\/person\/068c7ab4e9634ae78ec5d54ec46598bb\"},\"headline\":\"Jos\u00e9 Maria Neves travels to the island of S\u00e3o Vicente for another work schedule\",\"datePublished\":\"2023-05-03T19:03:20+00:00\",\"dateModified\":\"2023-05-03T20:14:23+00:00\",\"mainEntityOfPage\":{\"@id\":\"https:\/\/www.africa-press.net\/cape-verde\/all-news\/jose-maria-neves-travels-to-the-island-of-sao-vicente-for-another-work-schedule\"},\"wordCount\":424,\"commentCount\":0,\"image\":{\"@id\":\"https:\/\/www.africa-press.net\/cape-verde\/all-news\/jose-maria-neves-travels-to-the-island-of-sao-vicente-for-another-work-schedule#primaryimage\"},\"thumbnailUrl\":\"https:\/\/static.africa-press.net\/cape-verde\/sites\/66\/2023\/05\/postQueueImg_1683124497.92.jpg\",\"keywords\":[\"Africa Press\",\"Africa Press-Cape verde\",\"Cape verde\"],\"articleSection\":[\"all news\",\"head lines\",\"policy\"],\"inLanguage\":\"en-US\",\"potentialAction\":[{\"@type\":\"CommentAction\",\"name\":\"Comment\",\"target\":[\"https:\/\/www.africa-press.net\/cape-verde\/all-news\/jose-maria-neves-travels-to-the-island-of-sao-vicente-for-another-work-schedule#respond\"]}]},{\"@type\":\"WebPage\",\"@id\":\"https:\/\/www.africa-press.net\/cape-verde\/all-news\/jose-maria-neves-travels-to-the-island-of-sao-vicente-for-another-work-schedule\",\"url\":\"https:\/\/www.africa-press.net\/cape-verde\/all-news\/jose-maria-neves-travels-to-the-island-of-sao-vicente-for-another-work-schedule\",\"name\":\"Jos\u00e9 Maria Neves travels to the island of S\u00e3o Vicente for another work schedule - Cape Verde\",\"isPartOf\":{\"@id\":\"https:\/\/www.africa-press.net\/cape-verde\/#website\"},\"primaryImageOfPage\":{\"@id\":\"https:\/\/www.africa-press.net\/cape-verde\/all-news\/jose-maria-neves-travels-to-the-island-of-sao-vicente-for-another-work-schedule#primaryimage\"},\"image\":{\"@id\":\"https:\/\/www.africa-press.net\/cape-verde\/all-news\/jose-maria-neves-travels-to-the-island-of-sao-vicente-for-another-work-schedule#primaryimage\"},\"thumbnailUrl\":\"https:\/\/static.africa-press.net\/cape-verde\/sites\/66\/2023\/05\/postQueueImg_1683124497.92.jpg\",\"datePublished\":\"2023-05-03T19:03:20+00:00\",\"dateModified\":\"2023-05-03T20:14:23+00:00\",\"author\":{\"@id\":\"https:\/\/www.africa-press.net\/cape-verde\/#\/schema\/person\/068c7ab4e9634ae78ec5d54ec46598bb\"},\"description\":\"The President of the Republic travels to Sa\u0303o Vicente today, Wednesday, the 3rd, and should stay there until Saturday, th ...\",\"breadcrumb\":{\"@id\":\"https:\/\/www.africa-press.net\/cape-verde\/all-news\/jose-maria-neves-travels-to-the-island-of-sao-vicente-for-another-work-schedule#breadcrumb\"},\"inLanguage\":\"en-US\",\"potentialAction\":[{\"@type\":\"ReadAction\",\"target\":[\"https:\/\/www.africa-press.net\/cape-verde\/all-news\/jose-maria-neves-travels-to-the-island-of-sao-vicente-for-another-work-schedule\"]}]},{\"@type\":\"ImageObject\",\"inLanguage\":\"en-US\",\"@id\":\"https:\/\/www.africa-press.net\/cape-verde\/all-news\/jose-maria-neves-travels-to-the-island-of-sao-vicente-for-another-work-schedule#primaryimage\",\"url\":\"https:\/\/static.africa-press.net\/cape-verde\/sites\/66\/2023\/05\/postQueueImg_1683124497.92.jpg\",\"contentUrl\":\"https:\/\/static.africa-press.net\/cape-verde\/sites\/66\/2023\/05\/postQueueImg_1683124497.92.jpg\",\"width\":792,\"height\":452,\"caption\":\"Jos\u00e9 Maria Neves travels to the island of S\u00e3o Vicente for another work schedule\"},{\"@type\":\"BreadcrumbList\",\"@id\":\"https:\/\/www.africa-press.net\/cape-verde\/all-news\/jose-maria-neves-travels-to-the-island-of-sao-vicente-for-another-work-schedule#breadcrumb\",\"itemListElement\":[{\"@type\":\"ListItem\",\"position\":1,\"name\":\"Home\",\"item\":\"https:\/\/www.africa-press.net\/cape-verde\/\"},{\"@type\":\"ListItem\",\"position\":2,\"name\":\"Jos\u00e9 Maria Neves travels to the island of S\u00e3o Vicente for another work schedule\"}]},{\"@type\":\"WebSite\",\"@id\":\"https:\/\/www.africa-press.net\/cape-verde\/#website\",\"url\":\"https:\/\/www.africa-press.net\/cape-verde\/\",\"name\":\"Cape Verde\",\"description\":\"Just another Africa News Agency Sites site\",\"potentialAction\":[{\"@type\":\"SearchAction\",\"target\":{\"@type\":\"EntryPoint\",\"urlTemplate\":\"https:\/\/www.africa-press.net\/cape-verde\/?s={search_term_string}\"},\"query-input\":{\"@type\":\"PropertyValueSpecification\",\"valueRequired\":true,\"valueName\":\"search_term_string\"}}],\"inLanguage\":\"en-US\"},{\"@type\":\"Person\",\"@id\":\"https:\/\/www.africa-press.net\/cape-verde\/#\/schema\/person\/068c7ab4e9634ae78ec5d54ec46598bb\",\"name\":\"cfeditoren\",\"image\":{\"@type\":\"ImageObject\",\"inLanguage\":\"en-US\",\"@id\":\"https:\/\/www.africa-press.net\/cape-verde\/#\/schema\/person\/image\/\",\"url\":\"https:\/\/secure.gravatar.com\/avatar\/7417380fa9e23b5c57fdbfdaf3fdf92ee478f759a084addda5faa3732853e74a?s=96&d=mm&r=g\",\"contentUrl\":\"https:\/\/secure.gravatar.com\/avatar\/7417380fa9e23b5c57fdbfdaf3fdf92ee478f759a084addda5faa3732853e74a?s=96&d=mm&r=g\",\"caption\":\"cfeditoren\"}}]}<\/script>\n<!-- \/ Yoast SEO Premium plugin. -->","yoast_head_json":{"title":"Jos\u00e9 Maria Neves travels to the island of S\u00e3o Vicente for another work schedule - Cape Verde","description":"The President of the Republic travels to Sa\u0303o Vicente today, Wednesday, the 3rd, and should stay there until Saturday, th ...","robots":{"index":"index","follow":"follow","max-snippet":"max-snippet:-1","max-image-preview":"max-image-preview:large","max-video-preview":"max-video-preview:-1"},"canonical":"https:\/\/www.africa-press.net\/cape-verde\/all-news\/jose-maria-neves-travels-to-the-island-of-sao-vicente-for-another-work-schedule","og_locale":"en_US","og_type":"article","og_title":"Jos\u00e9 Maria Neves travels to the island of S\u00e3o Vicente for another work schedule - Cape Verde","og_description":"The President of the Republic travels to Sa\u0303o Vicente today, Wednesday, the 3rd, and should stay there until Saturday, th ...","og_url":"https:\/\/www.africa-press.net\/cape-verde\/all-news\/jose-maria-neves-travels-to-the-island-of-sao-vicente-for-another-work-schedule","og_site_name":"Cape Verde","article_publisher":"https:\/\/www.facebook.com\/AfricaPressTunisiaa","article_published_time":"2023-05-03T19:03:20+00:00","article_modified_time":"2023-05-03T20:14:23+00:00","og_image":[{"width":792,"height":452,"url":"https:\/\/static.africa-press.net\/cape-verde\/sites\/66\/2023\/05\/postQueueImg_1683124497.92.jpg","type":"image\/jpeg"}],"author":"cfeditoren","twitter_card":"summary_large_image","twitter_misc":{"Written by":"cfeditoren","Est. reading time":"2 minutes"},"schema":{"@context":"https:\/\/schema.org","@graph":[{"@type":"Article","@id":"https:\/\/www.africa-press.net\/cape-verde\/all-news\/jose-maria-neves-travels-to-the-island-of-sao-vicente-for-another-work-schedule#article","isPartOf":{"@id":"https:\/\/www.africa-press.net\/cape-verde\/all-news\/jose-maria-neves-travels-to-the-island-of-sao-vicente-for-another-work-schedule"},"author":{"name":"cfeditoren","@id":"https:\/\/www.africa-press.net\/cape-verde\/#\/schema\/person\/068c7ab4e9634ae78ec5d54ec46598bb"},"headline":"Jos\u00e9 Maria Neves travels to the island of S\u00e3o Vicente for another work schedule","datePublished":"2023-05-03T19:03:20+00:00","dateModified":"2023-05-03T20:14:23+00:00","mainEntityOfPage":{"@id":"https:\/\/www.africa-press.net\/cape-verde\/all-news\/jose-maria-neves-travels-to-the-island-of-sao-vicente-for-another-work-schedule"},"wordCount":424,"commentCount":0,"image":{"@id":"https:\/\/www.africa-press.net\/cape-verde\/all-news\/jose-maria-neves-travels-to-the-island-of-sao-vicente-for-another-work-schedule#primaryimage"},"thumbnailUrl":"https:\/\/static.africa-press.net\/cape-verde\/sites\/66\/2023\/05\/postQueueImg_1683124497.92.jpg","keywords":["Africa Press","Africa Press-Cape verde","Cape verde"],"articleSection":["all news","head lines","policy"],"inLanguage":"en-US","potentialAction":[{"@type":"CommentAction","name":"Comment","target":["https:\/\/www.africa-press.net\/cape-verde\/all-news\/jose-maria-neves-travels-to-the-island-of-sao-vicente-for-another-work-schedule#respond"]}]},{"@type":"WebPage","@id":"https:\/\/www.africa-press.net\/cape-verde\/all-news\/jose-maria-neves-travels-to-the-island-of-sao-vicente-for-another-work-schedule","url":"https:\/\/www.africa-press.net\/cape-verde\/all-news\/jose-maria-neves-travels-to-the-island-of-sao-vicente-for-another-work-schedule","name":"Jos\u00e9 Maria Neves travels to the island of S\u00e3o Vicente for another work schedule - Cape Verde","isPartOf":{"@id":"https:\/\/www.africa-press.net\/cape-verde\/#website"},"primaryImageOfPage":{"@id":"https:\/\/www.africa-press.net\/cape-verde\/all-news\/jose-maria-neves-travels-to-the-island-of-sao-vicente-for-another-work-schedule#primaryimage"},"image":{"@id":"https:\/\/www.africa-press.net\/cape-verde\/all-news\/jose-maria-neves-travels-to-the-island-of-sao-vicente-for-another-work-schedule#primaryimage"},"thumbnailUrl":"https:\/\/static.africa-press.net\/cape-verde\/sites\/66\/2023\/05\/postQueueImg_1683124497.92.jpg","datePublished":"2023-05-03T19:03:20+00:00","dateModified":"2023-05-03T20:14:23+00:00","author":{"@id":"https:\/\/www.africa-press.net\/cape-verde\/#\/schema\/person\/068c7ab4e9634ae78ec5d54ec46598bb"},"description":"The President of the Republic travels to Sa\u0303o Vicente today, Wednesday, the 3rd, and should stay there until Saturday, th ...","breadcrumb":{"@id":"https:\/\/www.africa-press.net\/cape-verde\/all-news\/jose-maria-neves-travels-to-the-island-of-sao-vicente-for-another-work-schedule#breadcrumb"},"inLanguage":"en-US","potentialAction":[{"@type":"ReadAction","target":["https:\/\/www.africa-press.net\/cape-verde\/all-news\/jose-maria-neves-travels-to-the-island-of-sao-vicente-for-another-work-schedule"]}]},{"@type":"ImageObject","inLanguage":"en-US","@id":"https:\/\/www.africa-press.net\/cape-verde\/all-news\/jose-maria-neves-travels-to-the-island-of-sao-vicente-for-another-work-schedule#primaryimage","url":"https:\/\/static.africa-press.net\/cape-verde\/sites\/66\/2023\/05\/postQueueImg_1683124497.92.jpg","contentUrl":"https:\/\/static.africa-press.net\/cape-verde\/sites\/66\/2023\/05\/postQueueImg_1683124497.92.jpg","width":792,"height":452,"caption":"Jos\u00e9 Maria Neves travels to the island of S\u00e3o Vicente for another work schedule"},{"@type":"BreadcrumbList","@id":"https:\/\/www.africa-press.net\/cape-verde\/all-news\/jose-maria-neves-travels-to-the-island-of-sao-vicente-for-another-work-schedule#breadcrumb","itemListElement":[{"@type":"ListItem","position":1,"name":"Home","item":"https:\/\/www.africa-press.net\/cape-verde\/"},{"@type":"ListItem","position":2,"name":"Jos\u00e9 Maria Neves travels to the island of S\u00e3o Vicente for another work schedule"}]},{"@type":"WebSite","@id":"https:\/\/www.africa-press.net\/cape-verde\/#website","url":"https:\/\/www.africa-press.net\/cape-verde\/","name":"Cape Verde","description":"Just another Africa News Agency Sites site","potentialAction":[{"@type":"SearchAction","target":{"@type":"EntryPoint","urlTemplate":"https:\/\/www.africa-press.net\/cape-verde\/?s={search_term_string}"},"query-input":{"@type":"PropertyValueSpecification","valueRequired":true,"valueName":"search_term_string"}}],"inLanguage":"en-US"},{"@type":"Person","@id":"https:\/\/www.africa-press.net\/cape-verde\/#\/schema\/person\/068c7ab4e9634ae78ec5d54ec46598bb","name":"cfeditoren","image":{"@type":"ImageObject","inLanguage":"en-US","@id":"https:\/\/www.africa-press.net\/cape-verde\/#\/schema\/person\/image\/","url":"https:\/\/secure.gravatar.com\/avatar\/7417380fa9e23b5c57fdbfdaf3fdf92ee478f759a084addda5faa3732853e74a?s=96&d=mm&r=g","contentUrl":"https:\/\/secure.gravatar.com\/avatar\/7417380fa9e23b5c57fdbfdaf3fdf92ee478f759a084addda5faa3732853e74a?s=96&d=mm&r=g","caption":"cfeditoren"}}]}},"_links":{"self":[{"href":"https:\/\/www.africa-press.net\/cape-verde\/wp-json\/wp\/v2\/posts\/15039","targetHints":{"allow":["GET"]}}],"collection":[{"href":"https:\/\/www.africa-press.net\/cape-verde\/wp-json\/wp\/v2\/posts"}],"about":[{"href":"https:\/\/www.africa-press.net\/cape-verde\/wp-json\/wp\/v2\/types\/post"}],"author":[{"embeddable":true,"href":"https:\/\/www.africa-press.net\/cape-verde\/wp-json\/wp\/v2\/users\/84"}],"replies":[{"embeddable":true,"href":"https:\/\/www.africa-press.net\/cape-verde\/wp-json\/wp\/v2\/comments?post=15039"}],"version-history":[{"count":0,"href":"https:\/\/www.africa-press.net\/cape-verde\/wp-json\/wp\/v2\/posts\/15039\/revisions"}],"wp:featuredmedia":[{"embeddable":true,"href":"https:\/\/www.africa-press.net\/cape-verde\/wp-json\/wp\/v2\/media\/15037"}],"wp:attachment":[{"href":"https:\/\/www.africa-press.net\/cape-verde\/wp-json\/wp\/v2\/media?parent=15039"}],"wp:term":[{"taxonomy":"category","embeddable":true,"href":"https:\/\/www.africa-press.net\/cape-verde\/wp-json\/wp\/v2\/categories?post=15039"},{"taxonomy":"post_tag","embeddable":true,"href":"https:\/\/www.africa-press.net\/cape-verde\/wp-json\/wp\/v2\/tags?post=15039"}],"curies":[{"name":"wp","href":"https:\/\/api.w.org\/{rel}","templated":true}]}}