{"id":15207,"date":"2023-05-10T19:08:15","date_gmt":"2023-05-10T19:08:15","guid":{"rendered":"https:\/\/www.africa-press.net\/cape-verde\/all-news\/north-santiago-sao-lourenco-dos-orgaos-celebrates-adulthood-today-in-fast-growth"},"modified":"2023-05-10T19:41:50","modified_gmt":"2023-05-10T19:41:50","slug":"north-santiago-sao-lourenco-dos-orgaos-celebrates-adulthood-today-in-fast-growth","status":"publish","type":"post","link":"https:\/\/www.africa-press.net\/cape-verde\/all-news\/north-santiago-sao-lourenco-dos-orgaos-celebrates-adulthood-today-in-fast-growth","title":{"rendered":"North Santiago: S\u00e3o Louren\u00e7o dos \u00d3rg\u00e3os celebrates \u201cadulthood\u201d today in \u201cfast growth\u201d"},"content":{"rendered":"<p><span style=\"color: #ff6600\"><strong>Africa-Press &#8211; Cape verde. <\/strong><\/span>The municipality of Sa\u0303o Lourenc\u0327o dos O\u0301rga\u0303os, in the interior of the island of Santiago, separated in 2005 as a parish from the municipality of Santa Cruz, celebrates today the 18th anniversary of its creation in \u201cfast growth\u201d.<\/p>\n<p>The statement came from the Mayor of Sa\u0303o Lourenc\u0327o dos O\u0301rga\u0303os, Carlos Vasconcelos, who made an \u201cextremely positive\u201d assessment of the journey of this \u201ceminently agricultural\u201d municipality, having praised gains in terms of socio-economic development and infrastructure.<\/p>\n<p>\u201cRight now, the statistical analysis we are doing reflects that we have a municipality in full growth, in several sectors, especially in terms of socio-economic development and in terms of the municipality\u2019s infrastructure\u201d, he declared, admitting that there are still many challenges to be faced. be defeated.<\/p>\n<p>This is because, according to Carlos Vasconcelos, the socio-economic situation that the country is going through, especially the drought that affected this rural municipality, the covid-19 pandemic and inflation due to the war in Ukraine brought many constraints to the development process of Sa\u0303o Lourenc\u0327o of the Organs.<\/p>\n<p><strong>For More News And Analysis About <a href=\"https:\/\/www.africa-press.net\/cape-verde\">Cape verde<\/a> Follow <a href=\"https:\/\/www.africa-press.net\/\">Africa-Press<\/a><\/strong><\/p>\n","protected":false},"excerpt":{"rendered":"<p>Africa-Press &#8211; Cape verde. The municipality of Sa\u0303o Lourenc\u0327o dos O\u0301rga\u0303os, in the interior of the island of Santiago, separated in 2005 as a parish from the municipality of Santa Cruz, celebrates today the 18th anniversary of its creation in \u201cfast growth\u201d. The statement came from the Mayor of Sa\u0303o Lourenc\u0327o dos O\u0301rga\u0303os, Carlos Vasconcelos, [&hellip;]<\/p>\n","protected":false},"author":84,"featured_media":15206,"comment_status":"open","ping_status":"open","sticky":false,"template":"","format":"standard","meta":{"footnotes":""},"categories":[2,3],"tags":[233,331,328],"class_list":["post-15207","post","type-post","status-publish","format-standard","has-post-thumbnail","hentry","category-all-news","category-community","tag-africa-press","tag-africa-press-cape-verde","tag-cape-verde"],"yoast_head":"<!-- This site is optimized with the Yoast SEO Premium plugin v26.1 (Yoast SEO v27.0) - https:\/\/yoast.com\/product\/yoast-seo-premium-wordpress\/ -->\n<title>North Santiago: S\u00e3o Louren\u00e7o dos \u00d3rg\u00e3os celebrates \u201cadulthood\u201d today in \u201cfast growth\u201d - Cape Verde<\/title>\n<meta name=\"description\" content=\"The municipality of Sa\u0303o Lourenc\u0327o dos O\u0301rga\u0303os, in the interior of the island of Santiago, separated in 2005 as a paris ...\" \/>\n<meta name=\"robots\" content=\"index, follow, max-snippet:-1, max-image-preview:large, max-video-preview:-1\" \/>\n<link rel=\"canonical\" href=\"https:\/\/www.africa-press.net\/cape-verde\/all-news\/north-santiago-sao-lourenco-dos-orgaos-celebrates-adulthood-today-in-fast-growth\" \/>\n<meta property=\"og:locale\" content=\"en_US\" \/>\n<meta property=\"og:type\" content=\"article\" \/>\n<meta property=\"og:title\" content=\"North Santiago: S\u00e3o Louren\u00e7o dos \u00d3rg\u00e3os celebrates \u201cadulthood\u201d today in \u201cfast growth\u201d - Cape Verde\" \/>\n<meta property=\"og:description\" content=\"The municipality of Sa\u0303o Lourenc\u0327o dos O\u0301rga\u0303os, in the interior of the island of Santiago, separated in 2005 as a paris ...\" \/>\n<meta property=\"og:url\" content=\"https:\/\/www.africa-press.net\/cape-verde\/all-news\/north-santiago-sao-lourenco-dos-orgaos-celebrates-adulthood-today-in-fast-growth\" \/>\n<meta property=\"og:site_name\" content=\"Cape Verde\" \/>\n<meta property=\"article:publisher\" content=\"https:\/\/www.facebook.com\/AfricaPressTunisiaa\" \/>\n<meta property=\"article:published_time\" content=\"2023-05-10T19:08:15+00:00\" \/>\n<meta property=\"article:modified_time\" content=\"2023-05-10T19:41:50+00:00\" \/>\n<meta property=\"og:image\" content=\"https:\/\/static.africa-press.net\/cape-verde\/sites\/66\/2023\/05\/postQueueImg_1683729526.80.jpg\" \/>\n\t<meta property=\"og:image:width\" content=\"800\" \/>\n\t<meta property=\"og:image:height\" content=\"444\" \/>\n\t<meta property=\"og:image:type\" content=\"image\/jpeg\" \/>\n<meta name=\"author\" content=\"cfeditoren\" \/>\n<meta name=\"twitter:card\" content=\"summary_large_image\" \/>\n<meta name=\"twitter:label1\" content=\"Written by\" \/>\n\t<meta name=\"twitter:data1\" content=\"cfeditoren\" \/>\n\t<meta name=\"twitter:label2\" content=\"Est. reading time\" \/>\n\t<meta name=\"twitter:data2\" content=\"1 minute\" \/>\n<script type=\"application\/ld+json\" class=\"yoast-schema-graph\">{\"@context\":\"https:\/\/schema.org\",\"@graph\":[{\"@type\":\"Article\",\"@id\":\"https:\/\/www.africa-press.net\/cape-verde\/all-news\/north-santiago-sao-lourenco-dos-orgaos-celebrates-adulthood-today-in-fast-growth#article\",\"isPartOf\":{\"@id\":\"https:\/\/www.africa-press.net\/cape-verde\/all-news\/north-santiago-sao-lourenco-dos-orgaos-celebrates-adulthood-today-in-fast-growth\"},\"author\":{\"name\":\"cfeditoren\",\"@id\":\"https:\/\/www.africa-press.net\/cape-verde\/#\/schema\/person\/068c7ab4e9634ae78ec5d54ec46598bb\"},\"headline\":\"North Santiago: S\u00e3o Louren\u00e7o dos \u00d3rg\u00e3os celebrates \u201cadulthood\u201d today in \u201cfast growth\u201d\",\"datePublished\":\"2023-05-10T19:08:15+00:00\",\"dateModified\":\"2023-05-10T19:41:50+00:00\",\"mainEntityOfPage\":{\"@id\":\"https:\/\/www.africa-press.net\/cape-verde\/all-news\/north-santiago-sao-lourenco-dos-orgaos-celebrates-adulthood-today-in-fast-growth\"},\"wordCount\":209,\"commentCount\":0,\"image\":{\"@id\":\"https:\/\/www.africa-press.net\/cape-verde\/all-news\/north-santiago-sao-lourenco-dos-orgaos-celebrates-adulthood-today-in-fast-growth#primaryimage\"},\"thumbnailUrl\":\"https:\/\/static.africa-press.net\/cape-verde\/sites\/66\/2023\/05\/postQueueImg_1683729526.80.jpg\",\"keywords\":[\"Africa Press\",\"Africa Press-Cape verde\",\"Cape verde\"],\"articleSection\":[\"all news\",\"community\"],\"inLanguage\":\"en-US\",\"potentialAction\":[{\"@type\":\"CommentAction\",\"name\":\"Comment\",\"target\":[\"https:\/\/www.africa-press.net\/cape-verde\/all-news\/north-santiago-sao-lourenco-dos-orgaos-celebrates-adulthood-today-in-fast-growth#respond\"]}]},{\"@type\":\"WebPage\",\"@id\":\"https:\/\/www.africa-press.net\/cape-verde\/all-news\/north-santiago-sao-lourenco-dos-orgaos-celebrates-adulthood-today-in-fast-growth\",\"url\":\"https:\/\/www.africa-press.net\/cape-verde\/all-news\/north-santiago-sao-lourenco-dos-orgaos-celebrates-adulthood-today-in-fast-growth\",\"name\":\"North Santiago: S\u00e3o Louren\u00e7o dos \u00d3rg\u00e3os celebrates \u201cadulthood\u201d today in \u201cfast growth\u201d - Cape Verde\",\"isPartOf\":{\"@id\":\"https:\/\/www.africa-press.net\/cape-verde\/#website\"},\"primaryImageOfPage\":{\"@id\":\"https:\/\/www.africa-press.net\/cape-verde\/all-news\/north-santiago-sao-lourenco-dos-orgaos-celebrates-adulthood-today-in-fast-growth#primaryimage\"},\"image\":{\"@id\":\"https:\/\/www.africa-press.net\/cape-verde\/all-news\/north-santiago-sao-lourenco-dos-orgaos-celebrates-adulthood-today-in-fast-growth#primaryimage\"},\"thumbnailUrl\":\"https:\/\/static.africa-press.net\/cape-verde\/sites\/66\/2023\/05\/postQueueImg_1683729526.80.jpg\",\"datePublished\":\"2023-05-10T19:08:15+00:00\",\"dateModified\":\"2023-05-10T19:41:50+00:00\",\"author\":{\"@id\":\"https:\/\/www.africa-press.net\/cape-verde\/#\/schema\/person\/068c7ab4e9634ae78ec5d54ec46598bb\"},\"description\":\"The municipality of Sa\u0303o Lourenc\u0327o dos O\u0301rga\u0303os, in the interior of the island of Santiago, separated in 2005 as a paris ...\",\"breadcrumb\":{\"@id\":\"https:\/\/www.africa-press.net\/cape-verde\/all-news\/north-santiago-sao-lourenco-dos-orgaos-celebrates-adulthood-today-in-fast-growth#breadcrumb\"},\"inLanguage\":\"en-US\",\"potentialAction\":[{\"@type\":\"ReadAction\",\"target\":[\"https:\/\/www.africa-press.net\/cape-verde\/all-news\/north-santiago-sao-lourenco-dos-orgaos-celebrates-adulthood-today-in-fast-growth\"]}]},{\"@type\":\"ImageObject\",\"inLanguage\":\"en-US\",\"@id\":\"https:\/\/www.africa-press.net\/cape-verde\/all-news\/north-santiago-sao-lourenco-dos-orgaos-celebrates-adulthood-today-in-fast-growth#primaryimage\",\"url\":\"https:\/\/static.africa-press.net\/cape-verde\/sites\/66\/2023\/05\/postQueueImg_1683729526.80.jpg\",\"contentUrl\":\"https:\/\/static.africa-press.net\/cape-verde\/sites\/66\/2023\/05\/postQueueImg_1683729526.80.jpg\",\"width\":800,\"height\":444,\"caption\":\"North Santiago: S\u00e3o Louren\u00e7o dos \u00d3rg\u00e3os celebrates \u201cadulthood\u201d today in \u201cfast growth\u201d\"},{\"@type\":\"BreadcrumbList\",\"@id\":\"https:\/\/www.africa-press.net\/cape-verde\/all-news\/north-santiago-sao-lourenco-dos-orgaos-celebrates-adulthood-today-in-fast-growth#breadcrumb\",\"itemListElement\":[{\"@type\":\"ListItem\",\"position\":1,\"name\":\"Home\",\"item\":\"https:\/\/www.africa-press.net\/cape-verde\/\"},{\"@type\":\"ListItem\",\"position\":2,\"name\":\"North Santiago: S\u00e3o Louren\u00e7o dos \u00d3rg\u00e3os celebrates \u201cadulthood\u201d today in \u201cfast growth\u201d\"}]},{\"@type\":\"WebSite\",\"@id\":\"https:\/\/www.africa-press.net\/cape-verde\/#website\",\"url\":\"https:\/\/www.africa-press.net\/cape-verde\/\",\"name\":\"Cape Verde\",\"description\":\"Just another Africa News Agency Sites site\",\"potentialAction\":[{\"@type\":\"SearchAction\",\"target\":{\"@type\":\"EntryPoint\",\"urlTemplate\":\"https:\/\/www.africa-press.net\/cape-verde\/?s={search_term_string}\"},\"query-input\":{\"@type\":\"PropertyValueSpecification\",\"valueRequired\":true,\"valueName\":\"search_term_string\"}}],\"inLanguage\":\"en-US\"},{\"@type\":\"Person\",\"@id\":\"https:\/\/www.africa-press.net\/cape-verde\/#\/schema\/person\/068c7ab4e9634ae78ec5d54ec46598bb\",\"name\":\"cfeditoren\",\"image\":{\"@type\":\"ImageObject\",\"inLanguage\":\"en-US\",\"@id\":\"https:\/\/www.africa-press.net\/cape-verde\/#\/schema\/person\/image\/\",\"url\":\"https:\/\/secure.gravatar.com\/avatar\/7417380fa9e23b5c57fdbfdaf3fdf92ee478f759a084addda5faa3732853e74a?s=96&d=mm&r=g\",\"contentUrl\":\"https:\/\/secure.gravatar.com\/avatar\/7417380fa9e23b5c57fdbfdaf3fdf92ee478f759a084addda5faa3732853e74a?s=96&d=mm&r=g\",\"caption\":\"cfeditoren\"}}]}<\/script>\n<!-- \/ Yoast SEO Premium plugin. -->","yoast_head_json":{"title":"North Santiago: S\u00e3o Louren\u00e7o dos \u00d3rg\u00e3os celebrates \u201cadulthood\u201d today in \u201cfast growth\u201d - Cape Verde","description":"The municipality of Sa\u0303o Lourenc\u0327o dos O\u0301rga\u0303os, in the interior of the island of Santiago, separated in 2005 as a paris ...","robots":{"index":"index","follow":"follow","max-snippet":"max-snippet:-1","max-image-preview":"max-image-preview:large","max-video-preview":"max-video-preview:-1"},"canonical":"https:\/\/www.africa-press.net\/cape-verde\/all-news\/north-santiago-sao-lourenco-dos-orgaos-celebrates-adulthood-today-in-fast-growth","og_locale":"en_US","og_type":"article","og_title":"North Santiago: S\u00e3o Louren\u00e7o dos \u00d3rg\u00e3os celebrates \u201cadulthood\u201d today in \u201cfast growth\u201d - Cape Verde","og_description":"The municipality of Sa\u0303o Lourenc\u0327o dos O\u0301rga\u0303os, in the interior of the island of Santiago, separated in 2005 as a paris ...","og_url":"https:\/\/www.africa-press.net\/cape-verde\/all-news\/north-santiago-sao-lourenco-dos-orgaos-celebrates-adulthood-today-in-fast-growth","og_site_name":"Cape Verde","article_publisher":"https:\/\/www.facebook.com\/AfricaPressTunisiaa","article_published_time":"2023-05-10T19:08:15+00:00","article_modified_time":"2023-05-10T19:41:50+00:00","og_image":[{"width":800,"height":444,"url":"https:\/\/static.africa-press.net\/cape-verde\/sites\/66\/2023\/05\/postQueueImg_1683729526.80.jpg","type":"image\/jpeg"}],"author":"cfeditoren","twitter_card":"summary_large_image","twitter_misc":{"Written by":"cfeditoren","Est. reading time":"1 minute"},"schema":{"@context":"https:\/\/schema.org","@graph":[{"@type":"Article","@id":"https:\/\/www.africa-press.net\/cape-verde\/all-news\/north-santiago-sao-lourenco-dos-orgaos-celebrates-adulthood-today-in-fast-growth#article","isPartOf":{"@id":"https:\/\/www.africa-press.net\/cape-verde\/all-news\/north-santiago-sao-lourenco-dos-orgaos-celebrates-adulthood-today-in-fast-growth"},"author":{"name":"cfeditoren","@id":"https:\/\/www.africa-press.net\/cape-verde\/#\/schema\/person\/068c7ab4e9634ae78ec5d54ec46598bb"},"headline":"North Santiago: S\u00e3o Louren\u00e7o dos \u00d3rg\u00e3os celebrates \u201cadulthood\u201d today in \u201cfast growth\u201d","datePublished":"2023-05-10T19:08:15+00:00","dateModified":"2023-05-10T19:41:50+00:00","mainEntityOfPage":{"@id":"https:\/\/www.africa-press.net\/cape-verde\/all-news\/north-santiago-sao-lourenco-dos-orgaos-celebrates-adulthood-today-in-fast-growth"},"wordCount":209,"commentCount":0,"image":{"@id":"https:\/\/www.africa-press.net\/cape-verde\/all-news\/north-santiago-sao-lourenco-dos-orgaos-celebrates-adulthood-today-in-fast-growth#primaryimage"},"thumbnailUrl":"https:\/\/static.africa-press.net\/cape-verde\/sites\/66\/2023\/05\/postQueueImg_1683729526.80.jpg","keywords":["Africa Press","Africa Press-Cape verde","Cape verde"],"articleSection":["all news","community"],"inLanguage":"en-US","potentialAction":[{"@type":"CommentAction","name":"Comment","target":["https:\/\/www.africa-press.net\/cape-verde\/all-news\/north-santiago-sao-lourenco-dos-orgaos-celebrates-adulthood-today-in-fast-growth#respond"]}]},{"@type":"WebPage","@id":"https:\/\/www.africa-press.net\/cape-verde\/all-news\/north-santiago-sao-lourenco-dos-orgaos-celebrates-adulthood-today-in-fast-growth","url":"https:\/\/www.africa-press.net\/cape-verde\/all-news\/north-santiago-sao-lourenco-dos-orgaos-celebrates-adulthood-today-in-fast-growth","name":"North Santiago: S\u00e3o Louren\u00e7o dos \u00d3rg\u00e3os celebrates \u201cadulthood\u201d today in \u201cfast growth\u201d - Cape Verde","isPartOf":{"@id":"https:\/\/www.africa-press.net\/cape-verde\/#website"},"primaryImageOfPage":{"@id":"https:\/\/www.africa-press.net\/cape-verde\/all-news\/north-santiago-sao-lourenco-dos-orgaos-celebrates-adulthood-today-in-fast-growth#primaryimage"},"image":{"@id":"https:\/\/www.africa-press.net\/cape-verde\/all-news\/north-santiago-sao-lourenco-dos-orgaos-celebrates-adulthood-today-in-fast-growth#primaryimage"},"thumbnailUrl":"https:\/\/static.africa-press.net\/cape-verde\/sites\/66\/2023\/05\/postQueueImg_1683729526.80.jpg","datePublished":"2023-05-10T19:08:15+00:00","dateModified":"2023-05-10T19:41:50+00:00","author":{"@id":"https:\/\/www.africa-press.net\/cape-verde\/#\/schema\/person\/068c7ab4e9634ae78ec5d54ec46598bb"},"description":"The municipality of Sa\u0303o Lourenc\u0327o dos O\u0301rga\u0303os, in the interior of the island of Santiago, separated in 2005 as a paris ...","breadcrumb":{"@id":"https:\/\/www.africa-press.net\/cape-verde\/all-news\/north-santiago-sao-lourenco-dos-orgaos-celebrates-adulthood-today-in-fast-growth#breadcrumb"},"inLanguage":"en-US","potentialAction":[{"@type":"ReadAction","target":["https:\/\/www.africa-press.net\/cape-verde\/all-news\/north-santiago-sao-lourenco-dos-orgaos-celebrates-adulthood-today-in-fast-growth"]}]},{"@type":"ImageObject","inLanguage":"en-US","@id":"https:\/\/www.africa-press.net\/cape-verde\/all-news\/north-santiago-sao-lourenco-dos-orgaos-celebrates-adulthood-today-in-fast-growth#primaryimage","url":"https:\/\/static.africa-press.net\/cape-verde\/sites\/66\/2023\/05\/postQueueImg_1683729526.80.jpg","contentUrl":"https:\/\/static.africa-press.net\/cape-verde\/sites\/66\/2023\/05\/postQueueImg_1683729526.80.jpg","width":800,"height":444,"caption":"North Santiago: S\u00e3o Louren\u00e7o dos \u00d3rg\u00e3os celebrates \u201cadulthood\u201d today in \u201cfast growth\u201d"},{"@type":"BreadcrumbList","@id":"https:\/\/www.africa-press.net\/cape-verde\/all-news\/north-santiago-sao-lourenco-dos-orgaos-celebrates-adulthood-today-in-fast-growth#breadcrumb","itemListElement":[{"@type":"ListItem","position":1,"name":"Home","item":"https:\/\/www.africa-press.net\/cape-verde\/"},{"@type":"ListItem","position":2,"name":"North Santiago: S\u00e3o Louren\u00e7o dos \u00d3rg\u00e3os celebrates \u201cadulthood\u201d today in \u201cfast growth\u201d"}]},{"@type":"WebSite","@id":"https:\/\/www.africa-press.net\/cape-verde\/#website","url":"https:\/\/www.africa-press.net\/cape-verde\/","name":"Cape Verde","description":"Just another Africa News Agency Sites site","potentialAction":[{"@type":"SearchAction","target":{"@type":"EntryPoint","urlTemplate":"https:\/\/www.africa-press.net\/cape-verde\/?s={search_term_string}"},"query-input":{"@type":"PropertyValueSpecification","valueRequired":true,"valueName":"search_term_string"}}],"inLanguage":"en-US"},{"@type":"Person","@id":"https:\/\/www.africa-press.net\/cape-verde\/#\/schema\/person\/068c7ab4e9634ae78ec5d54ec46598bb","name":"cfeditoren","image":{"@type":"ImageObject","inLanguage":"en-US","@id":"https:\/\/www.africa-press.net\/cape-verde\/#\/schema\/person\/image\/","url":"https:\/\/secure.gravatar.com\/avatar\/7417380fa9e23b5c57fdbfdaf3fdf92ee478f759a084addda5faa3732853e74a?s=96&d=mm&r=g","contentUrl":"https:\/\/secure.gravatar.com\/avatar\/7417380fa9e23b5c57fdbfdaf3fdf92ee478f759a084addda5faa3732853e74a?s=96&d=mm&r=g","caption":"cfeditoren"}}]}},"_links":{"self":[{"href":"https:\/\/www.africa-press.net\/cape-verde\/wp-json\/wp\/v2\/posts\/15207","targetHints":{"allow":["GET"]}}],"collection":[{"href":"https:\/\/www.africa-press.net\/cape-verde\/wp-json\/wp\/v2\/posts"}],"about":[{"href":"https:\/\/www.africa-press.net\/cape-verde\/wp-json\/wp\/v2\/types\/post"}],"author":[{"embeddable":true,"href":"https:\/\/www.africa-press.net\/cape-verde\/wp-json\/wp\/v2\/users\/84"}],"replies":[{"embeddable":true,"href":"https:\/\/www.africa-press.net\/cape-verde\/wp-json\/wp\/v2\/comments?post=15207"}],"version-history":[{"count":0,"href":"https:\/\/www.africa-press.net\/cape-verde\/wp-json\/wp\/v2\/posts\/15207\/revisions"}],"wp:featuredmedia":[{"embeddable":true,"href":"https:\/\/www.africa-press.net\/cape-verde\/wp-json\/wp\/v2\/media\/15206"}],"wp:attachment":[{"href":"https:\/\/www.africa-press.net\/cape-verde\/wp-json\/wp\/v2\/media?parent=15207"}],"wp:term":[{"taxonomy":"category","embeddable":true,"href":"https:\/\/www.africa-press.net\/cape-verde\/wp-json\/wp\/v2\/categories?post=15207"},{"taxonomy":"post_tag","embeddable":true,"href":"https:\/\/www.africa-press.net\/cape-verde\/wp-json\/wp\/v2\/tags?post=15207"}],"curies":[{"name":"wp","href":"https:\/\/api.w.org\/{rel}","templated":true}]}}