{"id":20141,"date":"2023-10-11T06:56:31","date_gmt":"2023-10-11T06:56:31","guid":{"rendered":"https:\/\/www.africa-press.net\/cape-verde\/all-news\/cape-verde-will-have-public-chargers-for-electric-cars-on-all-islands-in-2024-2"},"modified":"2023-10-11T16:53:19","modified_gmt":"2023-10-11T16:53:19","slug":"cape-verde-will-have-public-chargers-for-electric-cars-on-all-islands-in-2024-2","status":"publish","type":"post","link":"https:\/\/www.africa-press.net\/cape-verde\/all-news\/cape-verde-will-have-public-chargers-for-electric-cars-on-all-islands-in-2024-2","title":{"rendered":"Cape Verde will have public chargers for electric cars on all islands in 2024"},"content":{"rendered":"<p><span style=\"color: #ff6600\"><strong>Africa-Press &#8211; Cape verde. <\/strong><\/span>All Cape Verde islands should have public electric car chargers at the beginning of 2024, the Minister of Industry, Commerce and Energy, Alexandre Monteiro, announced today.<\/p>\n<p>Cape Verde will have public chargers for electric cars on all islands in 2024<br \/>\n\u201cWe are going to implement a network of charging infrastructures across all the islands: there are around 40 stations \u201d, under the Tra\u00e7\u00f5es El\u00e9tricas de Cabo Verde (TECV) concession, some with fast charging and the majority semi-fast, said the official according to Lusa .<\/p>\n<p>These public posts will complement others from the private sector that have already started to appear in the archipelago.<\/p>\n<p>\u201cToday we are inaugurating the first public fast charging station in the country and it is a gradual process that will end at the beginning of next year: we will have [TECV] stations on all the islands\u201d, detailed the minister, when connecting a vehicle to the new point freight station in the city of Praia, in the Quebra Canela beach square.<\/p>\n<p>By the end of November, 12 more stations will be installed on the island of Santiago, the most populous in the archipelago.<\/p>\n<p>According to the same source, by the end of the first quarter of 2024 there will be ten stations in S\u00e3o Vicente, eight in Sal, three in Boa Vista, two in Santo Ant\u00e3o and one on each of the islands of S\u00e3o Nicolau, Brava, Fogo and Maio.<\/p>\n<p>Today&#8217;s inauguration is part of the push that the Government intends to give to the energy transition.<\/p>\n<p>In July, the state initiative had already launched its first public station, on the island of Sal, but with lower capacity, without the fast charging function currently open.<\/p>\n<p>According to Alexandre Monteiro, there are already around 200 electric cars in the country of half a million inhabitants and the objective is to follow the new mobility trend, at the same time that Cape Verde implements a plan to reduce dependence on fossil fuels.<\/p>\n<p>He announced that the Government intends that, by 2025, 30% of electricity on the grid will come from renewable sources and that this percentage will rise to 50% by 2030.<\/p>\n<p>The stations, Lusa continues, are imported as part of an investment by the Government of Cape Verde with support from the Mitigation Action Facility mechanism and technical assistance from German cooperation, and are then delivered to the company Tra\u00e7\u00f5es El\u00e9tricas de Cabo Verde (TECV), which holds the concession for seven years. network implementation and management.<\/p>\n<p>Today&#8217;s post, for example, cost around three million Cape Verdean escudos (around 27 thousand euros), said Dami\u00e0 Pujol, director of TECV.<\/p>\n<p>The acronym TECV is also the name of the application available on mobile platforms to access stations, manage and pay for charging.<\/p>\n<p>Based on the aforementioned source, the price indexed to the concession is 40 escudos (36 cents) for each kilowatt-hour, indexed to the price of electricity, explained the director of TECV.<\/p>\n<p>In 2019, the Cape Verdean Government approved the Electric Mobility Policy Charter, which establishes the objective of gradually replacing all vehicles powered by thermal engines with electric engines by 2050, recalls Lusa.<\/p>\n<p><strong>For More News And Analysis About <a href=\"https:\/\/www.africa-press.net\/cape-verde\">Cape verde<\/a> Follow <a href=\"https:\/\/www.africa-press.net\/\">Africa-Press<\/a><\/strong><\/p>\n","protected":false},"excerpt":{"rendered":"<p>Africa-Press &#8211; Cape verde. All Cape Verde islands should have public electric car chargers at the beginning of 2024, the Minister of Industry, Commerce and Energy, Alexandre Monteiro, announced today. Cape Verde will have public chargers for electric cars on all islands in 2024 \u201cWe are going to implement a network of charging infrastructures across [&hellip;]<\/p>\n","protected":false},"author":84,"featured_media":20140,"comment_status":"open","ping_status":"open","sticky":false,"template":"","format":"standard","meta":{"footnotes":""},"categories":[2,5],"tags":[233,331,328],"class_list":["post-20141","post","type-post","status-publish","format-standard","has-post-thumbnail","hentry","category-all-news","category-economy","tag-africa-press","tag-africa-press-cape-verde","tag-cape-verde"],"yoast_head":"<!-- This site is optimized with the Yoast SEO Premium plugin v26.1 (Yoast SEO v27.0) - https:\/\/yoast.com\/product\/yoast-seo-premium-wordpress\/ -->\n<title>Cape Verde will have public chargers for electric cars on all islands in 2024 - Cape Verde<\/title>\n<meta name=\"description\" content=\"All Cape Verde islands should have public electric car chargers at the beginning of 2024, the Minister of Industry, Comm ...\" \/>\n<meta name=\"robots\" content=\"index, follow, max-snippet:-1, max-image-preview:large, max-video-preview:-1\" \/>\n<link rel=\"canonical\" href=\"https:\/\/www.africa-press.net\/cape-verde\/all-news\/cape-verde-will-have-public-chargers-for-electric-cars-on-all-islands-in-2024-2\" \/>\n<meta property=\"og:locale\" content=\"en_US\" \/>\n<meta property=\"og:type\" content=\"article\" \/>\n<meta property=\"og:title\" content=\"Cape Verde will have public chargers for electric cars on all islands in 2024 - Cape Verde\" \/>\n<meta property=\"og:description\" content=\"All Cape Verde islands should have public electric car chargers at the beginning of 2024, the Minister of Industry, Comm ...\" \/>\n<meta property=\"og:url\" content=\"https:\/\/www.africa-press.net\/cape-verde\/all-news\/cape-verde-will-have-public-chargers-for-electric-cars-on-all-islands-in-2024-2\" \/>\n<meta property=\"og:site_name\" content=\"Cape Verde\" \/>\n<meta property=\"article:publisher\" content=\"https:\/\/www.facebook.com\/AfricaPressTunisiaa\" \/>\n<meta property=\"article:published_time\" content=\"2023-10-11T06:56:31+00:00\" \/>\n<meta property=\"article:modified_time\" content=\"2023-10-11T16:53:19+00:00\" \/>\n<meta property=\"og:image\" content=\"https:\/\/static.africa-press.net\/cape-verde\/sites\/66\/2023\/10\/sm_1696995674.530074.jpg\" \/>\n\t<meta property=\"og:image:width\" content=\"1600\" \/>\n\t<meta property=\"og:image:height\" content=\"1067\" \/>\n\t<meta property=\"og:image:type\" content=\"image\/jpeg\" \/>\n<meta name=\"author\" content=\"cfeditoren\" \/>\n<meta name=\"twitter:card\" content=\"summary_large_image\" \/>\n<meta name=\"twitter:label1\" content=\"Written by\" \/>\n\t<meta name=\"twitter:data1\" content=\"cfeditoren\" \/>\n\t<meta name=\"twitter:label2\" content=\"Est. reading time\" \/>\n\t<meta name=\"twitter:data2\" content=\"3 minutes\" \/>\n<script type=\"application\/ld+json\" class=\"yoast-schema-graph\">{\"@context\":\"https:\/\/schema.org\",\"@graph\":[{\"@type\":\"Article\",\"@id\":\"https:\/\/www.africa-press.net\/cape-verde\/all-news\/cape-verde-will-have-public-chargers-for-electric-cars-on-all-islands-in-2024-2#article\",\"isPartOf\":{\"@id\":\"https:\/\/www.africa-press.net\/cape-verde\/all-news\/cape-verde-will-have-public-chargers-for-electric-cars-on-all-islands-in-2024-2\"},\"author\":{\"name\":\"cfeditoren\",\"@id\":\"https:\/\/www.africa-press.net\/cape-verde\/#\/schema\/person\/068c7ab4e9634ae78ec5d54ec46598bb\"},\"headline\":\"Cape Verde will have public chargers for electric cars on all islands in 2024\",\"datePublished\":\"2023-10-11T06:56:31+00:00\",\"dateModified\":\"2023-10-11T16:53:19+00:00\",\"mainEntityOfPage\":{\"@id\":\"https:\/\/www.africa-press.net\/cape-verde\/all-news\/cape-verde-will-have-public-chargers-for-electric-cars-on-all-islands-in-2024-2\"},\"wordCount\":532,\"commentCount\":0,\"image\":{\"@id\":\"https:\/\/www.africa-press.net\/cape-verde\/all-news\/cape-verde-will-have-public-chargers-for-electric-cars-on-all-islands-in-2024-2#primaryimage\"},\"thumbnailUrl\":\"https:\/\/static.africa-press.net\/cape-verde\/sites\/66\/2023\/10\/sm_1696995674.530074.jpg\",\"keywords\":[\"Africa Press\",\"Africa Press-Cape verde\",\"Cape verde\"],\"articleSection\":[\"all news\",\"economy\"],\"inLanguage\":\"en-US\",\"potentialAction\":[{\"@type\":\"CommentAction\",\"name\":\"Comment\",\"target\":[\"https:\/\/www.africa-press.net\/cape-verde\/all-news\/cape-verde-will-have-public-chargers-for-electric-cars-on-all-islands-in-2024-2#respond\"]}]},{\"@type\":\"WebPage\",\"@id\":\"https:\/\/www.africa-press.net\/cape-verde\/all-news\/cape-verde-will-have-public-chargers-for-electric-cars-on-all-islands-in-2024-2\",\"url\":\"https:\/\/www.africa-press.net\/cape-verde\/all-news\/cape-verde-will-have-public-chargers-for-electric-cars-on-all-islands-in-2024-2\",\"name\":\"Cape Verde will have public chargers for electric cars on all islands in 2024 - Cape Verde\",\"isPartOf\":{\"@id\":\"https:\/\/www.africa-press.net\/cape-verde\/#website\"},\"primaryImageOfPage\":{\"@id\":\"https:\/\/www.africa-press.net\/cape-verde\/all-news\/cape-verde-will-have-public-chargers-for-electric-cars-on-all-islands-in-2024-2#primaryimage\"},\"image\":{\"@id\":\"https:\/\/www.africa-press.net\/cape-verde\/all-news\/cape-verde-will-have-public-chargers-for-electric-cars-on-all-islands-in-2024-2#primaryimage\"},\"thumbnailUrl\":\"https:\/\/static.africa-press.net\/cape-verde\/sites\/66\/2023\/10\/sm_1696995674.530074.jpg\",\"datePublished\":\"2023-10-11T06:56:31+00:00\",\"dateModified\":\"2023-10-11T16:53:19+00:00\",\"author\":{\"@id\":\"https:\/\/www.africa-press.net\/cape-verde\/#\/schema\/person\/068c7ab4e9634ae78ec5d54ec46598bb\"},\"description\":\"All Cape Verde islands should have public electric car chargers at the beginning of 2024, the Minister of Industry, Comm ...\",\"breadcrumb\":{\"@id\":\"https:\/\/www.africa-press.net\/cape-verde\/all-news\/cape-verde-will-have-public-chargers-for-electric-cars-on-all-islands-in-2024-2#breadcrumb\"},\"inLanguage\":\"en-US\",\"potentialAction\":[{\"@type\":\"ReadAction\",\"target\":[\"https:\/\/www.africa-press.net\/cape-verde\/all-news\/cape-verde-will-have-public-chargers-for-electric-cars-on-all-islands-in-2024-2\"]}]},{\"@type\":\"ImageObject\",\"inLanguage\":\"en-US\",\"@id\":\"https:\/\/www.africa-press.net\/cape-verde\/all-news\/cape-verde-will-have-public-chargers-for-electric-cars-on-all-islands-in-2024-2#primaryimage\",\"url\":\"https:\/\/static.africa-press.net\/cape-verde\/sites\/66\/2023\/10\/sm_1696995674.530074.jpg\",\"contentUrl\":\"https:\/\/static.africa-press.net\/cape-verde\/sites\/66\/2023\/10\/sm_1696995674.530074.jpg\",\"width\":1600,\"height\":1067,\"caption\":\"Cape Verde will have public chargers for electric cars on all islands in 2024\"},{\"@type\":\"BreadcrumbList\",\"@id\":\"https:\/\/www.africa-press.net\/cape-verde\/all-news\/cape-verde-will-have-public-chargers-for-electric-cars-on-all-islands-in-2024-2#breadcrumb\",\"itemListElement\":[{\"@type\":\"ListItem\",\"position\":1,\"name\":\"Home\",\"item\":\"https:\/\/www.africa-press.net\/cape-verde\/\"},{\"@type\":\"ListItem\",\"position\":2,\"name\":\"Cape Verde will have public chargers for electric cars on all islands in 2024\"}]},{\"@type\":\"WebSite\",\"@id\":\"https:\/\/www.africa-press.net\/cape-verde\/#website\",\"url\":\"https:\/\/www.africa-press.net\/cape-verde\/\",\"name\":\"Cape Verde\",\"description\":\"Just another Africa News Agency Sites site\",\"potentialAction\":[{\"@type\":\"SearchAction\",\"target\":{\"@type\":\"EntryPoint\",\"urlTemplate\":\"https:\/\/www.africa-press.net\/cape-verde\/?s={search_term_string}\"},\"query-input\":{\"@type\":\"PropertyValueSpecification\",\"valueRequired\":true,\"valueName\":\"search_term_string\"}}],\"inLanguage\":\"en-US\"},{\"@type\":\"Person\",\"@id\":\"https:\/\/www.africa-press.net\/cape-verde\/#\/schema\/person\/068c7ab4e9634ae78ec5d54ec46598bb\",\"name\":\"cfeditoren\",\"image\":{\"@type\":\"ImageObject\",\"inLanguage\":\"en-US\",\"@id\":\"https:\/\/www.africa-press.net\/cape-verde\/#\/schema\/person\/image\/\",\"url\":\"https:\/\/secure.gravatar.com\/avatar\/7417380fa9e23b5c57fdbfdaf3fdf92ee478f759a084addda5faa3732853e74a?s=96&d=mm&r=g\",\"contentUrl\":\"https:\/\/secure.gravatar.com\/avatar\/7417380fa9e23b5c57fdbfdaf3fdf92ee478f759a084addda5faa3732853e74a?s=96&d=mm&r=g\",\"caption\":\"cfeditoren\"}}]}<\/script>\n<!-- \/ Yoast SEO Premium plugin. -->","yoast_head_json":{"title":"Cape Verde will have public chargers for electric cars on all islands in 2024 - Cape Verde","description":"All Cape Verde islands should have public electric car chargers at the beginning of 2024, the Minister of Industry, Comm ...","robots":{"index":"index","follow":"follow","max-snippet":"max-snippet:-1","max-image-preview":"max-image-preview:large","max-video-preview":"max-video-preview:-1"},"canonical":"https:\/\/www.africa-press.net\/cape-verde\/all-news\/cape-verde-will-have-public-chargers-for-electric-cars-on-all-islands-in-2024-2","og_locale":"en_US","og_type":"article","og_title":"Cape Verde will have public chargers for electric cars on all islands in 2024 - Cape Verde","og_description":"All Cape Verde islands should have public electric car chargers at the beginning of 2024, the Minister of Industry, Comm ...","og_url":"https:\/\/www.africa-press.net\/cape-verde\/all-news\/cape-verde-will-have-public-chargers-for-electric-cars-on-all-islands-in-2024-2","og_site_name":"Cape Verde","article_publisher":"https:\/\/www.facebook.com\/AfricaPressTunisiaa","article_published_time":"2023-10-11T06:56:31+00:00","article_modified_time":"2023-10-11T16:53:19+00:00","og_image":[{"width":1600,"height":1067,"url":"https:\/\/static.africa-press.net\/cape-verde\/sites\/66\/2023\/10\/sm_1696995674.530074.jpg","type":"image\/jpeg"}],"author":"cfeditoren","twitter_card":"summary_large_image","twitter_misc":{"Written by":"cfeditoren","Est. reading time":"3 minutes"},"schema":{"@context":"https:\/\/schema.org","@graph":[{"@type":"Article","@id":"https:\/\/www.africa-press.net\/cape-verde\/all-news\/cape-verde-will-have-public-chargers-for-electric-cars-on-all-islands-in-2024-2#article","isPartOf":{"@id":"https:\/\/www.africa-press.net\/cape-verde\/all-news\/cape-verde-will-have-public-chargers-for-electric-cars-on-all-islands-in-2024-2"},"author":{"name":"cfeditoren","@id":"https:\/\/www.africa-press.net\/cape-verde\/#\/schema\/person\/068c7ab4e9634ae78ec5d54ec46598bb"},"headline":"Cape Verde will have public chargers for electric cars on all islands in 2024","datePublished":"2023-10-11T06:56:31+00:00","dateModified":"2023-10-11T16:53:19+00:00","mainEntityOfPage":{"@id":"https:\/\/www.africa-press.net\/cape-verde\/all-news\/cape-verde-will-have-public-chargers-for-electric-cars-on-all-islands-in-2024-2"},"wordCount":532,"commentCount":0,"image":{"@id":"https:\/\/www.africa-press.net\/cape-verde\/all-news\/cape-verde-will-have-public-chargers-for-electric-cars-on-all-islands-in-2024-2#primaryimage"},"thumbnailUrl":"https:\/\/static.africa-press.net\/cape-verde\/sites\/66\/2023\/10\/sm_1696995674.530074.jpg","keywords":["Africa Press","Africa Press-Cape verde","Cape verde"],"articleSection":["all news","economy"],"inLanguage":"en-US","potentialAction":[{"@type":"CommentAction","name":"Comment","target":["https:\/\/www.africa-press.net\/cape-verde\/all-news\/cape-verde-will-have-public-chargers-for-electric-cars-on-all-islands-in-2024-2#respond"]}]},{"@type":"WebPage","@id":"https:\/\/www.africa-press.net\/cape-verde\/all-news\/cape-verde-will-have-public-chargers-for-electric-cars-on-all-islands-in-2024-2","url":"https:\/\/www.africa-press.net\/cape-verde\/all-news\/cape-verde-will-have-public-chargers-for-electric-cars-on-all-islands-in-2024-2","name":"Cape Verde will have public chargers for electric cars on all islands in 2024 - Cape Verde","isPartOf":{"@id":"https:\/\/www.africa-press.net\/cape-verde\/#website"},"primaryImageOfPage":{"@id":"https:\/\/www.africa-press.net\/cape-verde\/all-news\/cape-verde-will-have-public-chargers-for-electric-cars-on-all-islands-in-2024-2#primaryimage"},"image":{"@id":"https:\/\/www.africa-press.net\/cape-verde\/all-news\/cape-verde-will-have-public-chargers-for-electric-cars-on-all-islands-in-2024-2#primaryimage"},"thumbnailUrl":"https:\/\/static.africa-press.net\/cape-verde\/sites\/66\/2023\/10\/sm_1696995674.530074.jpg","datePublished":"2023-10-11T06:56:31+00:00","dateModified":"2023-10-11T16:53:19+00:00","author":{"@id":"https:\/\/www.africa-press.net\/cape-verde\/#\/schema\/person\/068c7ab4e9634ae78ec5d54ec46598bb"},"description":"All Cape Verde islands should have public electric car chargers at the beginning of 2024, the Minister of Industry, Comm ...","breadcrumb":{"@id":"https:\/\/www.africa-press.net\/cape-verde\/all-news\/cape-verde-will-have-public-chargers-for-electric-cars-on-all-islands-in-2024-2#breadcrumb"},"inLanguage":"en-US","potentialAction":[{"@type":"ReadAction","target":["https:\/\/www.africa-press.net\/cape-verde\/all-news\/cape-verde-will-have-public-chargers-for-electric-cars-on-all-islands-in-2024-2"]}]},{"@type":"ImageObject","inLanguage":"en-US","@id":"https:\/\/www.africa-press.net\/cape-verde\/all-news\/cape-verde-will-have-public-chargers-for-electric-cars-on-all-islands-in-2024-2#primaryimage","url":"https:\/\/static.africa-press.net\/cape-verde\/sites\/66\/2023\/10\/sm_1696995674.530074.jpg","contentUrl":"https:\/\/static.africa-press.net\/cape-verde\/sites\/66\/2023\/10\/sm_1696995674.530074.jpg","width":1600,"height":1067,"caption":"Cape Verde will have public chargers for electric cars on all islands in 2024"},{"@type":"BreadcrumbList","@id":"https:\/\/www.africa-press.net\/cape-verde\/all-news\/cape-verde-will-have-public-chargers-for-electric-cars-on-all-islands-in-2024-2#breadcrumb","itemListElement":[{"@type":"ListItem","position":1,"name":"Home","item":"https:\/\/www.africa-press.net\/cape-verde\/"},{"@type":"ListItem","position":2,"name":"Cape Verde will have public chargers for electric cars on all islands in 2024"}]},{"@type":"WebSite","@id":"https:\/\/www.africa-press.net\/cape-verde\/#website","url":"https:\/\/www.africa-press.net\/cape-verde\/","name":"Cape Verde","description":"Just another Africa News Agency Sites site","potentialAction":[{"@type":"SearchAction","target":{"@type":"EntryPoint","urlTemplate":"https:\/\/www.africa-press.net\/cape-verde\/?s={search_term_string}"},"query-input":{"@type":"PropertyValueSpecification","valueRequired":true,"valueName":"search_term_string"}}],"inLanguage":"en-US"},{"@type":"Person","@id":"https:\/\/www.africa-press.net\/cape-verde\/#\/schema\/person\/068c7ab4e9634ae78ec5d54ec46598bb","name":"cfeditoren","image":{"@type":"ImageObject","inLanguage":"en-US","@id":"https:\/\/www.africa-press.net\/cape-verde\/#\/schema\/person\/image\/","url":"https:\/\/secure.gravatar.com\/avatar\/7417380fa9e23b5c57fdbfdaf3fdf92ee478f759a084addda5faa3732853e74a?s=96&d=mm&r=g","contentUrl":"https:\/\/secure.gravatar.com\/avatar\/7417380fa9e23b5c57fdbfdaf3fdf92ee478f759a084addda5faa3732853e74a?s=96&d=mm&r=g","caption":"cfeditoren"}}]}},"_links":{"self":[{"href":"https:\/\/www.africa-press.net\/cape-verde\/wp-json\/wp\/v2\/posts\/20141","targetHints":{"allow":["GET"]}}],"collection":[{"href":"https:\/\/www.africa-press.net\/cape-verde\/wp-json\/wp\/v2\/posts"}],"about":[{"href":"https:\/\/www.africa-press.net\/cape-verde\/wp-json\/wp\/v2\/types\/post"}],"author":[{"embeddable":true,"href":"https:\/\/www.africa-press.net\/cape-verde\/wp-json\/wp\/v2\/users\/84"}],"replies":[{"embeddable":true,"href":"https:\/\/www.africa-press.net\/cape-verde\/wp-json\/wp\/v2\/comments?post=20141"}],"version-history":[{"count":0,"href":"https:\/\/www.africa-press.net\/cape-verde\/wp-json\/wp\/v2\/posts\/20141\/revisions"}],"wp:featuredmedia":[{"embeddable":true,"href":"https:\/\/www.africa-press.net\/cape-verde\/wp-json\/wp\/v2\/media\/20140"}],"wp:attachment":[{"href":"https:\/\/www.africa-press.net\/cape-verde\/wp-json\/wp\/v2\/media?parent=20141"}],"wp:term":[{"taxonomy":"category","embeddable":true,"href":"https:\/\/www.africa-press.net\/cape-verde\/wp-json\/wp\/v2\/categories?post=20141"},{"taxonomy":"post_tag","embeddable":true,"href":"https:\/\/www.africa-press.net\/cape-verde\/wp-json\/wp\/v2\/tags?post=20141"}],"curies":[{"name":"wp","href":"https:\/\/api.w.org\/{rel}","templated":true}]}}