{"id":20338,"date":"2023-10-20T11:27:11","date_gmt":"2023-10-20T11:27:11","guid":{"rendered":"https:\/\/www.africa-press.net\/cape-verde\/all-news\/pm-of-cape-verde-argues-that-portuguese-should-already-be-a-working-language-at-the-un-2"},"modified":"2023-10-20T18:52:08","modified_gmt":"2023-10-20T18:52:08","slug":"pm-of-cape-verde-argues-that-portuguese-should-already-be-a-working-language-at-the-un-2","status":"publish","type":"post","link":"https:\/\/www.africa-press.net\/cape-verde\/all-news\/pm-of-cape-verde-argues-that-portuguese-should-already-be-a-working-language-at-the-un-2","title":{"rendered":"PM of Cape Verde argues that Portuguese should already be a working language at the UN"},"content":{"rendered":"<p><span style=\"color: #ff6600\"><strong>Africa-Press &#8211; Cape verde. <\/strong><\/span>The Prime Minister of Cape Verde, Ulisses Correia e Silva, defended today that Portuguese should now be a working language at the United Nations, considering that it is \u201ca great challenge\u201d that all Portuguese-speaking countries must overcome.<\/p>\n<p>PM of Cape Verde argues that Portuguese should already be a working language at the UN<br \/>\nThe Prime Minister of Cape Verde, Ulisses Correia e Silva, defended today that Portuguese should now be a working language at the United Nations, considering that it is \u201ca great challenge\u201d that all Portuguese-speaking countries must overcome.<\/p>\n<p>Speaking to the Lusa agency on the sidelines of the opening session of the XI Meeting of Portuguese Language Writers, in the city of Praia, the Cape Verdean capital, the head of Government considered that \u201cit is time to ensure that implementation costs are not an obstacle to the Portuguese language in the community of Nations\u201d.<\/p>\n<p>\u201cI believe that one day we will get there because the justifications have always been financial, economic, but we have to overcome it\u201d, he said, admitting that it is \u201ca big debate and a big challenge\u201d.<\/p>\n<p>Ulisses Correia e Silva recalled the challenge that was launched in the speech of the Brazilian President, Luiz In\u00e1cio Lula da Silva, at the UN General Assembly, last September, noting that it is a fair ambition because &#8220;there are millions of speakers with a lot of diversity&#8221;.<\/p>\n<p>Asked about the role of the Community of Portuguese Speaking Countries (CPLP) in this objective, the Prime Minister of Cape Verde considered that, as a representative of the different Portuguese-speaking countries, the organization \u201cmust also carry out this joint fight\u201d.<\/p>\n<p>In the opening session of the meeting of writers, whose theme in this edition is \u201cThe Portuguese language, expression of freedom, democracy and municipal development\u201d, the president of the International Institute of Portuguese Language (IILP), Jo\u00e3o Neves, said that literary creation contributes to Portuguese \u201cgaining meaning\u201d.<\/p>\n<p>The official considered that \u201cliterature contributes to human formation\u201d because its connection to language promotes \u201cthe formation of critical citizens\u201d, thus allowing \u201can exercise of fuller citizenship\u201d.<\/p>\n<p>Also speaking at the opening session of the event, the secretary general of the Union of Portuguese Speaking Capital Cities (UCCLA), V\u00edtor Ramalho, justified the holding of the last meetings in Cape Verde for its cultural heritage and praised the \u201cterrible determination\u201d of the Cape Verdeans. -Verdians \u201cto be what they are\u201d.<\/p>\n<p>After the opening session, a tribute was paid to Cape Verdean writer David Hopffer Almada.<\/p>\n<p>During the event, the winners of the 8th edition of the UCCLA-CMLisboa Literary Revelation Award &#8211; New Talents, New Works in the Portuguese Language, awarded &#8216;ex aequo&#8217; to Andr\u00e9 Bazzoni Bueno (Brazil) and Leonel Barbosa (Portugal) were also presented. .<\/p>\n<p>The XI edition of the Meetings of Portuguese Language Writers, which ends on Friday, features a tribute to Am\u00edlcar Cabral, who led the independence of Guinea-Bissau and Cape Verde.<\/p>\n<p>In this edition, Cabral&#8217;s \u201ccurrent thinking\u201d will be debated, within the scope of the 100th anniversary of his birth, which falls in 2024, and, on Friday, the president of the Am\u00edlcar Cabral Foundation, the former head of state, Verdiano Pedro Pires, will give an intervention on the legacy of the historic leader.<\/p>\n<p>The Meetings of Portuguese Language Writers were initiated by UCCLA in 2010, to enhance culture, disseminate and promote literature from Portuguese-speaking countries and exchange experiences between writers.<\/p>\n<p>In the XI edition, writers Jacques dos Santos (Angola), Ant\u00f3nio Baptista, F\u00e1tima Fernandes, Felisberto Vieira, Jos\u00e9 Ant\u00f3nio dos Reis, Jos\u00e9 Maria Semedo, L\u00facia Cardoso, Madalena Neves, Odair Varela, Vera Duarte and Vlademiro Furtado (Cape Verde) participate. , Amad\u00fa Daf\u00e9 (Guinea-Bissau), Sheila Khan (Mozambique) Jos\u00e9 Pedro Castanheira, Jos\u00e9 Pires Laranjeira and Leonel Barbosa (Portugal), Olinda Beja (S\u00e3o Tom\u00e9 and Pr\u00edncipe) and Pedro Casteleiro (Galicia).<\/p>\n<p>The meetings will be attended by the Cape Verdean President, Jos\u00e9 Maria Neves, at the end.<\/p>\n<p>UCCLA organizes the meetings together with Praia City Council, with the support of the Academia Cabo-Verdiana de Letras and the Sociedade Cabo-Verdiana de Autores and SPA &#8211; Sociedade Portuguesa de Autores. The Week with Lusa<\/p>\n<p><strong>For More News And Analysis About <a href=\"https:\/\/www.africa-press.net\/cape-verde\">Cape verde<\/a> Follow <a href=\"https:\/\/www.africa-press.net\/\">Africa-Press<\/a><\/strong><\/p>\n","protected":false},"excerpt":{"rendered":"<p>Africa-Press &#8211; Cape verde. The Prime Minister of Cape Verde, Ulisses Correia e Silva, defended today that Portuguese should now be a working language at the United Nations, considering that it is \u201ca great challenge\u201d that all Portuguese-speaking countries must overcome. PM of Cape Verde argues that Portuguese should already be a working language at [&hellip;]<\/p>\n","protected":false},"author":84,"featured_media":20337,"comment_status":"open","ping_status":"open","sticky":false,"template":"","format":"standard","meta":{"footnotes":""},"categories":[2,7,12],"tags":[233,331,328],"class_list":["post-20338","post","type-post","status-publish","format-standard","has-post-thumbnail","hentry","category-all-news","category-head-lines","category-policy","tag-africa-press","tag-africa-press-cape-verde","tag-cape-verde"],"yoast_head":"<!-- This site is optimized with the Yoast SEO Premium plugin v26.1 (Yoast SEO v27.0) - https:\/\/yoast.com\/product\/yoast-seo-premium-wordpress\/ -->\n<title>PM of Cape Verde argues that Portuguese should already be a working language at the UN - Cape Verde<\/title>\n<meta name=\"description\" content=\"The Prime Minister of Cape Verde, Ulisses Correia e Silva, defended today that Portuguese should now be a working langua ...\" \/>\n<meta name=\"robots\" content=\"index, follow, max-snippet:-1, max-image-preview:large, max-video-preview:-1\" \/>\n<link rel=\"canonical\" href=\"https:\/\/www.africa-press.net\/cape-verde\/all-news\/pm-of-cape-verde-argues-that-portuguese-should-already-be-a-working-language-at-the-un-2\" \/>\n<meta property=\"og:locale\" content=\"en_US\" \/>\n<meta property=\"og:type\" content=\"article\" \/>\n<meta property=\"og:title\" content=\"PM of Cape Verde argues that Portuguese should already be a working language at the UN - Cape Verde\" \/>\n<meta property=\"og:description\" content=\"The Prime Minister of Cape Verde, Ulisses Correia e Silva, defended today that Portuguese should now be a working langua ...\" \/>\n<meta property=\"og:url\" content=\"https:\/\/www.africa-press.net\/cape-verde\/all-news\/pm-of-cape-verde-argues-that-portuguese-should-already-be-a-working-language-at-the-un-2\" \/>\n<meta property=\"og:site_name\" content=\"Cape Verde\" \/>\n<meta property=\"article:publisher\" content=\"https:\/\/www.facebook.com\/AfricaPressTunisiaa\" \/>\n<meta property=\"article:published_time\" content=\"2023-10-20T11:27:11+00:00\" \/>\n<meta property=\"article:modified_time\" content=\"2023-10-20T18:52:08+00:00\" \/>\n<meta property=\"og:image\" content=\"https:\/\/static.africa-press.net\/cape-verde\/sites\/66\/2023\/10\/sm_1697790187.738382.jpg\" \/>\n\t<meta property=\"og:image:width\" content=\"1200\" \/>\n\t<meta property=\"og:image:height\" content=\"400\" \/>\n\t<meta property=\"og:image:type\" content=\"image\/jpeg\" \/>\n<meta name=\"author\" content=\"cfeditoren\" \/>\n<meta name=\"twitter:card\" content=\"summary_large_image\" \/>\n<meta name=\"twitter:label1\" content=\"Written by\" \/>\n\t<meta name=\"twitter:data1\" content=\"cfeditoren\" \/>\n\t<meta name=\"twitter:label2\" content=\"Est. reading time\" \/>\n\t<meta name=\"twitter:data2\" content=\"3 minutes\" \/>\n<script type=\"application\/ld+json\" class=\"yoast-schema-graph\">{\"@context\":\"https:\/\/schema.org\",\"@graph\":[{\"@type\":\"Article\",\"@id\":\"https:\/\/www.africa-press.net\/cape-verde\/all-news\/pm-of-cape-verde-argues-that-portuguese-should-already-be-a-working-language-at-the-un-2#article\",\"isPartOf\":{\"@id\":\"https:\/\/www.africa-press.net\/cape-verde\/all-news\/pm-of-cape-verde-argues-that-portuguese-should-already-be-a-working-language-at-the-un-2\"},\"author\":{\"name\":\"cfeditoren\",\"@id\":\"https:\/\/www.africa-press.net\/cape-verde\/#\/schema\/person\/068c7ab4e9634ae78ec5d54ec46598bb\"},\"headline\":\"PM of Cape Verde argues that Portuguese should already be a working language at the UN\",\"datePublished\":\"2023-10-20T11:27:11+00:00\",\"dateModified\":\"2023-10-20T18:52:08+00:00\",\"mainEntityOfPage\":{\"@id\":\"https:\/\/www.africa-press.net\/cape-verde\/all-news\/pm-of-cape-verde-argues-that-portuguese-should-already-be-a-working-language-at-the-un-2\"},\"wordCount\":709,\"commentCount\":0,\"image\":{\"@id\":\"https:\/\/www.africa-press.net\/cape-verde\/all-news\/pm-of-cape-verde-argues-that-portuguese-should-already-be-a-working-language-at-the-un-2#primaryimage\"},\"thumbnailUrl\":\"https:\/\/static.africa-press.net\/cape-verde\/sites\/66\/2023\/10\/sm_1697790187.738382.jpg\",\"keywords\":[\"Africa Press\",\"Africa Press-Cape verde\",\"Cape verde\"],\"articleSection\":[\"all news\",\"head lines\",\"policy\"],\"inLanguage\":\"en-US\",\"potentialAction\":[{\"@type\":\"CommentAction\",\"name\":\"Comment\",\"target\":[\"https:\/\/www.africa-press.net\/cape-verde\/all-news\/pm-of-cape-verde-argues-that-portuguese-should-already-be-a-working-language-at-the-un-2#respond\"]}]},{\"@type\":\"WebPage\",\"@id\":\"https:\/\/www.africa-press.net\/cape-verde\/all-news\/pm-of-cape-verde-argues-that-portuguese-should-already-be-a-working-language-at-the-un-2\",\"url\":\"https:\/\/www.africa-press.net\/cape-verde\/all-news\/pm-of-cape-verde-argues-that-portuguese-should-already-be-a-working-language-at-the-un-2\",\"name\":\"PM of Cape Verde argues that Portuguese should already be a working language at the UN - Cape Verde\",\"isPartOf\":{\"@id\":\"https:\/\/www.africa-press.net\/cape-verde\/#website\"},\"primaryImageOfPage\":{\"@id\":\"https:\/\/www.africa-press.net\/cape-verde\/all-news\/pm-of-cape-verde-argues-that-portuguese-should-already-be-a-working-language-at-the-un-2#primaryimage\"},\"image\":{\"@id\":\"https:\/\/www.africa-press.net\/cape-verde\/all-news\/pm-of-cape-verde-argues-that-portuguese-should-already-be-a-working-language-at-the-un-2#primaryimage\"},\"thumbnailUrl\":\"https:\/\/static.africa-press.net\/cape-verde\/sites\/66\/2023\/10\/sm_1697790187.738382.jpg\",\"datePublished\":\"2023-10-20T11:27:11+00:00\",\"dateModified\":\"2023-10-20T18:52:08+00:00\",\"author\":{\"@id\":\"https:\/\/www.africa-press.net\/cape-verde\/#\/schema\/person\/068c7ab4e9634ae78ec5d54ec46598bb\"},\"description\":\"The Prime Minister of Cape Verde, Ulisses Correia e Silva, defended today that Portuguese should now be a working langua ...\",\"breadcrumb\":{\"@id\":\"https:\/\/www.africa-press.net\/cape-verde\/all-news\/pm-of-cape-verde-argues-that-portuguese-should-already-be-a-working-language-at-the-un-2#breadcrumb\"},\"inLanguage\":\"en-US\",\"potentialAction\":[{\"@type\":\"ReadAction\",\"target\":[\"https:\/\/www.africa-press.net\/cape-verde\/all-news\/pm-of-cape-verde-argues-that-portuguese-should-already-be-a-working-language-at-the-un-2\"]}]},{\"@type\":\"ImageObject\",\"inLanguage\":\"en-US\",\"@id\":\"https:\/\/www.africa-press.net\/cape-verde\/all-news\/pm-of-cape-verde-argues-that-portuguese-should-already-be-a-working-language-at-the-un-2#primaryimage\",\"url\":\"https:\/\/static.africa-press.net\/cape-verde\/sites\/66\/2023\/10\/sm_1697790187.738382.jpg\",\"contentUrl\":\"https:\/\/static.africa-press.net\/cape-verde\/sites\/66\/2023\/10\/sm_1697790187.738382.jpg\",\"width\":1200,\"height\":400,\"caption\":\"PM of Cape Verde argues that Portuguese should already be a working language at the UN\"},{\"@type\":\"BreadcrumbList\",\"@id\":\"https:\/\/www.africa-press.net\/cape-verde\/all-news\/pm-of-cape-verde-argues-that-portuguese-should-already-be-a-working-language-at-the-un-2#breadcrumb\",\"itemListElement\":[{\"@type\":\"ListItem\",\"position\":1,\"name\":\"Home\",\"item\":\"https:\/\/www.africa-press.net\/cape-verde\/\"},{\"@type\":\"ListItem\",\"position\":2,\"name\":\"PM of Cape Verde argues that Portuguese should already be a working language at the UN\"}]},{\"@type\":\"WebSite\",\"@id\":\"https:\/\/www.africa-press.net\/cape-verde\/#website\",\"url\":\"https:\/\/www.africa-press.net\/cape-verde\/\",\"name\":\"Cape Verde\",\"description\":\"Just another Africa News Agency Sites site\",\"potentialAction\":[{\"@type\":\"SearchAction\",\"target\":{\"@type\":\"EntryPoint\",\"urlTemplate\":\"https:\/\/www.africa-press.net\/cape-verde\/?s={search_term_string}\"},\"query-input\":{\"@type\":\"PropertyValueSpecification\",\"valueRequired\":true,\"valueName\":\"search_term_string\"}}],\"inLanguage\":\"en-US\"},{\"@type\":\"Person\",\"@id\":\"https:\/\/www.africa-press.net\/cape-verde\/#\/schema\/person\/068c7ab4e9634ae78ec5d54ec46598bb\",\"name\":\"cfeditoren\",\"image\":{\"@type\":\"ImageObject\",\"inLanguage\":\"en-US\",\"@id\":\"https:\/\/www.africa-press.net\/cape-verde\/#\/schema\/person\/image\/\",\"url\":\"https:\/\/secure.gravatar.com\/avatar\/7417380fa9e23b5c57fdbfdaf3fdf92ee478f759a084addda5faa3732853e74a?s=96&d=mm&r=g\",\"contentUrl\":\"https:\/\/secure.gravatar.com\/avatar\/7417380fa9e23b5c57fdbfdaf3fdf92ee478f759a084addda5faa3732853e74a?s=96&d=mm&r=g\",\"caption\":\"cfeditoren\"}}]}<\/script>\n<!-- \/ Yoast SEO Premium plugin. -->","yoast_head_json":{"title":"PM of Cape Verde argues that Portuguese should already be a working language at the UN - Cape Verde","description":"The Prime Minister of Cape Verde, Ulisses Correia e Silva, defended today that Portuguese should now be a working langua ...","robots":{"index":"index","follow":"follow","max-snippet":"max-snippet:-1","max-image-preview":"max-image-preview:large","max-video-preview":"max-video-preview:-1"},"canonical":"https:\/\/www.africa-press.net\/cape-verde\/all-news\/pm-of-cape-verde-argues-that-portuguese-should-already-be-a-working-language-at-the-un-2","og_locale":"en_US","og_type":"article","og_title":"PM of Cape Verde argues that Portuguese should already be a working language at the UN - Cape Verde","og_description":"The Prime Minister of Cape Verde, Ulisses Correia e Silva, defended today that Portuguese should now be a working langua ...","og_url":"https:\/\/www.africa-press.net\/cape-verde\/all-news\/pm-of-cape-verde-argues-that-portuguese-should-already-be-a-working-language-at-the-un-2","og_site_name":"Cape Verde","article_publisher":"https:\/\/www.facebook.com\/AfricaPressTunisiaa","article_published_time":"2023-10-20T11:27:11+00:00","article_modified_time":"2023-10-20T18:52:08+00:00","og_image":[{"width":1200,"height":400,"url":"https:\/\/static.africa-press.net\/cape-verde\/sites\/66\/2023\/10\/sm_1697790187.738382.jpg","type":"image\/jpeg"}],"author":"cfeditoren","twitter_card":"summary_large_image","twitter_misc":{"Written by":"cfeditoren","Est. reading time":"3 minutes"},"schema":{"@context":"https:\/\/schema.org","@graph":[{"@type":"Article","@id":"https:\/\/www.africa-press.net\/cape-verde\/all-news\/pm-of-cape-verde-argues-that-portuguese-should-already-be-a-working-language-at-the-un-2#article","isPartOf":{"@id":"https:\/\/www.africa-press.net\/cape-verde\/all-news\/pm-of-cape-verde-argues-that-portuguese-should-already-be-a-working-language-at-the-un-2"},"author":{"name":"cfeditoren","@id":"https:\/\/www.africa-press.net\/cape-verde\/#\/schema\/person\/068c7ab4e9634ae78ec5d54ec46598bb"},"headline":"PM of Cape Verde argues that Portuguese should already be a working language at the UN","datePublished":"2023-10-20T11:27:11+00:00","dateModified":"2023-10-20T18:52:08+00:00","mainEntityOfPage":{"@id":"https:\/\/www.africa-press.net\/cape-verde\/all-news\/pm-of-cape-verde-argues-that-portuguese-should-already-be-a-working-language-at-the-un-2"},"wordCount":709,"commentCount":0,"image":{"@id":"https:\/\/www.africa-press.net\/cape-verde\/all-news\/pm-of-cape-verde-argues-that-portuguese-should-already-be-a-working-language-at-the-un-2#primaryimage"},"thumbnailUrl":"https:\/\/static.africa-press.net\/cape-verde\/sites\/66\/2023\/10\/sm_1697790187.738382.jpg","keywords":["Africa Press","Africa Press-Cape verde","Cape verde"],"articleSection":["all news","head lines","policy"],"inLanguage":"en-US","potentialAction":[{"@type":"CommentAction","name":"Comment","target":["https:\/\/www.africa-press.net\/cape-verde\/all-news\/pm-of-cape-verde-argues-that-portuguese-should-already-be-a-working-language-at-the-un-2#respond"]}]},{"@type":"WebPage","@id":"https:\/\/www.africa-press.net\/cape-verde\/all-news\/pm-of-cape-verde-argues-that-portuguese-should-already-be-a-working-language-at-the-un-2","url":"https:\/\/www.africa-press.net\/cape-verde\/all-news\/pm-of-cape-verde-argues-that-portuguese-should-already-be-a-working-language-at-the-un-2","name":"PM of Cape Verde argues that Portuguese should already be a working language at the UN - Cape Verde","isPartOf":{"@id":"https:\/\/www.africa-press.net\/cape-verde\/#website"},"primaryImageOfPage":{"@id":"https:\/\/www.africa-press.net\/cape-verde\/all-news\/pm-of-cape-verde-argues-that-portuguese-should-already-be-a-working-language-at-the-un-2#primaryimage"},"image":{"@id":"https:\/\/www.africa-press.net\/cape-verde\/all-news\/pm-of-cape-verde-argues-that-portuguese-should-already-be-a-working-language-at-the-un-2#primaryimage"},"thumbnailUrl":"https:\/\/static.africa-press.net\/cape-verde\/sites\/66\/2023\/10\/sm_1697790187.738382.jpg","datePublished":"2023-10-20T11:27:11+00:00","dateModified":"2023-10-20T18:52:08+00:00","author":{"@id":"https:\/\/www.africa-press.net\/cape-verde\/#\/schema\/person\/068c7ab4e9634ae78ec5d54ec46598bb"},"description":"The Prime Minister of Cape Verde, Ulisses Correia e Silva, defended today that Portuguese should now be a working langua ...","breadcrumb":{"@id":"https:\/\/www.africa-press.net\/cape-verde\/all-news\/pm-of-cape-verde-argues-that-portuguese-should-already-be-a-working-language-at-the-un-2#breadcrumb"},"inLanguage":"en-US","potentialAction":[{"@type":"ReadAction","target":["https:\/\/www.africa-press.net\/cape-verde\/all-news\/pm-of-cape-verde-argues-that-portuguese-should-already-be-a-working-language-at-the-un-2"]}]},{"@type":"ImageObject","inLanguage":"en-US","@id":"https:\/\/www.africa-press.net\/cape-verde\/all-news\/pm-of-cape-verde-argues-that-portuguese-should-already-be-a-working-language-at-the-un-2#primaryimage","url":"https:\/\/static.africa-press.net\/cape-verde\/sites\/66\/2023\/10\/sm_1697790187.738382.jpg","contentUrl":"https:\/\/static.africa-press.net\/cape-verde\/sites\/66\/2023\/10\/sm_1697790187.738382.jpg","width":1200,"height":400,"caption":"PM of Cape Verde argues that Portuguese should already be a working language at the UN"},{"@type":"BreadcrumbList","@id":"https:\/\/www.africa-press.net\/cape-verde\/all-news\/pm-of-cape-verde-argues-that-portuguese-should-already-be-a-working-language-at-the-un-2#breadcrumb","itemListElement":[{"@type":"ListItem","position":1,"name":"Home","item":"https:\/\/www.africa-press.net\/cape-verde\/"},{"@type":"ListItem","position":2,"name":"PM of Cape Verde argues that Portuguese should already be a working language at the UN"}]},{"@type":"WebSite","@id":"https:\/\/www.africa-press.net\/cape-verde\/#website","url":"https:\/\/www.africa-press.net\/cape-verde\/","name":"Cape Verde","description":"Just another Africa News Agency Sites site","potentialAction":[{"@type":"SearchAction","target":{"@type":"EntryPoint","urlTemplate":"https:\/\/www.africa-press.net\/cape-verde\/?s={search_term_string}"},"query-input":{"@type":"PropertyValueSpecification","valueRequired":true,"valueName":"search_term_string"}}],"inLanguage":"en-US"},{"@type":"Person","@id":"https:\/\/www.africa-press.net\/cape-verde\/#\/schema\/person\/068c7ab4e9634ae78ec5d54ec46598bb","name":"cfeditoren","image":{"@type":"ImageObject","inLanguage":"en-US","@id":"https:\/\/www.africa-press.net\/cape-verde\/#\/schema\/person\/image\/","url":"https:\/\/secure.gravatar.com\/avatar\/7417380fa9e23b5c57fdbfdaf3fdf92ee478f759a084addda5faa3732853e74a?s=96&d=mm&r=g","contentUrl":"https:\/\/secure.gravatar.com\/avatar\/7417380fa9e23b5c57fdbfdaf3fdf92ee478f759a084addda5faa3732853e74a?s=96&d=mm&r=g","caption":"cfeditoren"}}]}},"_links":{"self":[{"href":"https:\/\/www.africa-press.net\/cape-verde\/wp-json\/wp\/v2\/posts\/20338","targetHints":{"allow":["GET"]}}],"collection":[{"href":"https:\/\/www.africa-press.net\/cape-verde\/wp-json\/wp\/v2\/posts"}],"about":[{"href":"https:\/\/www.africa-press.net\/cape-verde\/wp-json\/wp\/v2\/types\/post"}],"author":[{"embeddable":true,"href":"https:\/\/www.africa-press.net\/cape-verde\/wp-json\/wp\/v2\/users\/84"}],"replies":[{"embeddable":true,"href":"https:\/\/www.africa-press.net\/cape-verde\/wp-json\/wp\/v2\/comments?post=20338"}],"version-history":[{"count":0,"href":"https:\/\/www.africa-press.net\/cape-verde\/wp-json\/wp\/v2\/posts\/20338\/revisions"}],"wp:featuredmedia":[{"embeddable":true,"href":"https:\/\/www.africa-press.net\/cape-verde\/wp-json\/wp\/v2\/media\/20337"}],"wp:attachment":[{"href":"https:\/\/www.africa-press.net\/cape-verde\/wp-json\/wp\/v2\/media?parent=20338"}],"wp:term":[{"taxonomy":"category","embeddable":true,"href":"https:\/\/www.africa-press.net\/cape-verde\/wp-json\/wp\/v2\/categories?post=20338"},{"taxonomy":"post_tag","embeddable":true,"href":"https:\/\/www.africa-press.net\/cape-verde\/wp-json\/wp\/v2\/tags?post=20338"}],"curies":[{"name":"wp","href":"https:\/\/api.w.org\/{rel}","templated":true}]}}