{"id":20378,"date":"2023-10-22T11:31:38","date_gmt":"2023-10-22T11:31:38","guid":{"rendered":"https:\/\/www.africa-press.net\/cape-verde\/all-news\/unidos-do-norte-absent-from-regional-competitions-in-the-2023-24-season"},"modified":"2023-10-22T12:45:32","modified_gmt":"2023-10-22T12:45:32","slug":"unidos-do-norte-absent-from-regional-competitions-in-the-2023-24-season","status":"publish","type":"post","link":"https:\/\/www.africa-press.net\/cape-verde\/all-news\/unidos-do-norte-absent-from-regional-competitions-in-the-2023-24-season","title":{"rendered":"Unidos do Norte absent from regional competitions in the 2023\/24 season"},"content":{"rendered":"<p><span style=\"color: #ff6600\"><strong>Africa-Press &#8211; Cape verde. <\/strong><\/span>The Unidos do Norte football team from the town of S\u00e3o Jorge, north of the municipality of S\u00e3o Filipe, will not participate in the regional competitions in the 2023\/24 season due to organizational problems.<\/p>\n<p>Football\/Fogo: Unidos do Norte absent from regional competitions in the 2023\/24 season. The president of the management committee created two years ago to organize the team, Lu\u00eds Rodrigues, has resigned and so far no one has offered to take over the committee and, consequently, organize the team to participate in the regional competitions.<\/p>\n<p>\u201cWe are not going to enter the regional football championship\u201d, said Lu\u00eds Rodrigues to Inforpress, remembering that the status of Unidos do Norte was drawn up by a group from Ponta Verde and that, faced with some suspicions and demands from people who never contributed or did anything to support the team the president of the committee, in addition to resigning, has already returned the status to the group which presupposes that neither this season nor the next season, the town of S\u00e3o Jorge will have a team in the regional football competitions.<\/p>\n<p>Lu\u00eds Rodrigues also said that a committee was created to manage the team and had people from different parts of the north, noting that a page was then created to facilitate the mobilization of resources and recruited some people to open accounts with banking institutions.<\/p>\n<p>\u201cUnidos do Norte was me (Lu\u00eds Rodrigues) and Chalana, who represented the team in the United States of America and mobilized emigrants from the north who covered the expenses\u201d, said Lu\u00eds Rodrigues, indicating that for each trip the team made from S\u00e3o Jorge S\u00e3o Louren\u00e7o, the venue for games and training, spent around three thousand escudos.<\/p>\n<p>The purpose of creating the management committee was to organize better because one person alone could not handle all the things, but at the end of the first season in the first division a group of people emerged who, according to Lu\u00eds Rodrigues, \u201cnever gave anything to the team to raise a series of suspicions and demanding accountability, even knowing that the team does not have any partner\u201d he ended up leaving the committee.<\/p>\n<p>\u201cIt was me, Chalana and some emigrants in the United States who supported the team, plus the 100,000 escudos that the S\u00e3o Filipe city council made available. They started with a lot of demands and confusion, I made the position available for other people to take over the commission, but no one has yet appeared and Chalana, who is the team&#8217;s right-hand man, has also expressed that he will not support\u201d, said Lu\u00eds Rodrigues, lamented the team&#8217;s short trajectory, just two years, believing that it is unlikely that S\u00e3o Jorge will have a team in regional competitions in the coming seasons.<\/p>\n<p>The representative in the United States had mobilized three new pieces of equipment, training equipment, travel uniform, backpacks, more than 60 pairs of boots, balls and others, but their shipment was cancelled.<\/p>\n<p>The management committee is analyzing the possibility of donating equipment to the formation of Unidos do Norte, in Santiago Sul, because it has inscriptions on the shirts in the name of Unidos do Norte and, therefore, this donation is being considered.<\/p>\n<p>Unidos do Norte participated for the first time in the regional football competitions in the 2021\/22 season and in the year of its debut it became regional champion, thus giving it the possibility of moving up to the first level where it participated in the 2022\/23 season in the regional championship of the first level having ranked in fifth place in the universe of ten teams.<\/p>\n<p>The draw for the first-tier regional football championship was held last September and the Fogo Regional Football Association (ARFF) included Unidos do Norte in the draw and in case of participation, the competition would open against Juventus de Curral Grande , which rose to the top flight this season.<\/p>\n<p><strong>For More News And Analysis About <a href=\"https:\/\/www.africa-press.net\/cape-verde\">Cape verde<\/a> Follow <a href=\"https:\/\/www.africa-press.net\/\">Africa-Press<\/a><\/strong><\/p>\n","protected":false},"excerpt":{"rendered":"<p>Africa-Press &#8211; Cape verde. The Unidos do Norte football team from the town of S\u00e3o Jorge, north of the municipality of S\u00e3o Filipe, will not participate in the regional competitions in the 2023\/24 season due to organizational problems. Football\/Fogo: Unidos do Norte absent from regional competitions in the 2023\/24 season. The president of the management [&hellip;]<\/p>\n","protected":false},"author":84,"featured_media":20377,"comment_status":"open","ping_status":"open","sticky":false,"template":"","format":"standard","meta":{"footnotes":""},"categories":[2,17],"tags":[233,331,328],"class_list":["post-20378","post","type-post","status-publish","format-standard","has-post-thumbnail","hentry","category-all-news","category-sport","tag-africa-press","tag-africa-press-cape-verde","tag-cape-verde"],"yoast_head":"<!-- This site is optimized with the Yoast SEO Premium plugin v26.1 (Yoast SEO v27.0) - https:\/\/yoast.com\/product\/yoast-seo-premium-wordpress\/ -->\n<title>Unidos do Norte absent from regional competitions in the 2023\/24 season - Cape Verde<\/title>\n<meta name=\"description\" content=\"The Unidos do Norte football team from the town of Sa\u0303o Jorge, north of the municipality of Sa\u0303o Filipe, will not particip ...\" \/>\n<meta name=\"robots\" content=\"index, follow, max-snippet:-1, max-image-preview:large, max-video-preview:-1\" \/>\n<link rel=\"canonical\" href=\"https:\/\/www.africa-press.net\/cape-verde\/all-news\/unidos-do-norte-absent-from-regional-competitions-in-the-2023-24-season\" \/>\n<meta property=\"og:locale\" content=\"en_US\" \/>\n<meta property=\"og:type\" content=\"article\" \/>\n<meta property=\"og:title\" content=\"Unidos do Norte absent from regional competitions in the 2023\/24 season - Cape Verde\" \/>\n<meta property=\"og:description\" content=\"The Unidos do Norte football team from the town of Sa\u0303o Jorge, north of the municipality of Sa\u0303o Filipe, will not particip ...\" \/>\n<meta property=\"og:url\" content=\"https:\/\/www.africa-press.net\/cape-verde\/all-news\/unidos-do-norte-absent-from-regional-competitions-in-the-2023-24-season\" \/>\n<meta property=\"og:site_name\" content=\"Cape Verde\" \/>\n<meta property=\"article:publisher\" content=\"https:\/\/www.facebook.com\/AfricaPressTunisiaa\" \/>\n<meta property=\"article:published_time\" content=\"2023-10-22T11:31:38+00:00\" \/>\n<meta property=\"article:modified_time\" content=\"2023-10-22T12:45:32+00:00\" \/>\n<meta property=\"og:image\" content=\"https:\/\/static.africa-press.net\/cape-verde\/sites\/66\/2023\/10\/sm_1697962355.813799.jpg\" \/>\n\t<meta property=\"og:image:width\" content=\"800\" \/>\n\t<meta property=\"og:image:height\" content=\"444\" \/>\n\t<meta property=\"og:image:type\" content=\"image\/jpeg\" \/>\n<meta name=\"author\" content=\"cfeditoren\" \/>\n<meta name=\"twitter:card\" content=\"summary_large_image\" \/>\n<meta name=\"twitter:label1\" content=\"Written by\" \/>\n\t<meta name=\"twitter:data1\" content=\"cfeditoren\" \/>\n\t<meta name=\"twitter:label2\" content=\"Est. reading time\" \/>\n\t<meta name=\"twitter:data2\" content=\"3 minutes\" \/>\n<script type=\"application\/ld+json\" class=\"yoast-schema-graph\">{\"@context\":\"https:\/\/schema.org\",\"@graph\":[{\"@type\":\"Article\",\"@id\":\"https:\/\/www.africa-press.net\/cape-verde\/all-news\/unidos-do-norte-absent-from-regional-competitions-in-the-2023-24-season#article\",\"isPartOf\":{\"@id\":\"https:\/\/www.africa-press.net\/cape-verde\/all-news\/unidos-do-norte-absent-from-regional-competitions-in-the-2023-24-season\"},\"author\":{\"name\":\"cfeditoren\",\"@id\":\"https:\/\/www.africa-press.net\/cape-verde\/#\/schema\/person\/068c7ab4e9634ae78ec5d54ec46598bb\"},\"headline\":\"Unidos do Norte absent from regional competitions in the 2023\/24 season\",\"datePublished\":\"2023-10-22T11:31:38+00:00\",\"dateModified\":\"2023-10-22T12:45:32+00:00\",\"mainEntityOfPage\":{\"@id\":\"https:\/\/www.africa-press.net\/cape-verde\/all-news\/unidos-do-norte-absent-from-regional-competitions-in-the-2023-24-season\"},\"wordCount\":679,\"commentCount\":0,\"image\":{\"@id\":\"https:\/\/www.africa-press.net\/cape-verde\/all-news\/unidos-do-norte-absent-from-regional-competitions-in-the-2023-24-season#primaryimage\"},\"thumbnailUrl\":\"https:\/\/static.africa-press.net\/cape-verde\/sites\/66\/2023\/10\/sm_1697962355.813799.jpg\",\"keywords\":[\"Africa Press\",\"Africa Press-Cape verde\",\"Cape verde\"],\"articleSection\":[\"all news\",\"sport\"],\"inLanguage\":\"en-US\",\"potentialAction\":[{\"@type\":\"CommentAction\",\"name\":\"Comment\",\"target\":[\"https:\/\/www.africa-press.net\/cape-verde\/all-news\/unidos-do-norte-absent-from-regional-competitions-in-the-2023-24-season#respond\"]}]},{\"@type\":\"WebPage\",\"@id\":\"https:\/\/www.africa-press.net\/cape-verde\/all-news\/unidos-do-norte-absent-from-regional-competitions-in-the-2023-24-season\",\"url\":\"https:\/\/www.africa-press.net\/cape-verde\/all-news\/unidos-do-norte-absent-from-regional-competitions-in-the-2023-24-season\",\"name\":\"Unidos do Norte absent from regional competitions in the 2023\/24 season - Cape Verde\",\"isPartOf\":{\"@id\":\"https:\/\/www.africa-press.net\/cape-verde\/#website\"},\"primaryImageOfPage\":{\"@id\":\"https:\/\/www.africa-press.net\/cape-verde\/all-news\/unidos-do-norte-absent-from-regional-competitions-in-the-2023-24-season#primaryimage\"},\"image\":{\"@id\":\"https:\/\/www.africa-press.net\/cape-verde\/all-news\/unidos-do-norte-absent-from-regional-competitions-in-the-2023-24-season#primaryimage\"},\"thumbnailUrl\":\"https:\/\/static.africa-press.net\/cape-verde\/sites\/66\/2023\/10\/sm_1697962355.813799.jpg\",\"datePublished\":\"2023-10-22T11:31:38+00:00\",\"dateModified\":\"2023-10-22T12:45:32+00:00\",\"author\":{\"@id\":\"https:\/\/www.africa-press.net\/cape-verde\/#\/schema\/person\/068c7ab4e9634ae78ec5d54ec46598bb\"},\"description\":\"The Unidos do Norte football team from the town of Sa\u0303o Jorge, north of the municipality of Sa\u0303o Filipe, will not particip ...\",\"breadcrumb\":{\"@id\":\"https:\/\/www.africa-press.net\/cape-verde\/all-news\/unidos-do-norte-absent-from-regional-competitions-in-the-2023-24-season#breadcrumb\"},\"inLanguage\":\"en-US\",\"potentialAction\":[{\"@type\":\"ReadAction\",\"target\":[\"https:\/\/www.africa-press.net\/cape-verde\/all-news\/unidos-do-norte-absent-from-regional-competitions-in-the-2023-24-season\"]}]},{\"@type\":\"ImageObject\",\"inLanguage\":\"en-US\",\"@id\":\"https:\/\/www.africa-press.net\/cape-verde\/all-news\/unidos-do-norte-absent-from-regional-competitions-in-the-2023-24-season#primaryimage\",\"url\":\"https:\/\/static.africa-press.net\/cape-verde\/sites\/66\/2023\/10\/sm_1697962355.813799.jpg\",\"contentUrl\":\"https:\/\/static.africa-press.net\/cape-verde\/sites\/66\/2023\/10\/sm_1697962355.813799.jpg\",\"width\":800,\"height\":444,\"caption\":\"Unidos do Norte absent from regional competitions in the 2023\/24 season\"},{\"@type\":\"BreadcrumbList\",\"@id\":\"https:\/\/www.africa-press.net\/cape-verde\/all-news\/unidos-do-norte-absent-from-regional-competitions-in-the-2023-24-season#breadcrumb\",\"itemListElement\":[{\"@type\":\"ListItem\",\"position\":1,\"name\":\"Home\",\"item\":\"https:\/\/www.africa-press.net\/cape-verde\/\"},{\"@type\":\"ListItem\",\"position\":2,\"name\":\"Unidos do Norte absent from regional competitions in the 2023\/24 season\"}]},{\"@type\":\"WebSite\",\"@id\":\"https:\/\/www.africa-press.net\/cape-verde\/#website\",\"url\":\"https:\/\/www.africa-press.net\/cape-verde\/\",\"name\":\"Cape Verde\",\"description\":\"Just another Africa News Agency Sites site\",\"potentialAction\":[{\"@type\":\"SearchAction\",\"target\":{\"@type\":\"EntryPoint\",\"urlTemplate\":\"https:\/\/www.africa-press.net\/cape-verde\/?s={search_term_string}\"},\"query-input\":{\"@type\":\"PropertyValueSpecification\",\"valueRequired\":true,\"valueName\":\"search_term_string\"}}],\"inLanguage\":\"en-US\"},{\"@type\":\"Person\",\"@id\":\"https:\/\/www.africa-press.net\/cape-verde\/#\/schema\/person\/068c7ab4e9634ae78ec5d54ec46598bb\",\"name\":\"cfeditoren\",\"image\":{\"@type\":\"ImageObject\",\"inLanguage\":\"en-US\",\"@id\":\"https:\/\/www.africa-press.net\/cape-verde\/#\/schema\/person\/image\/\",\"url\":\"https:\/\/secure.gravatar.com\/avatar\/7417380fa9e23b5c57fdbfdaf3fdf92ee478f759a084addda5faa3732853e74a?s=96&d=mm&r=g\",\"contentUrl\":\"https:\/\/secure.gravatar.com\/avatar\/7417380fa9e23b5c57fdbfdaf3fdf92ee478f759a084addda5faa3732853e74a?s=96&d=mm&r=g\",\"caption\":\"cfeditoren\"}}]}<\/script>\n<!-- \/ Yoast SEO Premium plugin. -->","yoast_head_json":{"title":"Unidos do Norte absent from regional competitions in the 2023\/24 season - Cape Verde","description":"The Unidos do Norte football team from the town of Sa\u0303o Jorge, north of the municipality of Sa\u0303o Filipe, will not particip ...","robots":{"index":"index","follow":"follow","max-snippet":"max-snippet:-1","max-image-preview":"max-image-preview:large","max-video-preview":"max-video-preview:-1"},"canonical":"https:\/\/www.africa-press.net\/cape-verde\/all-news\/unidos-do-norte-absent-from-regional-competitions-in-the-2023-24-season","og_locale":"en_US","og_type":"article","og_title":"Unidos do Norte absent from regional competitions in the 2023\/24 season - Cape Verde","og_description":"The Unidos do Norte football team from the town of Sa\u0303o Jorge, north of the municipality of Sa\u0303o Filipe, will not particip ...","og_url":"https:\/\/www.africa-press.net\/cape-verde\/all-news\/unidos-do-norte-absent-from-regional-competitions-in-the-2023-24-season","og_site_name":"Cape Verde","article_publisher":"https:\/\/www.facebook.com\/AfricaPressTunisiaa","article_published_time":"2023-10-22T11:31:38+00:00","article_modified_time":"2023-10-22T12:45:32+00:00","og_image":[{"width":800,"height":444,"url":"https:\/\/static.africa-press.net\/cape-verde\/sites\/66\/2023\/10\/sm_1697962355.813799.jpg","type":"image\/jpeg"}],"author":"cfeditoren","twitter_card":"summary_large_image","twitter_misc":{"Written by":"cfeditoren","Est. reading time":"3 minutes"},"schema":{"@context":"https:\/\/schema.org","@graph":[{"@type":"Article","@id":"https:\/\/www.africa-press.net\/cape-verde\/all-news\/unidos-do-norte-absent-from-regional-competitions-in-the-2023-24-season#article","isPartOf":{"@id":"https:\/\/www.africa-press.net\/cape-verde\/all-news\/unidos-do-norte-absent-from-regional-competitions-in-the-2023-24-season"},"author":{"name":"cfeditoren","@id":"https:\/\/www.africa-press.net\/cape-verde\/#\/schema\/person\/068c7ab4e9634ae78ec5d54ec46598bb"},"headline":"Unidos do Norte absent from regional competitions in the 2023\/24 season","datePublished":"2023-10-22T11:31:38+00:00","dateModified":"2023-10-22T12:45:32+00:00","mainEntityOfPage":{"@id":"https:\/\/www.africa-press.net\/cape-verde\/all-news\/unidos-do-norte-absent-from-regional-competitions-in-the-2023-24-season"},"wordCount":679,"commentCount":0,"image":{"@id":"https:\/\/www.africa-press.net\/cape-verde\/all-news\/unidos-do-norte-absent-from-regional-competitions-in-the-2023-24-season#primaryimage"},"thumbnailUrl":"https:\/\/static.africa-press.net\/cape-verde\/sites\/66\/2023\/10\/sm_1697962355.813799.jpg","keywords":["Africa Press","Africa Press-Cape verde","Cape verde"],"articleSection":["all news","sport"],"inLanguage":"en-US","potentialAction":[{"@type":"CommentAction","name":"Comment","target":["https:\/\/www.africa-press.net\/cape-verde\/all-news\/unidos-do-norte-absent-from-regional-competitions-in-the-2023-24-season#respond"]}]},{"@type":"WebPage","@id":"https:\/\/www.africa-press.net\/cape-verde\/all-news\/unidos-do-norte-absent-from-regional-competitions-in-the-2023-24-season","url":"https:\/\/www.africa-press.net\/cape-verde\/all-news\/unidos-do-norte-absent-from-regional-competitions-in-the-2023-24-season","name":"Unidos do Norte absent from regional competitions in the 2023\/24 season - Cape Verde","isPartOf":{"@id":"https:\/\/www.africa-press.net\/cape-verde\/#website"},"primaryImageOfPage":{"@id":"https:\/\/www.africa-press.net\/cape-verde\/all-news\/unidos-do-norte-absent-from-regional-competitions-in-the-2023-24-season#primaryimage"},"image":{"@id":"https:\/\/www.africa-press.net\/cape-verde\/all-news\/unidos-do-norte-absent-from-regional-competitions-in-the-2023-24-season#primaryimage"},"thumbnailUrl":"https:\/\/static.africa-press.net\/cape-verde\/sites\/66\/2023\/10\/sm_1697962355.813799.jpg","datePublished":"2023-10-22T11:31:38+00:00","dateModified":"2023-10-22T12:45:32+00:00","author":{"@id":"https:\/\/www.africa-press.net\/cape-verde\/#\/schema\/person\/068c7ab4e9634ae78ec5d54ec46598bb"},"description":"The Unidos do Norte football team from the town of Sa\u0303o Jorge, north of the municipality of Sa\u0303o Filipe, will not particip ...","breadcrumb":{"@id":"https:\/\/www.africa-press.net\/cape-verde\/all-news\/unidos-do-norte-absent-from-regional-competitions-in-the-2023-24-season#breadcrumb"},"inLanguage":"en-US","potentialAction":[{"@type":"ReadAction","target":["https:\/\/www.africa-press.net\/cape-verde\/all-news\/unidos-do-norte-absent-from-regional-competitions-in-the-2023-24-season"]}]},{"@type":"ImageObject","inLanguage":"en-US","@id":"https:\/\/www.africa-press.net\/cape-verde\/all-news\/unidos-do-norte-absent-from-regional-competitions-in-the-2023-24-season#primaryimage","url":"https:\/\/static.africa-press.net\/cape-verde\/sites\/66\/2023\/10\/sm_1697962355.813799.jpg","contentUrl":"https:\/\/static.africa-press.net\/cape-verde\/sites\/66\/2023\/10\/sm_1697962355.813799.jpg","width":800,"height":444,"caption":"Unidos do Norte absent from regional competitions in the 2023\/24 season"},{"@type":"BreadcrumbList","@id":"https:\/\/www.africa-press.net\/cape-verde\/all-news\/unidos-do-norte-absent-from-regional-competitions-in-the-2023-24-season#breadcrumb","itemListElement":[{"@type":"ListItem","position":1,"name":"Home","item":"https:\/\/www.africa-press.net\/cape-verde\/"},{"@type":"ListItem","position":2,"name":"Unidos do Norte absent from regional competitions in the 2023\/24 season"}]},{"@type":"WebSite","@id":"https:\/\/www.africa-press.net\/cape-verde\/#website","url":"https:\/\/www.africa-press.net\/cape-verde\/","name":"Cape Verde","description":"Just another Africa News Agency Sites site","potentialAction":[{"@type":"SearchAction","target":{"@type":"EntryPoint","urlTemplate":"https:\/\/www.africa-press.net\/cape-verde\/?s={search_term_string}"},"query-input":{"@type":"PropertyValueSpecification","valueRequired":true,"valueName":"search_term_string"}}],"inLanguage":"en-US"},{"@type":"Person","@id":"https:\/\/www.africa-press.net\/cape-verde\/#\/schema\/person\/068c7ab4e9634ae78ec5d54ec46598bb","name":"cfeditoren","image":{"@type":"ImageObject","inLanguage":"en-US","@id":"https:\/\/www.africa-press.net\/cape-verde\/#\/schema\/person\/image\/","url":"https:\/\/secure.gravatar.com\/avatar\/7417380fa9e23b5c57fdbfdaf3fdf92ee478f759a084addda5faa3732853e74a?s=96&d=mm&r=g","contentUrl":"https:\/\/secure.gravatar.com\/avatar\/7417380fa9e23b5c57fdbfdaf3fdf92ee478f759a084addda5faa3732853e74a?s=96&d=mm&r=g","caption":"cfeditoren"}}]}},"_links":{"self":[{"href":"https:\/\/www.africa-press.net\/cape-verde\/wp-json\/wp\/v2\/posts\/20378","targetHints":{"allow":["GET"]}}],"collection":[{"href":"https:\/\/www.africa-press.net\/cape-verde\/wp-json\/wp\/v2\/posts"}],"about":[{"href":"https:\/\/www.africa-press.net\/cape-verde\/wp-json\/wp\/v2\/types\/post"}],"author":[{"embeddable":true,"href":"https:\/\/www.africa-press.net\/cape-verde\/wp-json\/wp\/v2\/users\/84"}],"replies":[{"embeddable":true,"href":"https:\/\/www.africa-press.net\/cape-verde\/wp-json\/wp\/v2\/comments?post=20378"}],"version-history":[{"count":0,"href":"https:\/\/www.africa-press.net\/cape-verde\/wp-json\/wp\/v2\/posts\/20378\/revisions"}],"wp:featuredmedia":[{"embeddable":true,"href":"https:\/\/www.africa-press.net\/cape-verde\/wp-json\/wp\/v2\/media\/20377"}],"wp:attachment":[{"href":"https:\/\/www.africa-press.net\/cape-verde\/wp-json\/wp\/v2\/media?parent=20378"}],"wp:term":[{"taxonomy":"category","embeddable":true,"href":"https:\/\/www.africa-press.net\/cape-verde\/wp-json\/wp\/v2\/categories?post=20378"},{"taxonomy":"post_tag","embeddable":true,"href":"https:\/\/www.africa-press.net\/cape-verde\/wp-json\/wp\/v2\/tags?post=20378"}],"curies":[{"name":"wp","href":"https:\/\/api.w.org\/{rel}","templated":true}]}}