{"id":20423,"date":"2023-10-23T17:30:08","date_gmt":"2023-10-23T17:30:08","guid":{"rendered":"https:\/\/www.africa-press.net\/cape-verde\/all-news\/minister-of-inclusion-of-cape-verde-begins-official-visit-to-sao-tome-and-principe-today"},"modified":"2023-10-23T18:54:09","modified_gmt":"2023-10-23T18:54:09","slug":"minister-of-inclusion-of-cape-verde-begins-official-visit-to-sao-tome-and-principe-today","status":"publish","type":"post","link":"https:\/\/www.africa-press.net\/cape-verde\/all-news\/minister-of-inclusion-of-cape-verde-begins-official-visit-to-sao-tome-and-principe-today","title":{"rendered":"Minister of Inclusion of Cape Verde begins official visit to S\u00e3o Tom\u00e9 and Pr\u00edncipe today"},"content":{"rendered":"<p><span style=\"color: #ff6600\"><strong>Africa-Press &#8211; Cape verde. <\/strong><\/span>he Minister of Family, Inclusion and Social Development of Cape Verde begins today an official five-day visit to Sa\u0303o Tome\u0301 and Pri\u0301ncipe, a country where 1,134 Cape Verdeans who benefit from the Diaspora Pension live, the Government announced.<\/p>\n<p>Minister of Inclusion of Cape Verde begins official visit to Sa\u0303o Tome\u0301 and Pri\u0301ncipe today<\/p>\n<p>Minister Fernando Eli\u0301sio Freire will find out about the living conditions of the beneficiaries of that social benefit that aims to guarantee the protection of Cape Verdeans who live in extreme poverty in emigrant communities.<\/p>\n<p>The value of the pension has risen from 20 to 40.82 euros per month since 2019, and payment is made quarterly by embassies or consular representations.<\/p>\n<p>The official visit also aims to \u201cshare Cape Verde\u2019s experience in the social protection sector, namely in the implementation of programs and measures aimed at the most vulnerable families, children, people with disabilities and the elderly\u201d, the executive detailed in a statement. .<\/p>\n<p>The elimination of extreme poverty in Cape Verde by 2026 is one of the Government&#8217;s goals.<\/p>\n<p>The trip&#8217;s agenda also includes meetings with the President of Sa\u0303o Tome\u0301, Carlos Vila Nova, and the Prime Minister, Patrice Trovoada, both scheduled for today, in addition to other meetings with members of the Government and local authorities, until Friday.<\/p>\n<p><strong>For More News And Analysis About <a href=\"https:\/\/www.africa-press.net\/cape-verde\">Cape verde<\/a> Follow <a href=\"https:\/\/www.africa-press.net\/\">Africa-Press<\/a><\/strong><\/p>\n","protected":false},"excerpt":{"rendered":"<p>Africa-Press &#8211; Cape verde. he Minister of Family, Inclusion and Social Development of Cape Verde begins today an official five-day visit to Sa\u0303o Tome\u0301 and Pri\u0301ncipe, a country where 1,134 Cape Verdeans who benefit from the Diaspora Pension live, the Government announced. Minister of Inclusion of Cape Verde begins official visit to Sa\u0303o Tome\u0301 and [&hellip;]<\/p>\n","protected":false},"author":84,"featured_media":20422,"comment_status":"open","ping_status":"open","sticky":false,"template":"","format":"standard","meta":{"footnotes":""},"categories":[2,12],"tags":[233,331,328],"class_list":["post-20423","post","type-post","status-publish","format-standard","has-post-thumbnail","hentry","category-all-news","category-policy","tag-africa-press","tag-africa-press-cape-verde","tag-cape-verde"],"yoast_head":"<!-- This site is optimized with the Yoast SEO Premium plugin v26.1 (Yoast SEO v27.0) - https:\/\/yoast.com\/product\/yoast-seo-premium-wordpress\/ -->\n<title>Minister of Inclusion of Cape Verde begins official visit to S\u00e3o Tom\u00e9 and Pr\u00edncipe today - Cape Verde<\/title>\n<meta name=\"description\" content=\"he Minister of Family, Inclusion and Social Development of Cape Verde begins today an official five-day visit to Sa\u0303o To ...\" \/>\n<meta name=\"robots\" content=\"index, follow, max-snippet:-1, max-image-preview:large, max-video-preview:-1\" \/>\n<link rel=\"canonical\" href=\"https:\/\/www.africa-press.net\/cape-verde\/all-news\/minister-of-inclusion-of-cape-verde-begins-official-visit-to-sao-tome-and-principe-today\" \/>\n<meta property=\"og:locale\" content=\"en_US\" \/>\n<meta property=\"og:type\" content=\"article\" \/>\n<meta property=\"og:title\" content=\"Minister of Inclusion of Cape Verde begins official visit to S\u00e3o Tom\u00e9 and Pr\u00edncipe today - Cape Verde\" \/>\n<meta property=\"og:description\" content=\"he Minister of Family, Inclusion and Social Development of Cape Verde begins today an official five-day visit to Sa\u0303o To ...\" \/>\n<meta property=\"og:url\" content=\"https:\/\/www.africa-press.net\/cape-verde\/all-news\/minister-of-inclusion-of-cape-verde-begins-official-visit-to-sao-tome-and-principe-today\" \/>\n<meta property=\"og:site_name\" content=\"Cape Verde\" \/>\n<meta property=\"article:publisher\" content=\"https:\/\/www.facebook.com\/AfricaPressTunisiaa\" \/>\n<meta property=\"article:published_time\" content=\"2023-10-23T17:30:08+00:00\" \/>\n<meta property=\"article:modified_time\" content=\"2023-10-23T18:54:09+00:00\" \/>\n<meta property=\"og:image\" content=\"https:\/\/static.africa-press.net\/cape-verde\/sites\/66\/2023\/10\/sm_1698070789.531291.jpg\" \/>\n\t<meta property=\"og:image:width\" content=\"800\" \/>\n\t<meta property=\"og:image:height\" content=\"444\" \/>\n\t<meta property=\"og:image:type\" content=\"image\/jpeg\" \/>\n<meta name=\"author\" content=\"cfeditoren\" \/>\n<meta name=\"twitter:card\" content=\"summary_large_image\" \/>\n<meta name=\"twitter:label1\" content=\"Written by\" \/>\n\t<meta name=\"twitter:data1\" content=\"cfeditoren\" \/>\n\t<meta name=\"twitter:label2\" content=\"Est. reading time\" \/>\n\t<meta name=\"twitter:data2\" content=\"1 minute\" \/>\n<script type=\"application\/ld+json\" class=\"yoast-schema-graph\">{\"@context\":\"https:\/\/schema.org\",\"@graph\":[{\"@type\":\"Article\",\"@id\":\"https:\/\/www.africa-press.net\/cape-verde\/all-news\/minister-of-inclusion-of-cape-verde-begins-official-visit-to-sao-tome-and-principe-today#article\",\"isPartOf\":{\"@id\":\"https:\/\/www.africa-press.net\/cape-verde\/all-news\/minister-of-inclusion-of-cape-verde-begins-official-visit-to-sao-tome-and-principe-today\"},\"author\":{\"name\":\"cfeditoren\",\"@id\":\"https:\/\/www.africa-press.net\/cape-verde\/#\/schema\/person\/068c7ab4e9634ae78ec5d54ec46598bb\"},\"headline\":\"Minister of Inclusion of Cape Verde begins official visit to S\u00e3o Tom\u00e9 and Pr\u00edncipe today\",\"datePublished\":\"2023-10-23T17:30:08+00:00\",\"dateModified\":\"2023-10-23T18:54:09+00:00\",\"mainEntityOfPage\":{\"@id\":\"https:\/\/www.africa-press.net\/cape-verde\/all-news\/minister-of-inclusion-of-cape-verde-begins-official-visit-to-sao-tome-and-principe-today\"},\"wordCount\":247,\"commentCount\":0,\"image\":{\"@id\":\"https:\/\/www.africa-press.net\/cape-verde\/all-news\/minister-of-inclusion-of-cape-verde-begins-official-visit-to-sao-tome-and-principe-today#primaryimage\"},\"thumbnailUrl\":\"https:\/\/static.africa-press.net\/cape-verde\/sites\/66\/2023\/10\/sm_1698070789.531291.jpg\",\"keywords\":[\"Africa Press\",\"Africa Press-Cape verde\",\"Cape verde\"],\"articleSection\":[\"all news\",\"policy\"],\"inLanguage\":\"en-US\",\"potentialAction\":[{\"@type\":\"CommentAction\",\"name\":\"Comment\",\"target\":[\"https:\/\/www.africa-press.net\/cape-verde\/all-news\/minister-of-inclusion-of-cape-verde-begins-official-visit-to-sao-tome-and-principe-today#respond\"]}]},{\"@type\":\"WebPage\",\"@id\":\"https:\/\/www.africa-press.net\/cape-verde\/all-news\/minister-of-inclusion-of-cape-verde-begins-official-visit-to-sao-tome-and-principe-today\",\"url\":\"https:\/\/www.africa-press.net\/cape-verde\/all-news\/minister-of-inclusion-of-cape-verde-begins-official-visit-to-sao-tome-and-principe-today\",\"name\":\"Minister of Inclusion of Cape Verde begins official visit to S\u00e3o Tom\u00e9 and Pr\u00edncipe today - Cape Verde\",\"isPartOf\":{\"@id\":\"https:\/\/www.africa-press.net\/cape-verde\/#website\"},\"primaryImageOfPage\":{\"@id\":\"https:\/\/www.africa-press.net\/cape-verde\/all-news\/minister-of-inclusion-of-cape-verde-begins-official-visit-to-sao-tome-and-principe-today#primaryimage\"},\"image\":{\"@id\":\"https:\/\/www.africa-press.net\/cape-verde\/all-news\/minister-of-inclusion-of-cape-verde-begins-official-visit-to-sao-tome-and-principe-today#primaryimage\"},\"thumbnailUrl\":\"https:\/\/static.africa-press.net\/cape-verde\/sites\/66\/2023\/10\/sm_1698070789.531291.jpg\",\"datePublished\":\"2023-10-23T17:30:08+00:00\",\"dateModified\":\"2023-10-23T18:54:09+00:00\",\"author\":{\"@id\":\"https:\/\/www.africa-press.net\/cape-verde\/#\/schema\/person\/068c7ab4e9634ae78ec5d54ec46598bb\"},\"description\":\"he Minister of Family, Inclusion and Social Development of Cape Verde begins today an official five-day visit to Sa\u0303o To ...\",\"breadcrumb\":{\"@id\":\"https:\/\/www.africa-press.net\/cape-verde\/all-news\/minister-of-inclusion-of-cape-verde-begins-official-visit-to-sao-tome-and-principe-today#breadcrumb\"},\"inLanguage\":\"en-US\",\"potentialAction\":[{\"@type\":\"ReadAction\",\"target\":[\"https:\/\/www.africa-press.net\/cape-verde\/all-news\/minister-of-inclusion-of-cape-verde-begins-official-visit-to-sao-tome-and-principe-today\"]}]},{\"@type\":\"ImageObject\",\"inLanguage\":\"en-US\",\"@id\":\"https:\/\/www.africa-press.net\/cape-verde\/all-news\/minister-of-inclusion-of-cape-verde-begins-official-visit-to-sao-tome-and-principe-today#primaryimage\",\"url\":\"https:\/\/static.africa-press.net\/cape-verde\/sites\/66\/2023\/10\/sm_1698070789.531291.jpg\",\"contentUrl\":\"https:\/\/static.africa-press.net\/cape-verde\/sites\/66\/2023\/10\/sm_1698070789.531291.jpg\",\"width\":800,\"height\":444,\"caption\":\"Minister of Inclusion of Cape Verde begins official visit to S\u00e3o Tom\u00e9 and Pr\u00edncipe today\"},{\"@type\":\"BreadcrumbList\",\"@id\":\"https:\/\/www.africa-press.net\/cape-verde\/all-news\/minister-of-inclusion-of-cape-verde-begins-official-visit-to-sao-tome-and-principe-today#breadcrumb\",\"itemListElement\":[{\"@type\":\"ListItem\",\"position\":1,\"name\":\"Home\",\"item\":\"https:\/\/www.africa-press.net\/cape-verde\/\"},{\"@type\":\"ListItem\",\"position\":2,\"name\":\"Minister of Inclusion of Cape Verde begins official visit to S\u00e3o Tom\u00e9 and Pr\u00edncipe today\"}]},{\"@type\":\"WebSite\",\"@id\":\"https:\/\/www.africa-press.net\/cape-verde\/#website\",\"url\":\"https:\/\/www.africa-press.net\/cape-verde\/\",\"name\":\"Cape Verde\",\"description\":\"Just another Africa News Agency Sites site\",\"potentialAction\":[{\"@type\":\"SearchAction\",\"target\":{\"@type\":\"EntryPoint\",\"urlTemplate\":\"https:\/\/www.africa-press.net\/cape-verde\/?s={search_term_string}\"},\"query-input\":{\"@type\":\"PropertyValueSpecification\",\"valueRequired\":true,\"valueName\":\"search_term_string\"}}],\"inLanguage\":\"en-US\"},{\"@type\":\"Person\",\"@id\":\"https:\/\/www.africa-press.net\/cape-verde\/#\/schema\/person\/068c7ab4e9634ae78ec5d54ec46598bb\",\"name\":\"cfeditoren\",\"image\":{\"@type\":\"ImageObject\",\"inLanguage\":\"en-US\",\"@id\":\"https:\/\/www.africa-press.net\/cape-verde\/#\/schema\/person\/image\/\",\"url\":\"https:\/\/secure.gravatar.com\/avatar\/7417380fa9e23b5c57fdbfdaf3fdf92ee478f759a084addda5faa3732853e74a?s=96&d=mm&r=g\",\"contentUrl\":\"https:\/\/secure.gravatar.com\/avatar\/7417380fa9e23b5c57fdbfdaf3fdf92ee478f759a084addda5faa3732853e74a?s=96&d=mm&r=g\",\"caption\":\"cfeditoren\"}}]}<\/script>\n<!-- \/ Yoast SEO Premium plugin. -->","yoast_head_json":{"title":"Minister of Inclusion of Cape Verde begins official visit to S\u00e3o Tom\u00e9 and Pr\u00edncipe today - Cape Verde","description":"he Minister of Family, Inclusion and Social Development of Cape Verde begins today an official five-day visit to Sa\u0303o To ...","robots":{"index":"index","follow":"follow","max-snippet":"max-snippet:-1","max-image-preview":"max-image-preview:large","max-video-preview":"max-video-preview:-1"},"canonical":"https:\/\/www.africa-press.net\/cape-verde\/all-news\/minister-of-inclusion-of-cape-verde-begins-official-visit-to-sao-tome-and-principe-today","og_locale":"en_US","og_type":"article","og_title":"Minister of Inclusion of Cape Verde begins official visit to S\u00e3o Tom\u00e9 and Pr\u00edncipe today - Cape Verde","og_description":"he Minister of Family, Inclusion and Social Development of Cape Verde begins today an official five-day visit to Sa\u0303o To ...","og_url":"https:\/\/www.africa-press.net\/cape-verde\/all-news\/minister-of-inclusion-of-cape-verde-begins-official-visit-to-sao-tome-and-principe-today","og_site_name":"Cape Verde","article_publisher":"https:\/\/www.facebook.com\/AfricaPressTunisiaa","article_published_time":"2023-10-23T17:30:08+00:00","article_modified_time":"2023-10-23T18:54:09+00:00","og_image":[{"width":800,"height":444,"url":"https:\/\/static.africa-press.net\/cape-verde\/sites\/66\/2023\/10\/sm_1698070789.531291.jpg","type":"image\/jpeg"}],"author":"cfeditoren","twitter_card":"summary_large_image","twitter_misc":{"Written by":"cfeditoren","Est. reading time":"1 minute"},"schema":{"@context":"https:\/\/schema.org","@graph":[{"@type":"Article","@id":"https:\/\/www.africa-press.net\/cape-verde\/all-news\/minister-of-inclusion-of-cape-verde-begins-official-visit-to-sao-tome-and-principe-today#article","isPartOf":{"@id":"https:\/\/www.africa-press.net\/cape-verde\/all-news\/minister-of-inclusion-of-cape-verde-begins-official-visit-to-sao-tome-and-principe-today"},"author":{"name":"cfeditoren","@id":"https:\/\/www.africa-press.net\/cape-verde\/#\/schema\/person\/068c7ab4e9634ae78ec5d54ec46598bb"},"headline":"Minister of Inclusion of Cape Verde begins official visit to S\u00e3o Tom\u00e9 and Pr\u00edncipe today","datePublished":"2023-10-23T17:30:08+00:00","dateModified":"2023-10-23T18:54:09+00:00","mainEntityOfPage":{"@id":"https:\/\/www.africa-press.net\/cape-verde\/all-news\/minister-of-inclusion-of-cape-verde-begins-official-visit-to-sao-tome-and-principe-today"},"wordCount":247,"commentCount":0,"image":{"@id":"https:\/\/www.africa-press.net\/cape-verde\/all-news\/minister-of-inclusion-of-cape-verde-begins-official-visit-to-sao-tome-and-principe-today#primaryimage"},"thumbnailUrl":"https:\/\/static.africa-press.net\/cape-verde\/sites\/66\/2023\/10\/sm_1698070789.531291.jpg","keywords":["Africa Press","Africa Press-Cape verde","Cape verde"],"articleSection":["all news","policy"],"inLanguage":"en-US","potentialAction":[{"@type":"CommentAction","name":"Comment","target":["https:\/\/www.africa-press.net\/cape-verde\/all-news\/minister-of-inclusion-of-cape-verde-begins-official-visit-to-sao-tome-and-principe-today#respond"]}]},{"@type":"WebPage","@id":"https:\/\/www.africa-press.net\/cape-verde\/all-news\/minister-of-inclusion-of-cape-verde-begins-official-visit-to-sao-tome-and-principe-today","url":"https:\/\/www.africa-press.net\/cape-verde\/all-news\/minister-of-inclusion-of-cape-verde-begins-official-visit-to-sao-tome-and-principe-today","name":"Minister of Inclusion of Cape Verde begins official visit to S\u00e3o Tom\u00e9 and Pr\u00edncipe today - Cape Verde","isPartOf":{"@id":"https:\/\/www.africa-press.net\/cape-verde\/#website"},"primaryImageOfPage":{"@id":"https:\/\/www.africa-press.net\/cape-verde\/all-news\/minister-of-inclusion-of-cape-verde-begins-official-visit-to-sao-tome-and-principe-today#primaryimage"},"image":{"@id":"https:\/\/www.africa-press.net\/cape-verde\/all-news\/minister-of-inclusion-of-cape-verde-begins-official-visit-to-sao-tome-and-principe-today#primaryimage"},"thumbnailUrl":"https:\/\/static.africa-press.net\/cape-verde\/sites\/66\/2023\/10\/sm_1698070789.531291.jpg","datePublished":"2023-10-23T17:30:08+00:00","dateModified":"2023-10-23T18:54:09+00:00","author":{"@id":"https:\/\/www.africa-press.net\/cape-verde\/#\/schema\/person\/068c7ab4e9634ae78ec5d54ec46598bb"},"description":"he Minister of Family, Inclusion and Social Development of Cape Verde begins today an official five-day visit to Sa\u0303o To ...","breadcrumb":{"@id":"https:\/\/www.africa-press.net\/cape-verde\/all-news\/minister-of-inclusion-of-cape-verde-begins-official-visit-to-sao-tome-and-principe-today#breadcrumb"},"inLanguage":"en-US","potentialAction":[{"@type":"ReadAction","target":["https:\/\/www.africa-press.net\/cape-verde\/all-news\/minister-of-inclusion-of-cape-verde-begins-official-visit-to-sao-tome-and-principe-today"]}]},{"@type":"ImageObject","inLanguage":"en-US","@id":"https:\/\/www.africa-press.net\/cape-verde\/all-news\/minister-of-inclusion-of-cape-verde-begins-official-visit-to-sao-tome-and-principe-today#primaryimage","url":"https:\/\/static.africa-press.net\/cape-verde\/sites\/66\/2023\/10\/sm_1698070789.531291.jpg","contentUrl":"https:\/\/static.africa-press.net\/cape-verde\/sites\/66\/2023\/10\/sm_1698070789.531291.jpg","width":800,"height":444,"caption":"Minister of Inclusion of Cape Verde begins official visit to S\u00e3o Tom\u00e9 and Pr\u00edncipe today"},{"@type":"BreadcrumbList","@id":"https:\/\/www.africa-press.net\/cape-verde\/all-news\/minister-of-inclusion-of-cape-verde-begins-official-visit-to-sao-tome-and-principe-today#breadcrumb","itemListElement":[{"@type":"ListItem","position":1,"name":"Home","item":"https:\/\/www.africa-press.net\/cape-verde\/"},{"@type":"ListItem","position":2,"name":"Minister of Inclusion of Cape Verde begins official visit to S\u00e3o Tom\u00e9 and Pr\u00edncipe today"}]},{"@type":"WebSite","@id":"https:\/\/www.africa-press.net\/cape-verde\/#website","url":"https:\/\/www.africa-press.net\/cape-verde\/","name":"Cape Verde","description":"Just another Africa News Agency Sites site","potentialAction":[{"@type":"SearchAction","target":{"@type":"EntryPoint","urlTemplate":"https:\/\/www.africa-press.net\/cape-verde\/?s={search_term_string}"},"query-input":{"@type":"PropertyValueSpecification","valueRequired":true,"valueName":"search_term_string"}}],"inLanguage":"en-US"},{"@type":"Person","@id":"https:\/\/www.africa-press.net\/cape-verde\/#\/schema\/person\/068c7ab4e9634ae78ec5d54ec46598bb","name":"cfeditoren","image":{"@type":"ImageObject","inLanguage":"en-US","@id":"https:\/\/www.africa-press.net\/cape-verde\/#\/schema\/person\/image\/","url":"https:\/\/secure.gravatar.com\/avatar\/7417380fa9e23b5c57fdbfdaf3fdf92ee478f759a084addda5faa3732853e74a?s=96&d=mm&r=g","contentUrl":"https:\/\/secure.gravatar.com\/avatar\/7417380fa9e23b5c57fdbfdaf3fdf92ee478f759a084addda5faa3732853e74a?s=96&d=mm&r=g","caption":"cfeditoren"}}]}},"_links":{"self":[{"href":"https:\/\/www.africa-press.net\/cape-verde\/wp-json\/wp\/v2\/posts\/20423","targetHints":{"allow":["GET"]}}],"collection":[{"href":"https:\/\/www.africa-press.net\/cape-verde\/wp-json\/wp\/v2\/posts"}],"about":[{"href":"https:\/\/www.africa-press.net\/cape-verde\/wp-json\/wp\/v2\/types\/post"}],"author":[{"embeddable":true,"href":"https:\/\/www.africa-press.net\/cape-verde\/wp-json\/wp\/v2\/users\/84"}],"replies":[{"embeddable":true,"href":"https:\/\/www.africa-press.net\/cape-verde\/wp-json\/wp\/v2\/comments?post=20423"}],"version-history":[{"count":0,"href":"https:\/\/www.africa-press.net\/cape-verde\/wp-json\/wp\/v2\/posts\/20423\/revisions"}],"wp:featuredmedia":[{"embeddable":true,"href":"https:\/\/www.africa-press.net\/cape-verde\/wp-json\/wp\/v2\/media\/20422"}],"wp:attachment":[{"href":"https:\/\/www.africa-press.net\/cape-verde\/wp-json\/wp\/v2\/media?parent=20423"}],"wp:term":[{"taxonomy":"category","embeddable":true,"href":"https:\/\/www.africa-press.net\/cape-verde\/wp-json\/wp\/v2\/categories?post=20423"},{"taxonomy":"post_tag","embeddable":true,"href":"https:\/\/www.africa-press.net\/cape-verde\/wp-json\/wp\/v2\/tags?post=20423"}],"curies":[{"name":"wp","href":"https:\/\/api.w.org\/{rel}","templated":true}]}}