{"id":20495,"date":"2023-10-26T11:03:19","date_gmt":"2023-10-26T11:03:19","guid":{"rendered":"https:\/\/www.africa-press.net\/cape-verde\/all-news\/fogo-resident-representative-of-the-undp-participates-in-the-closing-of-the-ii-edition-of-the-sao-filipe-coding-summer-boot-camp"},"modified":"2023-10-26T12:44:14","modified_gmt":"2023-10-26T12:44:14","slug":"fogo-resident-representative-of-the-undp-participates-in-the-closing-of-the-ii-edition-of-the-sao-filipe-coding-summer-boot-camp","status":"publish","type":"post","link":"https:\/\/www.africa-press.net\/cape-verde\/all-news\/fogo-resident-representative-of-the-undp-participates-in-the-closing-of-the-ii-edition-of-the-sao-filipe-coding-summer-boot-camp","title":{"rendered":"Fogo: Resident representative of the UNDP participates in the closing of the II edition of the S\u00e3o Filipe Coding Summer Boot Camp"},"content":{"rendered":"<p><span style=\"color: #ff6600\"><strong>Africa-Press &#8211; Cape verde. <\/strong><\/span>The resident representative of the United Nations Development Program (UNDP), David Matern, participates on Thursday, on the island of Fogo, at the closing of the II edition of the S\u00e3o Filipe Coding Summer Boot Camp.<\/p>\n<p>Fogo: Resident representative of the UNDP participates in the closing of the II edition of the S\u00e3o Filipe Coding Summer Boot Camp. \u201cS\u00e3o Filipe Coding Summer Boot Camp\u201d is a municipal project that aims to teach children, teenagers and young people in S\u00e3o Filipe the language of the future, and in the first edition held in the summer of 2022 it included more than four dozen children\/young people and in the second edition, which closes on Wednesday, benefited 33 children, teenagers and young people who will receive their certificates.<\/p>\n<p>This project is implemented thanks to several partners, one of the main ones being the UNDP, which financed the acquisition of most of the equipment that served as the basis for this program.<\/p>\n<p>In addition to participating in the closing ceremony of the II Edition of the \u201cS\u00e3o Filipe Coding Summer Boot Camp\u201d, the UNDP resident representative has scheduled a meeting with the mayor of S\u00e3o Filipe. The opening of the 41st meeting of the GEF SGP National Steering Committee, meeting with the focal point of the \u201cS\u00e3o Filipe Smart Tour\u201d project and visit to the intervention sites of the Vit\u00f3 Project Association, namely Cabe\u00e7a Fund\u00e3o, Ch\u00e3 das Caldeiras and Monte Velha make also part of the visit program.<\/p>\n<p>The closing of the II edition of the \u201cS\u00e3o Filipe Coding Summer Boot Camp\u201d takes place at the Casa das Bandeiras facilities and coincides with the III edition of the \u201cGala de Excel\u00eancia Escolar\u201d, an event that aims to award prizes to the 41 best students each year school, of the four groups in the municipality of S\u00e3o Filipe.<\/p>\n<p><strong>For More News And Analysis About <a href=\"https:\/\/www.africa-press.net\/cape-verde\">Cape verde<\/a> Follow <a href=\"https:\/\/www.africa-press.net\/\">Africa-Press<\/a><\/strong><\/p>\n","protected":false},"excerpt":{"rendered":"<p>Africa-Press &#8211; Cape verde. The resident representative of the United Nations Development Program (UNDP), David Matern, participates on Thursday, on the island of Fogo, at the closing of the II edition of the S\u00e3o Filipe Coding Summer Boot Camp. Fogo: Resident representative of the UNDP participates in the closing of the II edition of the [&hellip;]<\/p>\n","protected":false},"author":84,"featured_media":20494,"comment_status":"open","ping_status":"open","sticky":false,"template":"","format":"standard","meta":{"footnotes":""},"categories":[2,12],"tags":[233,331,328],"class_list":["post-20495","post","type-post","status-publish","format-standard","has-post-thumbnail","hentry","category-all-news","category-policy","tag-africa-press","tag-africa-press-cape-verde","tag-cape-verde"],"yoast_head":"<!-- This site is optimized with the Yoast SEO Premium plugin v26.1 (Yoast SEO v27.0) - https:\/\/yoast.com\/product\/yoast-seo-premium-wordpress\/ -->\n<title>Fogo: Resident representative of the UNDP participates in the closing of the II edition of the S\u00e3o Filipe Coding Summer Boot Camp - Cape Verde<\/title>\n<meta name=\"description\" content=\"The resident representative of the United Nations Development Program (UNDP), David Matern, participates on Thursday, on ...\" \/>\n<meta name=\"robots\" content=\"index, follow, max-snippet:-1, max-image-preview:large, max-video-preview:-1\" \/>\n<link rel=\"canonical\" href=\"https:\/\/www.africa-press.net\/cape-verde\/all-news\/fogo-resident-representative-of-the-undp-participates-in-the-closing-of-the-ii-edition-of-the-sao-filipe-coding-summer-boot-camp\" \/>\n<meta property=\"og:locale\" content=\"en_US\" \/>\n<meta property=\"og:type\" content=\"article\" \/>\n<meta property=\"og:title\" content=\"Fogo: Resident representative of the UNDP participates in the closing of the II edition of the S\u00e3o Filipe Coding Summer Boot Camp - Cape Verde\" \/>\n<meta property=\"og:description\" content=\"The resident representative of the United Nations Development Program (UNDP), David Matern, participates on Thursday, on ...\" \/>\n<meta property=\"og:url\" content=\"https:\/\/www.africa-press.net\/cape-verde\/all-news\/fogo-resident-representative-of-the-undp-participates-in-the-closing-of-the-ii-edition-of-the-sao-filipe-coding-summer-boot-camp\" \/>\n<meta property=\"og:site_name\" content=\"Cape Verde\" \/>\n<meta property=\"article:publisher\" content=\"https:\/\/www.facebook.com\/AfricaPressTunisiaa\" \/>\n<meta property=\"article:published_time\" content=\"2023-10-26T11:03:19+00:00\" \/>\n<meta property=\"article:modified_time\" content=\"2023-10-26T12:44:14+00:00\" \/>\n<meta property=\"og:image\" content=\"https:\/\/static.africa-press.net\/cape-verde\/sites\/66\/2023\/10\/sm_1698307871.418483.jpg\" \/>\n\t<meta property=\"og:image:width\" content=\"800\" \/>\n\t<meta property=\"og:image:height\" content=\"444\" \/>\n\t<meta property=\"og:image:type\" content=\"image\/jpeg\" \/>\n<meta name=\"author\" content=\"cfeditoren\" \/>\n<meta name=\"twitter:card\" content=\"summary_large_image\" \/>\n<meta name=\"twitter:label1\" content=\"Written by\" \/>\n\t<meta name=\"twitter:data1\" content=\"cfeditoren\" \/>\n\t<meta name=\"twitter:label2\" content=\"Est. reading time\" \/>\n\t<meta name=\"twitter:data2\" content=\"2 minutes\" \/>\n<script type=\"application\/ld+json\" class=\"yoast-schema-graph\">{\"@context\":\"https:\/\/schema.org\",\"@graph\":[{\"@type\":\"Article\",\"@id\":\"https:\/\/www.africa-press.net\/cape-verde\/all-news\/fogo-resident-representative-of-the-undp-participates-in-the-closing-of-the-ii-edition-of-the-sao-filipe-coding-summer-boot-camp#article\",\"isPartOf\":{\"@id\":\"https:\/\/www.africa-press.net\/cape-verde\/all-news\/fogo-resident-representative-of-the-undp-participates-in-the-closing-of-the-ii-edition-of-the-sao-filipe-coding-summer-boot-camp\"},\"author\":{\"name\":\"cfeditoren\",\"@id\":\"https:\/\/www.africa-press.net\/cape-verde\/#\/schema\/person\/068c7ab4e9634ae78ec5d54ec46598bb\"},\"headline\":\"Fogo: Resident representative of the UNDP participates in the closing of the II edition of the S\u00e3o Filipe Coding Summer Boot Camp\",\"datePublished\":\"2023-10-26T11:03:19+00:00\",\"dateModified\":\"2023-10-26T12:44:14+00:00\",\"mainEntityOfPage\":{\"@id\":\"https:\/\/www.africa-press.net\/cape-verde\/all-news\/fogo-resident-representative-of-the-undp-participates-in-the-closing-of-the-ii-edition-of-the-sao-filipe-coding-summer-boot-camp\"},\"wordCount\":349,\"commentCount\":0,\"image\":{\"@id\":\"https:\/\/www.africa-press.net\/cape-verde\/all-news\/fogo-resident-representative-of-the-undp-participates-in-the-closing-of-the-ii-edition-of-the-sao-filipe-coding-summer-boot-camp#primaryimage\"},\"thumbnailUrl\":\"https:\/\/static.africa-press.net\/cape-verde\/sites\/66\/2023\/10\/sm_1698307871.418483.jpg\",\"keywords\":[\"Africa Press\",\"Africa Press-Cape verde\",\"Cape verde\"],\"articleSection\":[\"all news\",\"policy\"],\"inLanguage\":\"en-US\",\"potentialAction\":[{\"@type\":\"CommentAction\",\"name\":\"Comment\",\"target\":[\"https:\/\/www.africa-press.net\/cape-verde\/all-news\/fogo-resident-representative-of-the-undp-participates-in-the-closing-of-the-ii-edition-of-the-sao-filipe-coding-summer-boot-camp#respond\"]}]},{\"@type\":\"WebPage\",\"@id\":\"https:\/\/www.africa-press.net\/cape-verde\/all-news\/fogo-resident-representative-of-the-undp-participates-in-the-closing-of-the-ii-edition-of-the-sao-filipe-coding-summer-boot-camp\",\"url\":\"https:\/\/www.africa-press.net\/cape-verde\/all-news\/fogo-resident-representative-of-the-undp-participates-in-the-closing-of-the-ii-edition-of-the-sao-filipe-coding-summer-boot-camp\",\"name\":\"Fogo: Resident representative of the UNDP participates in the closing of the II edition of the S\u00e3o Filipe Coding Summer Boot Camp - Cape Verde\",\"isPartOf\":{\"@id\":\"https:\/\/www.africa-press.net\/cape-verde\/#website\"},\"primaryImageOfPage\":{\"@id\":\"https:\/\/www.africa-press.net\/cape-verde\/all-news\/fogo-resident-representative-of-the-undp-participates-in-the-closing-of-the-ii-edition-of-the-sao-filipe-coding-summer-boot-camp#primaryimage\"},\"image\":{\"@id\":\"https:\/\/www.africa-press.net\/cape-verde\/all-news\/fogo-resident-representative-of-the-undp-participates-in-the-closing-of-the-ii-edition-of-the-sao-filipe-coding-summer-boot-camp#primaryimage\"},\"thumbnailUrl\":\"https:\/\/static.africa-press.net\/cape-verde\/sites\/66\/2023\/10\/sm_1698307871.418483.jpg\",\"datePublished\":\"2023-10-26T11:03:19+00:00\",\"dateModified\":\"2023-10-26T12:44:14+00:00\",\"author\":{\"@id\":\"https:\/\/www.africa-press.net\/cape-verde\/#\/schema\/person\/068c7ab4e9634ae78ec5d54ec46598bb\"},\"description\":\"The resident representative of the United Nations Development Program (UNDP), David Matern, participates on Thursday, on ...\",\"breadcrumb\":{\"@id\":\"https:\/\/www.africa-press.net\/cape-verde\/all-news\/fogo-resident-representative-of-the-undp-participates-in-the-closing-of-the-ii-edition-of-the-sao-filipe-coding-summer-boot-camp#breadcrumb\"},\"inLanguage\":\"en-US\",\"potentialAction\":[{\"@type\":\"ReadAction\",\"target\":[\"https:\/\/www.africa-press.net\/cape-verde\/all-news\/fogo-resident-representative-of-the-undp-participates-in-the-closing-of-the-ii-edition-of-the-sao-filipe-coding-summer-boot-camp\"]}]},{\"@type\":\"ImageObject\",\"inLanguage\":\"en-US\",\"@id\":\"https:\/\/www.africa-press.net\/cape-verde\/all-news\/fogo-resident-representative-of-the-undp-participates-in-the-closing-of-the-ii-edition-of-the-sao-filipe-coding-summer-boot-camp#primaryimage\",\"url\":\"https:\/\/static.africa-press.net\/cape-verde\/sites\/66\/2023\/10\/sm_1698307871.418483.jpg\",\"contentUrl\":\"https:\/\/static.africa-press.net\/cape-verde\/sites\/66\/2023\/10\/sm_1698307871.418483.jpg\",\"width\":800,\"height\":444,\"caption\":\"Fogo: Resident representative of the UNDP participates in the closing of the II edition of the S\u00e3o Filipe Coding Summer Boot Camp\"},{\"@type\":\"BreadcrumbList\",\"@id\":\"https:\/\/www.africa-press.net\/cape-verde\/all-news\/fogo-resident-representative-of-the-undp-participates-in-the-closing-of-the-ii-edition-of-the-sao-filipe-coding-summer-boot-camp#breadcrumb\",\"itemListElement\":[{\"@type\":\"ListItem\",\"position\":1,\"name\":\"Home\",\"item\":\"https:\/\/www.africa-press.net\/cape-verde\/\"},{\"@type\":\"ListItem\",\"position\":2,\"name\":\"Fogo: Resident representative of the UNDP participates in the closing of the II edition of the S\u00e3o Filipe Coding Summer Boot Camp\"}]},{\"@type\":\"WebSite\",\"@id\":\"https:\/\/www.africa-press.net\/cape-verde\/#website\",\"url\":\"https:\/\/www.africa-press.net\/cape-verde\/\",\"name\":\"Cape Verde\",\"description\":\"Just another Africa News Agency Sites site\",\"potentialAction\":[{\"@type\":\"SearchAction\",\"target\":{\"@type\":\"EntryPoint\",\"urlTemplate\":\"https:\/\/www.africa-press.net\/cape-verde\/?s={search_term_string}\"},\"query-input\":{\"@type\":\"PropertyValueSpecification\",\"valueRequired\":true,\"valueName\":\"search_term_string\"}}],\"inLanguage\":\"en-US\"},{\"@type\":\"Person\",\"@id\":\"https:\/\/www.africa-press.net\/cape-verde\/#\/schema\/person\/068c7ab4e9634ae78ec5d54ec46598bb\",\"name\":\"cfeditoren\",\"image\":{\"@type\":\"ImageObject\",\"inLanguage\":\"en-US\",\"@id\":\"https:\/\/www.africa-press.net\/cape-verde\/#\/schema\/person\/image\/\",\"url\":\"https:\/\/secure.gravatar.com\/avatar\/7417380fa9e23b5c57fdbfdaf3fdf92ee478f759a084addda5faa3732853e74a?s=96&d=mm&r=g\",\"contentUrl\":\"https:\/\/secure.gravatar.com\/avatar\/7417380fa9e23b5c57fdbfdaf3fdf92ee478f759a084addda5faa3732853e74a?s=96&d=mm&r=g\",\"caption\":\"cfeditoren\"}}]}<\/script>\n<!-- \/ Yoast SEO Premium plugin. -->","yoast_head_json":{"title":"Fogo: Resident representative of the UNDP participates in the closing of the II edition of the S\u00e3o Filipe Coding Summer Boot Camp - Cape Verde","description":"The resident representative of the United Nations Development Program (UNDP), David Matern, participates on Thursday, on ...","robots":{"index":"index","follow":"follow","max-snippet":"max-snippet:-1","max-image-preview":"max-image-preview:large","max-video-preview":"max-video-preview:-1"},"canonical":"https:\/\/www.africa-press.net\/cape-verde\/all-news\/fogo-resident-representative-of-the-undp-participates-in-the-closing-of-the-ii-edition-of-the-sao-filipe-coding-summer-boot-camp","og_locale":"en_US","og_type":"article","og_title":"Fogo: Resident representative of the UNDP participates in the closing of the II edition of the S\u00e3o Filipe Coding Summer Boot Camp - Cape Verde","og_description":"The resident representative of the United Nations Development Program (UNDP), David Matern, participates on Thursday, on ...","og_url":"https:\/\/www.africa-press.net\/cape-verde\/all-news\/fogo-resident-representative-of-the-undp-participates-in-the-closing-of-the-ii-edition-of-the-sao-filipe-coding-summer-boot-camp","og_site_name":"Cape Verde","article_publisher":"https:\/\/www.facebook.com\/AfricaPressTunisiaa","article_published_time":"2023-10-26T11:03:19+00:00","article_modified_time":"2023-10-26T12:44:14+00:00","og_image":[{"width":800,"height":444,"url":"https:\/\/static.africa-press.net\/cape-verde\/sites\/66\/2023\/10\/sm_1698307871.418483.jpg","type":"image\/jpeg"}],"author":"cfeditoren","twitter_card":"summary_large_image","twitter_misc":{"Written by":"cfeditoren","Est. reading time":"2 minutes"},"schema":{"@context":"https:\/\/schema.org","@graph":[{"@type":"Article","@id":"https:\/\/www.africa-press.net\/cape-verde\/all-news\/fogo-resident-representative-of-the-undp-participates-in-the-closing-of-the-ii-edition-of-the-sao-filipe-coding-summer-boot-camp#article","isPartOf":{"@id":"https:\/\/www.africa-press.net\/cape-verde\/all-news\/fogo-resident-representative-of-the-undp-participates-in-the-closing-of-the-ii-edition-of-the-sao-filipe-coding-summer-boot-camp"},"author":{"name":"cfeditoren","@id":"https:\/\/www.africa-press.net\/cape-verde\/#\/schema\/person\/068c7ab4e9634ae78ec5d54ec46598bb"},"headline":"Fogo: Resident representative of the UNDP participates in the closing of the II edition of the S\u00e3o Filipe Coding Summer Boot Camp","datePublished":"2023-10-26T11:03:19+00:00","dateModified":"2023-10-26T12:44:14+00:00","mainEntityOfPage":{"@id":"https:\/\/www.africa-press.net\/cape-verde\/all-news\/fogo-resident-representative-of-the-undp-participates-in-the-closing-of-the-ii-edition-of-the-sao-filipe-coding-summer-boot-camp"},"wordCount":349,"commentCount":0,"image":{"@id":"https:\/\/www.africa-press.net\/cape-verde\/all-news\/fogo-resident-representative-of-the-undp-participates-in-the-closing-of-the-ii-edition-of-the-sao-filipe-coding-summer-boot-camp#primaryimage"},"thumbnailUrl":"https:\/\/static.africa-press.net\/cape-verde\/sites\/66\/2023\/10\/sm_1698307871.418483.jpg","keywords":["Africa Press","Africa Press-Cape verde","Cape verde"],"articleSection":["all news","policy"],"inLanguage":"en-US","potentialAction":[{"@type":"CommentAction","name":"Comment","target":["https:\/\/www.africa-press.net\/cape-verde\/all-news\/fogo-resident-representative-of-the-undp-participates-in-the-closing-of-the-ii-edition-of-the-sao-filipe-coding-summer-boot-camp#respond"]}]},{"@type":"WebPage","@id":"https:\/\/www.africa-press.net\/cape-verde\/all-news\/fogo-resident-representative-of-the-undp-participates-in-the-closing-of-the-ii-edition-of-the-sao-filipe-coding-summer-boot-camp","url":"https:\/\/www.africa-press.net\/cape-verde\/all-news\/fogo-resident-representative-of-the-undp-participates-in-the-closing-of-the-ii-edition-of-the-sao-filipe-coding-summer-boot-camp","name":"Fogo: Resident representative of the UNDP participates in the closing of the II edition of the S\u00e3o Filipe Coding Summer Boot Camp - Cape Verde","isPartOf":{"@id":"https:\/\/www.africa-press.net\/cape-verde\/#website"},"primaryImageOfPage":{"@id":"https:\/\/www.africa-press.net\/cape-verde\/all-news\/fogo-resident-representative-of-the-undp-participates-in-the-closing-of-the-ii-edition-of-the-sao-filipe-coding-summer-boot-camp#primaryimage"},"image":{"@id":"https:\/\/www.africa-press.net\/cape-verde\/all-news\/fogo-resident-representative-of-the-undp-participates-in-the-closing-of-the-ii-edition-of-the-sao-filipe-coding-summer-boot-camp#primaryimage"},"thumbnailUrl":"https:\/\/static.africa-press.net\/cape-verde\/sites\/66\/2023\/10\/sm_1698307871.418483.jpg","datePublished":"2023-10-26T11:03:19+00:00","dateModified":"2023-10-26T12:44:14+00:00","author":{"@id":"https:\/\/www.africa-press.net\/cape-verde\/#\/schema\/person\/068c7ab4e9634ae78ec5d54ec46598bb"},"description":"The resident representative of the United Nations Development Program (UNDP), David Matern, participates on Thursday, on ...","breadcrumb":{"@id":"https:\/\/www.africa-press.net\/cape-verde\/all-news\/fogo-resident-representative-of-the-undp-participates-in-the-closing-of-the-ii-edition-of-the-sao-filipe-coding-summer-boot-camp#breadcrumb"},"inLanguage":"en-US","potentialAction":[{"@type":"ReadAction","target":["https:\/\/www.africa-press.net\/cape-verde\/all-news\/fogo-resident-representative-of-the-undp-participates-in-the-closing-of-the-ii-edition-of-the-sao-filipe-coding-summer-boot-camp"]}]},{"@type":"ImageObject","inLanguage":"en-US","@id":"https:\/\/www.africa-press.net\/cape-verde\/all-news\/fogo-resident-representative-of-the-undp-participates-in-the-closing-of-the-ii-edition-of-the-sao-filipe-coding-summer-boot-camp#primaryimage","url":"https:\/\/static.africa-press.net\/cape-verde\/sites\/66\/2023\/10\/sm_1698307871.418483.jpg","contentUrl":"https:\/\/static.africa-press.net\/cape-verde\/sites\/66\/2023\/10\/sm_1698307871.418483.jpg","width":800,"height":444,"caption":"Fogo: Resident representative of the UNDP participates in the closing of the II edition of the S\u00e3o Filipe Coding Summer Boot Camp"},{"@type":"BreadcrumbList","@id":"https:\/\/www.africa-press.net\/cape-verde\/all-news\/fogo-resident-representative-of-the-undp-participates-in-the-closing-of-the-ii-edition-of-the-sao-filipe-coding-summer-boot-camp#breadcrumb","itemListElement":[{"@type":"ListItem","position":1,"name":"Home","item":"https:\/\/www.africa-press.net\/cape-verde\/"},{"@type":"ListItem","position":2,"name":"Fogo: Resident representative of the UNDP participates in the closing of the II edition of the S\u00e3o Filipe Coding Summer Boot Camp"}]},{"@type":"WebSite","@id":"https:\/\/www.africa-press.net\/cape-verde\/#website","url":"https:\/\/www.africa-press.net\/cape-verde\/","name":"Cape Verde","description":"Just another Africa News Agency Sites site","potentialAction":[{"@type":"SearchAction","target":{"@type":"EntryPoint","urlTemplate":"https:\/\/www.africa-press.net\/cape-verde\/?s={search_term_string}"},"query-input":{"@type":"PropertyValueSpecification","valueRequired":true,"valueName":"search_term_string"}}],"inLanguage":"en-US"},{"@type":"Person","@id":"https:\/\/www.africa-press.net\/cape-verde\/#\/schema\/person\/068c7ab4e9634ae78ec5d54ec46598bb","name":"cfeditoren","image":{"@type":"ImageObject","inLanguage":"en-US","@id":"https:\/\/www.africa-press.net\/cape-verde\/#\/schema\/person\/image\/","url":"https:\/\/secure.gravatar.com\/avatar\/7417380fa9e23b5c57fdbfdaf3fdf92ee478f759a084addda5faa3732853e74a?s=96&d=mm&r=g","contentUrl":"https:\/\/secure.gravatar.com\/avatar\/7417380fa9e23b5c57fdbfdaf3fdf92ee478f759a084addda5faa3732853e74a?s=96&d=mm&r=g","caption":"cfeditoren"}}]}},"_links":{"self":[{"href":"https:\/\/www.africa-press.net\/cape-verde\/wp-json\/wp\/v2\/posts\/20495","targetHints":{"allow":["GET"]}}],"collection":[{"href":"https:\/\/www.africa-press.net\/cape-verde\/wp-json\/wp\/v2\/posts"}],"about":[{"href":"https:\/\/www.africa-press.net\/cape-verde\/wp-json\/wp\/v2\/types\/post"}],"author":[{"embeddable":true,"href":"https:\/\/www.africa-press.net\/cape-verde\/wp-json\/wp\/v2\/users\/84"}],"replies":[{"embeddable":true,"href":"https:\/\/www.africa-press.net\/cape-verde\/wp-json\/wp\/v2\/comments?post=20495"}],"version-history":[{"count":0,"href":"https:\/\/www.africa-press.net\/cape-verde\/wp-json\/wp\/v2\/posts\/20495\/revisions"}],"wp:featuredmedia":[{"embeddable":true,"href":"https:\/\/www.africa-press.net\/cape-verde\/wp-json\/wp\/v2\/media\/20494"}],"wp:attachment":[{"href":"https:\/\/www.africa-press.net\/cape-verde\/wp-json\/wp\/v2\/media?parent=20495"}],"wp:term":[{"taxonomy":"category","embeddable":true,"href":"https:\/\/www.africa-press.net\/cape-verde\/wp-json\/wp\/v2\/categories?post=20495"},{"taxonomy":"post_tag","embeddable":true,"href":"https:\/\/www.africa-press.net\/cape-verde\/wp-json\/wp\/v2\/tags?post=20495"}],"curies":[{"name":"wp","href":"https:\/\/api.w.org\/{rel}","templated":true}]}}