{"id":20592,"date":"2023-10-29T11:52:24","date_gmt":"2023-10-29T11:52:24","guid":{"rendered":"https:\/\/www.africa-press.net\/cape-verde\/all-news\/santa-cruz-today-we-do-justice-to-batuque-finacon-and-funana-by-honoring-nha-nacia-gomi-and-sema-lopi-minister-of-culture"},"modified":"2023-10-29T13:33:22","modified_gmt":"2023-10-29T13:33:22","slug":"santa-cruz-today-we-do-justice-to-batuque-finacon-and-funana-by-honoring-nha-nacia-gomi-and-sema-lopi-minister-of-culture","status":"publish","type":"post","link":"https:\/\/www.africa-press.net\/cape-verde\/all-news\/santa-cruz-today-we-do-justice-to-batuque-finacon-and-funana-by-honoring-nha-nacia-gomi-and-sema-lopi-minister-of-culture","title":{"rendered":"Santa Cruz: \u201cToday we do justice to batuque, fina\u00e7on and funan\u00e1 by honoring Nha N\u00e1cia Gomi and S\u00e9ma Lopi\u201d \u2013 Minister of Culture"},"content":{"rendered":"<p><span style=\"color: #ff6600\"><strong>Africa-Press &#8211; Cape verde. <\/strong><\/span>The Minister of Culture and Creative Industries stated this Saturday that by honoring Nha N\u00e1cia Gomi and S\u00e9ma Lopi, justice is being done to batuque, fina\u00e7on and funan\u00e1, which still have a lack of recognition.<\/p>\n<p>Santa Cruz: \u201cToday we do justice to batuque, fina\u00e7on and funan\u00e1 by honoring Nha N\u00e1cia Gomi and S\u00e9ma Lopi\u201d \u2013 Minister of Culture<br \/>\n\u201cToday is a day that we do justice to the culture of Cape Verde, to batuque, fina\u00e7on and funan\u00e1\u201d, said Abra\u00e3o Vicente, speaking to the press, on the sidelines of the inauguration of the bust of Nha N\u00e1cia Gomi, and the requalification works at the S\u00e9ma Lopi Cultural Center, formerly the \u201cCineteatro de Porto Baixo\u201d, in the municipality of Santa Cruz, in the interior of Santiago.<\/p>\n<p>\u201cHolding events and cultural activities are not enough to honor our culture. It is necessary to perpetuate it over time (\u2026) and inspire this generation so that they can see that whoever actually did it with consistency that Cape Verde recognizes\u201d, she noted.<\/p>\n<p>\u201cCape Verde has a historical debt to national figures, and in the case of the island of Santiago, and in the case of batuque, fina\u00e7on and funan\u00e1, we have a deficit of recognition from the Cape Verdean people themselves\u201d, continued the government official.<br \/>\nFor Abra\u00e3o Vicente, the tribute to the \u201cqueen of batuque and fina\u00e7on\u201d Nha N\u00e1cia Gomi is also a tribute to Cape Verdean women.<\/p>\n<p>In addition to the bust placed in front of the roundabout that gives access to Ribeira Seca and Achada Fazenda, Nha N\u00e1cia Gomi also lent its name and gained a moral in the same circular of this \u201ceminently agricultural\u201d municipality.<\/p>\n<p>\u201cThis is a moment in which we recognize a great figure [Nha N\u00e1cia Gomi] and also a tribute to Cape Verdean women, because Nha N\u00e1cia Gomi, with her scarf tied around her head, with all her clothing, posture and all the work she she did during her life ends up being a journey equal to that of an ordinary woman\u201d, she said, adding that \u201cNha N\u00e1cia Gomi is the face of batucadeiras and finan\u00e7on nowadays\u201d.<\/p>\n<p>On the other hand, he clarified that this tribute is not just because of the elevation of batuque to national heritage and the plans to elevate this Cape Verdean musical genre to the heritage of humanity.<\/p>\n<p>Regarding the attribution of the name S\u00e9ma Lopi to the Cultural Center, which houses the Sem\u00e1 Lopi\/Funan\u00e1 Interpretive Center, within the scope of the \u201c1 auditorium per municipality\u201d program, the government official explained that its objective is to be a small stage for artists not yet renowned and established artists can perform their first concerts and encourage and promote art at a community level.<\/p>\n<p>\u201cThe cultural center is a space to value the local community, and the interpretive center is so that people can learn a little about the history and so that it can have dividends for the community. In other words, the interpretive center aims to consolidate the research we are doing around funan\u00e1 and to take it to another level, both nationally and internationally\u201d, he indicated.<\/p>\n<p>On the occasion, the Minister of Culture announced that both Sem\u00e1 Lopi and Ant\u00e3o Barreto (Santa Cruz), and Cod\u00e9 de Dona (S\u00e3o Francisco) will have their busts, having guaranteed that those of Orlando Pantera (S\u00e3o Louren\u00e7o dos \u00d3rg\u00e3os) and Bibinha Cabral (Tarrafal) are already ready and will be delivered later this year.<\/p>\n<p>In turn, the president of the Santa Cruz City Council, Carlos Silva, who recalled that the municipality he heads has a \u201cstrong cultural heritage\u201d, argued that perpetuating the memory of Nha N\u00e1cia Gomi with the bust and giving the name Sem\u00e1 Lopi to the Cultural Center will help promote culture.<\/p>\n<p>As he said, taking into account that they aim to make Santa Cruz a tourist destination par excellence, he believes that the two projects materialized in partnership with the Government, now inaugurated, which join the funeral graves of the \u201cgreat figures\u201d of the municipality and the Church of S\u00e3o Tiago Maior, will help promote cultural, religious and scenic tourism.<\/p>\n<p>The two tributes \u201cfrom the people of Santa Cruz and Cape Verde\u201d observed by family members, in front of many residents and artists, take place within the scope of Culture and Communities Day, marked on October 18th, under the motto \u201cWe are Culture\u201d .<\/p>\n<p>Nha N\u00e1cia Gomi (Maria In\u00e1cia Gomes Correia), the woman with the famous phrase \u201cSima nu kre nu ka podi sta, mas sima nu sta nu ka podi Fica\u201d (As we want we can&#8217;t be, but as we are we can&#8217;t stay) found it in Batuco the way of explaining the world as he saw it.<\/p>\n<p>Born in the former Vila de Pedra Badejo, now a city, in the municipality of Santa Cruz, on July 18, 1924, Nha N\u00e1cia Gomi was one of the voices of Cape Verdean cultural resistance.<\/p>\n<p>Considered the &#8216;queen of finason&#8217;, she was also well known as a storyteller. Much of her music was improvised in the moment.<\/p>\n<p>She recorded three albums and participated in many more as a guest. In 2005 she released two albums: &#8216;Finkadu na Raiz&#8217;, with batuque player Nt\u00f3ni D\u00e9nti d\u00b4\u00d4ro, and &#8216;Ku ses Mocinhos&#8217;.<\/p>\n<p>S\u00e9ma Lopi (Sim\u00e3o Tavares Lopes), who was born in 1941, was a simple farmer who became an excellent harmonica player and renowned funan\u00e1 composer.<\/p>\n<p>He is the author of several musical compositions, including \u201c\u00d4i, S\u00e9ma L\u00f3pi, c\u00f4rpu d\u00ed tch\u00f5, \u00e1lma d\u00ed Cr\u00edstu\u201d, having worked in the world of music with Carlos Alberto Martins (Katch\u00e1s), founder of Bulimundo, who recorded several of his compositions.<\/p>\n<p><strong>For More News And Analysis About <a href=\"https:\/\/www.africa-press.net\/cape-verde\">Cape verde<\/a> Follow <a href=\"https:\/\/www.africa-press.net\/\">Africa-Press<\/a><\/strong><\/p>\n","protected":false},"excerpt":{"rendered":"<p>Africa-Press &#8211; Cape verde. The Minister of Culture and Creative Industries stated this Saturday that by honoring Nha N\u00e1cia Gomi and S\u00e9ma Lopi, justice is being done to batuque, fina\u00e7on and funan\u00e1, which still have a lack of recognition. Santa Cruz: \u201cToday we do justice to batuque, fina\u00e7on and funan\u00e1 by honoring Nha N\u00e1cia Gomi [&hellip;]<\/p>\n","protected":false},"author":84,"featured_media":20590,"comment_status":"open","ping_status":"open","sticky":false,"template":"","format":"standard","meta":{"footnotes":""},"categories":[2,12],"tags":[233,331,328],"class_list":["post-20592","post","type-post","status-publish","format-standard","has-post-thumbnail","hentry","category-all-news","category-policy","tag-africa-press","tag-africa-press-cape-verde","tag-cape-verde"],"yoast_head":"<!-- This site is optimized with the Yoast SEO Premium plugin v26.1 (Yoast SEO v27.0) - https:\/\/yoast.com\/product\/yoast-seo-premium-wordpress\/ -->\n<title>Santa Cruz: \u201cToday we do justice to batuque, fina\u00e7on and funan\u00e1 by honoring Nha N\u00e1cia Gomi and S\u00e9ma Lopi\u201d \u2013 Minister of Culture - Cape Verde<\/title>\n<meta name=\"description\" content=\"The Minister of Culture and Creative Industries stated this Saturday that by honoring Nha Na\u0301cia Gomi and Se\u0301ma Lopi, just ...\" \/>\n<meta name=\"robots\" content=\"index, follow, max-snippet:-1, max-image-preview:large, max-video-preview:-1\" \/>\n<link rel=\"canonical\" href=\"https:\/\/www.africa-press.net\/cape-verde\/all-news\/santa-cruz-today-we-do-justice-to-batuque-finacon-and-funana-by-honoring-nha-nacia-gomi-and-sema-lopi-minister-of-culture\" \/>\n<meta property=\"og:locale\" content=\"en_US\" \/>\n<meta property=\"og:type\" content=\"article\" \/>\n<meta property=\"og:title\" content=\"Santa Cruz: \u201cToday we do justice to batuque, fina\u00e7on and funan\u00e1 by honoring Nha N\u00e1cia Gomi and S\u00e9ma Lopi\u201d \u2013 Minister of Culture - Cape Verde\" \/>\n<meta property=\"og:description\" content=\"The Minister of Culture and Creative Industries stated this Saturday that by honoring Nha Na\u0301cia Gomi and Se\u0301ma Lopi, just ...\" \/>\n<meta property=\"og:url\" content=\"https:\/\/www.africa-press.net\/cape-verde\/all-news\/santa-cruz-today-we-do-justice-to-batuque-finacon-and-funana-by-honoring-nha-nacia-gomi-and-sema-lopi-minister-of-culture\" \/>\n<meta property=\"og:site_name\" content=\"Cape Verde\" \/>\n<meta property=\"article:publisher\" content=\"https:\/\/www.facebook.com\/AfricaPressTunisiaa\" \/>\n<meta property=\"article:published_time\" content=\"2023-10-29T11:52:24+00:00\" \/>\n<meta property=\"article:modified_time\" content=\"2023-10-29T13:33:22+00:00\" \/>\n<meta property=\"og:image\" content=\"https:\/\/static.africa-press.net\/cape-verde\/sites\/66\/2023\/10\/sm_1698567925.984683.jpg\" \/>\n\t<meta property=\"og:image:width\" content=\"800\" \/>\n\t<meta property=\"og:image:height\" content=\"444\" \/>\n\t<meta property=\"og:image:type\" content=\"image\/jpeg\" \/>\n<meta name=\"author\" content=\"cfeditoren\" \/>\n<meta name=\"twitter:card\" content=\"summary_large_image\" \/>\n<meta name=\"twitter:label1\" content=\"Written by\" \/>\n\t<meta name=\"twitter:data1\" content=\"cfeditoren\" \/>\n\t<meta name=\"twitter:label2\" content=\"Est. reading time\" \/>\n\t<meta name=\"twitter:data2\" content=\"5 minutes\" \/>\n<script type=\"application\/ld+json\" class=\"yoast-schema-graph\">{\"@context\":\"https:\/\/schema.org\",\"@graph\":[{\"@type\":\"Article\",\"@id\":\"https:\/\/www.africa-press.net\/cape-verde\/all-news\/santa-cruz-today-we-do-justice-to-batuque-finacon-and-funana-by-honoring-nha-nacia-gomi-and-sema-lopi-minister-of-culture#article\",\"isPartOf\":{\"@id\":\"https:\/\/www.africa-press.net\/cape-verde\/all-news\/santa-cruz-today-we-do-justice-to-batuque-finacon-and-funana-by-honoring-nha-nacia-gomi-and-sema-lopi-minister-of-culture\"},\"author\":{\"name\":\"cfeditoren\",\"@id\":\"https:\/\/www.africa-press.net\/cape-verde\/#\/schema\/person\/068c7ab4e9634ae78ec5d54ec46598bb\"},\"headline\":\"Santa Cruz: \u201cToday we do justice to batuque, fina\u00e7on and funan\u00e1 by honoring Nha N\u00e1cia Gomi and S\u00e9ma Lopi\u201d \u2013 Minister of Culture\",\"datePublished\":\"2023-10-29T11:52:24+00:00\",\"dateModified\":\"2023-10-29T13:33:22+00:00\",\"mainEntityOfPage\":{\"@id\":\"https:\/\/www.africa-press.net\/cape-verde\/all-news\/santa-cruz-today-we-do-justice-to-batuque-finacon-and-funana-by-honoring-nha-nacia-gomi-and-sema-lopi-minister-of-culture\"},\"wordCount\":997,\"commentCount\":0,\"image\":{\"@id\":\"https:\/\/www.africa-press.net\/cape-verde\/all-news\/santa-cruz-today-we-do-justice-to-batuque-finacon-and-funana-by-honoring-nha-nacia-gomi-and-sema-lopi-minister-of-culture#primaryimage\"},\"thumbnailUrl\":\"https:\/\/static.africa-press.net\/cape-verde\/sites\/66\/2023\/10\/sm_1698567925.984683.jpg\",\"keywords\":[\"Africa Press\",\"Africa Press-Cape verde\",\"Cape verde\"],\"articleSection\":[\"all news\",\"policy\"],\"inLanguage\":\"en-US\",\"potentialAction\":[{\"@type\":\"CommentAction\",\"name\":\"Comment\",\"target\":[\"https:\/\/www.africa-press.net\/cape-verde\/all-news\/santa-cruz-today-we-do-justice-to-batuque-finacon-and-funana-by-honoring-nha-nacia-gomi-and-sema-lopi-minister-of-culture#respond\"]}]},{\"@type\":\"WebPage\",\"@id\":\"https:\/\/www.africa-press.net\/cape-verde\/all-news\/santa-cruz-today-we-do-justice-to-batuque-finacon-and-funana-by-honoring-nha-nacia-gomi-and-sema-lopi-minister-of-culture\",\"url\":\"https:\/\/www.africa-press.net\/cape-verde\/all-news\/santa-cruz-today-we-do-justice-to-batuque-finacon-and-funana-by-honoring-nha-nacia-gomi-and-sema-lopi-minister-of-culture\",\"name\":\"Santa Cruz: \u201cToday we do justice to batuque, fina\u00e7on and funan\u00e1 by honoring Nha N\u00e1cia Gomi and S\u00e9ma Lopi\u201d \u2013 Minister of Culture - Cape Verde\",\"isPartOf\":{\"@id\":\"https:\/\/www.africa-press.net\/cape-verde\/#website\"},\"primaryImageOfPage\":{\"@id\":\"https:\/\/www.africa-press.net\/cape-verde\/all-news\/santa-cruz-today-we-do-justice-to-batuque-finacon-and-funana-by-honoring-nha-nacia-gomi-and-sema-lopi-minister-of-culture#primaryimage\"},\"image\":{\"@id\":\"https:\/\/www.africa-press.net\/cape-verde\/all-news\/santa-cruz-today-we-do-justice-to-batuque-finacon-and-funana-by-honoring-nha-nacia-gomi-and-sema-lopi-minister-of-culture#primaryimage\"},\"thumbnailUrl\":\"https:\/\/static.africa-press.net\/cape-verde\/sites\/66\/2023\/10\/sm_1698567925.984683.jpg\",\"datePublished\":\"2023-10-29T11:52:24+00:00\",\"dateModified\":\"2023-10-29T13:33:22+00:00\",\"author\":{\"@id\":\"https:\/\/www.africa-press.net\/cape-verde\/#\/schema\/person\/068c7ab4e9634ae78ec5d54ec46598bb\"},\"description\":\"The Minister of Culture and Creative Industries stated this Saturday that by honoring Nha Na\u0301cia Gomi and Se\u0301ma Lopi, just ...\",\"breadcrumb\":{\"@id\":\"https:\/\/www.africa-press.net\/cape-verde\/all-news\/santa-cruz-today-we-do-justice-to-batuque-finacon-and-funana-by-honoring-nha-nacia-gomi-and-sema-lopi-minister-of-culture#breadcrumb\"},\"inLanguage\":\"en-US\",\"potentialAction\":[{\"@type\":\"ReadAction\",\"target\":[\"https:\/\/www.africa-press.net\/cape-verde\/all-news\/santa-cruz-today-we-do-justice-to-batuque-finacon-and-funana-by-honoring-nha-nacia-gomi-and-sema-lopi-minister-of-culture\"]}]},{\"@type\":\"ImageObject\",\"inLanguage\":\"en-US\",\"@id\":\"https:\/\/www.africa-press.net\/cape-verde\/all-news\/santa-cruz-today-we-do-justice-to-batuque-finacon-and-funana-by-honoring-nha-nacia-gomi-and-sema-lopi-minister-of-culture#primaryimage\",\"url\":\"https:\/\/static.africa-press.net\/cape-verde\/sites\/66\/2023\/10\/sm_1698567925.984683.jpg\",\"contentUrl\":\"https:\/\/static.africa-press.net\/cape-verde\/sites\/66\/2023\/10\/sm_1698567925.984683.jpg\",\"width\":800,\"height\":444,\"caption\":\"Santa Cruz: \u201cToday we do justice to batuque, fina\u00e7on and funan\u00e1 by honoring Nha N\u00e1cia Gomi and S\u00e9ma Lopi\u201d \u2013 Minister of Culture\"},{\"@type\":\"BreadcrumbList\",\"@id\":\"https:\/\/www.africa-press.net\/cape-verde\/all-news\/santa-cruz-today-we-do-justice-to-batuque-finacon-and-funana-by-honoring-nha-nacia-gomi-and-sema-lopi-minister-of-culture#breadcrumb\",\"itemListElement\":[{\"@type\":\"ListItem\",\"position\":1,\"name\":\"Home\",\"item\":\"https:\/\/www.africa-press.net\/cape-verde\/\"},{\"@type\":\"ListItem\",\"position\":2,\"name\":\"Santa Cruz: \u201cToday we do justice to batuque, fina\u00e7on and funan\u00e1 by honoring Nha N\u00e1cia Gomi and S\u00e9ma Lopi\u201d \u2013 Minister of Culture\"}]},{\"@type\":\"WebSite\",\"@id\":\"https:\/\/www.africa-press.net\/cape-verde\/#website\",\"url\":\"https:\/\/www.africa-press.net\/cape-verde\/\",\"name\":\"Cape Verde\",\"description\":\"Just another Africa News Agency Sites site\",\"potentialAction\":[{\"@type\":\"SearchAction\",\"target\":{\"@type\":\"EntryPoint\",\"urlTemplate\":\"https:\/\/www.africa-press.net\/cape-verde\/?s={search_term_string}\"},\"query-input\":{\"@type\":\"PropertyValueSpecification\",\"valueRequired\":true,\"valueName\":\"search_term_string\"}}],\"inLanguage\":\"en-US\"},{\"@type\":\"Person\",\"@id\":\"https:\/\/www.africa-press.net\/cape-verde\/#\/schema\/person\/068c7ab4e9634ae78ec5d54ec46598bb\",\"name\":\"cfeditoren\",\"image\":{\"@type\":\"ImageObject\",\"inLanguage\":\"en-US\",\"@id\":\"https:\/\/www.africa-press.net\/cape-verde\/#\/schema\/person\/image\/\",\"url\":\"https:\/\/secure.gravatar.com\/avatar\/7417380fa9e23b5c57fdbfdaf3fdf92ee478f759a084addda5faa3732853e74a?s=96&d=mm&r=g\",\"contentUrl\":\"https:\/\/secure.gravatar.com\/avatar\/7417380fa9e23b5c57fdbfdaf3fdf92ee478f759a084addda5faa3732853e74a?s=96&d=mm&r=g\",\"caption\":\"cfeditoren\"}}]}<\/script>\n<!-- \/ Yoast SEO Premium plugin. -->","yoast_head_json":{"title":"Santa Cruz: \u201cToday we do justice to batuque, fina\u00e7on and funan\u00e1 by honoring Nha N\u00e1cia Gomi and S\u00e9ma Lopi\u201d \u2013 Minister of Culture - Cape Verde","description":"The Minister of Culture and Creative Industries stated this Saturday that by honoring Nha Na\u0301cia Gomi and Se\u0301ma Lopi, just ...","robots":{"index":"index","follow":"follow","max-snippet":"max-snippet:-1","max-image-preview":"max-image-preview:large","max-video-preview":"max-video-preview:-1"},"canonical":"https:\/\/www.africa-press.net\/cape-verde\/all-news\/santa-cruz-today-we-do-justice-to-batuque-finacon-and-funana-by-honoring-nha-nacia-gomi-and-sema-lopi-minister-of-culture","og_locale":"en_US","og_type":"article","og_title":"Santa Cruz: \u201cToday we do justice to batuque, fina\u00e7on and funan\u00e1 by honoring Nha N\u00e1cia Gomi and S\u00e9ma Lopi\u201d \u2013 Minister of Culture - Cape Verde","og_description":"The Minister of Culture and Creative Industries stated this Saturday that by honoring Nha Na\u0301cia Gomi and Se\u0301ma Lopi, just ...","og_url":"https:\/\/www.africa-press.net\/cape-verde\/all-news\/santa-cruz-today-we-do-justice-to-batuque-finacon-and-funana-by-honoring-nha-nacia-gomi-and-sema-lopi-minister-of-culture","og_site_name":"Cape Verde","article_publisher":"https:\/\/www.facebook.com\/AfricaPressTunisiaa","article_published_time":"2023-10-29T11:52:24+00:00","article_modified_time":"2023-10-29T13:33:22+00:00","og_image":[{"width":800,"height":444,"url":"https:\/\/static.africa-press.net\/cape-verde\/sites\/66\/2023\/10\/sm_1698567925.984683.jpg","type":"image\/jpeg"}],"author":"cfeditoren","twitter_card":"summary_large_image","twitter_misc":{"Written by":"cfeditoren","Est. reading time":"5 minutes"},"schema":{"@context":"https:\/\/schema.org","@graph":[{"@type":"Article","@id":"https:\/\/www.africa-press.net\/cape-verde\/all-news\/santa-cruz-today-we-do-justice-to-batuque-finacon-and-funana-by-honoring-nha-nacia-gomi-and-sema-lopi-minister-of-culture#article","isPartOf":{"@id":"https:\/\/www.africa-press.net\/cape-verde\/all-news\/santa-cruz-today-we-do-justice-to-batuque-finacon-and-funana-by-honoring-nha-nacia-gomi-and-sema-lopi-minister-of-culture"},"author":{"name":"cfeditoren","@id":"https:\/\/www.africa-press.net\/cape-verde\/#\/schema\/person\/068c7ab4e9634ae78ec5d54ec46598bb"},"headline":"Santa Cruz: \u201cToday we do justice to batuque, fina\u00e7on and funan\u00e1 by honoring Nha N\u00e1cia Gomi and S\u00e9ma Lopi\u201d \u2013 Minister of Culture","datePublished":"2023-10-29T11:52:24+00:00","dateModified":"2023-10-29T13:33:22+00:00","mainEntityOfPage":{"@id":"https:\/\/www.africa-press.net\/cape-verde\/all-news\/santa-cruz-today-we-do-justice-to-batuque-finacon-and-funana-by-honoring-nha-nacia-gomi-and-sema-lopi-minister-of-culture"},"wordCount":997,"commentCount":0,"image":{"@id":"https:\/\/www.africa-press.net\/cape-verde\/all-news\/santa-cruz-today-we-do-justice-to-batuque-finacon-and-funana-by-honoring-nha-nacia-gomi-and-sema-lopi-minister-of-culture#primaryimage"},"thumbnailUrl":"https:\/\/static.africa-press.net\/cape-verde\/sites\/66\/2023\/10\/sm_1698567925.984683.jpg","keywords":["Africa Press","Africa Press-Cape verde","Cape verde"],"articleSection":["all news","policy"],"inLanguage":"en-US","potentialAction":[{"@type":"CommentAction","name":"Comment","target":["https:\/\/www.africa-press.net\/cape-verde\/all-news\/santa-cruz-today-we-do-justice-to-batuque-finacon-and-funana-by-honoring-nha-nacia-gomi-and-sema-lopi-minister-of-culture#respond"]}]},{"@type":"WebPage","@id":"https:\/\/www.africa-press.net\/cape-verde\/all-news\/santa-cruz-today-we-do-justice-to-batuque-finacon-and-funana-by-honoring-nha-nacia-gomi-and-sema-lopi-minister-of-culture","url":"https:\/\/www.africa-press.net\/cape-verde\/all-news\/santa-cruz-today-we-do-justice-to-batuque-finacon-and-funana-by-honoring-nha-nacia-gomi-and-sema-lopi-minister-of-culture","name":"Santa Cruz: \u201cToday we do justice to batuque, fina\u00e7on and funan\u00e1 by honoring Nha N\u00e1cia Gomi and S\u00e9ma Lopi\u201d \u2013 Minister of Culture - Cape Verde","isPartOf":{"@id":"https:\/\/www.africa-press.net\/cape-verde\/#website"},"primaryImageOfPage":{"@id":"https:\/\/www.africa-press.net\/cape-verde\/all-news\/santa-cruz-today-we-do-justice-to-batuque-finacon-and-funana-by-honoring-nha-nacia-gomi-and-sema-lopi-minister-of-culture#primaryimage"},"image":{"@id":"https:\/\/www.africa-press.net\/cape-verde\/all-news\/santa-cruz-today-we-do-justice-to-batuque-finacon-and-funana-by-honoring-nha-nacia-gomi-and-sema-lopi-minister-of-culture#primaryimage"},"thumbnailUrl":"https:\/\/static.africa-press.net\/cape-verde\/sites\/66\/2023\/10\/sm_1698567925.984683.jpg","datePublished":"2023-10-29T11:52:24+00:00","dateModified":"2023-10-29T13:33:22+00:00","author":{"@id":"https:\/\/www.africa-press.net\/cape-verde\/#\/schema\/person\/068c7ab4e9634ae78ec5d54ec46598bb"},"description":"The Minister of Culture and Creative Industries stated this Saturday that by honoring Nha Na\u0301cia Gomi and Se\u0301ma Lopi, just ...","breadcrumb":{"@id":"https:\/\/www.africa-press.net\/cape-verde\/all-news\/santa-cruz-today-we-do-justice-to-batuque-finacon-and-funana-by-honoring-nha-nacia-gomi-and-sema-lopi-minister-of-culture#breadcrumb"},"inLanguage":"en-US","potentialAction":[{"@type":"ReadAction","target":["https:\/\/www.africa-press.net\/cape-verde\/all-news\/santa-cruz-today-we-do-justice-to-batuque-finacon-and-funana-by-honoring-nha-nacia-gomi-and-sema-lopi-minister-of-culture"]}]},{"@type":"ImageObject","inLanguage":"en-US","@id":"https:\/\/www.africa-press.net\/cape-verde\/all-news\/santa-cruz-today-we-do-justice-to-batuque-finacon-and-funana-by-honoring-nha-nacia-gomi-and-sema-lopi-minister-of-culture#primaryimage","url":"https:\/\/static.africa-press.net\/cape-verde\/sites\/66\/2023\/10\/sm_1698567925.984683.jpg","contentUrl":"https:\/\/static.africa-press.net\/cape-verde\/sites\/66\/2023\/10\/sm_1698567925.984683.jpg","width":800,"height":444,"caption":"Santa Cruz: \u201cToday we do justice to batuque, fina\u00e7on and funan\u00e1 by honoring Nha N\u00e1cia Gomi and S\u00e9ma Lopi\u201d \u2013 Minister of Culture"},{"@type":"BreadcrumbList","@id":"https:\/\/www.africa-press.net\/cape-verde\/all-news\/santa-cruz-today-we-do-justice-to-batuque-finacon-and-funana-by-honoring-nha-nacia-gomi-and-sema-lopi-minister-of-culture#breadcrumb","itemListElement":[{"@type":"ListItem","position":1,"name":"Home","item":"https:\/\/www.africa-press.net\/cape-verde\/"},{"@type":"ListItem","position":2,"name":"Santa Cruz: \u201cToday we do justice to batuque, fina\u00e7on and funan\u00e1 by honoring Nha N\u00e1cia Gomi and S\u00e9ma Lopi\u201d \u2013 Minister of Culture"}]},{"@type":"WebSite","@id":"https:\/\/www.africa-press.net\/cape-verde\/#website","url":"https:\/\/www.africa-press.net\/cape-verde\/","name":"Cape Verde","description":"Just another Africa News Agency Sites site","potentialAction":[{"@type":"SearchAction","target":{"@type":"EntryPoint","urlTemplate":"https:\/\/www.africa-press.net\/cape-verde\/?s={search_term_string}"},"query-input":{"@type":"PropertyValueSpecification","valueRequired":true,"valueName":"search_term_string"}}],"inLanguage":"en-US"},{"@type":"Person","@id":"https:\/\/www.africa-press.net\/cape-verde\/#\/schema\/person\/068c7ab4e9634ae78ec5d54ec46598bb","name":"cfeditoren","image":{"@type":"ImageObject","inLanguage":"en-US","@id":"https:\/\/www.africa-press.net\/cape-verde\/#\/schema\/person\/image\/","url":"https:\/\/secure.gravatar.com\/avatar\/7417380fa9e23b5c57fdbfdaf3fdf92ee478f759a084addda5faa3732853e74a?s=96&d=mm&r=g","contentUrl":"https:\/\/secure.gravatar.com\/avatar\/7417380fa9e23b5c57fdbfdaf3fdf92ee478f759a084addda5faa3732853e74a?s=96&d=mm&r=g","caption":"cfeditoren"}}]}},"_links":{"self":[{"href":"https:\/\/www.africa-press.net\/cape-verde\/wp-json\/wp\/v2\/posts\/20592","targetHints":{"allow":["GET"]}}],"collection":[{"href":"https:\/\/www.africa-press.net\/cape-verde\/wp-json\/wp\/v2\/posts"}],"about":[{"href":"https:\/\/www.africa-press.net\/cape-verde\/wp-json\/wp\/v2\/types\/post"}],"author":[{"embeddable":true,"href":"https:\/\/www.africa-press.net\/cape-verde\/wp-json\/wp\/v2\/users\/84"}],"replies":[{"embeddable":true,"href":"https:\/\/www.africa-press.net\/cape-verde\/wp-json\/wp\/v2\/comments?post=20592"}],"version-history":[{"count":0,"href":"https:\/\/www.africa-press.net\/cape-verde\/wp-json\/wp\/v2\/posts\/20592\/revisions"}],"wp:featuredmedia":[{"embeddable":true,"href":"https:\/\/www.africa-press.net\/cape-verde\/wp-json\/wp\/v2\/media\/20590"}],"wp:attachment":[{"href":"https:\/\/www.africa-press.net\/cape-verde\/wp-json\/wp\/v2\/media?parent=20592"}],"wp:term":[{"taxonomy":"category","embeddable":true,"href":"https:\/\/www.africa-press.net\/cape-verde\/wp-json\/wp\/v2\/categories?post=20592"},{"taxonomy":"post_tag","embeddable":true,"href":"https:\/\/www.africa-press.net\/cape-verde\/wp-json\/wp\/v2\/tags?post=20592"}],"curies":[{"name":"wp","href":"https:\/\/api.w.org\/{rel}","templated":true}]}}