{"id":21279,"date":"2023-11-25T11:10:12","date_gmt":"2023-11-25T11:10:12","guid":{"rendered":"https:\/\/www.africa-press.net\/cape-verde\/all-news\/controversy-cape-verdean-minister-accuses-fundacao-amilcar-cabral-of-dishonesty-for-candidacy-to-unesco"},"modified":"2023-11-25T12:39:17","modified_gmt":"2023-11-25T12:39:17","slug":"controversy-cape-verdean-minister-accuses-fundacao-amilcar-cabral-of-dishonesty-for-candidacy-to-unesco","status":"publish","type":"post","link":"https:\/\/www.africa-press.net\/cape-verde\/all-news\/controversy-cape-verdean-minister-accuses-fundacao-amilcar-cabral-of-dishonesty-for-candidacy-to-unesco","title":{"rendered":"Controversy: Cape Verdean minister accuses Funda\u00e7\u00e3o Am\u00edlcar Cabral of \u201cdishonesty\u201d for candidacy to UNESCO"},"content":{"rendered":"<p><span style=\"color: #ff6600\"><strong>Africa-Press &#8211; Cape verde. <\/strong><\/span>The controversy is sparked with the Cape Verdean Minister of Culture, Abra\u00e3o Vicente, accusing, this Friday, the Am\u00edlcar Cabral Foundation (FAC) of \u201cintellectual dishonesty\u201d after it announced the submission of the candidacy of its patron&#8217;s writings to the Mem\u00f3ria program of the UNESCO World.<\/p>\n<p>Speaking to the Lusa agency, the Minister of Culture and Creative Industries of Cape Verde said that he was surprised by the FAC&#8217;s communication, that on Thursday it was \u201cformally submitted to UNESCO, through the appropriate channels, the candidacy dossier of the &#8216; Arquivos by Am\u00edlcar Cabral&#8217; to the UNESCO Memory of the World register \u201d.<\/p>\n<p>Abra\u00e3o Vicente clarified that the \u201c only way \u201d to submit an application is through the National Commission for World Memory, created by the Government, and where he confirmed that the dossier has already been delivered and \u201cis in compliance\u201d, just like the documents on slavery , protected by the National Archives of Cape Verde.<\/p>\n<p>In this sense, he accused the foundation, led by former Cape Verdean President Pedro Pires, of \u201cintellectual dishonesty\u201d and of \u201c getting ahead\u201d to \u201cappear \u201d to have submitted \u201c without the work of the State and the UNESCO National Commission \u201d.<\/p>\n<p>\u201cBecause we have not yet received any communication from the Dakar delegation or from UNESCO in Paris that the two applications have been accepted. The deadlines end on November 30th \u201d, stated the member of the Government, who chairs the UNESCO National Commission.<\/p>\n<p>And he also considered that the announcement was \u201c hasty \u201d and \u201c calls into question \u201d the consultancy and preparation work of Cape Verdean technicians, including the president of the National Memory of the World Commission.<\/p>\n<p>\u201cI was really surprised to see the news, precisely because there is work here that is joint, and it is not worth, once again, seeking protagonism through the name of Am\u00edlcar Cabral\u201d, he understood, also criticizing the \u201cvery double play smart\u201d from FAC.<\/p>\n<p>According to Lusa, Abra\u00e3o Vicente made it clear that the Government \u201cfully\u201d supports the inscription of Cabral\u2019s writings at UNESCO, but clarified that the process must \u201c always \u201d be delivered by the National Commission on the platform for this purpose.<\/p>\n<p>\u201c Here there is clearly an attempt to pass off an attack of incompetence on State institutions, something that I will not let go unnoticed because I am not in any ideological dispute\u201d, he continued, alluding to the fact that the Government is supported by the Movement for Democracy (MpD), while Am\u00edlcar Cabral founded the African Party for the Independence of Guinea and Cape Verde (PAIGC), which gave rise to the African Party for the Independence of Cape Verde (PAICV, currently in opposition).<\/p>\n<p>The minister also alluded to the fact that on October 30, the MpD disapproved a resolution presented by the PAICV in parliament to celebrate the 100th anniversary of the birth of the leader of the independence of Guinea-Bissau and Cape Verde, on September 12, 2024.<\/p>\n<p>\u201cThe disputes and the disapproval of a document in parliament did not change the agenda of the Ministry of Culture, because we understand the actions of the deputies, because of the context and the way it was presented, but scientific work is not affected by the agendas and disputes political parties \u201d, he assured, in statements via telephone to Lusa.<\/p>\n<p><b>FAC thanks everyone for their support in the process<\/b><\/p>\n<p>Meanwhile, in its communication cited by Lusa, the FAC thanked everyone who supported the process and, \u201c particularly \u201d the National Committee for the Memory of the World, the National Commission for UNESCO and the Permanent Mission of Cape Verde to UNESCO in Paris .<\/p>\n<p>\u201c We presented a solid dossier and we think it has all the conditions to be approved by UNESCO \u201d, Ad\u00e3o Rocha, member of the FAC, told Lusa.<\/p>\n<p>Leader of the Cape Verdean and Guinean independence movements, Cabral, who was born on September 12, 1924 in Guinea-Bissau, was murdered on January 20, 1973, in Conakry, says the source of this newspaper.<\/p>\n<p><strong>For More News And Analysis About <a href=\"https:\/\/www.africa-press.net\/cape-verde\">Cape verde<\/a> Follow <a href=\"https:\/\/www.africa-press.net\/\">Africa-Press<\/a><\/strong><\/p>\n","protected":false},"excerpt":{"rendered":"<p>Africa-Press &#8211; Cape verde. The controversy is sparked with the Cape Verdean Minister of Culture, Abra\u00e3o Vicente, accusing, this Friday, the Am\u00edlcar Cabral Foundation (FAC) of \u201cintellectual dishonesty\u201d after it announced the submission of the candidacy of its patron&#8217;s writings to the Mem\u00f3ria program of the UNESCO World. Speaking to the Lusa agency, the Minister [&hellip;]<\/p>\n","protected":false},"author":84,"featured_media":21278,"comment_status":"open","ping_status":"open","sticky":false,"template":"","format":"standard","meta":{"footnotes":""},"categories":[2,7,8,12,244],"tags":[233,331,328],"class_list":["post-21279","post","type-post","status-publish","format-standard","has-post-thumbnail","hentry","category-all-news","category-head-lines","category-homepage-english","category-policy","category-to-homepage","tag-africa-press","tag-africa-press-cape-verde","tag-cape-verde"],"yoast_head":"<!-- This site is optimized with the Yoast SEO Premium plugin v26.1 (Yoast SEO v27.0) - https:\/\/yoast.com\/product\/yoast-seo-premium-wordpress\/ -->\n<title>Controversy: Cape Verdean minister accuses Funda\u00e7\u00e3o Am\u00edlcar Cabral of \u201cdishonesty\u201d for candidacy to UNESCO - Cape Verde<\/title>\n<meta name=\"description\" content=\"The controversy is sparked with the Cape Verdean Minister of Culture, Abraa\u0303o Vicente, accusing, this Friday, the Ami\u0301lcar ...\" \/>\n<meta name=\"robots\" content=\"index, follow, max-snippet:-1, max-image-preview:large, max-video-preview:-1\" \/>\n<link rel=\"canonical\" href=\"https:\/\/www.africa-press.net\/cape-verde\/all-news\/controversy-cape-verdean-minister-accuses-fundacao-amilcar-cabral-of-dishonesty-for-candidacy-to-unesco\" \/>\n<meta property=\"og:locale\" content=\"en_US\" \/>\n<meta property=\"og:type\" content=\"article\" \/>\n<meta property=\"og:title\" content=\"Controversy: Cape Verdean minister accuses Funda\u00e7\u00e3o Am\u00edlcar Cabral of \u201cdishonesty\u201d for candidacy to UNESCO - Cape Verde\" \/>\n<meta property=\"og:description\" content=\"The controversy is sparked with the Cape Verdean Minister of Culture, Abraa\u0303o Vicente, accusing, this Friday, the Ami\u0301lcar ...\" \/>\n<meta property=\"og:url\" content=\"https:\/\/www.africa-press.net\/cape-verde\/all-news\/controversy-cape-verdean-minister-accuses-fundacao-amilcar-cabral-of-dishonesty-for-candidacy-to-unesco\" \/>\n<meta property=\"og:site_name\" content=\"Cape Verde\" \/>\n<meta property=\"article:publisher\" content=\"https:\/\/www.facebook.com\/AfricaPressTunisiaa\" \/>\n<meta property=\"article:published_time\" content=\"2023-11-25T11:10:12+00:00\" \/>\n<meta property=\"article:modified_time\" content=\"2023-11-25T12:39:17+00:00\" \/>\n<meta property=\"og:image\" content=\"https:\/\/static.africa-press.net\/cape-verde\/sites\/66\/2023\/11\/sm_1700899605.968397.jpg\" \/>\n\t<meta property=\"og:image:width\" content=\"800\" \/>\n\t<meta property=\"og:image:height\" content=\"583\" \/>\n\t<meta property=\"og:image:type\" content=\"image\/jpeg\" \/>\n<meta name=\"author\" content=\"cfeditoren\" \/>\n<meta name=\"twitter:card\" content=\"summary_large_image\" \/>\n<meta name=\"twitter:label1\" content=\"Written by\" \/>\n\t<meta name=\"twitter:data1\" content=\"cfeditoren\" \/>\n\t<meta name=\"twitter:label2\" content=\"Est. reading time\" \/>\n\t<meta name=\"twitter:data2\" content=\"3 minutes\" \/>\n<script type=\"application\/ld+json\" class=\"yoast-schema-graph\">{\"@context\":\"https:\/\/schema.org\",\"@graph\":[{\"@type\":\"Article\",\"@id\":\"https:\/\/www.africa-press.net\/cape-verde\/all-news\/controversy-cape-verdean-minister-accuses-fundacao-amilcar-cabral-of-dishonesty-for-candidacy-to-unesco#article\",\"isPartOf\":{\"@id\":\"https:\/\/www.africa-press.net\/cape-verde\/all-news\/controversy-cape-verdean-minister-accuses-fundacao-amilcar-cabral-of-dishonesty-for-candidacy-to-unesco\"},\"author\":{\"name\":\"cfeditoren\",\"@id\":\"https:\/\/www.africa-press.net\/cape-verde\/#\/schema\/person\/068c7ab4e9634ae78ec5d54ec46598bb\"},\"headline\":\"Controversy: Cape Verdean minister accuses Funda\u00e7\u00e3o Am\u00edlcar Cabral of \u201cdishonesty\u201d for candidacy to UNESCO\",\"datePublished\":\"2023-11-25T11:10:12+00:00\",\"dateModified\":\"2023-11-25T12:39:17+00:00\",\"mainEntityOfPage\":{\"@id\":\"https:\/\/www.africa-press.net\/cape-verde\/all-news\/controversy-cape-verdean-minister-accuses-fundacao-amilcar-cabral-of-dishonesty-for-candidacy-to-unesco\"},\"wordCount\":676,\"commentCount\":0,\"image\":{\"@id\":\"https:\/\/www.africa-press.net\/cape-verde\/all-news\/controversy-cape-verdean-minister-accuses-fundacao-amilcar-cabral-of-dishonesty-for-candidacy-to-unesco#primaryimage\"},\"thumbnailUrl\":\"https:\/\/static.africa-press.net\/cape-verde\/sites\/66\/2023\/11\/sm_1700899605.968397.jpg\",\"keywords\":[\"Africa Press\",\"Africa Press-Cape verde\",\"Cape verde\"],\"articleSection\":[\"all news\",\"head lines\",\"homepage-english\",\"policy\",\"to-homepage\"],\"inLanguage\":\"en-US\",\"potentialAction\":[{\"@type\":\"CommentAction\",\"name\":\"Comment\",\"target\":[\"https:\/\/www.africa-press.net\/cape-verde\/all-news\/controversy-cape-verdean-minister-accuses-fundacao-amilcar-cabral-of-dishonesty-for-candidacy-to-unesco#respond\"]}]},{\"@type\":\"WebPage\",\"@id\":\"https:\/\/www.africa-press.net\/cape-verde\/all-news\/controversy-cape-verdean-minister-accuses-fundacao-amilcar-cabral-of-dishonesty-for-candidacy-to-unesco\",\"url\":\"https:\/\/www.africa-press.net\/cape-verde\/all-news\/controversy-cape-verdean-minister-accuses-fundacao-amilcar-cabral-of-dishonesty-for-candidacy-to-unesco\",\"name\":\"Controversy: Cape Verdean minister accuses Funda\u00e7\u00e3o Am\u00edlcar Cabral of \u201cdishonesty\u201d for candidacy to UNESCO - Cape Verde\",\"isPartOf\":{\"@id\":\"https:\/\/www.africa-press.net\/cape-verde\/#website\"},\"primaryImageOfPage\":{\"@id\":\"https:\/\/www.africa-press.net\/cape-verde\/all-news\/controversy-cape-verdean-minister-accuses-fundacao-amilcar-cabral-of-dishonesty-for-candidacy-to-unesco#primaryimage\"},\"image\":{\"@id\":\"https:\/\/www.africa-press.net\/cape-verde\/all-news\/controversy-cape-verdean-minister-accuses-fundacao-amilcar-cabral-of-dishonesty-for-candidacy-to-unesco#primaryimage\"},\"thumbnailUrl\":\"https:\/\/static.africa-press.net\/cape-verde\/sites\/66\/2023\/11\/sm_1700899605.968397.jpg\",\"datePublished\":\"2023-11-25T11:10:12+00:00\",\"dateModified\":\"2023-11-25T12:39:17+00:00\",\"author\":{\"@id\":\"https:\/\/www.africa-press.net\/cape-verde\/#\/schema\/person\/068c7ab4e9634ae78ec5d54ec46598bb\"},\"description\":\"The controversy is sparked with the Cape Verdean Minister of Culture, Abraa\u0303o Vicente, accusing, this Friday, the Ami\u0301lcar ...\",\"breadcrumb\":{\"@id\":\"https:\/\/www.africa-press.net\/cape-verde\/all-news\/controversy-cape-verdean-minister-accuses-fundacao-amilcar-cabral-of-dishonesty-for-candidacy-to-unesco#breadcrumb\"},\"inLanguage\":\"en-US\",\"potentialAction\":[{\"@type\":\"ReadAction\",\"target\":[\"https:\/\/www.africa-press.net\/cape-verde\/all-news\/controversy-cape-verdean-minister-accuses-fundacao-amilcar-cabral-of-dishonesty-for-candidacy-to-unesco\"]}]},{\"@type\":\"ImageObject\",\"inLanguage\":\"en-US\",\"@id\":\"https:\/\/www.africa-press.net\/cape-verde\/all-news\/controversy-cape-verdean-minister-accuses-fundacao-amilcar-cabral-of-dishonesty-for-candidacy-to-unesco#primaryimage\",\"url\":\"https:\/\/static.africa-press.net\/cape-verde\/sites\/66\/2023\/11\/sm_1700899605.968397.jpg\",\"contentUrl\":\"https:\/\/static.africa-press.net\/cape-verde\/sites\/66\/2023\/11\/sm_1700899605.968397.jpg\",\"width\":800,\"height\":583,\"caption\":\"Controversy: Cape Verdean minister accuses Funda\u00e7\u00e3o Am\u00edlcar Cabral of \u201cdishonesty\u201d for candidacy to UNESCO\"},{\"@type\":\"BreadcrumbList\",\"@id\":\"https:\/\/www.africa-press.net\/cape-verde\/all-news\/controversy-cape-verdean-minister-accuses-fundacao-amilcar-cabral-of-dishonesty-for-candidacy-to-unesco#breadcrumb\",\"itemListElement\":[{\"@type\":\"ListItem\",\"position\":1,\"name\":\"Home\",\"item\":\"https:\/\/www.africa-press.net\/cape-verde\/\"},{\"@type\":\"ListItem\",\"position\":2,\"name\":\"Controversy: Cape Verdean minister accuses Funda\u00e7\u00e3o Am\u00edlcar Cabral of \u201cdishonesty\u201d for candidacy to UNESCO\"}]},{\"@type\":\"WebSite\",\"@id\":\"https:\/\/www.africa-press.net\/cape-verde\/#website\",\"url\":\"https:\/\/www.africa-press.net\/cape-verde\/\",\"name\":\"Cape Verde\",\"description\":\"Just another Africa News Agency Sites site\",\"potentialAction\":[{\"@type\":\"SearchAction\",\"target\":{\"@type\":\"EntryPoint\",\"urlTemplate\":\"https:\/\/www.africa-press.net\/cape-verde\/?s={search_term_string}\"},\"query-input\":{\"@type\":\"PropertyValueSpecification\",\"valueRequired\":true,\"valueName\":\"search_term_string\"}}],\"inLanguage\":\"en-US\"},{\"@type\":\"Person\",\"@id\":\"https:\/\/www.africa-press.net\/cape-verde\/#\/schema\/person\/068c7ab4e9634ae78ec5d54ec46598bb\",\"name\":\"cfeditoren\",\"image\":{\"@type\":\"ImageObject\",\"inLanguage\":\"en-US\",\"@id\":\"https:\/\/www.africa-press.net\/cape-verde\/#\/schema\/person\/image\/\",\"url\":\"https:\/\/secure.gravatar.com\/avatar\/7417380fa9e23b5c57fdbfdaf3fdf92ee478f759a084addda5faa3732853e74a?s=96&d=mm&r=g\",\"contentUrl\":\"https:\/\/secure.gravatar.com\/avatar\/7417380fa9e23b5c57fdbfdaf3fdf92ee478f759a084addda5faa3732853e74a?s=96&d=mm&r=g\",\"caption\":\"cfeditoren\"}}]}<\/script>\n<!-- \/ Yoast SEO Premium plugin. -->","yoast_head_json":{"title":"Controversy: Cape Verdean minister accuses Funda\u00e7\u00e3o Am\u00edlcar Cabral of \u201cdishonesty\u201d for candidacy to UNESCO - Cape Verde","description":"The controversy is sparked with the Cape Verdean Minister of Culture, Abraa\u0303o Vicente, accusing, this Friday, the Ami\u0301lcar ...","robots":{"index":"index","follow":"follow","max-snippet":"max-snippet:-1","max-image-preview":"max-image-preview:large","max-video-preview":"max-video-preview:-1"},"canonical":"https:\/\/www.africa-press.net\/cape-verde\/all-news\/controversy-cape-verdean-minister-accuses-fundacao-amilcar-cabral-of-dishonesty-for-candidacy-to-unesco","og_locale":"en_US","og_type":"article","og_title":"Controversy: Cape Verdean minister accuses Funda\u00e7\u00e3o Am\u00edlcar Cabral of \u201cdishonesty\u201d for candidacy to UNESCO - Cape Verde","og_description":"The controversy is sparked with the Cape Verdean Minister of Culture, Abraa\u0303o Vicente, accusing, this Friday, the Ami\u0301lcar ...","og_url":"https:\/\/www.africa-press.net\/cape-verde\/all-news\/controversy-cape-verdean-minister-accuses-fundacao-amilcar-cabral-of-dishonesty-for-candidacy-to-unesco","og_site_name":"Cape Verde","article_publisher":"https:\/\/www.facebook.com\/AfricaPressTunisiaa","article_published_time":"2023-11-25T11:10:12+00:00","article_modified_time":"2023-11-25T12:39:17+00:00","og_image":[{"width":800,"height":583,"url":"https:\/\/static.africa-press.net\/cape-verde\/sites\/66\/2023\/11\/sm_1700899605.968397.jpg","type":"image\/jpeg"}],"author":"cfeditoren","twitter_card":"summary_large_image","twitter_misc":{"Written by":"cfeditoren","Est. reading time":"3 minutes"},"schema":{"@context":"https:\/\/schema.org","@graph":[{"@type":"Article","@id":"https:\/\/www.africa-press.net\/cape-verde\/all-news\/controversy-cape-verdean-minister-accuses-fundacao-amilcar-cabral-of-dishonesty-for-candidacy-to-unesco#article","isPartOf":{"@id":"https:\/\/www.africa-press.net\/cape-verde\/all-news\/controversy-cape-verdean-minister-accuses-fundacao-amilcar-cabral-of-dishonesty-for-candidacy-to-unesco"},"author":{"name":"cfeditoren","@id":"https:\/\/www.africa-press.net\/cape-verde\/#\/schema\/person\/068c7ab4e9634ae78ec5d54ec46598bb"},"headline":"Controversy: Cape Verdean minister accuses Funda\u00e7\u00e3o Am\u00edlcar Cabral of \u201cdishonesty\u201d for candidacy to UNESCO","datePublished":"2023-11-25T11:10:12+00:00","dateModified":"2023-11-25T12:39:17+00:00","mainEntityOfPage":{"@id":"https:\/\/www.africa-press.net\/cape-verde\/all-news\/controversy-cape-verdean-minister-accuses-fundacao-amilcar-cabral-of-dishonesty-for-candidacy-to-unesco"},"wordCount":676,"commentCount":0,"image":{"@id":"https:\/\/www.africa-press.net\/cape-verde\/all-news\/controversy-cape-verdean-minister-accuses-fundacao-amilcar-cabral-of-dishonesty-for-candidacy-to-unesco#primaryimage"},"thumbnailUrl":"https:\/\/static.africa-press.net\/cape-verde\/sites\/66\/2023\/11\/sm_1700899605.968397.jpg","keywords":["Africa Press","Africa Press-Cape verde","Cape verde"],"articleSection":["all news","head lines","homepage-english","policy","to-homepage"],"inLanguage":"en-US","potentialAction":[{"@type":"CommentAction","name":"Comment","target":["https:\/\/www.africa-press.net\/cape-verde\/all-news\/controversy-cape-verdean-minister-accuses-fundacao-amilcar-cabral-of-dishonesty-for-candidacy-to-unesco#respond"]}]},{"@type":"WebPage","@id":"https:\/\/www.africa-press.net\/cape-verde\/all-news\/controversy-cape-verdean-minister-accuses-fundacao-amilcar-cabral-of-dishonesty-for-candidacy-to-unesco","url":"https:\/\/www.africa-press.net\/cape-verde\/all-news\/controversy-cape-verdean-minister-accuses-fundacao-amilcar-cabral-of-dishonesty-for-candidacy-to-unesco","name":"Controversy: Cape Verdean minister accuses Funda\u00e7\u00e3o Am\u00edlcar Cabral of \u201cdishonesty\u201d for candidacy to UNESCO - Cape Verde","isPartOf":{"@id":"https:\/\/www.africa-press.net\/cape-verde\/#website"},"primaryImageOfPage":{"@id":"https:\/\/www.africa-press.net\/cape-verde\/all-news\/controversy-cape-verdean-minister-accuses-fundacao-amilcar-cabral-of-dishonesty-for-candidacy-to-unesco#primaryimage"},"image":{"@id":"https:\/\/www.africa-press.net\/cape-verde\/all-news\/controversy-cape-verdean-minister-accuses-fundacao-amilcar-cabral-of-dishonesty-for-candidacy-to-unesco#primaryimage"},"thumbnailUrl":"https:\/\/static.africa-press.net\/cape-verde\/sites\/66\/2023\/11\/sm_1700899605.968397.jpg","datePublished":"2023-11-25T11:10:12+00:00","dateModified":"2023-11-25T12:39:17+00:00","author":{"@id":"https:\/\/www.africa-press.net\/cape-verde\/#\/schema\/person\/068c7ab4e9634ae78ec5d54ec46598bb"},"description":"The controversy is sparked with the Cape Verdean Minister of Culture, Abraa\u0303o Vicente, accusing, this Friday, the Ami\u0301lcar ...","breadcrumb":{"@id":"https:\/\/www.africa-press.net\/cape-verde\/all-news\/controversy-cape-verdean-minister-accuses-fundacao-amilcar-cabral-of-dishonesty-for-candidacy-to-unesco#breadcrumb"},"inLanguage":"en-US","potentialAction":[{"@type":"ReadAction","target":["https:\/\/www.africa-press.net\/cape-verde\/all-news\/controversy-cape-verdean-minister-accuses-fundacao-amilcar-cabral-of-dishonesty-for-candidacy-to-unesco"]}]},{"@type":"ImageObject","inLanguage":"en-US","@id":"https:\/\/www.africa-press.net\/cape-verde\/all-news\/controversy-cape-verdean-minister-accuses-fundacao-amilcar-cabral-of-dishonesty-for-candidacy-to-unesco#primaryimage","url":"https:\/\/static.africa-press.net\/cape-verde\/sites\/66\/2023\/11\/sm_1700899605.968397.jpg","contentUrl":"https:\/\/static.africa-press.net\/cape-verde\/sites\/66\/2023\/11\/sm_1700899605.968397.jpg","width":800,"height":583,"caption":"Controversy: Cape Verdean minister accuses Funda\u00e7\u00e3o Am\u00edlcar Cabral of \u201cdishonesty\u201d for candidacy to UNESCO"},{"@type":"BreadcrumbList","@id":"https:\/\/www.africa-press.net\/cape-verde\/all-news\/controversy-cape-verdean-minister-accuses-fundacao-amilcar-cabral-of-dishonesty-for-candidacy-to-unesco#breadcrumb","itemListElement":[{"@type":"ListItem","position":1,"name":"Home","item":"https:\/\/www.africa-press.net\/cape-verde\/"},{"@type":"ListItem","position":2,"name":"Controversy: Cape Verdean minister accuses Funda\u00e7\u00e3o Am\u00edlcar Cabral of \u201cdishonesty\u201d for candidacy to UNESCO"}]},{"@type":"WebSite","@id":"https:\/\/www.africa-press.net\/cape-verde\/#website","url":"https:\/\/www.africa-press.net\/cape-verde\/","name":"Cape Verde","description":"Just another Africa News Agency Sites site","potentialAction":[{"@type":"SearchAction","target":{"@type":"EntryPoint","urlTemplate":"https:\/\/www.africa-press.net\/cape-verde\/?s={search_term_string}"},"query-input":{"@type":"PropertyValueSpecification","valueRequired":true,"valueName":"search_term_string"}}],"inLanguage":"en-US"},{"@type":"Person","@id":"https:\/\/www.africa-press.net\/cape-verde\/#\/schema\/person\/068c7ab4e9634ae78ec5d54ec46598bb","name":"cfeditoren","image":{"@type":"ImageObject","inLanguage":"en-US","@id":"https:\/\/www.africa-press.net\/cape-verde\/#\/schema\/person\/image\/","url":"https:\/\/secure.gravatar.com\/avatar\/7417380fa9e23b5c57fdbfdaf3fdf92ee478f759a084addda5faa3732853e74a?s=96&d=mm&r=g","contentUrl":"https:\/\/secure.gravatar.com\/avatar\/7417380fa9e23b5c57fdbfdaf3fdf92ee478f759a084addda5faa3732853e74a?s=96&d=mm&r=g","caption":"cfeditoren"}}]}},"_links":{"self":[{"href":"https:\/\/www.africa-press.net\/cape-verde\/wp-json\/wp\/v2\/posts\/21279","targetHints":{"allow":["GET"]}}],"collection":[{"href":"https:\/\/www.africa-press.net\/cape-verde\/wp-json\/wp\/v2\/posts"}],"about":[{"href":"https:\/\/www.africa-press.net\/cape-verde\/wp-json\/wp\/v2\/types\/post"}],"author":[{"embeddable":true,"href":"https:\/\/www.africa-press.net\/cape-verde\/wp-json\/wp\/v2\/users\/84"}],"replies":[{"embeddable":true,"href":"https:\/\/www.africa-press.net\/cape-verde\/wp-json\/wp\/v2\/comments?post=21279"}],"version-history":[{"count":0,"href":"https:\/\/www.africa-press.net\/cape-verde\/wp-json\/wp\/v2\/posts\/21279\/revisions"}],"wp:featuredmedia":[{"embeddable":true,"href":"https:\/\/www.africa-press.net\/cape-verde\/wp-json\/wp\/v2\/media\/21278"}],"wp:attachment":[{"href":"https:\/\/www.africa-press.net\/cape-verde\/wp-json\/wp\/v2\/media?parent=21279"}],"wp:term":[{"taxonomy":"category","embeddable":true,"href":"https:\/\/www.africa-press.net\/cape-verde\/wp-json\/wp\/v2\/categories?post=21279"},{"taxonomy":"post_tag","embeddable":true,"href":"https:\/\/www.africa-press.net\/cape-verde\/wp-json\/wp\/v2\/tags?post=21279"}],"curies":[{"name":"wp","href":"https:\/\/api.w.org\/{rel}","templated":true}]}}