{"id":21316,"date":"2023-11-27T11:31:02","date_gmt":"2023-11-27T11:31:02","guid":{"rendered":"https:\/\/www.africa-press.net\/cape-verde\/all-news\/portugal-cape-verdeans-see-the-awards-charme-e-prestigio-as-recognition-for-the-work-done"},"modified":"2023-11-27T21:21:11","modified_gmt":"2023-11-27T21:21:11","slug":"portugal-cape-verdeans-see-the-awards-charme-e-prestigio-as-recognition-for-the-work-done","status":"publish","type":"post","link":"https:\/\/www.africa-press.net\/cape-verde\/all-news\/portugal-cape-verdeans-see-the-awards-charme-e-prestigio-as-recognition-for-the-work-done","title":{"rendered":"Portugal: Cape Verdeans see the \u201cAwards Charme e Prest\u00edgio\u201d as recognition for the work done"},"content":{"rendered":"<p><span style=\"color: #ff6600\"><strong>Africa-Press &#8211; Cape verde. <\/strong><\/span>Rolando Borges and Lito Spencer, two of the five Cape Verdeans who were awarded at the \u201cAwards Charme e Prest\u00edgio: Migrante e Afrodescendentes 2023\u201d say that the award represents recognition for the work they have done in Portugal.<\/p>\n<p>Promoted by the Cultural Association for Development (CulturFACE), the award ceremony took place in Lisbon on Saturday night, the 25th, with Lito Spencer (Carlos Spencer Frederico), as president of the Maense Association in Portugal (AMP), receiving the award in the \u201cActive Citizenship\u201d category.<\/p>\n<p>Rolando Borges, as project manager, promoter and president of the board of directors of the Cape Verde Diaspora Association Platform (PLTCVD), received the award in the \u201cCommunity Intervention\u201d category.<\/p>\n<p>\u201cThe award is recognition of my career in working with the community (\u2026). I know the value of my work and its impact on the community. Personally, I would like us to have another type of recognition and evaluation of the work we do\u201d, said Rolando Borges today, speaking to Inforpress.<\/p>\n<p>For him, if it were a financial prize, he could help with some project, but he stressed that what gives him satisfaction is the work he does on a daily basis, such as the creation of PLTCVD, in which you can feel the involvement of the community and people interested in the proposals presented.<\/p>\n<p>\u201cUnfortunately, in our community and on the ground, recognition is not easy, because many demand more. I will continue to make the daily effort to continue to be successful and improve our community every day\u201d, she highlighted.<\/p>\n<p>In turn, Lito Spencer confessed that he received the award \u201cwith some surprise\u201d, as he understood that it was not yet time to \u201creceive such distinction and recognition from the immigrant society\u201d for his 25-year journey in associations.<\/p>\n<p>\u201cIt is with a sense of increased responsibility on our part that we received the award, because it shows that people are watching us, evaluating us and appreciating what we have done. This award is thanks to the people who have always trusted me, who have always accompanied me in this life of association and people who are part of the management who don&#8217;t appear, but who have contributed a lot to some visibility of the work we have been doing\u201d, he stated.<\/p>\n<p>According to Lito Spencer, the last ten years at the helm of AMP have reflected on the lives of people, students, communities in Cape Verde and S\u00e3o Tom\u00e9 and Pr\u00edncipe and benefited a little all the Portuguese-speaking African Countries (PALOP), therefore , took the opportunity to thank everyone, especially \u201cpraising\u201d their trust and the role of partners that has helped them grow.<\/p>\n<p>In addition to Rolando Borges and Lito Spencer, three more Cape Verdeans were awarded in the \u201cAwards Charme e Prest\u00edgio: Migrante e Afrodescendentes 2023\u201d, with the sports coordinator Ant\u00f3nio Correia, in the \u201cSports\u201d category, the president of the Union of Parishes of Almada , Cova da Piedade, Pragal and Cacilhas, Maria Assis, in the \u201cPolitics\u201d category, and company manager Jaqueline Silva, in the \u201cHygiene and Cleaning\u201d category.<\/p>\n<p>From Portugal, Austria, Equatorial Guinea, Angola, S\u00e3o Tom\u00e9 and Pr\u00edncipe, Mozambique and Guinea-Bissau, other personalities received the award in different categories, such as \u201cPerformance\u201d, \u201cSocial Responsibility\u201d, \u201cEntertainment\u201d, \u201cTourism and Restaurants\u201d , \u201cAdvocacy\u201d, \u201cJournalism\u201d, \u201cLiterature\u201d, \u201cHealth\u201d, \u201cMusic\u201d, \u201cEntrepreneurship\u201d and \u201cEducation\u201d.<\/p>\n<p>CulturFACE is a non-governmental, non-profit organization, founded on May 4, 2019 in Odivelas (Portugal), focusing on culture and citizenship, where it uses cultural dynamics to achieve the social side from a perspective of inclusion of the migrant population and gypsy in the North Region of the City of Lisbon.<\/p>\n<p><strong>For More News And Analysis About <a href=\"https:\/\/www.africa-press.net\/cape-verde\">Cape verde<\/a> Follow <a href=\"https:\/\/www.africa-press.net\/\">Africa-Press<\/a><\/strong><\/p>\n","protected":false},"excerpt":{"rendered":"<p>Africa-Press &#8211; Cape verde. Rolando Borges and Lito Spencer, two of the five Cape Verdeans who were awarded at the \u201cAwards Charme e Prest\u00edgio: Migrante e Afrodescendentes 2023\u201d say that the award represents recognition for the work they have done in Portugal. Promoted by the Cultural Association for Development (CulturFACE), the award ceremony took place [&hellip;]<\/p>\n","protected":false},"author":84,"featured_media":21315,"comment_status":"open","ping_status":"open","sticky":false,"template":"","format":"standard","meta":{"footnotes":""},"categories":[2,12],"tags":[233,331,328],"class_list":["post-21316","post","type-post","status-publish","format-standard","has-post-thumbnail","hentry","category-all-news","category-policy","tag-africa-press","tag-africa-press-cape-verde","tag-cape-verde"],"yoast_head":"<!-- This site is optimized with the Yoast SEO Premium plugin v26.1 (Yoast SEO v27.0) - https:\/\/yoast.com\/product\/yoast-seo-premium-wordpress\/ -->\n<title>Portugal: Cape Verdeans see the \u201cAwards Charme e Prest\u00edgio\u201d as recognition for the work done - Cape Verde<\/title>\n<meta name=\"description\" content=\"Rolando Borges and Lito Spencer, two of the five Cape Verdeans who were awarded at the \u201cAwards Charme e Presti\u0301gio: Migra ...\" \/>\n<meta name=\"robots\" content=\"index, follow, max-snippet:-1, max-image-preview:large, max-video-preview:-1\" \/>\n<link rel=\"canonical\" href=\"https:\/\/www.africa-press.net\/cape-verde\/all-news\/portugal-cape-verdeans-see-the-awards-charme-e-prestigio-as-recognition-for-the-work-done\" \/>\n<meta property=\"og:locale\" content=\"en_US\" \/>\n<meta property=\"og:type\" content=\"article\" \/>\n<meta property=\"og:title\" content=\"Portugal: Cape Verdeans see the \u201cAwards Charme e Prest\u00edgio\u201d as recognition for the work done - Cape Verde\" \/>\n<meta property=\"og:description\" content=\"Rolando Borges and Lito Spencer, two of the five Cape Verdeans who were awarded at the \u201cAwards Charme e Presti\u0301gio: Migra ...\" \/>\n<meta property=\"og:url\" content=\"https:\/\/www.africa-press.net\/cape-verde\/all-news\/portugal-cape-verdeans-see-the-awards-charme-e-prestigio-as-recognition-for-the-work-done\" \/>\n<meta property=\"og:site_name\" content=\"Cape Verde\" \/>\n<meta property=\"article:publisher\" content=\"https:\/\/www.facebook.com\/AfricaPressTunisiaa\" \/>\n<meta property=\"article:published_time\" content=\"2023-11-27T11:31:02+00:00\" \/>\n<meta property=\"article:modified_time\" content=\"2023-11-27T21:21:11+00:00\" \/>\n<meta property=\"og:image\" content=\"https:\/\/static.africa-press.net\/cape-verde\/sites\/66\/2023\/11\/sm_1701073095.131935.jpg\" \/>\n\t<meta property=\"og:image:width\" content=\"800\" \/>\n\t<meta property=\"og:image:height\" content=\"444\" \/>\n\t<meta property=\"og:image:type\" content=\"image\/jpeg\" \/>\n<meta name=\"author\" content=\"cfeditoren\" \/>\n<meta name=\"twitter:card\" content=\"summary_large_image\" \/>\n<meta name=\"twitter:label1\" content=\"Written by\" \/>\n\t<meta name=\"twitter:data1\" content=\"cfeditoren\" \/>\n\t<meta name=\"twitter:label2\" content=\"Est. reading time\" \/>\n\t<meta name=\"twitter:data2\" content=\"3 minutes\" \/>\n<script type=\"application\/ld+json\" class=\"yoast-schema-graph\">{\"@context\":\"https:\/\/schema.org\",\"@graph\":[{\"@type\":\"Article\",\"@id\":\"https:\/\/www.africa-press.net\/cape-verde\/all-news\/portugal-cape-verdeans-see-the-awards-charme-e-prestigio-as-recognition-for-the-work-done#article\",\"isPartOf\":{\"@id\":\"https:\/\/www.africa-press.net\/cape-verde\/all-news\/portugal-cape-verdeans-see-the-awards-charme-e-prestigio-as-recognition-for-the-work-done\"},\"author\":{\"name\":\"cfeditoren\",\"@id\":\"https:\/\/www.africa-press.net\/cape-verde\/#\/schema\/person\/068c7ab4e9634ae78ec5d54ec46598bb\"},\"headline\":\"Portugal: Cape Verdeans see the \u201cAwards Charme e Prest\u00edgio\u201d as recognition for the work done\",\"datePublished\":\"2023-11-27T11:31:02+00:00\",\"dateModified\":\"2023-11-27T21:21:11+00:00\",\"mainEntityOfPage\":{\"@id\":\"https:\/\/www.africa-press.net\/cape-verde\/all-news\/portugal-cape-verdeans-see-the-awards-charme-e-prestigio-as-recognition-for-the-work-done\"},\"wordCount\":620,\"commentCount\":0,\"image\":{\"@id\":\"https:\/\/www.africa-press.net\/cape-verde\/all-news\/portugal-cape-verdeans-see-the-awards-charme-e-prestigio-as-recognition-for-the-work-done#primaryimage\"},\"thumbnailUrl\":\"https:\/\/static.africa-press.net\/cape-verde\/sites\/66\/2023\/11\/sm_1701073095.131935.jpg\",\"keywords\":[\"Africa Press\",\"Africa Press-Cape verde\",\"Cape verde\"],\"articleSection\":[\"all news\",\"policy\"],\"inLanguage\":\"en-US\",\"potentialAction\":[{\"@type\":\"CommentAction\",\"name\":\"Comment\",\"target\":[\"https:\/\/www.africa-press.net\/cape-verde\/all-news\/portugal-cape-verdeans-see-the-awards-charme-e-prestigio-as-recognition-for-the-work-done#respond\"]}]},{\"@type\":\"WebPage\",\"@id\":\"https:\/\/www.africa-press.net\/cape-verde\/all-news\/portugal-cape-verdeans-see-the-awards-charme-e-prestigio-as-recognition-for-the-work-done\",\"url\":\"https:\/\/www.africa-press.net\/cape-verde\/all-news\/portugal-cape-verdeans-see-the-awards-charme-e-prestigio-as-recognition-for-the-work-done\",\"name\":\"Portugal: Cape Verdeans see the \u201cAwards Charme e Prest\u00edgio\u201d as recognition for the work done - Cape Verde\",\"isPartOf\":{\"@id\":\"https:\/\/www.africa-press.net\/cape-verde\/#website\"},\"primaryImageOfPage\":{\"@id\":\"https:\/\/www.africa-press.net\/cape-verde\/all-news\/portugal-cape-verdeans-see-the-awards-charme-e-prestigio-as-recognition-for-the-work-done#primaryimage\"},\"image\":{\"@id\":\"https:\/\/www.africa-press.net\/cape-verde\/all-news\/portugal-cape-verdeans-see-the-awards-charme-e-prestigio-as-recognition-for-the-work-done#primaryimage\"},\"thumbnailUrl\":\"https:\/\/static.africa-press.net\/cape-verde\/sites\/66\/2023\/11\/sm_1701073095.131935.jpg\",\"datePublished\":\"2023-11-27T11:31:02+00:00\",\"dateModified\":\"2023-11-27T21:21:11+00:00\",\"author\":{\"@id\":\"https:\/\/www.africa-press.net\/cape-verde\/#\/schema\/person\/068c7ab4e9634ae78ec5d54ec46598bb\"},\"description\":\"Rolando Borges and Lito Spencer, two of the five Cape Verdeans who were awarded at the \u201cAwards Charme e Presti\u0301gio: Migra ...\",\"breadcrumb\":{\"@id\":\"https:\/\/www.africa-press.net\/cape-verde\/all-news\/portugal-cape-verdeans-see-the-awards-charme-e-prestigio-as-recognition-for-the-work-done#breadcrumb\"},\"inLanguage\":\"en-US\",\"potentialAction\":[{\"@type\":\"ReadAction\",\"target\":[\"https:\/\/www.africa-press.net\/cape-verde\/all-news\/portugal-cape-verdeans-see-the-awards-charme-e-prestigio-as-recognition-for-the-work-done\"]}]},{\"@type\":\"ImageObject\",\"inLanguage\":\"en-US\",\"@id\":\"https:\/\/www.africa-press.net\/cape-verde\/all-news\/portugal-cape-verdeans-see-the-awards-charme-e-prestigio-as-recognition-for-the-work-done#primaryimage\",\"url\":\"https:\/\/static.africa-press.net\/cape-verde\/sites\/66\/2023\/11\/sm_1701073095.131935.jpg\",\"contentUrl\":\"https:\/\/static.africa-press.net\/cape-verde\/sites\/66\/2023\/11\/sm_1701073095.131935.jpg\",\"width\":800,\"height\":444,\"caption\":\"Portugal: Cape Verdeans see the \u201cAwards Charme e Prest\u00edgio\u201d as recognition for the work done\"},{\"@type\":\"BreadcrumbList\",\"@id\":\"https:\/\/www.africa-press.net\/cape-verde\/all-news\/portugal-cape-verdeans-see-the-awards-charme-e-prestigio-as-recognition-for-the-work-done#breadcrumb\",\"itemListElement\":[{\"@type\":\"ListItem\",\"position\":1,\"name\":\"Home\",\"item\":\"https:\/\/www.africa-press.net\/cape-verde\/\"},{\"@type\":\"ListItem\",\"position\":2,\"name\":\"Portugal: Cape Verdeans see the \u201cAwards Charme e Prest\u00edgio\u201d as recognition for the work done\"}]},{\"@type\":\"WebSite\",\"@id\":\"https:\/\/www.africa-press.net\/cape-verde\/#website\",\"url\":\"https:\/\/www.africa-press.net\/cape-verde\/\",\"name\":\"Cape Verde\",\"description\":\"Just another Africa News Agency Sites site\",\"potentialAction\":[{\"@type\":\"SearchAction\",\"target\":{\"@type\":\"EntryPoint\",\"urlTemplate\":\"https:\/\/www.africa-press.net\/cape-verde\/?s={search_term_string}\"},\"query-input\":{\"@type\":\"PropertyValueSpecification\",\"valueRequired\":true,\"valueName\":\"search_term_string\"}}],\"inLanguage\":\"en-US\"},{\"@type\":\"Person\",\"@id\":\"https:\/\/www.africa-press.net\/cape-verde\/#\/schema\/person\/068c7ab4e9634ae78ec5d54ec46598bb\",\"name\":\"cfeditoren\",\"image\":{\"@type\":\"ImageObject\",\"inLanguage\":\"en-US\",\"@id\":\"https:\/\/www.africa-press.net\/cape-verde\/#\/schema\/person\/image\/\",\"url\":\"https:\/\/secure.gravatar.com\/avatar\/7417380fa9e23b5c57fdbfdaf3fdf92ee478f759a084addda5faa3732853e74a?s=96&d=mm&r=g\",\"contentUrl\":\"https:\/\/secure.gravatar.com\/avatar\/7417380fa9e23b5c57fdbfdaf3fdf92ee478f759a084addda5faa3732853e74a?s=96&d=mm&r=g\",\"caption\":\"cfeditoren\"}}]}<\/script>\n<!-- \/ Yoast SEO Premium plugin. -->","yoast_head_json":{"title":"Portugal: Cape Verdeans see the \u201cAwards Charme e Prest\u00edgio\u201d as recognition for the work done - Cape Verde","description":"Rolando Borges and Lito Spencer, two of the five Cape Verdeans who were awarded at the \u201cAwards Charme e Presti\u0301gio: Migra ...","robots":{"index":"index","follow":"follow","max-snippet":"max-snippet:-1","max-image-preview":"max-image-preview:large","max-video-preview":"max-video-preview:-1"},"canonical":"https:\/\/www.africa-press.net\/cape-verde\/all-news\/portugal-cape-verdeans-see-the-awards-charme-e-prestigio-as-recognition-for-the-work-done","og_locale":"en_US","og_type":"article","og_title":"Portugal: Cape Verdeans see the \u201cAwards Charme e Prest\u00edgio\u201d as recognition for the work done - Cape Verde","og_description":"Rolando Borges and Lito Spencer, two of the five Cape Verdeans who were awarded at the \u201cAwards Charme e Presti\u0301gio: Migra ...","og_url":"https:\/\/www.africa-press.net\/cape-verde\/all-news\/portugal-cape-verdeans-see-the-awards-charme-e-prestigio-as-recognition-for-the-work-done","og_site_name":"Cape Verde","article_publisher":"https:\/\/www.facebook.com\/AfricaPressTunisiaa","article_published_time":"2023-11-27T11:31:02+00:00","article_modified_time":"2023-11-27T21:21:11+00:00","og_image":[{"width":800,"height":444,"url":"https:\/\/static.africa-press.net\/cape-verde\/sites\/66\/2023\/11\/sm_1701073095.131935.jpg","type":"image\/jpeg"}],"author":"cfeditoren","twitter_card":"summary_large_image","twitter_misc":{"Written by":"cfeditoren","Est. reading time":"3 minutes"},"schema":{"@context":"https:\/\/schema.org","@graph":[{"@type":"Article","@id":"https:\/\/www.africa-press.net\/cape-verde\/all-news\/portugal-cape-verdeans-see-the-awards-charme-e-prestigio-as-recognition-for-the-work-done#article","isPartOf":{"@id":"https:\/\/www.africa-press.net\/cape-verde\/all-news\/portugal-cape-verdeans-see-the-awards-charme-e-prestigio-as-recognition-for-the-work-done"},"author":{"name":"cfeditoren","@id":"https:\/\/www.africa-press.net\/cape-verde\/#\/schema\/person\/068c7ab4e9634ae78ec5d54ec46598bb"},"headline":"Portugal: Cape Verdeans see the \u201cAwards Charme e Prest\u00edgio\u201d as recognition for the work done","datePublished":"2023-11-27T11:31:02+00:00","dateModified":"2023-11-27T21:21:11+00:00","mainEntityOfPage":{"@id":"https:\/\/www.africa-press.net\/cape-verde\/all-news\/portugal-cape-verdeans-see-the-awards-charme-e-prestigio-as-recognition-for-the-work-done"},"wordCount":620,"commentCount":0,"image":{"@id":"https:\/\/www.africa-press.net\/cape-verde\/all-news\/portugal-cape-verdeans-see-the-awards-charme-e-prestigio-as-recognition-for-the-work-done#primaryimage"},"thumbnailUrl":"https:\/\/static.africa-press.net\/cape-verde\/sites\/66\/2023\/11\/sm_1701073095.131935.jpg","keywords":["Africa Press","Africa Press-Cape verde","Cape verde"],"articleSection":["all news","policy"],"inLanguage":"en-US","potentialAction":[{"@type":"CommentAction","name":"Comment","target":["https:\/\/www.africa-press.net\/cape-verde\/all-news\/portugal-cape-verdeans-see-the-awards-charme-e-prestigio-as-recognition-for-the-work-done#respond"]}]},{"@type":"WebPage","@id":"https:\/\/www.africa-press.net\/cape-verde\/all-news\/portugal-cape-verdeans-see-the-awards-charme-e-prestigio-as-recognition-for-the-work-done","url":"https:\/\/www.africa-press.net\/cape-verde\/all-news\/portugal-cape-verdeans-see-the-awards-charme-e-prestigio-as-recognition-for-the-work-done","name":"Portugal: Cape Verdeans see the \u201cAwards Charme e Prest\u00edgio\u201d as recognition for the work done - Cape Verde","isPartOf":{"@id":"https:\/\/www.africa-press.net\/cape-verde\/#website"},"primaryImageOfPage":{"@id":"https:\/\/www.africa-press.net\/cape-verde\/all-news\/portugal-cape-verdeans-see-the-awards-charme-e-prestigio-as-recognition-for-the-work-done#primaryimage"},"image":{"@id":"https:\/\/www.africa-press.net\/cape-verde\/all-news\/portugal-cape-verdeans-see-the-awards-charme-e-prestigio-as-recognition-for-the-work-done#primaryimage"},"thumbnailUrl":"https:\/\/static.africa-press.net\/cape-verde\/sites\/66\/2023\/11\/sm_1701073095.131935.jpg","datePublished":"2023-11-27T11:31:02+00:00","dateModified":"2023-11-27T21:21:11+00:00","author":{"@id":"https:\/\/www.africa-press.net\/cape-verde\/#\/schema\/person\/068c7ab4e9634ae78ec5d54ec46598bb"},"description":"Rolando Borges and Lito Spencer, two of the five Cape Verdeans who were awarded at the \u201cAwards Charme e Presti\u0301gio: Migra ...","breadcrumb":{"@id":"https:\/\/www.africa-press.net\/cape-verde\/all-news\/portugal-cape-verdeans-see-the-awards-charme-e-prestigio-as-recognition-for-the-work-done#breadcrumb"},"inLanguage":"en-US","potentialAction":[{"@type":"ReadAction","target":["https:\/\/www.africa-press.net\/cape-verde\/all-news\/portugal-cape-verdeans-see-the-awards-charme-e-prestigio-as-recognition-for-the-work-done"]}]},{"@type":"ImageObject","inLanguage":"en-US","@id":"https:\/\/www.africa-press.net\/cape-verde\/all-news\/portugal-cape-verdeans-see-the-awards-charme-e-prestigio-as-recognition-for-the-work-done#primaryimage","url":"https:\/\/static.africa-press.net\/cape-verde\/sites\/66\/2023\/11\/sm_1701073095.131935.jpg","contentUrl":"https:\/\/static.africa-press.net\/cape-verde\/sites\/66\/2023\/11\/sm_1701073095.131935.jpg","width":800,"height":444,"caption":"Portugal: Cape Verdeans see the \u201cAwards Charme e Prest\u00edgio\u201d as recognition for the work done"},{"@type":"BreadcrumbList","@id":"https:\/\/www.africa-press.net\/cape-verde\/all-news\/portugal-cape-verdeans-see-the-awards-charme-e-prestigio-as-recognition-for-the-work-done#breadcrumb","itemListElement":[{"@type":"ListItem","position":1,"name":"Home","item":"https:\/\/www.africa-press.net\/cape-verde\/"},{"@type":"ListItem","position":2,"name":"Portugal: Cape Verdeans see the \u201cAwards Charme e Prest\u00edgio\u201d as recognition for the work done"}]},{"@type":"WebSite","@id":"https:\/\/www.africa-press.net\/cape-verde\/#website","url":"https:\/\/www.africa-press.net\/cape-verde\/","name":"Cape Verde","description":"Just another Africa News Agency Sites site","potentialAction":[{"@type":"SearchAction","target":{"@type":"EntryPoint","urlTemplate":"https:\/\/www.africa-press.net\/cape-verde\/?s={search_term_string}"},"query-input":{"@type":"PropertyValueSpecification","valueRequired":true,"valueName":"search_term_string"}}],"inLanguage":"en-US"},{"@type":"Person","@id":"https:\/\/www.africa-press.net\/cape-verde\/#\/schema\/person\/068c7ab4e9634ae78ec5d54ec46598bb","name":"cfeditoren","image":{"@type":"ImageObject","inLanguage":"en-US","@id":"https:\/\/www.africa-press.net\/cape-verde\/#\/schema\/person\/image\/","url":"https:\/\/secure.gravatar.com\/avatar\/7417380fa9e23b5c57fdbfdaf3fdf92ee478f759a084addda5faa3732853e74a?s=96&d=mm&r=g","contentUrl":"https:\/\/secure.gravatar.com\/avatar\/7417380fa9e23b5c57fdbfdaf3fdf92ee478f759a084addda5faa3732853e74a?s=96&d=mm&r=g","caption":"cfeditoren"}}]}},"_links":{"self":[{"href":"https:\/\/www.africa-press.net\/cape-verde\/wp-json\/wp\/v2\/posts\/21316","targetHints":{"allow":["GET"]}}],"collection":[{"href":"https:\/\/www.africa-press.net\/cape-verde\/wp-json\/wp\/v2\/posts"}],"about":[{"href":"https:\/\/www.africa-press.net\/cape-verde\/wp-json\/wp\/v2\/types\/post"}],"author":[{"embeddable":true,"href":"https:\/\/www.africa-press.net\/cape-verde\/wp-json\/wp\/v2\/users\/84"}],"replies":[{"embeddable":true,"href":"https:\/\/www.africa-press.net\/cape-verde\/wp-json\/wp\/v2\/comments?post=21316"}],"version-history":[{"count":0,"href":"https:\/\/www.africa-press.net\/cape-verde\/wp-json\/wp\/v2\/posts\/21316\/revisions"}],"wp:featuredmedia":[{"embeddable":true,"href":"https:\/\/www.africa-press.net\/cape-verde\/wp-json\/wp\/v2\/media\/21315"}],"wp:attachment":[{"href":"https:\/\/www.africa-press.net\/cape-verde\/wp-json\/wp\/v2\/media?parent=21316"}],"wp:term":[{"taxonomy":"category","embeddable":true,"href":"https:\/\/www.africa-press.net\/cape-verde\/wp-json\/wp\/v2\/categories?post=21316"},{"taxonomy":"post_tag","embeddable":true,"href":"https:\/\/www.africa-press.net\/cape-verde\/wp-json\/wp\/v2\/tags?post=21316"}],"curies":[{"name":"wp","href":"https:\/\/api.w.org\/{rel}","templated":true}]}}