{"id":28841,"date":"2025-04-08T23:26:17","date_gmt":"2025-04-08T23:26:17","guid":{"rendered":"https:\/\/www.africa-press.net\/cape-verde\/all-news\/paicv-considera-inaceitavel-crescionamento-economico-que-nao-se-reflect-nas-pessoas"},"modified":"2025-04-15T11:22:49","modified_gmt":"2025-04-15T11:22:49","slug":"paicv-considera-inaceitavel-crescionamento-economico-que-nao-se-reflect-nas-pessoas","status":"publish","type":"post","link":"https:\/\/www.africa-press.net\/cape-verde\/all-news\/paicv-considera-inaceitavel-crescionamento-economico-que-nao-se-reflect-nas-pessoas","title":{"rendered":"PAICV Considera Inaceit\u00e1vel Crescionamento Econ\u00f3mico Que N\u00e3o Se Reflect Nas Pessoas"},"content":{"rendered":"<p><span style=\"color: #ff6600\"><strong>Africa-Press &#8211; Cape verde. <\/strong><\/span>Para o PAICV um crescionamento econo\u0301mico que na\u0303o se reflect na vida das pessoas na\u0303o e\u0301 aceita\u0301vel. The position expressed by the leader of the bench, Joa\u0303o Batista Pereira, in the preview of the first plenary session of the month of April, which starts on Wednesday.<\/p>\n<p>&#8220;We fear this sad reality. Para onde esta\u0301 esta\u0301 efectivo esta\u0301 ir crescendo econo\u0301mico if the populations in Cabo Verde suffer with water problems, suffer with energy problems, suffer with health problems, suffer with security problems and, therefore, paradoxically, it is a country that is growing at 7.3%. In truth, we understand that an economy that grows does not grow in people&#8217;s pockets, it does not grow in people&#8217;s bellies, it is a growth that does not serve&#8221;, he points out.<\/p>\n<p>O PAICV questiona o Governo se ate\u0301 ao final da legislatureura still will have time to concretize as infra-estruturas promised to population<\/p>\n<p>&#8220;Estamos a pensar no Hospital de Cabo Verde, announced since March of 2021, the Prime Minister said that it already had financing, which was 7 million. The reality we have today in health matters is that it is symptomatic that the State, the Agostinho Neto University Hospital, has a TAC machine of 16 cuts and a private logo in front of the same equipment with a capacity of 64 cuts. anunciada. Vamos perguntar pelas marinas e portos que foram promitidos, pelas salas de especta\u0301culo, namely aqui na Praia, e o aeroporto de Santo Anta\u0303o, se ainda vai ser comprido&#8221;.<\/p>\n<p>The first plenary session of April starts this fourth-feira and has as the central point of debate with the Minister of Infrastructure, Ordenamento and Territo\u0301rio, Victor Coutinho.<\/p>\n<p>The agenda also includes the finalization of the debate on the especialidade of amendments to the Electoral Code, among other diplomas.<\/p>\n<p><strong>For More News And Analysis About <span style=\"color: #ff6600\">Cape verde<\/span> Follow <span style=\"color: #ff6600\">Africa-Press<\/span><\/strong><\/p>\n","protected":false},"excerpt":{"rendered":"<p>Africa-Press &#8211; Cape verde. Para o PAICV um crescionamento econo\u0301mico que na\u0303o se reflect na vida das pessoas na\u0303o e\u0301 aceita\u0301vel. The position expressed by the leader of the bench, Joa\u0303o Batista Pereira, in the preview of the first plenary session of the month of April, which starts on Wednesday. &#8220;We fear this sad reality. [&hellip;]<\/p>\n","protected":false},"author":84,"featured_media":28840,"comment_status":"open","ping_status":"open","sticky":false,"template":"","format":"standard","meta":{"footnotes":""},"categories":[2,12],"tags":[328],"class_list":["post-28841","post","type-post","status-publish","format-standard","has-post-thumbnail","hentry","category-all-news","category-policy","tag-cape-verde"],"yoast_head":"<!-- This site is optimized with the Yoast SEO Premium plugin v26.1 (Yoast SEO v27.0) - https:\/\/yoast.com\/product\/yoast-seo-premium-wordpress\/ -->\n<title>PAICV Considera Inaceit\u00e1vel Crescionamento Econ\u00f3mico Que N\u00e3o Se Reflect Nas Pessoas - Cape Verde<\/title>\n<meta name=\"description\" content=\"Para o PAICV um crescionamento econo\u0301mico que na\u0303o se reflect na vida das pessoas na\u0303o e\u0301 aceita\u0301vel. The position expre ...\" \/>\n<meta name=\"robots\" content=\"index, follow, max-snippet:-1, max-image-preview:large, max-video-preview:-1\" \/>\n<link rel=\"canonical\" href=\"https:\/\/www.africa-press.net\/cape-verde\/all-news\/paicv-considera-inaceitavel-crescionamento-economico-que-nao-se-reflect-nas-pessoas\" \/>\n<meta property=\"og:locale\" content=\"en_US\" \/>\n<meta property=\"og:type\" content=\"article\" \/>\n<meta property=\"og:title\" content=\"PAICV Considera Inaceit\u00e1vel Crescionamento Econ\u00f3mico Que N\u00e3o Se Reflect Nas Pessoas - Cape Verde\" \/>\n<meta property=\"og:description\" content=\"Para o PAICV um crescionamento econo\u0301mico que na\u0303o se reflect na vida das pessoas na\u0303o e\u0301 aceita\u0301vel. The position expre ...\" \/>\n<meta property=\"og:url\" content=\"https:\/\/www.africa-press.net\/cape-verde\/all-news\/paicv-considera-inaceitavel-crescionamento-economico-que-nao-se-reflect-nas-pessoas\" \/>\n<meta property=\"og:site_name\" content=\"Cape Verde\" \/>\n<meta property=\"article:publisher\" content=\"https:\/\/www.facebook.com\/AfricaPressTunisiaa\" \/>\n<meta property=\"article:published_time\" content=\"2025-04-08T23:26:17+00:00\" \/>\n<meta property=\"article:modified_time\" content=\"2025-04-15T11:22:49+00:00\" \/>\n<meta property=\"og:image\" content=\"https:\/\/static.africa-press.net\/cape-verde\/sites\/66\/2025\/04\/sm_1744142605.980989.jpg\" \/>\n\t<meta property=\"og:image:width\" content=\"1024\" \/>\n\t<meta property=\"og:image:height\" content=\"768\" \/>\n\t<meta property=\"og:image:type\" content=\"image\/jpeg\" \/>\n<meta name=\"author\" content=\"cfeditoren\" \/>\n<meta name=\"twitter:card\" content=\"summary_large_image\" \/>\n<meta name=\"twitter:label1\" content=\"Written by\" \/>\n\t<meta name=\"twitter:data1\" content=\"cfeditoren\" \/>\n\t<meta name=\"twitter:label2\" content=\"Est. reading time\" \/>\n\t<meta name=\"twitter:data2\" content=\"2 minutes\" \/>\n<script type=\"application\/ld+json\" class=\"yoast-schema-graph\">{\"@context\":\"https:\/\/schema.org\",\"@graph\":[{\"@type\":\"Article\",\"@id\":\"https:\/\/www.africa-press.net\/cape-verde\/all-news\/paicv-considera-inaceitavel-crescionamento-economico-que-nao-se-reflect-nas-pessoas#article\",\"isPartOf\":{\"@id\":\"https:\/\/www.africa-press.net\/cape-verde\/all-news\/paicv-considera-inaceitavel-crescionamento-economico-que-nao-se-reflect-nas-pessoas\"},\"author\":{\"name\":\"cfeditoren\",\"@id\":\"https:\/\/www.africa-press.net\/cape-verde\/#\/schema\/person\/068c7ab4e9634ae78ec5d54ec46598bb\"},\"headline\":\"PAICV Considera Inaceit\u00e1vel Crescionamento Econ\u00f3mico Que N\u00e3o Se Reflect Nas Pessoas\",\"datePublished\":\"2025-04-08T23:26:17+00:00\",\"dateModified\":\"2025-04-15T11:22:49+00:00\",\"mainEntityOfPage\":{\"@id\":\"https:\/\/www.africa-press.net\/cape-verde\/all-news\/paicv-considera-inaceitavel-crescionamento-economico-que-nao-se-reflect-nas-pessoas\"},\"wordCount\":330,\"commentCount\":0,\"image\":{\"@id\":\"https:\/\/www.africa-press.net\/cape-verde\/all-news\/paicv-considera-inaceitavel-crescionamento-economico-que-nao-se-reflect-nas-pessoas#primaryimage\"},\"thumbnailUrl\":\"https:\/\/static.africa-press.net\/cape-verde\/sites\/66\/2025\/04\/sm_1744142605.980989.jpg\",\"keywords\":[\"Cape verde\"],\"articleSection\":[\"all news\",\"policy\"],\"inLanguage\":\"en-US\",\"potentialAction\":[{\"@type\":\"CommentAction\",\"name\":\"Comment\",\"target\":[\"https:\/\/www.africa-press.net\/cape-verde\/all-news\/paicv-considera-inaceitavel-crescionamento-economico-que-nao-se-reflect-nas-pessoas#respond\"]}]},{\"@type\":\"WebPage\",\"@id\":\"https:\/\/www.africa-press.net\/cape-verde\/all-news\/paicv-considera-inaceitavel-crescionamento-economico-que-nao-se-reflect-nas-pessoas\",\"url\":\"https:\/\/www.africa-press.net\/cape-verde\/all-news\/paicv-considera-inaceitavel-crescionamento-economico-que-nao-se-reflect-nas-pessoas\",\"name\":\"PAICV Considera Inaceit\u00e1vel Crescionamento Econ\u00f3mico Que N\u00e3o Se Reflect Nas Pessoas - Cape Verde\",\"isPartOf\":{\"@id\":\"https:\/\/www.africa-press.net\/cape-verde\/#website\"},\"primaryImageOfPage\":{\"@id\":\"https:\/\/www.africa-press.net\/cape-verde\/all-news\/paicv-considera-inaceitavel-crescionamento-economico-que-nao-se-reflect-nas-pessoas#primaryimage\"},\"image\":{\"@id\":\"https:\/\/www.africa-press.net\/cape-verde\/all-news\/paicv-considera-inaceitavel-crescionamento-economico-que-nao-se-reflect-nas-pessoas#primaryimage\"},\"thumbnailUrl\":\"https:\/\/static.africa-press.net\/cape-verde\/sites\/66\/2025\/04\/sm_1744142605.980989.jpg\",\"datePublished\":\"2025-04-08T23:26:17+00:00\",\"dateModified\":\"2025-04-15T11:22:49+00:00\",\"author\":{\"@id\":\"https:\/\/www.africa-press.net\/cape-verde\/#\/schema\/person\/068c7ab4e9634ae78ec5d54ec46598bb\"},\"description\":\"Para o PAICV um crescionamento econo\u0301mico que na\u0303o se reflect na vida das pessoas na\u0303o e\u0301 aceita\u0301vel. The position expre ...\",\"breadcrumb\":{\"@id\":\"https:\/\/www.africa-press.net\/cape-verde\/all-news\/paicv-considera-inaceitavel-crescionamento-economico-que-nao-se-reflect-nas-pessoas#breadcrumb\"},\"inLanguage\":\"en-US\",\"potentialAction\":[{\"@type\":\"ReadAction\",\"target\":[\"https:\/\/www.africa-press.net\/cape-verde\/all-news\/paicv-considera-inaceitavel-crescionamento-economico-que-nao-se-reflect-nas-pessoas\"]}]},{\"@type\":\"ImageObject\",\"inLanguage\":\"en-US\",\"@id\":\"https:\/\/www.africa-press.net\/cape-verde\/all-news\/paicv-considera-inaceitavel-crescionamento-economico-que-nao-se-reflect-nas-pessoas#primaryimage\",\"url\":\"https:\/\/static.africa-press.net\/cape-verde\/sites\/66\/2025\/04\/sm_1744142605.980989.jpg\",\"contentUrl\":\"https:\/\/static.africa-press.net\/cape-verde\/sites\/66\/2025\/04\/sm_1744142605.980989.jpg\",\"width\":1024,\"height\":768,\"caption\":\"PAICV Considera Inaceit\u00e1vel Crescionamento Econ\u00f3mico Que N\u00e3o Se Reflect Nas Pessoas\"},{\"@type\":\"BreadcrumbList\",\"@id\":\"https:\/\/www.africa-press.net\/cape-verde\/all-news\/paicv-considera-inaceitavel-crescionamento-economico-que-nao-se-reflect-nas-pessoas#breadcrumb\",\"itemListElement\":[{\"@type\":\"ListItem\",\"position\":1,\"name\":\"Home\",\"item\":\"https:\/\/www.africa-press.net\/cape-verde\/\"},{\"@type\":\"ListItem\",\"position\":2,\"name\":\"PAICV Considera Inaceit\u00e1vel Crescionamento Econ\u00f3mico Que N\u00e3o Se Reflect Nas Pessoas\"}]},{\"@type\":\"WebSite\",\"@id\":\"https:\/\/www.africa-press.net\/cape-verde\/#website\",\"url\":\"https:\/\/www.africa-press.net\/cape-verde\/\",\"name\":\"Cape Verde\",\"description\":\"Just another Africa News Agency Sites site\",\"potentialAction\":[{\"@type\":\"SearchAction\",\"target\":{\"@type\":\"EntryPoint\",\"urlTemplate\":\"https:\/\/www.africa-press.net\/cape-verde\/?s={search_term_string}\"},\"query-input\":{\"@type\":\"PropertyValueSpecification\",\"valueRequired\":true,\"valueName\":\"search_term_string\"}}],\"inLanguage\":\"en-US\"},{\"@type\":\"Person\",\"@id\":\"https:\/\/www.africa-press.net\/cape-verde\/#\/schema\/person\/068c7ab4e9634ae78ec5d54ec46598bb\",\"name\":\"cfeditoren\",\"image\":{\"@type\":\"ImageObject\",\"inLanguage\":\"en-US\",\"@id\":\"https:\/\/www.africa-press.net\/cape-verde\/#\/schema\/person\/image\/\",\"url\":\"https:\/\/secure.gravatar.com\/avatar\/7417380fa9e23b5c57fdbfdaf3fdf92ee478f759a084addda5faa3732853e74a?s=96&d=mm&r=g\",\"contentUrl\":\"https:\/\/secure.gravatar.com\/avatar\/7417380fa9e23b5c57fdbfdaf3fdf92ee478f759a084addda5faa3732853e74a?s=96&d=mm&r=g\",\"caption\":\"cfeditoren\"}}]}<\/script>\n<!-- \/ Yoast SEO Premium plugin. -->","yoast_head_json":{"title":"PAICV Considera Inaceit\u00e1vel Crescionamento Econ\u00f3mico Que N\u00e3o Se Reflect Nas Pessoas - Cape Verde","description":"Para o PAICV um crescionamento econo\u0301mico que na\u0303o se reflect na vida das pessoas na\u0303o e\u0301 aceita\u0301vel. The position expre ...","robots":{"index":"index","follow":"follow","max-snippet":"max-snippet:-1","max-image-preview":"max-image-preview:large","max-video-preview":"max-video-preview:-1"},"canonical":"https:\/\/www.africa-press.net\/cape-verde\/all-news\/paicv-considera-inaceitavel-crescionamento-economico-que-nao-se-reflect-nas-pessoas","og_locale":"en_US","og_type":"article","og_title":"PAICV Considera Inaceit\u00e1vel Crescionamento Econ\u00f3mico Que N\u00e3o Se Reflect Nas Pessoas - Cape Verde","og_description":"Para o PAICV um crescionamento econo\u0301mico que na\u0303o se reflect na vida das pessoas na\u0303o e\u0301 aceita\u0301vel. The position expre ...","og_url":"https:\/\/www.africa-press.net\/cape-verde\/all-news\/paicv-considera-inaceitavel-crescionamento-economico-que-nao-se-reflect-nas-pessoas","og_site_name":"Cape Verde","article_publisher":"https:\/\/www.facebook.com\/AfricaPressTunisiaa","article_published_time":"2025-04-08T23:26:17+00:00","article_modified_time":"2025-04-15T11:22:49+00:00","og_image":[{"width":1024,"height":768,"url":"https:\/\/static.africa-press.net\/cape-verde\/sites\/66\/2025\/04\/sm_1744142605.980989.jpg","type":"image\/jpeg"}],"author":"cfeditoren","twitter_card":"summary_large_image","twitter_misc":{"Written by":"cfeditoren","Est. reading time":"2 minutes"},"schema":{"@context":"https:\/\/schema.org","@graph":[{"@type":"Article","@id":"https:\/\/www.africa-press.net\/cape-verde\/all-news\/paicv-considera-inaceitavel-crescionamento-economico-que-nao-se-reflect-nas-pessoas#article","isPartOf":{"@id":"https:\/\/www.africa-press.net\/cape-verde\/all-news\/paicv-considera-inaceitavel-crescionamento-economico-que-nao-se-reflect-nas-pessoas"},"author":{"name":"cfeditoren","@id":"https:\/\/www.africa-press.net\/cape-verde\/#\/schema\/person\/068c7ab4e9634ae78ec5d54ec46598bb"},"headline":"PAICV Considera Inaceit\u00e1vel Crescionamento Econ\u00f3mico Que N\u00e3o Se Reflect Nas Pessoas","datePublished":"2025-04-08T23:26:17+00:00","dateModified":"2025-04-15T11:22:49+00:00","mainEntityOfPage":{"@id":"https:\/\/www.africa-press.net\/cape-verde\/all-news\/paicv-considera-inaceitavel-crescionamento-economico-que-nao-se-reflect-nas-pessoas"},"wordCount":330,"commentCount":0,"image":{"@id":"https:\/\/www.africa-press.net\/cape-verde\/all-news\/paicv-considera-inaceitavel-crescionamento-economico-que-nao-se-reflect-nas-pessoas#primaryimage"},"thumbnailUrl":"https:\/\/static.africa-press.net\/cape-verde\/sites\/66\/2025\/04\/sm_1744142605.980989.jpg","keywords":["Cape verde"],"articleSection":["all news","policy"],"inLanguage":"en-US","potentialAction":[{"@type":"CommentAction","name":"Comment","target":["https:\/\/www.africa-press.net\/cape-verde\/all-news\/paicv-considera-inaceitavel-crescionamento-economico-que-nao-se-reflect-nas-pessoas#respond"]}]},{"@type":"WebPage","@id":"https:\/\/www.africa-press.net\/cape-verde\/all-news\/paicv-considera-inaceitavel-crescionamento-economico-que-nao-se-reflect-nas-pessoas","url":"https:\/\/www.africa-press.net\/cape-verde\/all-news\/paicv-considera-inaceitavel-crescionamento-economico-que-nao-se-reflect-nas-pessoas","name":"PAICV Considera Inaceit\u00e1vel Crescionamento Econ\u00f3mico Que N\u00e3o Se Reflect Nas Pessoas - Cape Verde","isPartOf":{"@id":"https:\/\/www.africa-press.net\/cape-verde\/#website"},"primaryImageOfPage":{"@id":"https:\/\/www.africa-press.net\/cape-verde\/all-news\/paicv-considera-inaceitavel-crescionamento-economico-que-nao-se-reflect-nas-pessoas#primaryimage"},"image":{"@id":"https:\/\/www.africa-press.net\/cape-verde\/all-news\/paicv-considera-inaceitavel-crescionamento-economico-que-nao-se-reflect-nas-pessoas#primaryimage"},"thumbnailUrl":"https:\/\/static.africa-press.net\/cape-verde\/sites\/66\/2025\/04\/sm_1744142605.980989.jpg","datePublished":"2025-04-08T23:26:17+00:00","dateModified":"2025-04-15T11:22:49+00:00","author":{"@id":"https:\/\/www.africa-press.net\/cape-verde\/#\/schema\/person\/068c7ab4e9634ae78ec5d54ec46598bb"},"description":"Para o PAICV um crescionamento econo\u0301mico que na\u0303o se reflect na vida das pessoas na\u0303o e\u0301 aceita\u0301vel. The position expre ...","breadcrumb":{"@id":"https:\/\/www.africa-press.net\/cape-verde\/all-news\/paicv-considera-inaceitavel-crescionamento-economico-que-nao-se-reflect-nas-pessoas#breadcrumb"},"inLanguage":"en-US","potentialAction":[{"@type":"ReadAction","target":["https:\/\/www.africa-press.net\/cape-verde\/all-news\/paicv-considera-inaceitavel-crescionamento-economico-que-nao-se-reflect-nas-pessoas"]}]},{"@type":"ImageObject","inLanguage":"en-US","@id":"https:\/\/www.africa-press.net\/cape-verde\/all-news\/paicv-considera-inaceitavel-crescionamento-economico-que-nao-se-reflect-nas-pessoas#primaryimage","url":"https:\/\/static.africa-press.net\/cape-verde\/sites\/66\/2025\/04\/sm_1744142605.980989.jpg","contentUrl":"https:\/\/static.africa-press.net\/cape-verde\/sites\/66\/2025\/04\/sm_1744142605.980989.jpg","width":1024,"height":768,"caption":"PAICV Considera Inaceit\u00e1vel Crescionamento Econ\u00f3mico Que N\u00e3o Se Reflect Nas Pessoas"},{"@type":"BreadcrumbList","@id":"https:\/\/www.africa-press.net\/cape-verde\/all-news\/paicv-considera-inaceitavel-crescionamento-economico-que-nao-se-reflect-nas-pessoas#breadcrumb","itemListElement":[{"@type":"ListItem","position":1,"name":"Home","item":"https:\/\/www.africa-press.net\/cape-verde\/"},{"@type":"ListItem","position":2,"name":"PAICV Considera Inaceit\u00e1vel Crescionamento Econ\u00f3mico Que N\u00e3o Se Reflect Nas Pessoas"}]},{"@type":"WebSite","@id":"https:\/\/www.africa-press.net\/cape-verde\/#website","url":"https:\/\/www.africa-press.net\/cape-verde\/","name":"Cape Verde","description":"Just another Africa News Agency Sites site","potentialAction":[{"@type":"SearchAction","target":{"@type":"EntryPoint","urlTemplate":"https:\/\/www.africa-press.net\/cape-verde\/?s={search_term_string}"},"query-input":{"@type":"PropertyValueSpecification","valueRequired":true,"valueName":"search_term_string"}}],"inLanguage":"en-US"},{"@type":"Person","@id":"https:\/\/www.africa-press.net\/cape-verde\/#\/schema\/person\/068c7ab4e9634ae78ec5d54ec46598bb","name":"cfeditoren","image":{"@type":"ImageObject","inLanguage":"en-US","@id":"https:\/\/www.africa-press.net\/cape-verde\/#\/schema\/person\/image\/","url":"https:\/\/secure.gravatar.com\/avatar\/7417380fa9e23b5c57fdbfdaf3fdf92ee478f759a084addda5faa3732853e74a?s=96&d=mm&r=g","contentUrl":"https:\/\/secure.gravatar.com\/avatar\/7417380fa9e23b5c57fdbfdaf3fdf92ee478f759a084addda5faa3732853e74a?s=96&d=mm&r=g","caption":"cfeditoren"}}]}},"_links":{"self":[{"href":"https:\/\/www.africa-press.net\/cape-verde\/wp-json\/wp\/v2\/posts\/28841","targetHints":{"allow":["GET"]}}],"collection":[{"href":"https:\/\/www.africa-press.net\/cape-verde\/wp-json\/wp\/v2\/posts"}],"about":[{"href":"https:\/\/www.africa-press.net\/cape-verde\/wp-json\/wp\/v2\/types\/post"}],"author":[{"embeddable":true,"href":"https:\/\/www.africa-press.net\/cape-verde\/wp-json\/wp\/v2\/users\/84"}],"replies":[{"embeddable":true,"href":"https:\/\/www.africa-press.net\/cape-verde\/wp-json\/wp\/v2\/comments?post=28841"}],"version-history":[{"count":0,"href":"https:\/\/www.africa-press.net\/cape-verde\/wp-json\/wp\/v2\/posts\/28841\/revisions"}],"wp:featuredmedia":[{"embeddable":true,"href":"https:\/\/www.africa-press.net\/cape-verde\/wp-json\/wp\/v2\/media\/28840"}],"wp:attachment":[{"href":"https:\/\/www.africa-press.net\/cape-verde\/wp-json\/wp\/v2\/media?parent=28841"}],"wp:term":[{"taxonomy":"category","embeddable":true,"href":"https:\/\/www.africa-press.net\/cape-verde\/wp-json\/wp\/v2\/categories?post=28841"},{"taxonomy":"post_tag","embeddable":true,"href":"https:\/\/www.africa-press.net\/cape-verde\/wp-json\/wp\/v2\/tags?post=28841"}],"curies":[{"name":"wp","href":"https:\/\/api.w.org\/{rel}","templated":true}]}}